{"id":3155,"date":"2020-02-20T20:25:56","date_gmt":"2020-02-20T20:25:56","guid":{"rendered":"http:\/\/guneydoguasyacalismalari.com\/?p=3155"},"modified":"2020-02-21T05:41:37","modified_gmt":"2020-02-21T05:41:37","slug":"arastirma-olgusu-ve-arastirma-universitesi-hakkinda-bazi-gorusler-ii-some-issues-about-research-phenomenon-and-research-university-ii","status":"publish","type":"post","link":"https:\/\/guneydoguasyacalismalari.com\/tr_tr\/arastirma-olgusu-ve-arastirma-universitesi-hakkinda-bazi-gorusler-ii-some-issues-about-research-phenomenon-and-research-university-ii\/","title":{"rendered":"Ara\u015ft\u0131rma olgusu ve ara\u015ft\u0131rma \u00fcniversitesi hakk\u0131nda baz\u0131 g\u00f6r\u00fc\u015fler II \/ Some Issues about research phenomenon and research university II"},"content":{"rendered":"<p><strong>Mehmet \u00d6zay\u00a0 \u00a0 \u00a0 \u00a0 \u00a0 \u00a0 \u00a0 \u00a0 \u00a0 \u00a0 \u00a0 \u00a0 \u00a0 \u00a0 \u00a0 \u00a0 \u00a0 \u00a0 \u00a0 \u00a0 \u00a0 \u00a0 \u00a0 \u00a0 \u00a0 \u00a0 \u00a0 \u00a0 \u00a0 \u00a0 \u00a0 \u00a0 \u00a0 \u00a0 \u00a0 \u00a0 \u00a0 \u00a0 \u00a0 \u00a0 \u00a0 \u00a0 \u00a0 \u00a0 \u00a0 \u00a0 \u00a0 20.02.2020<\/strong><\/p>\n<p style=\"text-align: justify;\">Ara\u015ft\u0131rma \u00fcniversitesi dinamizmini, temelde ara\u015ft\u0131rmac\u0131 kimli\u011fini kazanm\u0131\u015f akademisyenlerden almaktad\u0131r. S\u00f6z konusu bu akademisyen grubu, bireysel \u00e7aba ile kazan\u0131lm\u0131\u015f ve kurumsal destek ile ortaya konulmu\u015f s\u00fcre\u00e7leri birle\u015ftirmek suretiyle bir yandan kendi bireyselliklerine, \u00f6te yandan mensubu bulunduklar\u0131 ara\u015ft\u0131rma kurumuna kimlik kazand\u0131rmakta ve\/ya bu kimli\u011fin s\u00fcrd\u00fcr\u00fclebilirli\u011fini sa\u011flamaktad\u0131rlar.<\/p>\n<p style=\"text-align: justify;\">Bu akademisyen grubunun bir anlamda in\u015fac\u0131s\u0131 oldu\u011fu veya olmas\u0131 beklenen ara\u015ft\u0131rma \u00fcniversitesinde yer alan \u00f6\u011frencilerin, s\u00f6z konusu bu s\u00fcrece ne denli adapte olup olmad\u0131klar\u0131 meselesi, ayn\u0131 zamanda s\u00fcrd\u00fcr\u00fclebilirlik konusuna dikkatlerin \u00e7ekilmesine neden olmaktad\u0131r.<\/p>\n<p style=\"text-align: justify;\">Tekil ara\u015ft\u0131rmac\u0131lar kendi faaliyetleri \u00fczerinden bir devaml\u0131l\u0131k sergiler, ilgili alana dair tedrici bir katk\u0131 yapar veya b\u00f6yle bir katk\u0131 yapma beklentisi ile \u00e7al\u0131\u015fmalar\u0131n\u0131 y\u00fcr\u00fct\u00fcrken, \u00f6\u011frenme s\u00fcrecindeki kitlenin yani \u00f6\u011frencilerin ara\u015ft\u0131rma faaliyetine dair ne gibi bir yap\u0131lanma i\u00e7inde oldu\u011fu sorusu \u00f6ne \u00e7\u0131kmaktad\u0131r.<\/p>\n<p style=\"text-align: justify;\">Asl\u0131nda y\u00fcksek \u00f6\u011fretim d\u00fczeyinde ve ba\u011flam\u0131ndaki ara\u015ft\u0131rma kurumlar\u0131, bizatihi konvansiyonel e\u011fitim-\u00f6\u011fretim faaliyetlerinin d\u0131\u015f\u0131nda, ortaya koymakta olduklar\u0131 ara\u015ft\u0131rma faliyetleri ile e\u011fitimi\/\u00f6\u011fretim etkinliklerini birle\u015ftirme yetisinde ve maharetinde olabileceklerini dikkate almak gerekir.<\/p>\n<p style=\"text-align: justify;\">Nihayetinde, yukar\u0131da zikredilen ara\u015ft\u0131rma eksenli \u00fcniversiteler, -t\u0131pk\u0131 d\u00fc\u015f\u00fcnce kurulu\u015flar\u0131 ve sivil toplum olu\u015fumlar\u0131 gibi kurumlar\u0131n varl\u0131\u011f\u0131nda oldu\u011fu \u00fczere-, belli sorunlar \u00fczerinde gerekli y\u00f6ntem ve ara\u00e7larla ara\u015ft\u0131rma faaliyetleri sergilemek ve ortaya anlaml\u0131, ilgili alana katk\u0131da bulunan \u00fcr\u00fcnler koymak amac\u0131ndad\u0131rlar veya b\u00f6yle olmalar\u0131 beklenmektedir.<\/p>\n<p style=\"text-align: justify;\">Ara\u015ft\u0131rman\u0131n e\u011fitim\/\u00f6\u011fretim faaliyeti ile kar\u015f\u0131la\u015ft\u0131r\u0131lamayacak denli dinamik, kendinde ve \u00fcretken yap\u0131s\u0131 dikkate al\u0131nd\u0131\u011f\u0131nda, ara\u015ft\u0131rman\u0131n \u00f6ncellenmi\u015f olmas\u0131n\u0131n e\u011fitim\/\u00f6\u011fretim faaliyetlerinin arkada b\u0131rak\u0131lmas\u0131n\u0131 de\u011fil, aksine e\u011fitim olgusunu ara\u015ft\u0131rman\u0131n do\u011fas\u0131 i\u00e7inde meczederek ger\u00e7ekle\u015ftirmenin olas\u0131l\u0131klar\u0131 \u00fczerinde d\u00fc\u015f\u00fcnmek gerekmektedir.<\/p>\n<p style=\"text-align: justify;\">Hi\u00e7 ku\u015fku yok ki, burada ara\u015ft\u0131rma etkinli\u011finin do\u011fas\u0131na uygun olarak iki noktaya dikkat \u00e7ekmekte fayda var. \u0130lki ara\u015ft\u0131rmac\u0131lar\u0131n d\u00fc\u015f\u00fcnce olanaklar\u0131n\u0131 ve imkanlar\u0131n\u0131 m\u00fcmk\u00fcn oldu\u011funca ara\u015ft\u0131rman\u0131n do\u011fas\u0131na kanalize etmektir. \u0130kincisi ise, bir t\u00fcr usta-\u00e7\u0131rak ili\u015fkisi ile bu s\u00fcre\u00e7te yer alacak \u00f6\u011frencinin \u00f6\u011frenim edimini ger\u00e7ekle\u015ftirebilecek bir donan\u0131ma en az\u0131ndan \u00f6z itibar\u0131yla sahip olmas\u0131d\u0131r.<\/p>\n<p style=\"text-align: justify;\">Ara\u015ft\u0131rmac\u0131 ile bu s\u00fcre\u00e7te asistan s\u0131fat\u0131yla yer alan \u00f6\u011frencinin usta-\u00e7\u0131rak ili\u015fkisi \u00f6\u011fretim s\u00fcrecinin konvansiyonel \u00f6\u011fretim s\u00fcrecinden \u00e7ok daha etkin ve yo\u011fun bir \u015fekilde ortaya \u00e7\u0131kmas\u0131na olanak tan\u0131rken, ayn\u0131 zamanda pratik bir kar\u015f\u0131l\u0131k olarak ara\u015ft\u0131rma ediminin tedrici olarak ilerlemesinde de rol ve i\u015flevi olacakt\u0131r.<\/p>\n<p style=\"text-align: justify;\">Ara\u015ft\u0131rma s\u00fcrecinin birbirine eklemlenmi\u015f, s\u00fcrd\u00fcr\u00fclebilir yap\u0131s\u0131, bir zaman y\u00f6netimi kadar d\u00fc\u015f\u00fcnce ve pratik y\u00f6netimini de beraberinde getirmektedir. Bu s\u00fcre\u00e7te ya\u015fanacak k\u0131sa ve uzun dilimlere yay\u0131lan kopu\u015flar\u0131n, ara\u015ft\u0131rman\u0131n etkinlik \u00e7er\u00e7evesi, s\u00fcrd\u00fcr\u00fclebilirlik, otantiklik ve verimlilik gibi ba\u011flamlar\u0131n\u0131 engelleyicili\u011fi ak\u0131ldan \u00e7\u0131kart\u0131lmamal\u0131d\u0131r.<\/p>\n<p style=\"text-align: justify;\">Unutulmamas\u0131 gereken husus, ara\u015ft\u0131rman\u0131n, -bir \u00f6nceki yaz\u0131da dile getirilen- g\u00fcndelik rutin eylemler i\u00e7erisinde ki\u015finin yapt\u0131\u011f\u0131 pragmatik y\u00f6nelimli ara\u015ft\u0131rmadan olduk\u00e7a farkl\u0131 oldu\u011fudur. Ara\u015ft\u0131rmada izlenmesi gereken basamaklar\u0131n en \u00f6nemli a\u015famas\u0131n\u0131n, d\u00fc\u015f\u00fcnce \u00fcretimine sa\u011flayacak ele\u015ftirel yakla\u015f\u0131m oldu\u011fu hat\u0131rland\u0131\u011f\u0131nda, bizatihi d\u00fc\u015f\u00fcnme ediminin nas\u0131l ve hangi ko\u015fullarda ortaya \u00e7\u0131kt\u0131\u011f\u0131n\u0131n iyi hesap edilmesini gerektirmektedir.<\/p>\n<p style=\"text-align: justify;\">Temelde ara\u015ft\u0131rma ile d\u00fc\u015f\u00fcnce eylemi aras\u0131nda birbirini besleyen kopmaz bir ili\u015fki oldu\u011fu ortadad\u0131r. Ara\u015ft\u0131rma sonunda ortaya konulacak \u00fcr\u00fcn\u00fcn sa\u011fl\u0131k derece\u011fi, bu iki s\u00fcrecin birbirini olabildi\u011finde yarat\u0131c\u0131 bir \u015fekilde desteklemesiyle ba\u011flant\u0131l\u0131d\u0131r.<\/p>\n","protected":false},"excerpt":{"rendered":"<p>Mehmet \u00d6zay\u00a0 \u00a0 \u00a0 \u00a0 \u00a0 \u00a0 \u00a0 \u00a0 \u00a0 \u00a0 \u00a0 \u00a0 \u00a0 \u00a0 \u00a0 \u00a0 \u00a0 \u00a0 \u00a0 \u00a0 \u00a0 \u00a0 \u00a0 \u00a0 \u00a0 \u00a0 \u00a0 \u00a0 \u00a0 \u00a0 \u00a0 \u00a0 \u00a0 \u00a0 \u00a0 \u00a0 \u00a0 \u00a0 \u00a0 \u00a0 \u00a0 \u00a0 \u00a0 \u00a0 \u00a0 \u00a0 \u00a0 20.02.2020 Ara\u015ft\u0131rma \u00fcniversitesi dinamizmini, temelde ara\u015ft\u0131rmac\u0131 kimli\u011fini [&hellip;]<\/p>\n","protected":false},"author":1,"featured_media":3157,"comment_status":"open","ping_status":"open","sticky":false,"template":"","format":"standard","meta":{"footnotes":""},"categories":[6,75],"tags":[],"class_list":["post-3155","post","type-post","status-publish","format-standard","has-post-thumbnail","hentry","category-gunluk-yazilar","category-sosyoloji-tarih"],"_links":{"self":[{"href":"https:\/\/guneydoguasyacalismalari.com\/tr_tr\/wp-json\/wp\/v2\/posts\/3155","targetHints":{"allow":["GET"]}}],"collection":[{"href":"https:\/\/guneydoguasyacalismalari.com\/tr_tr\/wp-json\/wp\/v2\/posts"}],"about":[{"href":"https:\/\/guneydoguasyacalismalari.com\/tr_tr\/wp-json\/wp\/v2\/types\/post"}],"author":[{"embeddable":true,"href":"https:\/\/guneydoguasyacalismalari.com\/tr_tr\/wp-json\/wp\/v2\/users\/1"}],"replies":[{"embeddable":true,"href":"https:\/\/guneydoguasyacalismalari.com\/tr_tr\/wp-json\/wp\/v2\/comments?post=3155"}],"version-history":[{"count":1,"href":"https:\/\/guneydoguasyacalismalari.com\/tr_tr\/wp-json\/wp\/v2\/posts\/3155\/revisions"}],"predecessor-version":[{"id":3156,"href":"https:\/\/guneydoguasyacalismalari.com\/tr_tr\/wp-json\/wp\/v2\/posts\/3155\/revisions\/3156"}],"wp:featuredmedia":[{"embeddable":true,"href":"https:\/\/guneydoguasyacalismalari.com\/tr_tr\/wp-json\/wp\/v2\/media\/3157"}],"wp:attachment":[{"href":"https:\/\/guneydoguasyacalismalari.com\/tr_tr\/wp-json\/wp\/v2\/media?parent=3155"}],"wp:term":[{"taxonomy":"category","embeddable":true,"href":"https:\/\/guneydoguasyacalismalari.com\/tr_tr\/wp-json\/wp\/v2\/categories?post=3155"},{"taxonomy":"post_tag","embeddable":true,"href":"https:\/\/guneydoguasyacalismalari.com\/tr_tr\/wp-json\/wp\/v2\/tags?post=3155"}],"curies":[{"name":"wp","href":"https:\/\/api.w.org\/{rel}","templated":true}]}}