{"id":3057,"date":"2019-11-19T15:49:12","date_gmt":"2019-11-19T15:49:12","guid":{"rendered":"http:\/\/guneydoguasyacalismalari.com\/?p=3057"},"modified":"2019-11-19T15:49:12","modified_gmt":"2019-11-19T15:49:12","slug":"malezyada-iktidara-degisim-uyarisi-a-warning-to-the-government-in-malaysian","status":"publish","type":"post","link":"https:\/\/guneydoguasyacalismalari.com\/tr_tr\/malezyada-iktidara-degisim-uyarisi-a-warning-to-the-government-in-malaysian\/","title":{"rendered":"Malezya\u2019da iktidara de\u011fi\u015fim uyar\u0131s\u0131 \/ A warning to the government in Malaysian"},"content":{"rendered":"<p><strong>Mehmet \u00d6zay\u00a0 \u00a0 \u00a0 \u00a0 \u00a0 \u00a0 \u00a0 \u00a0 \u00a0 \u00a0 \u00a0 \u00a0 \u00a0 \u00a0 \u00a0 \u00a0 \u00a0 \u00a0 \u00a0 \u00a0 \u00a0 \u00a0 \u00a0 \u00a0 \u00a0 \u00a0 \u00a0 \u00a0 \u00a0 \u00a0 \u00a0 \u00a0 \u00a0 \u00a0 \u00a0 \u00a0 \u00a0 \u00a0 \u00a0 \u00a0 \u00a0 \u00a0 \u00a0 \u00a0 \u00a0 \u00a0 \u00a0 19.11.2019<\/strong><\/p>\n<p style=\"text-align: justify;\">Malezya\u2019da Cohor Eyaleti\u2019ne ba\u011fl\u0131 Tanjung Piai\u2019de ge\u00e7en hafta sonu yap\u0131lan ara se\u00e7imi iktidardaki Umut Koalisyonu aday\u0131n\u0131n kaybetmesi \u00fczerine Enver \u0130brahim\u2019in ba\u015fbakanl\u0131k de\u011fi\u015fiminin acilen ger\u00e7ekle\u015ftirilmesi konusundaki \u00e7a\u011fr\u0131lar giderek art\u0131yor.<\/p>\n<p style=\"text-align: justify;\">S\u00f6z konusu eyaletin Federal meclis milletvekillerinden birinin vefat\u0131 \u00fczerine Tanjung Piai ile s\u0131n\u0131rl\u0131 b\u00f6lgede yap\u0131lan se\u00e7imi muhalefet aday\u0131n\u0131n kazanmas\u0131 iktidar \u00e7evrelerinde \u015fok etkisi yapt\u0131\u011f\u0131n\u0131 s\u00f6yleyebiliriz.<\/p>\n<p style=\"text-align: justify;\">2018 May\u0131s ay\u0131nda yap\u0131lan 14. genel se\u00e7imlerde b\u00f6lge halk\u0131n\u0131n Umut Koalisyonu\u2019na verdi\u011fi oylar, hafta sonu yap\u0131lan se\u00e7imin de ortaya koydu\u011fu \u00fczere muhalefet partilerine kaym\u0131\u015f durumda.<\/p>\n<p style=\"text-align: justify;\">Muhalefet aday\u0131n\u0131n, iktidardaki Umut Koalisyonu aday\u0131na on be\u015f bin fark yapm\u0131\u015f olmas\u0131, se\u00e7menin iktidara y\u00f6nelik olumlu alg\u0131s\u0131nda \u00f6nemli bir de\u011fi\u015fikli\u011fe vurgu yap\u0131yor.<\/p>\n<p style=\"text-align: justify;\">Ge\u00e7mi\u015fteki oy tercihleri \u00e7er\u00e7evesinde, genel itibar\u0131yla Cohor Eyaleti\u2019nin UMNO merkezli Ulusal Cephe koalisyonunun oy depolar\u0131ndan biri oldu\u011fu dikkate al\u0131nd\u0131\u011f\u0131nda bu se\u00e7im kayb\u0131n\u0131n pek b\u00fcy\u00fck bir anlam ifade etmeyece\u011fi ileri s\u00fcr\u00fclebilir.<\/p>\n<p style=\"text-align: justify;\">Bu konuda, se\u00e7imden hemen sonra ba\u015fbakan Dr. Mahathir Muhammed\u2019in a\u00e7\u0131klamada da se\u00e7imin kaybedilebilece\u011fi, ancak bunun k\u00fc\u00e7\u00fck bir oy fark\u0131 ile olaca\u011f\u0131 yolundaki \u00f6ng\u00f6r\u00fc ger\u00e7ekle\u015fmedi.<\/p>\n<p style=\"text-align: justify;\">B\u00f6lgede etnik yap\u0131n\u0131n y\u00fczde 55 \u00c7in k\u00f6kenli y\u00fczde 40 Malay k\u00f6kenli oldu\u011fu dikkate al\u0131nd\u0131\u011f\u0131nda, Umut Koalisyonu iktidar\u0131 her iki toplum kesiminden de oy kayb\u0131 ya\u015fad\u0131\u011f\u0131 anla\u015f\u0131l\u0131yor.<\/p>\n<p style=\"text-align: justify;\"><strong>\u0130ktidar\u2019da liderlik de\u011fi\u015fimi talebi<\/strong><\/p>\n<p style=\"text-align: justify;\">Muhalefetin milletvekili aday\u0131 ile PH aday\u0131n\u0131n ald\u0131klar\u0131 oy aras\u0131nda on be\u015f bin fark\u0131n olmas\u0131, iktidar \u00e7evrelerinde ba\u015fta liderlik olmak \u00fczere genel politikalar \u00fczerinde tart\u0131\u015fmalar\u0131n bir kezdaha g\u00fc\u00e7l\u00fc bir \u015fekilde g\u00fcn y\u00fcz\u00fcne \u00e7\u0131kmas\u0131na neden oluyor.<\/p>\n<p style=\"text-align: justify;\">\u00d6te yandan, se\u00e7imi UMNO aday\u0131n\u0131n kazanm\u0131\u015f olmas\u0131, muhalefetin halk nezdinde siyasi kar\u015f\u0131l\u0131\u011f\u0131 oldu\u011fu ile s\u0131n\u0131rl\u0131 kalm\u0131yor.<\/p>\n<p style=\"text-align: justify;\">Bunun \u00f6tesinde, yolsuzluk yarg\u0131lamas\u0131 devam eden sab\u0131k Ba\u015fbakan Necib bin Rezzak ile mensubu bulundu\u011fu UMNO \u00e7evrelerine moral destek anlam\u0131 ta\u015f\u0131yor. Muhalefet bu se\u00e7mi ba\u015far\u0131s\u0131n\u0131 sab\u0131k ba\u015fbakan\u0131n da i\u00e7inde yer ald\u0131\u011f\u0131 1 Malezya Kalk\u0131nma Fonu (<em>1 Malaysia Development Berhad<\/em>-1MDB) yarg\u0131lamalar\u0131n\u0131n haks\u0131zl\u0131\u011f\u0131na yorumlamak suretiyle bir anlamda mevcut iktidar g\u00fcc\u00fcne meydan okuyor.<\/p>\n<p style=\"text-align: justify;\">Bir bu\u00e7uk y\u0131ld\u0131r iktidarda olan Umut Koalisyonu h\u00fck\u00fcmetinin \u00e7e\u015fitli alanlarda \u00f6ng\u00f6rd\u00fc\u011f\u00fc kapsaml\u0131 reform giri\u015fimlerinin bug\u00fcne kadar g\u00fcndeme getirilmemi\u015f olmas\u0131, 1MDB soru\u015fturmas\u0131n\u0131n uzamas\u0131 ve son olarak da hafta sonunda yap\u0131lan ara se\u00e7imi muhalefet aday\u0131n\u0131n a\u00e7\u0131k ara kazanmas\u0131 iktidarda liderlik konusunun g\u00fcndeme ta\u015f\u0131nmas\u0131na neden oluyor.<\/p>\n<p style=\"text-align: justify;\">Se\u00e7imin hemen ard\u0131ndan d\u00fcn ve bug\u00fcn baz\u0131 \u00e7evreler taraf\u0131ndan yap\u0131lan a\u00e7\u0131klamalar bu anlamda dikkat \u00e7ekici. \u00d6rne\u011fin, Halk\u0131n Adaleti Partisi (<em>Pakatan Keadilan Rakyat<\/em>-PKR) kurucular\u0131ndan ve eski genel ba\u015fkan yard\u0131mc\u0131s\u0131 ve senat\u00f6r Husin Ali ba\u015fbakanl\u0131k de\u011fi\u015fimin hemen yap\u0131lmas\u0131 \u00e7a\u011fr\u0131s\u0131nda bulundu.<\/p>\n<p style=\"text-align: justify;\">Husin Ali, a\u00e7\u0131klamas\u0131nda hafta sonu yap\u0131lan ara se\u00e7imin Dr. Mahathir\u2019in iktidardaki liderli\u011fine y\u00f6nelik bir referandum olarak nitelemesi, gelinen bu noktada liderlik de\u011fi\u015fimin ka\u00e7\u0131n\u0131lmazl\u0131\u011f\u0131na vurgu anlam\u0131 ta\u015f\u0131yor.<\/p>\n<p style=\"text-align: justify;\">Benzer bir \u00e7a\u011fr\u0131, Dr. Mahathir Muhammed\u2019in kurdu\u011fu partide ba\u015fkan yard\u0131mc\u0131s\u0131 g\u00f6revini y\u00fcr\u00fcten ve \u015fu anki h\u00fck\u00fcmette i\u00e7i\u015fleri bakan\u0131 Muhyiddin Yasin ise, h\u00fck\u00fcmette de\u011fi\u015fimin acilen yap\u0131lmamas\u0131 halinde iktidara y\u00f6nelik kamuoyu ilgisinin giderek azalaca\u011f\u0131 ve \u00f6n\u00fcm\u00fczdeki se\u00e7imleri kaybetme ihtimalini g\u00fcndeme ta\u015f\u0131mas\u0131 olduk\u00e7a \u00f6nemliydi.<\/p>\n<p style=\"text-align: justify;\">Muhyiddin Yasin, her ne kadar, de\u011fi\u015fimin ad\u0131n\u0131 Enver \u0130brahim\u2019in ba\u015fbakanl\u0131k koltu\u011funa oturmas\u0131 \u015feklinde zikretmese de hi\u00e7 \u015f\u00fcphe yok ki, hem \u00fclke i\u00e7erisinde hem de uluslararas\u0131 \u00e7evrelerde de\u011fi\u015fimden kas\u0131t Enver \u0130brahim\u2019in ba\u015fkanl\u0131\u011f\u0131d\u0131r. Muhyiddin Yasin\u2019in de\u011fi\u015fimin ad\u0131n\u0131 \u201cekonomi politikalar\u0131 ve liderlik\u201d olarak koymas\u0131, gizli-a\u00e7\u0131k Enver \u0130brahim\u2019e i\u015faret etti\u011fi \u015feklinde yorumlanabilir.<\/p>\n<p style=\"text-align: justify;\">Muhyiddin Yasin\u2019in, \u2018ekonomi politikalar\u0131na\u2019 vurgusu \u00f6nemliydi. \u00c7\u00fcnk\u00fc se\u00e7im b\u00f6lgesi Tanjung Piai\u2019de ya\u015fayan kayb\u0131n ard\u0131nda, bal\u0131k\u00e7\u0131l\u0131k ve tar\u0131mla ge\u00e7inen b\u00f6lge halk\u0131n\u0131n ekonomik sorunlar\u0131na \u00e7\u00f6z\u00fcm bulunamam\u0131\u015f olmas\u0131 yat\u0131yor.<\/p>\n<p style=\"text-align: justify;\">Bu noktada, ba\u015fbakan Dr. Mahathir\u2019in eski bakanlardan m\u00fcte\u015fekkil dan\u0131\u015fma kurulundaki be\u015f \u00f6nemli ismin h\u00fck\u00fcmete sundu\u011fu ekonomi raporunun bug\u00fcne kadar kamuoyuyla payla\u015f\u0131lmad\u0131\u011f\u0131 gibi bu y\u00f6nde bir ad\u0131mda at\u0131lmam\u0131\u015f olmas\u0131 olduk\u00e7a ilgin\u00e7 bir duruma i\u015faret ediyor.<\/p>\n<p style=\"text-align: justify;\">Ba\u015fbakan yard\u0131mc\u0131s\u0131 Muhyiddin Yasin\u2019in \u2018ekonomi politikalar\u0131n\u0131\u2019 bu ba\u011flamda de\u011ferlendirmek yerinde olacakt\u0131r.<\/p>\n<p style=\"text-align: justify;\"><strong>Dr. Mahathir hen\u00fcz beklemede<\/strong><\/p>\n<p style=\"text-align: justify;\">Ba\u015fbakan Dr. Mahathir ise iktidar koalisyon g\u00fc\u00e7lerinden gelen bu tepkilere hen\u00fcz ba\u015fbakanl\u0131k de\u011fi\u015fiminin ger\u00e7ekle\u015ftirilip ger\u00e7ekle\u015ftirilmeyece\u011fi konusunda \u015f\u00fcphesi oldu\u011funu \u015feklinde kar\u015f\u0131l\u0131k vermesi, bu konuda ele\u015ftirilere kat\u0131lmad\u0131\u011f\u0131n\u0131 ortaya koyuyor.<\/p>\n<p style=\"text-align: justify;\">Dr. Mahathir, hafta sonu gelen se\u00e7im yenilgisinden hemen sonra, bu kadar b\u00fcy\u00fck farkla kaybedeceklerini tahmin etmediklerini ve gerekli \u00e7al\u0131\u015fmay\u0131 yapacaklar\u0131n\u0131 a\u00e7\u0131klasa da, UMNO\u2019nun bu zaferi kendi lehine kullanmas\u0131n\u0131n \u00f6n\u00fcne ge\u00e7mek m\u00fcmk\u00fcn de\u011fil.<\/p>\n<p style=\"text-align: justify;\">Malezya\u2019da kamuoyunun siyasi g\u00f6r\u00fc\u015flerini farkl\u0131 ba\u011flamlarda de\u011fi\u015ftirmeye yatk\u0131n oldu\u011fu dikkate al\u0131nd\u0131\u011f\u0131nda, 2018 May\u0131s\u2019\u0131ndaki genel se\u00e7imler sonras\u0131nda iktidara gelen Umut Koalisyonu h\u00fck\u00fcmetinin Yeni Malezya\u2019n\u0131n in\u015fas\u0131 konusunda \u00f6nemli bir d\u00f6nemece geldi\u011fi g\u00f6r\u00fcl\u00fcyor.<\/p>\n<p style=\"text-align: justify;\">\u0130ktidarda liderlik de\u011fi\u015fiminin ka\u00e7\u0131n\u0131lmaz oldu\u011fu a\u015fik\u00e2r. Bunun taraflar\u0131n kabul\u00fc ve iste\u011fiyle siyasi bar\u0131\u015f ortam\u0131nda ger\u00e7ekle\u015fmesi halinde, Umut Koalisyonu\u2019nun bir sonraki se\u00e7imlere kadar hedefledi\u011fi de\u011fi\u015fim program\u0131n\u0131 ortaya koymaya yeterli vakti olacakt\u0131r.<\/p>\n<p style=\"text-align: justify;\">Aksi halde, kimi \u00e7evrelerin ileri s\u00fcrd\u00fc\u011f\u00fc \u00fczere, Dr. Mahathir\u2019in 2018 se\u00e7imlerinde UMNO iktidar\u0131n\u0131 de\u011fi\u015ftirmek amac\u0131yla d\u00f6nemin muhalefet kanad\u0131yla girdi\u011fi i\u015fbirli\u011finin \u00f6tesinde ge\u00e7mi\u015fteki politikalar\u0131ndan b\u00fcy\u00fck bir bir de\u011fi\u015fikli\u011fin s\u00f6z konusu de\u011fil.<\/p>\n<p style=\"text-align: justify;\">Ve bu durum, Yeni Malezya\u2019n\u0131n in\u015fas\u0131 i\u00e7in ba\u015fl\u0131 ba\u015f\u0131na bir engel te\u015fkil etti\u011fi gibi, 62 y\u0131l sonra gelen ve \u00fclkenini \u00f6n\u00fcn\u00fc a\u00e7maya matuf b\u00f6ylesine bir iktidar imk\u00e2n\u0131n\u0131n heba edilmesi i\u00e7ten bile de\u011fil.<\/p>\n<p style=\"text-align: justify;\"><strong>PKR g\u00fcc\u00fcn\u00fc ortaya koymal\u0131<\/strong><\/p>\n<p style=\"text-align: justify;\">Bu tart\u0131\u015fmalar\u0131n oda\u011f\u0131ndaki isim Enver \u0130brahim ise, d\u00fcn yapt\u0131\u011f\u0131 a\u00e7\u0131klamada, se\u00e7im kayb\u0131n\u0131 \u015fok olarak nitelendirerek, halk\u0131n iktidara olan g\u00fcveninin erimesi \u015feklinde yorumlad\u0131. Enver \u0130brahim, halk\u0131n g\u00fcveninin kazan\u0131lmas\u0131 i\u00e7in gerekli tedbirlerin al\u0131nmas\u0131 \u00e7a\u011fr\u0131s\u0131 ile yetiniyor.<\/p>\n<p style=\"text-align: justify;\">Farkl\u0131 siyasi yap\u0131lar\u0131n olu\u015fturdu\u011fu Umut Koalisyonu\u2019nda hi\u00e7 ku\u015fku yok ki, hem PKR anahtar parti konumunda. Enver \u0130brahim\u2019in ba\u015fkan\u0131 oldu\u011fu PKR i\u00e7inde \u00f6zellikle h\u00fck\u00fcmette ekonomi bakan\u0131 Azmin Ali ve Emlak ve Yerel H\u00fck\u00fcmetler Bakan\u0131 Zuraida Kamaruddin\u2019in ad\u0131n\u0131n \u00f6ne \u00e7\u0131kt\u0131\u011f\u0131 memnuniyetsizlerin Enver \u0130brahim etraf\u0131nda kenetlenmeleri zorunluluk arz ediyor.<\/p>\n<p style=\"text-align: justify;\">Ge\u00e7en yirmi y\u0131l boyunca reform hareketinin ve muhalefet koalisyonu s\u00fcrecinin ard\u0131ndan iktidar\u0131 yakalayan PKR\u2019\u0131n bir s\u00fcredir parti i\u00e7i s\u00fcrt\u00fc\u015fmelere konu olmas\u0131n\u0131n yans\u0131mas\u0131n\u0131 hafta sonundaki Tanjung Piai se\u00e7meninin karar\u0131nda g\u00f6rmek m\u00fcmk\u00fcn.<\/p>\n<p style=\"text-align: justify;\">Bu noktada, g\u00fc\u00e7l\u00fc bir PKR, Enver \u0130brahim\u2019in en k\u0131sa s\u00fcrede ba\u015fbakanl\u0131k koltu\u011funa oturmas\u0131n\u0131 ve h\u00fck\u00fcmetin yeni bir anlay\u0131\u015fla gerekli reformlar\u0131 hayata ge\u00e7irmeye ba\u015flamas\u0131 anlam\u0131 ta\u015f\u0131yacakt\u0131r. Parti i\u00e7i s\u00fcrt\u00fc\u015fmenin devam etmesi ve\/ya baz\u0131 isimlerin gelecek hesaplar\u0131 ile bug\u00fcn\u00fc yanl\u0131\u015f de\u011ferlendirmeleri sadece partiye de\u011fil, iktidar\u0131n elden gitmesi ve Malezya\u2019n\u0131n \u00f6nemli bir f\u0131rsat\u0131 heba etmesine yol a\u00e7acakt\u0131r.<\/p>\n","protected":false},"excerpt":{"rendered":"<p>Mehmet \u00d6zay\u00a0 \u00a0 \u00a0 \u00a0 \u00a0 \u00a0 \u00a0 \u00a0 \u00a0 \u00a0 \u00a0 \u00a0 \u00a0 \u00a0 \u00a0 \u00a0 \u00a0 \u00a0 \u00a0 \u00a0 \u00a0 \u00a0 \u00a0 \u00a0 \u00a0 \u00a0 \u00a0 \u00a0 \u00a0 \u00a0 \u00a0 \u00a0 \u00a0 \u00a0 \u00a0 \u00a0 \u00a0 \u00a0 \u00a0 \u00a0 \u00a0 \u00a0 \u00a0 \u00a0 \u00a0 \u00a0 \u00a0 19.11.2019 Malezya\u2019da Cohor Eyaleti\u2019ne ba\u011fl\u0131 Tanjung Piai\u2019de [&hellip;]<\/p>\n","protected":false},"author":1,"featured_media":3058,"comment_status":"open","ping_status":"open","sticky":false,"template":"","format":"standard","meta":{"footnotes":""},"categories":[6,27],"tags":[],"class_list":["post-3057","post","type-post","status-publish","format-standard","has-post-thumbnail","hentry","category-gunluk-yazilar","category-malezya"],"_links":{"self":[{"href":"https:\/\/guneydoguasyacalismalari.com\/tr_tr\/wp-json\/wp\/v2\/posts\/3057","targetHints":{"allow":["GET"]}}],"collection":[{"href":"https:\/\/guneydoguasyacalismalari.com\/tr_tr\/wp-json\/wp\/v2\/posts"}],"about":[{"href":"https:\/\/guneydoguasyacalismalari.com\/tr_tr\/wp-json\/wp\/v2\/types\/post"}],"author":[{"embeddable":true,"href":"https:\/\/guneydoguasyacalismalari.com\/tr_tr\/wp-json\/wp\/v2\/users\/1"}],"replies":[{"embeddable":true,"href":"https:\/\/guneydoguasyacalismalari.com\/tr_tr\/wp-json\/wp\/v2\/comments?post=3057"}],"version-history":[{"count":1,"href":"https:\/\/guneydoguasyacalismalari.com\/tr_tr\/wp-json\/wp\/v2\/posts\/3057\/revisions"}],"predecessor-version":[{"id":3059,"href":"https:\/\/guneydoguasyacalismalari.com\/tr_tr\/wp-json\/wp\/v2\/posts\/3057\/revisions\/3059"}],"wp:featuredmedia":[{"embeddable":true,"href":"https:\/\/guneydoguasyacalismalari.com\/tr_tr\/wp-json\/wp\/v2\/media\/3058"}],"wp:attachment":[{"href":"https:\/\/guneydoguasyacalismalari.com\/tr_tr\/wp-json\/wp\/v2\/media?parent=3057"}],"wp:term":[{"taxonomy":"category","embeddable":true,"href":"https:\/\/guneydoguasyacalismalari.com\/tr_tr\/wp-json\/wp\/v2\/categories?post=3057"},{"taxonomy":"post_tag","embeddable":true,"href":"https:\/\/guneydoguasyacalismalari.com\/tr_tr\/wp-json\/wp\/v2\/tags?post=3057"}],"curies":[{"name":"wp","href":"https:\/\/api.w.org\/{rel}","templated":true}]}}