{"id":2957,"date":"2019-08-16T21:25:00","date_gmt":"2019-08-16T21:25:00","guid":{"rendered":"http:\/\/guneydoguasyacalismalari.com\/?p=2957"},"modified":"2019-08-17T13:33:20","modified_gmt":"2019-08-17T13:33:20","slug":"bir-dis-politika-yonelimi-olarak-asya-olgusu-asia-as-a-political-orientation-in-foreign-policy","status":"publish","type":"post","link":"https:\/\/guneydoguasyacalismalari.com\/tr_tr\/bir-dis-politika-yonelimi-olarak-asya-olgusu-asia-as-a-political-orientation-in-foreign-policy\/","title":{"rendered":"D\u0131\u015f politika yeni bir y\u00f6nelim olarak Asya olgusu \/ Asia as a new orientation in foreign policy"},"content":{"rendered":"<p><strong>Mehmet \u00d6zay\u00a0 \u00a0 \u00a0 \u00a0 \u00a0 \u00a0 \u00a0 \u00a0 \u00a0 \u00a0 \u00a0 \u00a0 \u00a0 \u00a0 \u00a0 \u00a0 \u00a0 \u00a0 \u00a0 \u00a0 \u00a0 \u00a0 \u00a0 \u00a0 \u00a0 \u00a0 \u00a0 \u00a0 \u00a0 \u00a0 \u00a0 \u00a0 \u00a0 \u00a0 \u00a0 \u00a0 \u00a0 \u00a0 \u00a0 \u00a0 \u00a0 \u00a0 \u00a0 \u00a0 \u00a0 \u00a0 \u00a0 16.08.2019<\/strong><\/p>\n<p style=\"text-align: justify;\">T\u00fcrkiye\u2019nin d\u0131\u015f politikas\u0131nda Asya y\u00f6nelimi konusu birka\u00e7 a\u00e7\u0131dan ele al\u0131nmay\u0131 hak ediyor. \u0130lgili siyaset\u00e7inin yapt\u0131\u011f\u0131 a\u00e7\u0131klamadan sonra, baz\u0131 gazetecilerin h\u00fck\u00fcmetin Asya politikas\u0131na y\u00f6nelik ele\u015ftirileri ve getirdi\u011fi \u00e7\u00f6z\u00fcm \u00f6nerileri bu konunun hassas oldu\u011fu kadar, ilgili \u00e7evrelerde hak etti\u011fi \u00f6l\u00e7\u00fcde tart\u0131\u015f\u0131lmas\u0131n\u0131n gereklili\u011fine i\u015faret ediyor.<\/p>\n<p style=\"text-align: justify;\">\u00d6ncelikle, yap\u0131lan a\u00e7\u0131klamada \u2018Bat\u0131l\u0131 dostlara\u2019 mesaj niteli\u011finde oldu\u011fu bir tonlama dikkat \u00e7ekiyor. Bunu ilgili siyaset\u00e7inin ba\u015f\u0131nda bulundu\u011fu kurumun \u2018k\u00f6kleri\u2019 kadar, T\u00fcrkiye devletinin Bat\u0131 ile ili\u015fkilerini kopartamayacak denli ba\u011fda\u015f\u0131k oldu\u011funun bir i\u015fareti olarak de\u011ferlendirilebilir.<\/p>\n<p style=\"text-align: justify;\">Bununla birlikte, k\u00fcresel d\u00f6nemin sona ermesinin ard\u0131ndan bir s\u00fcredir kendi i\u00e7ine kapanarak i\u00e7 toplumsal ve de siyasal sorunlar\u0131 i\u00e7inde \u00e7\u00f6z\u00fcm aray\u0131\u015flar\u0131ndaki Avrupa\u2019n\u0131n T\u00fcrkiye\u2019nin nereye gitti\u011fi ve\/ya gitmekte oldu\u011fuyla ne kadar ilgili oldu\u011fu \u00fczerinde durulabilir. Ancak \u00e7\u0131kmam\u0131\u015f candan \u00fcmit kesilmeyece\u011fi ilkesinden hareketle Avrupa\u2019n\u0131n ya\u015fad\u0131\u011f\u0131 onca soruna kar\u015f\u0131l\u0131k, \u00f6ncelikle ve temel manada g\u00fcvenlik ba\u011flam\u0131nda ele al\u0131p de\u011ferlendirdi\u011fi bir T\u00fcrkiye\u2019nin d\u0131\u015f politika ve uluslararas\u0131 politik yap\u0131lanmalarda nas\u0131l hareket etti\u011fini tastamam g\u00f6z ard\u0131 etmeyece\u011fi de olarak ortada duruyor.<\/p>\n<p style=\"text-align: justify;\">T\u00fcrkiye\u2019nin d\u0131\u015f politikas\u0131nda \u00f6l\u00e7\u00fctlerinin Bat\u0131 ile mi Bat\u0131\u2019dan ba\u011f\u0131ms\u0131z m\u0131 olaca\u011f\u0131 ihtimalleri \u00fczerinde d\u00fc\u015f\u00fcnd\u00fcrten bu a\u00e7\u0131klaman\u0131n ard\u0131ndan deneyimli bir gazetecinin ele\u015ftirel yakla\u015f\u0131m\u0131n ard\u0131nda mevcut h\u00fck\u00fcmete y\u00f6nelik bir genel arka plan\u0131n oldu\u011fu a\u015fik\u00e2r.<\/p>\n<p style=\"text-align: justify;\">Her ne kadar mevcut iktidar\u0131 iki ana d\u00f6nem \u00fczerinden de\u011ferlendirerek ilk ve de ba\u015far\u0131l\u0131 addetti\u011fi d\u00f6nemle k\u0131yaslamayla bug\u00fcnk\u00fc mevcut duruma y\u00fcklenen bir tutum sergiliyor. \u0130lk d\u00f6neme dair verdi\u011fi \u00f6rnekler ile T\u00fcrkiye\u2019nin d\u0131\u015f politikas\u0131n\u0131n \u00e7e\u015fitlili\u011fi ve bir t\u00fcrden \u2018Asyal\u0131l\u0131\u011f\u0131\u2019na dikkat \u00e7ekmeye \u00e7al\u0131\u015f\u0131yor.<\/p>\n<p style=\"text-align: justify;\">Burada ciddi bir yar\u0131lman\u0131n oldu\u011funa i\u015faret etmekte fayda var. O da \u015fu&#8230; Bir \u00fclkenin, hem de \u00e7ok k\u0131sa s\u00fcre\/ler i\u00e7erisinde d\u0131\u015f politikas\u0131n\u0131n \u00f6yle derin bir ayr\u0131ma konu olmas\u0131 s\u00f6z konusu olamaz. \u015eayet mevcut h\u00fck\u00fcmet\/iktidar\u0131n ilk d\u00f6neminde hakikat ciddi manada bir Asyal\u0131l\u0131k seziliyor ise, bunun nas\u0131l olup da ikinci d\u00f6nemde ger\u00e7ekle\u015fmemi\u015f oldu\u011funa veya y\u00f6nelimlerin nas\u0131l olup da ciddi k\u0131r\u0131lmalara yol a\u00e7t\u0131\u011f\u0131n\u0131 izah etmek gerekir.<\/p>\n<p style=\"text-align: justify;\">Ancak ilgili gazetecinin yaz\u0131s\u0131nda verdi\u011fi \u00f6rneklere bak\u0131lacak olursa baz\u0131 kurumlara yap\u0131lan atamalar ile d\u0131\u015f politikan\u0131n ba\u015far\u0131 kazand\u0131\u011f\u0131na dair vurgusu da detaylara inildik\u00e7e palyatif tedbirler oldu\u011funu ortaya koymaya yetecektir. Hele bu \u00f6rnekler i\u00e7erisinde bizzat yak\u0131ndan tecr\u00fcbe etti\u011fimiz baz\u0131 uygulama\/lar ve uzant\u0131lar\u0131 var ki, masa ba\u015f\u0131 politikac\u0131l\u0131\u011f\u0131 ile sahada g\u00f6z boyamac\u0131l\u0131k aras\u0131nda gidip gelen s\u00fcre\u00e7lerin birbirini desteklermi\u015f gibi g\u00f6z\u00fcken, ancak nihayetinde bu \u00fclkeyi bir t\u00fcr ba\u015far\u0131s\u0131zl\u0131kla kar\u015f\u0131 kar\u015f\u0131ya getirmeye yetti\u011fini bug\u00fcn daha iyi anlamak m\u00fcmk\u00fcn.<\/p>\n<p style=\"text-align: justify;\">Ad\u0131n\u0131n \u0130slam \u0130\u015fbirli\u011fi Te\u015fkilat\u0131 olarak de\u011fi\u015ftirildi\u011fi d\u00fcn\u00fcn \u0130slam Konferans\u0131 Te\u015fkilat\u0131 ba\u011flam\u0131ndaki \u00f6rnek, belki o d\u00f6nem \u00fclke i\u00e7inde ho\u015f bir sedaya yol a\u00e7m\u0131\u015f olabilir. Ancak yine o d\u00f6nemde, \u00f6rne\u011fin G\u00fcneydo\u011fu Asya\u2019daki baz\u0131 toplumlarda, bu kurumun ba\u015f harflerinin \u0130ngilizce telaffuzundan hareketle yani OIC \u201cOhhh. I seeeee.\u201d ifadesiyle an\u0131l\u0131yordu. Yani \u2018anlams\u0131zl\u0131\u011fa\u2019 tekab\u00fcl eden boyutuyla&#8230; Sahada bu ifadenin neye kar\u015f\u0131l\u0131k geldi\u011fini, ba\u015fka analiz yaz\u0131lar\u0131na bakarak ve\/ya ileride yaz\u0131lacak di\u011fer baz\u0131 \u00e7al\u0131\u015fmalara havale ederek iktifa edelim.<\/p>\n<p style=\"text-align: justify;\">\u2026. \u0130\u015flerin birden ters y\u00fcz olmaya ba\u015flad\u0131\u011f\u0131 bir d\u00f6nemde \u00fclkeye yeni bir Cumhurba\u015fkan\u0131 se\u00e7ilmesine yak\u0131n d\u00f6nemlerde Ankara\u2019dan gelen bir konukla Cakarta sokaklar\u0131nda gezerken, \u201cAman ha! Aday ismi olarak onu g\u00fcndeme getirmeyeceksiniz de\u011fil mi?\u201d ifademe \u201cYok. O kadar da de\u011fil!\u201d cevab\u0131n\u0131 alm\u0131\u015ft\u0131m.<\/p>\n<p style=\"text-align: justify;\">Siyasetin s\u0131cak kulvarlar\u0131nda i\u015fim olmad\u0131\u011f\u0131ndan d\u0131\u015fardan bir g\u00f6zlemci ve daha \u00e7ok da sahada nelerin yap\u0131l\u0131p yap\u0131lmad\u0131\u011f\u0131yla ilgilenen biri olarak bu cevab\u0131n beni teskin edip etmemesi \u00f6nemli de\u011fil. Ancak \u00f6nemli olan \u015fuydu ki, s\u00f6z konusu kurumun ba\u015f\u0131ndaki ki\u015fi eli \u00e7abuk baz\u0131 \u00e7evreler taraf\u0131ndan o d\u00f6nem Cumhurba\u015fkan\u0131 olarak aday g\u00f6sterilmi\u015f idi. Burada bir ilim alan\u0131nda kariyer sahibi olmak ile siyaset ve hele uluslararas\u0131 bir kurumun ba\u015f\u0131nda k\u00fcresel siyasete \u00e7er\u00e7eve \u00e7izmeye \u00e7al\u0131\u015fmak, oradan ulusal siyasette s\u00fcrpriz bir isim olarak yer almak aras\u0131ndaki fark\u0131 unutmayal\u0131m!<\/p>\n<p style=\"text-align: justify;\">Has\u0131l\u0131 \u015funa dikkat \u00e7ekmek gerekiyor\u2026 T\u00fcrkiye\u2019yi d\u0131\u015f politikada \u00f6ne \u00e7\u0131karan veya \u00e7\u0131kartt\u0131\u011f\u0131 var say\u0131lan kurum ve ki\u015filerin nas\u0131l olup da birden o politikalar\u0131n sahibi ve \u00fcreticisi h\u00fck\u00fcmete -ve hatta devlete- kar\u015f\u0131 bir mahiyette ortaya \u00e7\u0131kabildi\u011fi sorusunun \u00f6nemli oldu\u011fu g\u00f6zden ka\u00e7\u0131r\u0131lmamal\u0131d\u0131r.<\/p>\n<p style=\"text-align: justify;\">Bug\u00fcnk\u00fc ortamda T\u00fcrkiye \u015fayet bu ve benzeri kurumlar \u00fczerinden d\u0131\u015f politikas\u0131nda baz\u0131 kay\u0131plar ya\u015fad\u0131\u011f\u0131 ileri s\u00fcr\u00fcl\u00fcyor ise kan\u0131mca hatal\u0131 bir de\u011ferlendirme yap\u0131l\u0131yor demektir. \u00c7\u00fcnk\u00fc d\u0131\u015f politika sabun k\u00f6p\u00fc\u011f\u00fc misali birden \u00e7\u0131k\u0131p kaybolan bir olgu de\u011fil, aksine ciddi birikimlere, tecr\u00fcbelere ve bunlar\u0131n ilgili ulus ve uluslara ne t\u00fcrden pratik faydalar sa\u011flad\u0131\u011f\u0131 ve ne t\u00fcr s\u00fcrd\u00fcr\u00fclebilirliklere yol a\u00e7t\u0131\u011f\u0131yla ele al\u0131nmas\u0131 gereken bir konu oldu\u011fu unutmamal\u0131d\u0131r.<\/p>\n<p style=\"text-align: justify;\">Meselenin ikinci ve\u00e7hesi \u00fczerinde dural\u0131m birazda\u2026 Yani T\u00fcrkiye d\u0131\u015f politikas\u0131nda Asyal\u0131l\u0131k konusunun ne kadar reel olup olmad\u0131\u011f\u0131 hususu. Yukar\u0131da dikkat \u00e7ekilen gazetecinin yakla\u015f\u0131m\u0131nda g\u00f6r\u00fcld\u00fc\u011f\u00fc \u00fczere, Asyal\u0131l\u0131k ba\u011flam\u0131n\u0131 Rusya ve \u00c7in ile s\u0131n\u0131rland\u0131rmak \u00f6yle anla\u015f\u0131l\u0131yor ki, bu iki \u00fclkenin uluslararas\u0131 siyasetteki belirleyicilikleriyle ilintilidir.<\/p>\n<p style=\"text-align: justify;\">Bununla birlikte, bu belirleyicilikte sa\u011flam ekonomik temellerin k\u00fcresel siyasette s\u00f6z sahipli\u011fine g\u00f6t\u00fcren \u00f6nemli bir \u00f6zellik oldu\u011fu dikkate al\u0131nd\u0131\u011f\u0131nda, Asya\u2019n\u0131n do\u011fusunda, g\u00fcneyinde di\u011fer baz\u0131 \u00fclkeleri saymamak i\u00e7in bir neden bulunmuyor.<\/p>\n<p style=\"text-align: justify;\">Hele hele \u00e7ok kutupluluk s\u00f6yleminin ciddi bir yer ald\u0131\u011f\u0131 g\u00fcn\u00fcm\u00fcz uluslararas\u0131 siyaset arenas\u0131nda kalk\u0131nm\u0131\u015f ve kalk\u0131nmakta olan \u00fclkeler skalas\u0131nda s\u00f6z konusu b\u00f6lge \u00fclkelerinin yeri ve \u00f6nemi bunu ortaya koymaktad\u0131r. T\u00fcrkiye\u2019nin \u015fayet, Asya\u2019ya a\u00e7\u0131lma niyeti var ise, bunu Rusya ve \u00c7in ile de\u011fil daha geni\u015f bir \u00e7er\u00e7evede de\u011ferlendirebilece\u011fi bir ortam\u0131n oldu\u011funu hat\u0131rlatal\u0131m.<\/p>\n<p style=\"text-align: justify;\">Her ne t\u00fcrden a\u00e7\u0131l\u0131m olursa olsun, \u201cilgili konuda bilgi kaynaklar\u0131 ve s\u00fcre\u00e7lerin devaml\u0131l\u0131\u011f\u0131 konusunda ne t\u00fcrden bir donan\u0131ma sahibiz?\u201d sorusunu burada g\u00fcndeme getirmekte fayda var. D\u0131\u015f politika, siyaset kurumunun akt\u00f6rlerinin kendi ba\u015flar\u0131na ve\/ya bireysel kararlarla y\u00f6netebilecekleri bir saha de\u011fil. Gerek Bat\u0131\u2019yla olsun gerekse Asya ile olsun d\u0131\u015f politikan\u0131n yap\u0131c\u0131 unsurlar\u0131 uzun erimli \u00e7abalar ve u\u011fra\u015flar sonras\u0131nda ortaya konulabilir.<\/p>\n<p style=\"text-align: justify;\">Baz\u0131 hususiyetleri ile dikkat \u00e7eken iki \u00fclkeyi bakal\u0131m\u2026 Bug\u00fcn ad\u0131na Tayvan denilen, ancak \u00c7in\u2019le yak\u0131n tarihsel d\u00f6nemde ya\u015fanan ayr\u0131\u015fman\u0131n bir sonucu olarak has\u0131l olan g\u00fc\u00e7 dengeleri nedeniyle d\u00fcnyan\u0131n pek \u00e7ok \u00fclkesince siyasi me\u015fruiyeti kabul edilmeyen bir \u2018devlet\u2019 kendi ayaklar\u0131 \u00fczerinde nas\u0131l durabilmektedir? \u2026 Ya da yakla\u015f\u0131k yedi y\u00fcz kilometre karelik bir Ada \u00fclkesi olan Singapur kendini geli\u015ftirmekle kalmay\u0131p, \u00c7in\u2019in son birka\u00e7 on y\u0131lda kat etti\u011fi s\u00fcre\u00e7lere az\u0131msanmayacak entelekt\u00fcel, siyasi ve ekonomik katk\u0131s\u0131 olan Singapur bu g\u00fcc\u00fc nereden dev\u015firmektedir? Ba\u015fka \u00f6rnekleri de s\u0131ralamak m\u00fcmk\u00fcn\u2026<\/p>\n<p style=\"text-align: justify;\">Bu noktada, \u201cBug\u00fcn, koca k\u0131tan\u0131n yani Asya\u2019n\u0131n ka\u00e7 \u00fclkesi ve b\u00f6lgesi hakk\u0131nda s\u00f6z\u00fcne kulak kesilece\u011fimiz i\u015fini bilen ehil insan\u0131m\u0131z vard\u0131r?\u201d \u201cHangi kurumlar\u0131m\u0131z hangi s\u00fcre\u00e7lerle bu koca k\u0131tay\u0131 g\u00fcndemlerine alabilmektedirler?\u201d Herhalde i\u015fin en ba\u015f\u0131nda \u2018Asya\u2019 a\u00e7\u0131l\u0131m\u0131 olgusunu g\u00fcndeme getiren siyaset\u00e7inin ba\u015f\u0131nda bulundu\u011fu kurumdan ba\u015flayarak, Asya\u2019ya bakmak isteyenlerin \u00fcstesinden gelmesi gereken \u00e7ok temel sorunlar\u0131 konu\u015fmak ve bunlar\u0131n \u00fcstesinden gelmek gerekiyor.<\/p>\n","protected":false},"excerpt":{"rendered":"<p>Mehmet \u00d6zay\u00a0 \u00a0 \u00a0 \u00a0 \u00a0 \u00a0 \u00a0 \u00a0 \u00a0 \u00a0 \u00a0 \u00a0 \u00a0 \u00a0 \u00a0 \u00a0 \u00a0 \u00a0 \u00a0 \u00a0 \u00a0 \u00a0 \u00a0 \u00a0 \u00a0 \u00a0 \u00a0 \u00a0 \u00a0 \u00a0 \u00a0 \u00a0 \u00a0 \u00a0 \u00a0 \u00a0 \u00a0 \u00a0 \u00a0 \u00a0 \u00a0 \u00a0 \u00a0 \u00a0 \u00a0 \u00a0 \u00a0 16.08.2019 T\u00fcrkiye\u2019nin d\u0131\u015f politikas\u0131nda Asya y\u00f6nelimi konusu [&hellip;]<\/p>\n","protected":false},"author":1,"featured_media":2962,"comment_status":"open","ping_status":"open","sticky":false,"template":"","format":"standard","meta":{"footnotes":""},"categories":[9,6],"tags":[],"class_list":["post-2957","post","type-post","status-publish","format-standard","has-post-thumbnail","hentry","category-asya-pasifik","category-gunluk-yazilar"],"_links":{"self":[{"href":"https:\/\/guneydoguasyacalismalari.com\/tr_tr\/wp-json\/wp\/v2\/posts\/2957","targetHints":{"allow":["GET"]}}],"collection":[{"href":"https:\/\/guneydoguasyacalismalari.com\/tr_tr\/wp-json\/wp\/v2\/posts"}],"about":[{"href":"https:\/\/guneydoguasyacalismalari.com\/tr_tr\/wp-json\/wp\/v2\/types\/post"}],"author":[{"embeddable":true,"href":"https:\/\/guneydoguasyacalismalari.com\/tr_tr\/wp-json\/wp\/v2\/users\/1"}],"replies":[{"embeddable":true,"href":"https:\/\/guneydoguasyacalismalari.com\/tr_tr\/wp-json\/wp\/v2\/comments?post=2957"}],"version-history":[{"count":2,"href":"https:\/\/guneydoguasyacalismalari.com\/tr_tr\/wp-json\/wp\/v2\/posts\/2957\/revisions"}],"predecessor-version":[{"id":2960,"href":"https:\/\/guneydoguasyacalismalari.com\/tr_tr\/wp-json\/wp\/v2\/posts\/2957\/revisions\/2960"}],"wp:featuredmedia":[{"embeddable":true,"href":"https:\/\/guneydoguasyacalismalari.com\/tr_tr\/wp-json\/wp\/v2\/media\/2962"}],"wp:attachment":[{"href":"https:\/\/guneydoguasyacalismalari.com\/tr_tr\/wp-json\/wp\/v2\/media?parent=2957"}],"wp:term":[{"taxonomy":"category","embeddable":true,"href":"https:\/\/guneydoguasyacalismalari.com\/tr_tr\/wp-json\/wp\/v2\/categories?post=2957"},{"taxonomy":"post_tag","embeddable":true,"href":"https:\/\/guneydoguasyacalismalari.com\/tr_tr\/wp-json\/wp\/v2\/tags?post=2957"}],"curies":[{"name":"wp","href":"https:\/\/api.w.org\/{rel}","templated":true}]}}