{"id":2935,"date":"2019-07-13T15:44:39","date_gmt":"2019-07-13T15:44:39","guid":{"rendered":"http:\/\/guneydoguasyacalismalari.com\/?p=2935"},"modified":"2019-07-13T15:44:39","modified_gmt":"2019-07-13T15:44:39","slug":"darbeye-calismak","status":"publish","type":"post","link":"https:\/\/guneydoguasyacalismalari.com\/tr_tr\/darbeye-calismak\/","title":{"rendered":"Darbe\u2019ye \u00e7al\u0131\u015fmak"},"content":{"rendered":"<p><strong>Mehmet \u00d6zay\u00a0 \u00a0 \u00a0 \u00a0 \u00a0 \u00a0 \u00a0 \u00a0 \u00a0 \u00a0 \u00a0 \u00a0 \u00a0 \u00a0 \u00a0 \u00a0 \u00a0 \u00a0 \u00a0 \u00a0 \u00a0 \u00a0 \u00a0 \u00a0 \u00a0 \u00a0 \u00a0 \u00a0 \u00a0 \u00a0 \u00a0 \u00a0 \u00a0 \u00a0 \u00a0 \u00a0 \u00a0 \u00a0 \u00a0 \u00a0 \u00a0 \u00a0 \u00a0 \u00a0 \u00a0 \u00a0 \u00a0 13.07.2019 <\/strong><\/p>\n<p>Bug\u00fcn i\u00e7inde bulundu\u011fumuz \u015fartlarda, 15 Temmuz 2016 darbesinin bir tek grubun kendinde bir te\u015febb\u00fcs\u00fc oldu\u011funu d\u00fc\u015f\u00fcnmek, vak\u0131an\u0131n sosyolojik mahiyetini kavramamakla e\u015fde\u011ferdir.<\/p>\n<p>Bu anlamda, s\u00f6z konusu te\u015febb\u00fcs\u00fcn geli\u015fiminin bir s\u00fcrpriz olmad\u0131\u011f\u0131 ve bu giri\u015fimin k\u00f6klerinin birka\u00e7 on y\u0131l \u00f6ncesine dayansa da, kendini en az\u0131ndan bir on y\u0131l \u00f6ncesinde a\u015fik\u00e2r k\u0131ld\u0131\u011f\u0131n\u0131 s\u00f6ylemek m\u00fcmk\u00fcn. Sosyal hadiselerin birdenbire ne\u015fet eden olgular olmak yerine, birikimsel olarak geli\u015fme kaydetti\u011fini ve \u00e7e\u015fitli toplumsal unsurlar\u0131n bile\u015fiminin \u00fcr\u00fcn\u00fc olarak ortaya \u00e7\u0131kt\u0131\u011f\u0131n\u0131 unutmamak gerekir.<\/p>\n<p>\u00d6te yandan, bug\u00fcnden bak\u0131ld\u0131\u011f\u0131nda, belki de giderek artan say\u0131da ki\u015finin art\u0131k g\u00f6rd\u00fc\u011f\u00fc zannedilebilecek bu s\u00fcrecin, art\u0131k hakk\u0131yla anla\u015f\u0131ld\u0131\u011f\u0131n\u0131 d\u00fc\u015f\u00fcnmek bile bir t\u00fcr yan\u0131lsama olacakt\u0131r.<\/p>\n<p>Aktif ve pasif darbe taraftarlar\u0131n\u0131n sadece yurt i\u00e7inde de\u011fil, yurt d\u0131\u015f\u0131ndaki varl\u0131klar\u0131n\u0131n ve haz\u0131rl\u0131klar\u0131n\u0131n bu y\u00f6ne do\u011fru bir gidi\u015fata tekab\u00fcl etti\u011fi bir on y\u0131l \u00f6ncesinden izlerini ortaya koymaya ba\u015flam\u0131\u015ft\u0131.<\/p>\n<p>Bu noktada, aktif ve pasif taraftarlar ifadesinden anla\u015f\u0131lmas\u0131 gereken iki husus vard\u0131r. \u0130lki, kendini, darbeye tevess\u00fcl eden grubun i\u00e7inde, sivil ve devlete ba\u011fl\u0131 kurumlar i\u00e7erisindeki mevcudiyetleriyle aktif olarak tan\u0131mlayanlard\u0131r. Bu grup i\u00e7erisinde yer alanlardan bir b\u00f6l\u00fcm\u00fcn\u00fcn, \u00f6rne\u011fin pi\u015fmanl\u0131k duyanlar ba\u011flam\u0131nda oldu\u011fu \u00fczere, s\u00f6zde masumiyeti dikkate al\u0131nabileceklerden bahsedenler olabilir.<\/p>\n<p>\u0130kincisi ise, bu grupla organik ve\/ya ideolojik ba\u011f\u0131 olmad\u0131\u011f\u0131 g\u00f6r\u00fclen sivil ki\u015filer ile yine devletin \u00e7e\u015fitli birimleri i\u00e7erisindeki ki\u015fi ve gruplar\u0131n, bu ana yap\u0131yla girdikleri ili\u015fkiler boyutu \u00fczerinden olu\u015fan ba\u011fd\u0131r. Bu gruba mensup olanlardan bir b\u00f6l\u00fcm\u00fc -ki, zaman zaman bu y\u00f6nde dile getirilen s\u00f6ylemlerden hareketle-, kendilerinin \u2018ili\u015fkiye zorlanm\u0131\u015f\u2019 olduklar\u0131 iddias\u0131ndad\u0131rlar. \u2018\u0130li\u015fkiye zorlanm\u0131\u015fl\u0131k\u2019 ba\u011flam\u0131na oturan \u00e7evrelerin \u00fclke i\u00e7indeki kar\u015f\u0131l\u0131klar\u0131n\u0131, farkl\u0131 akt\u00f6rlerin bunlar\u0131n yerini alabilece\u011finden hareketle, bir an i\u00e7in g\u00f6z ard\u0131 etmek m\u00fcmk\u00fcn olabilir.<\/p>\n<p>Ancak bu ba\u011flam i\u00e7erisinde yer alan ve yurt d\u0131\u015f\u0131nda \u00fclkeyi resmi olarak temsil etme makam\u0131nda olan kurum\/lar mensuplar\u0131ndan gelmesi g\u00f6z ard\u0131 edilmesi m\u00fcmk\u00fcn olmayan bir duruma i\u015faret eder. Varsayal\u0131m ki, bu kitle \u201cKap\u0131lar\u0131n\u0131z\u0131 bu insanlara a\u00e7\u0131n\u201d t\u00fcr\u00fcnden bir emre muhatap olmu\u015f olsunlar\u2026 Ortaya \u00e7\u0131kan durum, salt kap\u0131lar\u0131n a\u00e7\u0131lmas\u0131yla kal\u0131nmad\u0131\u011f\u0131, bu kurumun -bilerek ve\/ya bilmeyerek- neredeyse kar\u015f\u0131 tarafa teslim edildi\u011fi haline g\u00f6nderme yapmaktad\u0131r.<\/p>\n<p>Bu y\u00f6ndeki d\u00fc\u015f\u00fcn\u00fc\u015f tarz\u0131nda bir t\u00fcr hakl\u0131l\u0131k pay\u0131 oldu\u011fu, zaman\u0131nda kurum \u00fczerinde tasarrufta bulunma hakk\u0131na sahip olanlar\u0131n, kadrolar\u0131n kahir ekseriyetini darbeye tevess\u00fcl eden yap\u0131dan dev\u015firmi\u015f olmalar\u0131yla daha bir netlik kazand\u0131\u011f\u0131 konusunu da hat\u0131rlamak vicdani ve de ahl\u00e2ki bir sorumluluktan ba\u011f\u0131ms\u0131z de\u011fildir.<\/p>\n<p>S\u00fcrecin ikinci a\u015famas\u0131 olarak, yani darbeden hemen sonra, \u2018i\u015fleri h\u00e2l yoluna koymada\u2019 ilk s\u0131rada yer almas\u0131 beklenen, hatta bu noktada resmi sorumluluk ta\u015f\u0131d\u0131\u011f\u0131 a\u00e7\u0131k se\u00e7ik ortada olan yukar\u0131da dikkat \u00e7ekilen bu \u201cili\u015fkiye zorlanm\u0131\u015f olanlar\u0131n\u201d, o d\u00f6nem ve sonras\u0131nda ne yap\u0131p ettiklerinin dikkatle \u00fczerinde durulmas\u0131 gerekmektedir.<\/p>\n<p><strong><em>A\u00e7\u0131k Medeniyet<\/em><\/strong><strong>, Temmuz, 2019, Y\u0131l 2, S. 25, s. 45.<\/strong><\/p>\n<p><strong><a href=\"https:\/\/open.dergilik.com.tr\/magazineDetail\/37193\">https:\/\/open.dergilik.com.tr\/magazineDetail\/37193<\/a><\/strong><\/p>\n","protected":false},"excerpt":{"rendered":"<p>Mehmet \u00d6zay\u00a0 \u00a0 \u00a0 \u00a0 \u00a0 \u00a0 \u00a0 \u00a0 \u00a0 \u00a0 \u00a0 \u00a0 \u00a0 \u00a0 \u00a0 \u00a0 \u00a0 \u00a0 \u00a0 \u00a0 \u00a0 \u00a0 \u00a0 \u00a0 \u00a0 \u00a0 \u00a0 \u00a0 \u00a0 \u00a0 \u00a0 \u00a0 \u00a0 \u00a0 \u00a0 \u00a0 \u00a0 \u00a0 \u00a0 \u00a0 \u00a0 \u00a0 \u00a0 \u00a0 \u00a0 \u00a0 \u00a0 13.07.2019 Bug\u00fcn i\u00e7inde bulundu\u011fumuz \u015fartlarda, 15 Temmuz [&hellip;]<\/p>\n","protected":false},"author":1,"featured_media":2936,"comment_status":"open","ping_status":"open","sticky":false,"template":"","format":"standard","meta":{"footnotes":""},"categories":[6,75],"tags":[],"class_list":["post-2935","post","type-post","status-publish","format-standard","has-post-thumbnail","hentry","category-gunluk-yazilar","category-sosyoloji-tarih"],"_links":{"self":[{"href":"https:\/\/guneydoguasyacalismalari.com\/tr_tr\/wp-json\/wp\/v2\/posts\/2935","targetHints":{"allow":["GET"]}}],"collection":[{"href":"https:\/\/guneydoguasyacalismalari.com\/tr_tr\/wp-json\/wp\/v2\/posts"}],"about":[{"href":"https:\/\/guneydoguasyacalismalari.com\/tr_tr\/wp-json\/wp\/v2\/types\/post"}],"author":[{"embeddable":true,"href":"https:\/\/guneydoguasyacalismalari.com\/tr_tr\/wp-json\/wp\/v2\/users\/1"}],"replies":[{"embeddable":true,"href":"https:\/\/guneydoguasyacalismalari.com\/tr_tr\/wp-json\/wp\/v2\/comments?post=2935"}],"version-history":[{"count":1,"href":"https:\/\/guneydoguasyacalismalari.com\/tr_tr\/wp-json\/wp\/v2\/posts\/2935\/revisions"}],"predecessor-version":[{"id":2937,"href":"https:\/\/guneydoguasyacalismalari.com\/tr_tr\/wp-json\/wp\/v2\/posts\/2935\/revisions\/2937"}],"wp:featuredmedia":[{"embeddable":true,"href":"https:\/\/guneydoguasyacalismalari.com\/tr_tr\/wp-json\/wp\/v2\/media\/2936"}],"wp:attachment":[{"href":"https:\/\/guneydoguasyacalismalari.com\/tr_tr\/wp-json\/wp\/v2\/media?parent=2935"}],"wp:term":[{"taxonomy":"category","embeddable":true,"href":"https:\/\/guneydoguasyacalismalari.com\/tr_tr\/wp-json\/wp\/v2\/categories?post=2935"},{"taxonomy":"post_tag","embeddable":true,"href":"https:\/\/guneydoguasyacalismalari.com\/tr_tr\/wp-json\/wp\/v2\/tags?post=2935"}],"curies":[{"name":"wp","href":"https:\/\/api.w.org\/{rel}","templated":true}]}}