{"id":2813,"date":"2019-03-26T16:18:58","date_gmt":"2019-03-26T16:18:58","guid":{"rendered":"http:\/\/guneydoguasyacalismalari.com\/?p=2813"},"modified":"2019-03-26T16:18:58","modified_gmt":"2019-03-26T16:18:58","slug":"endonezya-secime-giderken-siyasal-partilere-dair-political-parties-on-the-way-to-election-in-indonesia","status":"publish","type":"post","link":"https:\/\/guneydoguasyacalismalari.com\/tr_tr\/endonezya-secime-giderken-siyasal-partilere-dair-political-parties-on-the-way-to-election-in-indonesia\/","title":{"rendered":"Endonezya se\u00e7ime giderken, siyasal partilere dair \/ Political parties on the way to election in Indonesia"},"content":{"rendered":"<p><strong>Mehmet \u00d6zay\u00a0 \u00a0 \u00a0 \u00a0 \u00a0 \u00a0 \u00a0 \u00a0 \u00a0 \u00a0 \u00a0 \u00a0 \u00a0 \u00a0 \u00a0 \u00a0 \u00a0 \u00a0 \u00a0 \u00a0 \u00a0 \u00a0 \u00a0 \u00a0 \u00a0 \u00a0 \u00a0 \u00a0 \u00a0 \u00a0 \u00a0 \u00a0 \u00a0 \u00a0 \u00a0 \u00a0 \u00a0 \u00a0 \u00a0 \u00a0 \u00a0 \u00a0 \u00a0 \u00a0 \u00a0 \u00a026 Mart 2019<\/strong><\/p>\n<p style=\"text-align: justify;\">Endonezya\u2019da ba\u015fkanl\u0131k ve parlamento se\u00e7imleri, ulusal d\u00fczeyde ortaya \u00e7\u0131kan bir siyasi geli\u015fme olman\u0131n \u00f6tesinde anlam ta\u015f\u0131yor. Siyasi partiler \u00e7e\u015fitli \u00e7\u0131kar ili\u015fkileriyle birbirlerine eklemlenerek koalisyon bloklar\u0131 ile bir ba\u015fkan aday\u0131n\u0131 destekleyerek siyasi varl\u0131klar\u0131n\u0131 g\u00f6r\u00fcn\u00fcr k\u0131larken, asl\u0131nda parlamentoda ne kadar \u00e7ok milletvekili temsil edebilirlerse, yeni ba\u015fkan\u0131n veya desteklenen ba\u015fkan\u0131n kuraca\u011f\u0131 h\u00fck\u00fcmette al\u0131nacak bakanl\u0131klarla o kadar iyi temsil edilme imk\u00e2n\u0131 pe\u015findeler.<\/p>\n<p style=\"text-align: justify;\">Bu \u00e7er\u00e7evede \u00fclkedeki siyasi partiler olu\u015fumuna k\u0131saca bakmakta fayda var. \u00dclke siyasal iklimini, Bat\u0131 siyasal yap\u0131la\u015fmas\u0131 ve terminolojisi ile ifade etmek gerekirse merkez ve sa\u011f olarak iki genel \u00e7izginin ortaya \u00e7\u0131kt\u0131\u011f\u0131 g\u00f6r\u00fcl\u00fcr. \u00dclke de, merkezin sol\u2019unu temsil eden bir siyasi partinin varl\u0131\u011f\u0131 s\u00f6z konusu de\u011fil.<\/p>\n<p style=\"text-align: justify;\">Bununla birlikte, \u2018sol\u2019un tekab\u00fcl etti\u011fi siyasi anlay\u0131\u015f\u0131n en az\u0131ndan bir b\u00f6l\u00fcm\u00fcn\u00fcn izleklerinin bulunabilece\u011fi baz\u0131 siyasi partiler ve\/ya siyasi liderler bulmak m\u00fcmk\u00fcn. Ancak bunun, bir ideoloji boyutunda kapsay\u0131c\u0131 ve \u00f6rne\u011fin, ad\u0131na s\u0131n\u0131f diyebilece\u011fimiz belli bir toplumsal kitleye y\u00f6nelik s\u00f6ylemi, propagandas\u0131 oldu\u011fu ileri s\u00fcr\u00fclemez.<\/p>\n<p style=\"text-align: justify;\">Merkezin sa\u011f\u2019\u0131 derken de temelde liberal ve milliyet\u00e7i g\u00f6r\u00fc\u015flerin temsilcisi addedilebilecek siyasal temelleri ve s\u00f6ylemleri sa\u011flam ve geli\u015fmi\u015f bir siyasi yap\u0131n\u0131n varl\u0131\u011f\u0131n\u0131n oldu\u011fu da \u015f\u00fcphelidir. Yukar\u0131da dikkat \u00e7ektik, ancak tekrarda fayda var.<\/p>\n<p style=\"text-align: justify;\">Bununla, yine bir Bat\u0131 \u00fclkesinde var oldu\u011fu g\u00f6zlemlenen liberal-sa\u011fc\u0131 olu\u015fumlar\u0131 kastederek, Endonezya\u2019n\u0131n toplumsal olu\u015fumlar\u0131nda b\u00f6ylesi k\u00f6kl\u00fc bir siyasal yap\u0131la\u015fman\u0131n olmad\u0131\u011f\u0131na vurgu yapmak istiyorum. Bu noktada, merkez ile merkez-sa\u011f\u2019\u0131 ayr\u0131\u015ft\u0131racak nosyonlardan maalesef yoksun oldu\u011fumuz s\u00f6ylenebilir. Yoksa, yine \u2018sol\u2019 \u00f6rne\u011finde oldu\u011fu \u00fczere, kendini liberal, demokrat, piyasa ekonomicisi addeden bireysel politikac\u0131lar\u0131n oldu\u011fu ortada. Veya b\u00f6ylesi tekil politikac\u0131lar\u0131n, belli bir siyasi parti \u00e7erisinde biraraya gelmi\u015fli\u011finin verdi\u011fi g\u00fcvenle kendilerinden m\u00fclhem bir liberallik s\u00f6ylemi geli\u015ftiriyor olabilirler.<\/p>\n<p style=\"text-align: justify;\">Sol\u2019un bir siyasi parti veya siyasi partiler d\u00fczleminde temsil edilememesinin tarihsel bir nedeni bulunuyor. 30 Eyl\u00fcl 1965 tarihinde ger\u00e7ekle\u015fen ve asl\u0131nda tamda ne olup bitti\u011finin t\u00fcm ayr\u0131nt\u0131lar\u0131yla g\u00fcn y\u00fcz\u00fcne \u00e7\u0131kart\u0131lamayan darbenin geli\u015fim s\u00fcrecinde d\u00f6nemin \u00f6nemli siyasi partilerinden Kom\u00fcnist Partisi\u2019ne y\u00f6nelik giri\u015fimin ard\u0131ndan toplumsal ve siyasal \u00e7evrelerin, b\u00f6ylesi bir hareketin bir daha ortaya \u00e7\u0131kmamas\u0131 konusunda s\u00f6z birli\u011fi etmi\u015fli\u011fi bug\u00fcne kadar kendini var etmi\u015ftir.<\/p>\n<p style=\"text-align: justify;\">Tabii, burada Marksizmin temel g\u00f6r\u00fc\u015flerini bina etti\u011fi end\u00fcstri toplumu, \u015fehirle\u015fme, s\u0131n\u0131f farkl\u0131la\u015fmalar\u0131n\u0131n ekonomik ayr\u0131\u015fmalar \u00fczerine oturdu\u011fu bir toplumsal yap\u0131n\u0131n Endonezya ba\u011flam\u0131nda kar\u015f\u0131la\u015f\u0131l\u0131p kar\u015f\u0131la\u015f\u0131lmad\u0131\u011f\u0131 ise bir ba\u015fka konu. Ancak en az\u0131ndan, bu t\u00fcrden bir sol hareketin bir siyasal parti olarak ne\u015fet etmesi.<\/p>\n<p style=\"text-align: justify;\">1950\u2019lilerden itibaren So\u011fuk Sava\u015f y\u0131llar\u0131na ba\u011flamak bir \u00f6l\u00e7\u00fcde m\u00fcmk\u00fcnse de, bunu s\u00f6m\u00fcrge d\u00f6nemi toplumsal geli\u015fmeleri \u00e7er\u00e7evesinde ele almak daha sa\u011fl\u0131kl\u0131 bir anlamaya do\u011fru g\u00f6t\u00fcrecektir. Bununla birlikte, burada ele al\u0131nan ba\u011flam\u0131n, bu geli\u015fmeyi g\u00fcndeme almam\u0131za el vermeyecek kadar farkl\u0131l\u0131k arz etti\u011fini s\u00f6yleyerek konuyu bununla s\u0131n\u0131rland\u0131rm\u0131\u015f olal\u0131m.<\/p>\n<p style=\"text-align: justify;\">Bu durumda, merkez ve\/ya sa\u011f \u015femsiyesi alt\u0131nda var olan \u00e7ok say\u0131daki partinin neyi temsil etti\u011fi konusu \u00f6nem ta\u015f\u0131yor. Bu partilerin gerek ba\u015fkanlar\u0131 ve\/ya kurucular\u0131 dikkate al\u0131nd\u0131\u011f\u0131nda i\u00e7lerinde ordu eski komutanlar\u0131, \u00fclkenin \u00f6nde gelen i\u015f \u00e7evrelerinin liderleri gibi toplumsal fig\u00fcrlerin oldu\u011fu dikkat \u00e7ekmektedir. S\u00f6z konusu bu siyasi parti olu\u015fumlar\u0131n\u0131n ne t\u00fcrden bir ideoloji ile bezendikleri a\u00e7\u0131k\u00e7as\u0131 belirsizliklerle doludur. Tam da burada, peki bu insanlar\u0131 bir parti \u00e7at\u0131s\u0131 alt\u0131nda biraraya getiren nedenler nelerdir sorusu hakl\u0131 olarak sorulmay\u0131 bekliyor.<\/p>\n<p style=\"text-align: justify;\">\u0130\u00e7inde ordudan emekli \u00e7evrelerin, \u00f6rne\u011fin baz\u0131 kom\u015fu \u00fclkelerdeki gibi devlet memuru g\u00f6revi ile s\u0131n\u0131rl\u0131 olmayan bir yap\u0131 kar\u015f\u0131m\u0131za \u00e7\u0131kmaktad\u0131r. Ordunun ba\u011f\u0131ms\u0131zl\u0131ktan bu yana kendine bi\u00e7ti\u011fi \u00fclkenin sahipli\u011fi rol\u00fc bir yana, ordunun kendi kendini besleyen bir ekonomik d\u00fczene\u011fe sahip olmas\u0131, bu toplumsal yap\u0131s\u0131 bir g\u00fcvenlik kurumu olman\u0131n \u00f6tesine ve d\u0131\u015f\u0131na ta\u015f\u0131maktad\u0131r.<\/p>\n<p style=\"text-align: justify;\">Bu nokta \u00f6nemli. \u00c7\u00fcnk\u00fc yukar\u0131da de\u011finildi\u011fi \u00fczere, en az\u0131ndan baz\u0131 siyasi partilerdeki ordu eski mensuplar\u0131 ile i\u015f \u00e7evrelerinin biraraya gelmeleri ikincilerin birincilere l\u00fctfu olarak alg\u0131lanmamal\u0131d\u0131r. Aksine, ordu mensuplar\u0131n\u0131n aktif g\u00f6revlerindeyken kurulan ili\u015fkilerin emeklilik sonras\u0131 meyvesini vermesi gibi bir durum s\u00f6z konusudur.<\/p>\n<p style=\"text-align: justify;\">Burada ordu eski mensuplar\u0131 ile i\u015f \u00e7evrelerinin bulu\u015ftu\u011fu noktaya dikkat \u00e7ekilmelidir. O da, b\u00fcy\u00fck \u00f6l\u00e7\u00fcde \u00fclke i\u00e7i ekonomik faaliyetlerin ve \u015fu veya bu \u015fekilde de uluslararas\u0131 yat\u0131r\u0131mc\u0131 \u00fclke ve kurulu\u015flar\u0131n ekonomik faaliyetlerinin yap\u0131la\u015fmas\u0131, yerle\u015fmesi ve geli\u015fmesinde ordu ve i\u015f \u00e7evrelerini birle\u015ftiren \u00f6nemli bir \u00e7\u0131kar alan\u0131n\u0131n olmas\u0131d\u0131r.<\/p>\n<p style=\"text-align: justify;\">Standart bir ulus-devlette ordunun \u00fclkenin d\u0131\u015f g\u00fcvenlik konusunda kendini haz\u0131rlamas\u0131 ve yetkinle\u015ftirmesi gibi bir durum s\u00f6z konusu iken, Endonezya\u2019da \u00fclkenin sahipli\u011fi olgusunun verdi\u011fi \u00f6z g\u00fcvenin yapt\u0131r\u0131mc\u0131l\u0131\u011fa d\u00f6n\u00fc\u015ferek \u00fclkenin kendi vatanda\u015flar\u0131 \u00fczerinde bir g\u00fc\u00e7 kullan\u0131m\u0131na evrildi\u011fine tan\u0131k olunmaktad\u0131r.<\/p>\n<p style=\"text-align: justify;\">Bunun tabii ki, \u00f6rne\u011fin Suharto\u2019lu y\u0131llar ile sonras\u0131ndaki s\u00fcre\u00e7te baz\u0131 farkl\u0131la\u015fmalar oldu\u011funu s\u00f6yleyebilirsek de, temelde dinamiklerin pek de de\u011fi\u015fti\u011fini iddia etmek m\u00fcmk\u00fcn g\u00f6z\u00fckm\u00fcyor. Bu ba\u011flamda, verilebilecek kan\u0131tlardan biri, sivil addedilenler ile kendini sivil kabul etmeye meyleden ordu eski mensubu siyaset\u00e7ilerin ordu kurumu \u00fczerinde reform giri\u015fimleridir.<\/p>\n<p style=\"text-align: justify;\">Endonezya gibi geni\u015f bir co\u011frafya \u00fczerine yay\u0131lan Adalar \u00fclkesinde ordunun ve i\u015f \u00e7evrelerinin kurduklar\u0131 a\u011f\u0131n kapsay\u0131c\u0131l\u0131\u011f\u0131 dikkate al\u0131nd\u0131\u011f\u0131nda bu iki toplumsal yap\u0131 ile rekabet edebilecek pek bir etkin yap\u0131 bulunabilir mi sorusu akla geliyor ister istemez. Bu ikilinin sahip oldu\u011fu bu \u00f6zellik, temelde birbirini besleyen, birbirinden destek alan bir dual yap\u0131 olarak \u00fclke siyasal yap\u0131s\u0131n\u0131 kayda de\u011fer \u00f6l\u00e7\u00fcde \u015fekillendirmektedir.<\/p>\n<p style=\"text-align: justify;\">Bu siyasi partilerin ve temsil ettikleri z\u00fcmrelerin d\u0131\u015f\u0131nda oldu\u011fu ifade edilebilecek, lider tabakas\u0131n\u0131n, \u00fcyelerinin ve se\u00e7men kitlesinin kendini dindar kabul etti\u011fi baz\u0131 siyasi partiler de mevcut. Farkl\u0131 bir ba\u011flama oturmas\u0131 nedeniyle, bu yap\u0131lar bir ba\u015fka yaz\u0131n\u0131n konusu oldu\u011funu s\u00f6ylemeliyim.<\/p>\n<p style=\"text-align: justify;\"><a href=\"http:\/\/www.haberekibi.com\/dosya-analiz\/endonezya-secime-giderken-siyasal-partilere-dair-h56760.html\">http:\/\/www.haberekibi.com\/dosya-analiz\/endonezya-secime-giderken-siyasal-partilere-dair-h56760.html<\/a><\/p>\n","protected":false},"excerpt":{"rendered":"<p>Mehmet \u00d6zay\u00a0 \u00a0 \u00a0 \u00a0 \u00a0 \u00a0 \u00a0 \u00a0 \u00a0 \u00a0 \u00a0 \u00a0 \u00a0 \u00a0 \u00a0 \u00a0 \u00a0 \u00a0 \u00a0 \u00a0 \u00a0 \u00a0 \u00a0 \u00a0 \u00a0 \u00a0 \u00a0 \u00a0 \u00a0 \u00a0 \u00a0 \u00a0 \u00a0 \u00a0 \u00a0 \u00a0 \u00a0 \u00a0 \u00a0 \u00a0 \u00a0 \u00a0 \u00a0 \u00a0 \u00a0 \u00a026 Mart 2019 Endonezya\u2019da ba\u015fkanl\u0131k ve parlamento se\u00e7imleri, ulusal [&hellip;]<\/p>\n","protected":false},"author":1,"featured_media":2814,"comment_status":"open","ping_status":"open","sticky":false,"template":"","format":"standard","meta":{"footnotes":""},"categories":[21,6],"tags":[],"class_list":["post-2813","post","type-post","status-publish","format-standard","has-post-thumbnail","hentry","category-endonezya","category-gunluk-yazilar"],"_links":{"self":[{"href":"https:\/\/guneydoguasyacalismalari.com\/tr_tr\/wp-json\/wp\/v2\/posts\/2813","targetHints":{"allow":["GET"]}}],"collection":[{"href":"https:\/\/guneydoguasyacalismalari.com\/tr_tr\/wp-json\/wp\/v2\/posts"}],"about":[{"href":"https:\/\/guneydoguasyacalismalari.com\/tr_tr\/wp-json\/wp\/v2\/types\/post"}],"author":[{"embeddable":true,"href":"https:\/\/guneydoguasyacalismalari.com\/tr_tr\/wp-json\/wp\/v2\/users\/1"}],"replies":[{"embeddable":true,"href":"https:\/\/guneydoguasyacalismalari.com\/tr_tr\/wp-json\/wp\/v2\/comments?post=2813"}],"version-history":[{"count":1,"href":"https:\/\/guneydoguasyacalismalari.com\/tr_tr\/wp-json\/wp\/v2\/posts\/2813\/revisions"}],"predecessor-version":[{"id":2815,"href":"https:\/\/guneydoguasyacalismalari.com\/tr_tr\/wp-json\/wp\/v2\/posts\/2813\/revisions\/2815"}],"wp:featuredmedia":[{"embeddable":true,"href":"https:\/\/guneydoguasyacalismalari.com\/tr_tr\/wp-json\/wp\/v2\/media\/2814"}],"wp:attachment":[{"href":"https:\/\/guneydoguasyacalismalari.com\/tr_tr\/wp-json\/wp\/v2\/media?parent=2813"}],"wp:term":[{"taxonomy":"category","embeddable":true,"href":"https:\/\/guneydoguasyacalismalari.com\/tr_tr\/wp-json\/wp\/v2\/categories?post=2813"},{"taxonomy":"post_tag","embeddable":true,"href":"https:\/\/guneydoguasyacalismalari.com\/tr_tr\/wp-json\/wp\/v2\/tags?post=2813"}],"curies":[{"name":"wp","href":"https:\/\/api.w.org\/{rel}","templated":true}]}}