{"id":2797,"date":"2019-03-08T16:25:23","date_gmt":"2019-03-08T16:25:23","guid":{"rendered":"http:\/\/guneydoguasyacalismalari.com\/?p=2797"},"modified":"2019-03-08T16:25:23","modified_gmt":"2019-03-08T16:25:23","slug":"yeniden-ideolojiler-cagi-again-the-age-of-ideologies","status":"publish","type":"post","link":"https:\/\/guneydoguasyacalismalari.com\/tr_tr\/yeniden-ideolojiler-cagi-again-the-age-of-ideologies\/","title":{"rendered":"Yeniden ideolojiler \u00e7a\u011f\u0131 \/ Again the Age of Ideologies"},"content":{"rendered":"<p><strong>Mehmet \u00d6zay\u00a0 \u00a0 \u00a0 \u00a0 \u00a0 \u00a0 \u00a0 \u00a0 \u00a0 \u00a0 \u00a0 \u00a0 \u00a0 \u00a0 \u00a0 \u00a0 \u00a0 \u00a0 \u00a0 \u00a0 \u00a0 \u00a0 \u00a0 \u00a0 \u00a0 \u00a0 \u00a0 \u00a0 \u00a0 \u00a0 \u00a0 \u00a0 \u00a0 \u00a0 \u00a0 \u00a0 \u00a0 \u00a0 \u00a0 \u00a0 \u00a0 \u00a0 \u00a0 \u00a0 \u00a0 \u00a0 \u00a0 08.03.2019<\/strong><\/p>\n<p style=\"text-align: justify;\">\u0130deolojilerin bitti\u011fi ifade ediliyordu bir d\u00f6nem. Buna sebep ise, 1980\u2019lerin sonlar\u0131ndan itibaren So\u011fuk Sava\u015f d\u00f6neminin sona ermesiydi. Bu geli\u015fme, k\u00fcresel eko-politikalarda liberal demokrasinin zaferinin ortaya \u00e7\u0131kt\u0131\u011f\u0131na yorulup, bu \u015fartlar\u0131n o d\u00f6nem i\u00e7in do\u011furdu\u011fu bir rehavet ortam\u0131ndan da bahsedildi\u011fini s\u00f6ylemek bile m\u00fcmk\u00fcn. Ancak bu s\u00fcre\u00e7, yerini farkl\u0131 bir ba\u011flamda yeniden \u00e7at\u0131\u015fmaya b\u0131rakm\u0131\u015f g\u00f6z\u00fck\u00fcyor\u2026<\/p>\n<p style=\"text-align: justify;\">2000\u2019li y\u0131llar\u0131n ba\u015f\u0131nda Bat\u0131l\u0131 liberal demokrasiler ve\/ya kapitalist \u00fclkelerin \u015fartl\u0131 deste\u011fiyle D\u00fcnya Ticaret \u00d6rg\u00fct\u00fc\u2019ne kabul edilen \u00c7in, kendi b\u00f6lgesinden ba\u015flayarak neredeyse herkesi \u015fa\u015f\u0131rtan bir ekonomik kalk\u0131nma sergilemi\u015f durumda. Bu geli\u015fmenin birden ortaya \u00e7\u0131kmad\u0131\u011f\u0131 biliniyor. 1970\u2019lerde ABD ba\u015fkan\u0131 Richard Nixon\u2019un d\u0131\u015fi\u015fleri bakan\u0131 Henry Kissenger marifetiyle \u00c7in\u2019le ili\u015fkilere kap\u0131 aralayan politikalar\u0131 i\u015fin siyasal boyutunu olu\u015fturuyordu.<\/p>\n<p style=\"text-align: justify;\">Ge\u00e7en y\u00fczy\u0131l\u0131n son birka\u00e7 on y\u0131l\u0131nda giderek daha fazla uluslararas\u0131 ekonomiye entegre olma s\u00fcrecini tecr\u00fcbe eden \u00c7in, \u00f6zellikle 2010\u2019da ekonomik kalk\u0131nmada Japonya\u2019n\u0131n \u00f6n\u00fcne ge\u00e7ip k\u00fcresel ekonomide ikinci g\u00fc\u00e7 haline gelmesi, yeni bir d\u00f6neme i\u015faret ediyordu.<\/p>\n<p style=\"text-align: justify;\">Bu s\u00fcre\u00e7te \u015fa\u015f\u0131rt\u0131c\u0131 olan ve \u00fczerinde ara\u015ft\u0131rmalar yap\u0131lan olgu ise, siyasi ideoloji ile ekonomide uygulanan politikalar\u0131n ve yakla\u015f\u0131mlar\u0131n farkl\u0131la\u015fm\u0131\u015f halidir. \u00c7in a\u00e7\u0131s\u0131ndan bak\u0131ld\u0131\u011f\u0131nda ve bir kazan\u0131m olarak de\u011ferlendirilebilecek olan husus, Sovyet Sosyalist Cumhuriyetler Birli\u011fi\u2019nin (SSCB) d\u00fc\u015ft\u00fc\u011f\u00fc hataya d\u00fc\u015fmeden kendini kapitalist d\u00fcnya ile birlikte var olabilece\u011fini kan\u0131tlamas\u0131d\u0131r.<\/p>\n<p style=\"text-align: justify;\">Bat\u0131 kapitalizminin bu s\u00fcre\u00e7te gizli\/a\u00e7\u0131k beklentisi, \u00c7in\u2019i k\u00fcresel ekonomiye ba\u011flarken, bunun \u00fczerinden bu \u00fclkede bir toplumsal ve siyasal de\u011fi\u015fikli\u011fin ortaya \u00e7\u0131kaca\u011f\u0131 y\u00f6n\u00fcndeydi. \u00c7in kalk\u0131nmaya devam ederken, zamanla b\u00f6lgesinden ba\u015flayan ve k\u00fcresele do\u011fru geni\u015fleyen bir ticaret ve yat\u0131r\u0131m evreni olu\u015fturdu ve bu s\u00fcrece agresif bir \u015fekilde devam ediyor.<\/p>\n<p style=\"text-align: justify;\">Tarihsel ba\u011flamda dikkate al\u0131nd\u0131\u011f\u0131nda, \u00c7in\u2019in siyasal i\u00e7erikli bir yay\u0131lmac\u0131l\u0131k politikas\u0131 g\u00fctmedi\u011fi ve bug\u00fcn de bu anlamda bir niyet ta\u015f\u0131mad\u0131\u011f\u0131 s\u00f6ylenebilir. Ancak bir s\u00fcredir, kapitalizmin do\u011fas\u0131nda var olan \u00e7at\u0131\u015fmac\u0131l\u0131\u011fa varan rekabet\u00e7i \u00e7izginin zorunlulu\u011fu ile hareket eden bir \u00c7in\u2019le kar\u015f\u0131 kar\u015f\u0131yay\u0131z. Bunu, \u00f6zellikle G\u00fcney \u00c7in Denizi ba\u011flam\u0131nda, yan\u0131 ba\u015f\u0131ndaki ASEAN \u00fclkelerine y\u00f6nelik teritoryal haklar meselesinde ortaya koyuyor.<\/p>\n<p style=\"text-align: justify;\">Bununla birlikte, Bat\u0131\u2019y\u0131 rahats\u0131z eden bundan daha \u00e7ok, \u00c7in\u2019in kalk\u0131nman\u0131n liberal demokrasilerin temel dayanak noktas\u0131 olan serbest ticaret kurallar dizgesine tezat te\u015fkil eden bir y\u00f6nelim izlemesidir. \u00c7in\u2019in bu ekonomi politikalar\u0131n\u0131n Bat\u0131\u2019dakinden farkl\u0131l\u0131\u011f\u0131n\u0131 herhalde en iyi ifade eden \u2018otoriter kapitalizm\u2019 kavram\u0131d\u0131r. \u00c7in de\u011fi\u015fiyor, buna \u015f\u00fcphe yok. Ancak bu de\u011fi\u015fimi Bat\u0131\u2019n\u0131n istedi\u011fi y\u00f6nde olmamas\u0131, yeni bir \u00e7at\u0131\u015fmac\u0131 ortam\u0131n i\u00e7ine s\u00fcr\u00fcklenilmekte oldu\u011funa i\u015faret ediyor.<\/p>\n<p style=\"text-align: justify;\">Burada \u00fczerinde d\u00fc\u015f\u00fcn\u00fclmesi gereken iki durum var. \u0130lki, \u00c7in\u2019in i\u00e7inden ge\u00e7mekte oldu\u011fu s\u00fcrecin hen\u00fcz tamamlanmam\u0131\u015f olmas\u0131. Bir ba\u015fka deyi\u015fle, Bat\u0131\u2019n\u0131n beklenti i\u00e7inde oldu\u011fu toplumsal ve siyasal de\u011fi\u015fimlerin ortaya \u00e7\u0131kabilece\u011fi ihtimalidir. Bir di\u011fer husus ise, \u00c7in\u2019in sergilemekte oldu\u011fu ve y\u00f6neticileri taraf\u0131ndan Bat\u0131 kapitalizmine alternatif olarak sunulan bu ekonomi politikas\u0131n\u0131n di\u011fer \u00fclkeler i\u00e7in kabul edilebilir ve uygulanabilir bir mahiyet arz edip etmedi\u011fidir.<\/p>\n<p style=\"text-align: justify;\"><em>A\u00e7\u0131k Medeniyet<\/em>, Y\u0131l 2, Say\u0131 11, \u015eubat-Mart, 2019, s. 44. <a href=\"http:\/\/www.acikmedeniyet.com\">www.acikmedeniyet.com<\/a><\/p>\n","protected":false},"excerpt":{"rendered":"<p>Mehmet \u00d6zay\u00a0 \u00a0 \u00a0 \u00a0 \u00a0 \u00a0 \u00a0 \u00a0 \u00a0 \u00a0 \u00a0 \u00a0 \u00a0 \u00a0 \u00a0 \u00a0 \u00a0 \u00a0 \u00a0 \u00a0 \u00a0 \u00a0 \u00a0 \u00a0 \u00a0 \u00a0 \u00a0 \u00a0 \u00a0 \u00a0 \u00a0 \u00a0 \u00a0 \u00a0 \u00a0 \u00a0 \u00a0 \u00a0 \u00a0 \u00a0 \u00a0 \u00a0 \u00a0 \u00a0 \u00a0 \u00a0 \u00a0 08.03.2019 \u0130deolojilerin bitti\u011fi ifade ediliyordu bir d\u00f6nem. [&hellip;]<\/p>\n","protected":false},"author":1,"featured_media":2798,"comment_status":"open","ping_status":"open","sticky":false,"template":"","format":"standard","meta":{"footnotes":""},"categories":[6,75],"tags":[],"class_list":["post-2797","post","type-post","status-publish","format-standard","has-post-thumbnail","hentry","category-gunluk-yazilar","category-sosyoloji-tarih"],"_links":{"self":[{"href":"https:\/\/guneydoguasyacalismalari.com\/tr_tr\/wp-json\/wp\/v2\/posts\/2797","targetHints":{"allow":["GET"]}}],"collection":[{"href":"https:\/\/guneydoguasyacalismalari.com\/tr_tr\/wp-json\/wp\/v2\/posts"}],"about":[{"href":"https:\/\/guneydoguasyacalismalari.com\/tr_tr\/wp-json\/wp\/v2\/types\/post"}],"author":[{"embeddable":true,"href":"https:\/\/guneydoguasyacalismalari.com\/tr_tr\/wp-json\/wp\/v2\/users\/1"}],"replies":[{"embeddable":true,"href":"https:\/\/guneydoguasyacalismalari.com\/tr_tr\/wp-json\/wp\/v2\/comments?post=2797"}],"version-history":[{"count":1,"href":"https:\/\/guneydoguasyacalismalari.com\/tr_tr\/wp-json\/wp\/v2\/posts\/2797\/revisions"}],"predecessor-version":[{"id":2799,"href":"https:\/\/guneydoguasyacalismalari.com\/tr_tr\/wp-json\/wp\/v2\/posts\/2797\/revisions\/2799"}],"wp:featuredmedia":[{"embeddable":true,"href":"https:\/\/guneydoguasyacalismalari.com\/tr_tr\/wp-json\/wp\/v2\/media\/2798"}],"wp:attachment":[{"href":"https:\/\/guneydoguasyacalismalari.com\/tr_tr\/wp-json\/wp\/v2\/media?parent=2797"}],"wp:term":[{"taxonomy":"category","embeddable":true,"href":"https:\/\/guneydoguasyacalismalari.com\/tr_tr\/wp-json\/wp\/v2\/categories?post=2797"},{"taxonomy":"post_tag","embeddable":true,"href":"https:\/\/guneydoguasyacalismalari.com\/tr_tr\/wp-json\/wp\/v2\/tags?post=2797"}],"curies":[{"name":"wp","href":"https:\/\/api.w.org\/{rel}","templated":true}]}}