{"id":2644,"date":"2018-11-19T18:29:16","date_gmt":"2018-11-19T18:29:16","guid":{"rendered":"http:\/\/guneydoguasyacalismalari.com\/?p=2644"},"modified":"2018-11-19T18:30:14","modified_gmt":"2018-11-19T18:30:14","slug":"acik-medeniyet-yil-1-sayi-9-kasim-2018-s-20","status":"publish","type":"post","link":"https:\/\/guneydoguasyacalismalari.com\/tr_tr\/acik-medeniyet-yil-1-sayi-9-kasim-2018-s-20\/","title":{"rendered":"S\u00fcrd\u00fcr\u00fclebilir e\u011fitim \/ Sustainable education"},"content":{"rendered":"<p><strong>Mehmet \u00d6zay \u00a0\u00a0\u00a0\u00a0 \u00a0\u00a0\u00a0\u00a0\u00a0\u00a0\u00a0\u00a0\u00a0 \u00a0\u00a0\u00a0\u00a0\u00a0\u00a0\u00a0\u00a0\u00a0 \u00a0\u00a0\u00a0\u00a0\u00a0\u00a0\u00a0\u00a0\u00a0 \u00a0\u00a0\u00a0\u00a0\u00a0\u00a0\u00a0\u00a0\u00a0 \u00a0\u00a0\u00a0\u00a0\u00a0\u00a0\u00a0\u00a0\u00a0 \u00a0\u00a0\u00a0\u00a0\u00a0\u00a0\u00a0\u00a0\u00a0 \u00a0\u00a0\u00a0\u00a0\u00a0\u00a0\u00a0\u00a0\u00a0 \u00a0\u00a0\u00a0\u00a0\u00a0\u00a0\u00a0\u00a0\u00a0 \u00a0\u00a019.11.2018<\/strong><\/p>\n<p style=\"text-align: justify;\">Y\u00fcksek\u00f6\u011fretim kurumlar\u0131n\u0131n, e\u011fitim-\u00f6\u011fretim faaliyetlerini ve bunlar\u0131n art\u0131k g\u00fcn\u00fcm\u00fczde do\u011fal uzant\u0131lar\u0131 kabul edilen bilimsel etkinliklerini ve yay\u0131nlar\u0131n\u0131 s\u00fcrd\u00fcr\u00fclebilir bir \u015fekilde ger\u00e7ekle\u015ftirebilmeleri, s\u00f6z konusu bu kurumlar\u0131n sa\u011flam temeller \u00fczerine in\u015fa edilmeleri ve bu yap\u0131la\u015fman\u0131n s\u00fcreklilik arz etmesiyle ba\u011flant\u0131l\u0131d\u0131r.<\/p>\n<p style=\"text-align: justify;\">Bu yap\u0131la\u015fman\u0131n, maddi ve maddi olmayan temelleri kendini \u00e7e\u015fitli \u015fekillerde ortaya koyarken, hi\u00e7 ku\u015fku yok ki bu iki olgunun biraradal\u0131\u011f\u0131 ka\u00e7\u0131n\u0131lmaz bir ba\u011flay\u0131c\u0131l\u0131k arz etmektedir.\u00a0 Bu noktada, bir y\u00fcksek \u00f6\u011fretim kurumunun devlet temelli veya \u00f6zel te\u015febb\u00fcs \u00fcr\u00fcn\u00fc olmas\u0131, maddi ve maddi olmayan ko\u015fullar\u0131n tedariki hususunda farkl\u0131la\u015fmalara yol a\u00e7maktad\u0131r. Bu anlamda, y\u00fcksek \u00f6\u011fretim kurumlar\u0131n\u0131n varl\u0131\u011f\u0131n\u0131n \u00f6zel bir te\u015febb\u00fcs sonucunda g\u00fcndeme gelmesi, bu yap\u0131n\u0131n b\u00fct\u00fcn\u00fcyle sivil bireyler ve kurumlar \u00fczerinden ger\u00e7ekle\u015ftirildi\u011fi anlam\u0131na gelir. B\u00f6ylesi y\u00fcksek \u00f6\u011fretim kurumlar\u0131n\u0131n varl\u0131\u011f\u0131n\u0131n s\u00fcrd\u00fcr\u00fclebilirli\u011fi, klasik vak\u0131f gelene\u011finde belli \u2018akar\u2019lara ba\u011fl\u0131d\u0131r.<\/p>\n<p style=\"text-align: justify;\">G\u00fcn\u00fcm\u00fczde ise, kurumsal s\u00fcreklili\u011fi sa\u011flayan b\u00f6ylesi akar\u2019\u0131n yerine, belki de bu gelene\u011fin bir ba\u015fka ba\u011flamda g\u00f6r\u00fcn\u00fcm\u00fc olan ba\u011f\u0131\u015f (<em>endowment<\/em>) olgusu g\u00fcn\u00fcm\u00fcz sosyo-ekonomik ko\u015fullar\u0131n\u0131n bir \u00fcr\u00fcn\u00fc olarak ortaya \u00e7\u0131kmaktad\u0131r. Bu \u00e7er\u00e7evede, \u00fcniversite ve ba\u011f\u0131\u015f\u00e7\u0131 a\u00e7\u0131s\u0131ndan iki temel \u00e7\u0131k\u0131\u015f noktas\u0131ndan bahsetmek m\u00fcmk\u00fcn.<\/p>\n<p style=\"text-align: justify;\">\u00d6ncelikle \u00fcniversite bir kurum olarak, g\u00fcn\u00fcn getirdi\u011fi akademik yap\u0131lanman\u0131n \u00e7e\u015fitlili\u011fi ve derinlili\u011fi ile ekonomik yap\u0131la\u015fman\u0131n getirdi\u011fi zorlamalar ve zorluklar noktas\u0131nda tek ba\u015f\u0131na ki\u015fi veya kurumun \u00fcstlenebilece\u011fi bir yap\u0131 olmaktan \u00e7\u0131km\u0131\u015ft\u0131r. Ba\u011f\u0131\u015f\u00e7\u0131 noktas\u0131ndan bak\u0131ld\u0131\u011f\u0131nda ise, yine bir \u00f6nceki durumla ba\u011flant\u0131l\u0131 olarak, geni\u015f kapsaml\u0131 ve derinlikli akademik ya\u015fam\u0131n b\u00fct\u00fcn bir alt yap\u0131s\u0131n\u0131n y\u00fck\u00fcn\u00fc \u00fcstlenecek sermaye birikiminden uzak olmas\u0131 ve\/veya b\u00f6yle bir sermaye birikimi olma dahi, bu sermaye birikiminin s\u00fcrd\u00fcr\u00fclebilir bir nitelik kazanmamas\u0131 gibi bir tehlike s\u00f6z konusudur.<\/p>\n<p style=\"text-align: justify;\">Bu durum, ka\u00e7\u0131n\u0131lmaz olarak bir akademik kurumun varl\u0131\u011f\u0131na s\u00fcrd\u00fcr\u00fclebilir bir niteli\u011fin nas\u0131l kazand\u0131r\u0131labilece\u011fi sorusunu kar\u015f\u0131m\u0131za \u00e7\u0131karmaktad\u0131r. Bat\u0131da oldu\u011fu gibi, Do\u011fuda da akademik kurumlar devlet deste\u011finden ba\u011f\u0131ms\u0131zla\u015fma e\u011filimlerine ve \u00e7e\u015fitli \u00f6l\u00e7eklerde kurumsal s\u00fcrd\u00fcr\u00fclebilirliklerini \u00f6zel kesimden desteklerle ger\u00e7ekle\u015ftirmektedirler.<\/p>\n<p style=\"text-align: justify;\">Bu s\u00fcrece destek verenler noktas\u0131nda, \u00f6rne\u011fin ilgili \u00fclkelerin -diyelim ki, kraliyet veya sultanl\u0131k \u00e7evreleri, ekonomik donan\u0131mlar\u0131yla dikkat \u00e7eken i\u015f \u00e7evreleri ve hatta ge\u00e7mi\u015fte bilim \u00e7evrelerinde yer alm\u0131\u015f tekil ki\u015fileri, aileleri de g\u00f6rmek m\u00fcmk\u00fcn.<\/p>\n<p style=\"text-align: justify;\">S\u00f6z konusu bu \u00e7evreler, \u00f6zel y\u00fcksek \u00f6\u011fretimin s\u00fcrd\u00fcr\u00fclebilir i\u015fleyi\u015finde yeni form\u00fclasyonlar\u0131n hayata ge\u00e7irilmesindeki rolleriyle \u00f6ne \u00e7\u0131kmaktad\u0131rlar. Bu destek\u00e7i yap\u0131lar, ilgili y\u00fcksek \u00f6\u011fretim kurumunda bir birimin maliyetini \u00fcstlenmek suretiyle \u00e7oklu yap\u0131ya ortak olmaktad\u0131rlar. Burada \u2018akar\u2019 olgusunun tekil bir nitelikten \u00e7o\u011ful bir niteli\u011fe d\u00f6n\u00fc\u015ft\u00fc\u011f\u00fc g\u00f6r\u00fclmektedir. Ve ad\u0131na destek\u00e7i denilen grubun zaman i\u00e7erisinde birbiri yerine ikame edilen yap\u0131lar halinde ilgili y\u00fcksek \u00f6\u011fretim kurumunun s\u00fcrd\u00fcr\u00fcl\u00fcbelirli\u011fini sa\u011flamaktad\u0131rlar.<\/p>\n<p style=\"text-align: justify;\">Bu noktada, bir destek\u00e7i unsur, kendi ilgi ve uzmanl\u0131k sahas\u0131na uygun bir b\u00f6l\u00fcm veya birime destek verebilmektedir. Buna mukabil, destek\u00e7i kendi profesyonel alan\u0131n\u0131n akademik \u00e7al\u0131\u015fmalarla geli\u015ftirilmesi gibi do\u011frudan veya dolayl\u0131 bir kazan\u0131m da elde etme imk\u00e2n\u0131na sahip olabilmektedir.<a href=\"#_ftn1\" name=\"_ftnref1\">[1]<\/a><\/p>\n<p style=\"text-align: justify;\"><a href=\"#_ftnref1\" name=\"_ftn1\">[1]<\/a> <em>A\u00e7\u0131k Medeniyet<\/em>, Y\u0131l 1, Say\u0131 9, Kas\u0131m 2018, s. 2<\/p>\n","protected":false},"excerpt":{"rendered":"<p>Mehmet \u00d6zay \u00a0\u00a0\u00a0\u00a0 \u00a0\u00a0\u00a0\u00a0\u00a0\u00a0\u00a0\u00a0\u00a0 \u00a0\u00a0\u00a0\u00a0\u00a0\u00a0\u00a0\u00a0\u00a0 \u00a0\u00a0\u00a0\u00a0\u00a0\u00a0\u00a0\u00a0\u00a0 \u00a0\u00a0\u00a0\u00a0\u00a0\u00a0\u00a0\u00a0\u00a0 \u00a0\u00a0\u00a0\u00a0\u00a0\u00a0\u00a0\u00a0\u00a0 \u00a0\u00a0\u00a0\u00a0\u00a0\u00a0\u00a0\u00a0\u00a0 \u00a0\u00a0\u00a0\u00a0\u00a0\u00a0\u00a0\u00a0\u00a0 \u00a0\u00a0\u00a0\u00a0\u00a0\u00a0\u00a0\u00a0\u00a0 \u00a0\u00a019.11.2018 Y\u00fcksek\u00f6\u011fretim kurumlar\u0131n\u0131n, e\u011fitim-\u00f6\u011fretim faaliyetlerini ve bunlar\u0131n art\u0131k g\u00fcn\u00fcm\u00fczde do\u011fal uzant\u0131lar\u0131 kabul edilen bilimsel etkinliklerini ve yay\u0131nlar\u0131n\u0131 s\u00fcrd\u00fcr\u00fclebilir bir \u015fekilde ger\u00e7ekle\u015ftirebilmeleri, s\u00f6z konusu bu kurumlar\u0131n sa\u011flam temeller \u00fczerine in\u015fa edilmeleri ve bu yap\u0131la\u015fman\u0131n s\u00fcreklilik arz etmesiyle ba\u011flant\u0131l\u0131d\u0131r. Bu yap\u0131la\u015fman\u0131n, maddi ve maddi olmayan temelleri [&hellip;]<\/p>\n","protected":false},"author":1,"featured_media":2645,"comment_status":"open","ping_status":"open","sticky":false,"template":"","format":"standard","meta":{"footnotes":""},"categories":[6,75],"tags":[],"class_list":["post-2644","post","type-post","status-publish","format-standard","has-post-thumbnail","hentry","category-gunluk-yazilar","category-sosyoloji-tarih"],"_links":{"self":[{"href":"https:\/\/guneydoguasyacalismalari.com\/tr_tr\/wp-json\/wp\/v2\/posts\/2644","targetHints":{"allow":["GET"]}}],"collection":[{"href":"https:\/\/guneydoguasyacalismalari.com\/tr_tr\/wp-json\/wp\/v2\/posts"}],"about":[{"href":"https:\/\/guneydoguasyacalismalari.com\/tr_tr\/wp-json\/wp\/v2\/types\/post"}],"author":[{"embeddable":true,"href":"https:\/\/guneydoguasyacalismalari.com\/tr_tr\/wp-json\/wp\/v2\/users\/1"}],"replies":[{"embeddable":true,"href":"https:\/\/guneydoguasyacalismalari.com\/tr_tr\/wp-json\/wp\/v2\/comments?post=2644"}],"version-history":[{"count":2,"href":"https:\/\/guneydoguasyacalismalari.com\/tr_tr\/wp-json\/wp\/v2\/posts\/2644\/revisions"}],"predecessor-version":[{"id":2648,"href":"https:\/\/guneydoguasyacalismalari.com\/tr_tr\/wp-json\/wp\/v2\/posts\/2644\/revisions\/2648"}],"wp:featuredmedia":[{"embeddable":true,"href":"https:\/\/guneydoguasyacalismalari.com\/tr_tr\/wp-json\/wp\/v2\/media\/2645"}],"wp:attachment":[{"href":"https:\/\/guneydoguasyacalismalari.com\/tr_tr\/wp-json\/wp\/v2\/media?parent=2644"}],"wp:term":[{"taxonomy":"category","embeddable":true,"href":"https:\/\/guneydoguasyacalismalari.com\/tr_tr\/wp-json\/wp\/v2\/categories?post=2644"},{"taxonomy":"post_tag","embeddable":true,"href":"https:\/\/guneydoguasyacalismalari.com\/tr_tr\/wp-json\/wp\/v2\/tags?post=2644"}],"curies":[{"name":"wp","href":"https:\/\/api.w.org\/{rel}","templated":true}]}}