{"id":2637,"date":"2018-11-09T21:32:44","date_gmt":"2018-11-09T21:32:44","guid":{"rendered":"http:\/\/guneydoguasyacalismalari.com\/?p=2637"},"modified":"2018-11-09T21:32:44","modified_gmt":"2018-11-09T21:32:44","slug":"japonya-guney-kore-iliskileri-kore-yarimadasinda-tehditler-ve-firsatlar-the-relationship-between-japan-and-south-korea-threats-and-opportunities-in-korean-peninsula","status":"publish","type":"post","link":"https:\/\/guneydoguasyacalismalari.com\/tr_tr\/japonya-guney-kore-iliskileri-kore-yarimadasinda-tehditler-ve-firsatlar-the-relationship-between-japan-and-south-korea-threats-and-opportunities-in-korean-peninsula\/","title":{"rendered":"Japonya-G\u00fcney Kore ili\u015fkileri: Kore Yar\u0131mada\u2019s\u0131nda tehditler ve f\u0131rsatlar \/ The Relationship between Japan and South Korea: Threats and opportunities in Korean Peninsula"},"content":{"rendered":"<p><strong>Mehmet \u00d6zay\u00a0 \u00a0 \u00a0 \u00a0 \u00a0 \u00a0 \u00a0 \u00a0 \u00a0 \u00a0 \u00a0 \u00a0 \u00a0 \u00a0 \u00a0 \u00a0 \u00a0 \u00a0 \u00a0 \u00a0 \u00a0 \u00a0 \u00a0 \u00a0 \u00a0 \u00a0 \u00a0 \u00a0 \u00a0 \u00a0 \u00a0 \u00a0 \u00a0 \u00a0 \u00a0 \u00a0 \u00a0 \u00a0 \u00a0 \u00a0 \u00a0 \u00a0 \u00a0 \u00a0 \u00a0 \u00a0 \u00a0 \u00a0 9.11.2018<\/strong><\/p>\n<p style=\"text-align: justify;\">Son iki y\u0131ld\u0131r Kore Yar\u0131madas\u0131\u2019ndan d\u00fcnyaya yay\u0131lan n\u00fckleer tehdit g\u00fcndemimizde yer ediyor. Yar\u0131mada\u2019n\u0131n kuzey b\u00f6l\u00fcm\u00fcn\u00fc olu\u015fturan Kuzey Kore devlet ba\u015fkan\u0131 Kim Yong-un\u2019un n\u00fckleer silahlanma, uzun menzilli balistik f\u00fczeler ile hedefine ABD\u2019yi koymu\u015f olsa da, asl\u0131nda yan\u0131 ba\u015f\u0131ndaki G\u00fcney Kore ve Japonya\u2019y\u0131 birinci hedef olarak g\u00f6rmek yanl\u0131\u015f olmayacakt\u0131r.<\/p>\n<p style=\"text-align: justify;\">Do\u011fu Asya\u2019daki bu geli\u015fme b\u00f6lgenin en \u00f6nemli \u00fclkelerinin ba\u015f\u0131nda gelen Japonya taraf\u0131ndan da yak\u0131ndan takip ediliyor. Bununla birlikte, Kuzey Kore kar\u015f\u0131s\u0131nda ayn\u0131 hedef tahtas\u0131nda bulunan Japonya ve G\u00fcney Kore ili\u015fkilerinin bu ba\u011flamda nas\u0131l seyretti\u011fi meselesi ise \u00f6nemli bir konu.<\/p>\n<p style=\"text-align: justify;\"><strong>T\u00fcrkiye\u2019den fark edilmeyen ger\u00e7ek!<\/strong><\/p>\n<p style=\"text-align: justify;\">Bu ak\u015fam, Bah\u00e7e\u015fehir \u00dcniversitesi Be\u015fikta\u015f yerle\u015fkesinde d\u00fczenlenen bir toplant\u0131da bu konu ele al\u0131nd\u0131. Japonya Keio \u00dcniversitesi \u00c7a\u011fda\u015f Kore \u00c7al\u0131\u015fmalar\u0131 Merkezi m\u00fcd\u00fcr\u00fc Prof. Dr. Junya Nishino \u201cJaponya ve Kore Yar\u0131madas\u0131: T\u00fcrkiye\u2019de Fark Edilmeyen Hakiki Ger\u00e7ekler\u201d ba\u015fl\u0131kl\u0131 bir konu\u015fma ger\u00e7ekle\u015ftirdi.<\/p>\n<p style=\"text-align: justify;\">Konu\u015fmayla ilgili detaylara ge\u00e7meden \u00f6nce, ilk etapta konu\u015fman\u0131n ba\u015fl\u0131\u011f\u0131na de\u011finmekte fayda var. Bu ba\u011flamda, s\u00f6z konusu ba\u015fl\u0131\u011f\u0131 iki \u015fekilde okumak m\u00fcmk\u00fcn. \u0130lki Japonya ile Kore Yar\u0131madas\u0131 aras\u0131nda var olan ili\u015fkiye at\u0131f.<\/p>\n<p style=\"text-align: justify;\">\u0130kincisi ise, T\u00fcrkiye\u2019ye vurgunun yap\u0131ld\u0131\u011f\u0131 \u2018ger\u00e7ekler\u2019 olmakla birlikte, T\u00fcrkiye\u2019de bilinmeyen denilerek belki T\u00fcrkiye kamuoyu da i\u00e7inde olmak \u00fczere ancak daha \u00e7ok akademi ve okuryazar \u00e7evrelerinde Do\u011fu Asya co\u011frafyas\u0131nda olan biten habersizli\u011fe dolayl\u0131 bir serzeni\u015f ve ele\u015ftirisi veyahut da alayc\u0131 bir dille yakla\u015f\u0131m\u0131 sezmek m\u00fcmk\u00fcn.<\/p>\n<p style=\"text-align: justify;\">Bununla birlikte, salonu dolduran yakla\u015f\u0131k y\u00fcz ki\u015finin varl\u0131\u011f\u0131, en az\u0131ndan konuya duyarl\u0131 ve olan biteni dinlemek isteyen bir kitlenin varl\u0131\u011f\u0131n\u0131 ortaya koymas\u0131 a\u00e7\u0131s\u0131ndan da dikkat \u00e7ekici. Tabii ki, salondaki kalabal\u0131k, uluslararas\u0131 ili\u015fkiler b\u00f6l\u00fcm\u00fc hocalar\u0131n\u0131n zoruyla dolduranlar\u0131n b\u00fcy\u00fck b\u00f6l\u00fcm\u00fc \u00f6\u011frencilerden olu\u015fmuyorsa!<\/p>\n<p style=\"text-align: justify;\">Prof. Nishino, giri\u015f b\u00f6l\u00fcm\u00fcnde i\u015fin T\u00fcrkiye boyutunun da oldu\u011funu ortaya koymak istercesine 1951-53 y\u0131llar\u0131 aras\u0131nda Kore Sava\u015f\u0131\u2019na T\u00fcrkiye\u2019nin ABD\u2019nin yan\u0131nda kat\u0131ld\u0131\u011f\u0131n\u0131 belirten ve \u00fczerinde baz\u0131 istatistiki bilgiler i\u00e7eren bir diyagram da sundu. Buna g\u00f6re, T\u00fcrkiye Kore Sava\u015f\u0131\u2019na 5453 asker ile kat\u0131lm\u0131\u015f.<\/p>\n<p style=\"text-align: justify;\">Bu say\u0131sal veri, salt kuru bir istatistiki bilgi olmakl\u0131\u011f\u0131n\u0131n d\u0131\u015f\u0131nda, yukar\u0131da dile getirmeye \u00e7al\u0131\u015ft\u0131\u011f\u0131m T\u00fcrkiye\u2019de Do\u011fu Asya siyasetine ve ili\u015fkilerine bak\u0131\u015f\u0131n yoksullu\u011funa bir ba\u015fka ele\u015ftiri olarak okunabilir. Yani, bug\u00fcnk\u00fc n\u00fckleer tehdit ve bunun \u00e7evresinde geli\u015fen ili\u015fkilerin k\u00f6keni 2. D\u00fcnya Sava\u015f\u0131 sonras\u0131ndaki sava\u015fla ba\u011flant\u0131s\u0131 apa\u00e7\u0131k iken, o sava\u015fta yer alm\u0131\u015f bir \u00fclkenin, bug\u00fcn o co\u011frafyada olan bitene duyars\u0131zl\u0131\u011f\u0131 herhalde Japonlara \u015fa\u015f\u0131rt\u0131c\u0131 gelmi\u015f olmal\u0131d\u0131r.<\/p>\n<p style=\"text-align: justify;\">Prof. Nishino, T\u00fcrkiye ile ilintili olarak bir ba\u015fka de\u011finisi ise, geni\u015f Asya haritas\u0131 \u00fczerinde Japonya\u2019n\u0131n \u00c7in, Hindistan politikalar\u0131n\u0131n ard\u0131ndan jeo-politik olarak ba\u011flant\u0131 kurdu\u011fu bir di\u011fer \u00fclkenin T\u00fcrkiye olmas\u0131yd\u0131.<\/p>\n<p style=\"text-align: justify;\">Prof. Nishino, herhalde bunu bir nez\u00e2ket \u00f6rne\u011fi olsun diye s\u00f6ylememi\u015ftir. Do\u011fu Asya ve G\u00fcneydo\u011fu Asya\u2019da bir s\u00fcredir var olan ekonomik kalk\u0131nma ve bunun do\u011furdu\u011fu uluslararas\u0131 n\u00fcfuz ve etkinlik ba\u011flam\u0131nda b\u00f6lgesel s\u0131n\u0131rlar\u0131n\u0131 a\u015farak daha geni\u015f co\u011frafyalar\u0131 i\u00e7erecek \u015fekilde bir ili\u015fkiler a\u011f\u0131 kurma arzusu i\u00e7erisinde Asya\u2019n\u0131n bir ucundan di\u011ferine T\u00fcrkiye\u2019nin de bulunmas\u0131 a\u00e7\u0131k\u00e7as\u0131 g\u00fcn\u00fcm\u00fcz k\u00fcresel ili\u015fkilerinde do\u011fal bir duruma g\u00f6nderme yap\u0131yor.<\/p>\n<p style=\"text-align: justify;\"><strong>Kuzey Kore: ekonomik yoksulluk, n\u00fckleer zenginlik<\/strong><\/p>\n<p style=\"text-align: justify;\">Prof. Nishino, konu\u015fmas\u0131n\u0131n giri\u015f b\u00f6l\u00fcm\u00fcnde Kuzey Kore\u2019nin n\u00fckleer silahlanma, balistik f\u00fcze \u00e7al\u0131\u015fmalar\u0131 ve yoksullu\u011fu \u00fczerindeki giri\u015fi \u00f6nemliydi. \u00c7\u00fcnk\u00fc ekonomik olarak salt bir kar\u015f\u0131la\u015ft\u0131rma olarak Afrika\u2019da Mozambik ile ayn\u0131 s\u0131ralamada bulunan Kuzey Kore\u2019nin elinde bulundurdu\u011fu n\u00fckleer silah ve balistik f\u00fczelerle k\u00fcresel kamuoyunu ve uluslararas\u0131 ili\u015fkileri epeyce me\u015fgul etmesi aras\u0131ndaki kayda de\u011fer \u00e7eli\u015fkidir.<\/p>\n<p style=\"text-align: justify;\">Bu n\u00fckleer tehdit Kuzey Kore devlet ba\u015fkan\u0131 Kim Yong-un ile ABD ba\u015fkan\u0131 Donald Trump aras\u0131nda ge\u00e7ti\u011fimiz 12 Haziran\u2019da Singapur\u2019da ger\u00e7ekle\u015fen zirve sonras\u0131nda pek fazla ifade etmedi\u011fi y\u00f6n\u00fcnde bir alg\u0131 olu\u015fmu\u015f olabilir.<\/p>\n<p style=\"text-align: justify;\">Ancak b\u00f6lgenin son elli y\u0131l\u0131 veya en az\u0131ndan, So\u011fuk Sava\u015f\u2019\u0131n sona ermesiyle birlikte Yar\u0131mada\u2019n\u0131n Kuzeyi ile G\u00fcneyi aras\u0131nda bir bar\u0131\u015f tesisi konusundaki \u00e7abalar ve s\u00fcr\u00fcncemeler dikkate al\u0131nd\u0131\u011f\u0131nda olumlu alg\u0131n\u0131n s\u00fcreklili\u011fi konusunda \u015f\u00fcphenin olu\u015fmas\u0131 ka\u00e7\u0131n\u0131lmaz. En az\u0131ndan, olu\u015fan olumlu havaya ra\u011fmen, temkinlili\u011fi elden b\u0131rakmamak gerekti\u011fini a\u00e7\u0131k\u00e7a s\u00f6ylemek gerekiyor.<\/p>\n<p style=\"text-align: justify;\"><strong>Japonya-G\u00fcney Kore ili\u015fkisi<\/strong><\/p>\n<p style=\"text-align: justify;\">B\u00f6lgede hararetini yitirmi\u015f g\u00f6z\u00fcken \u00e7at\u0131\u015fma ortam\u0131n\u0131n normalle\u015fmeye do\u011fru seyrine kar\u015f\u0131n, \u00f6n\u00fcm\u00fczdeki yak\u0131n ve orta vadede g\u00fcvenlik ili\u015fkilerinin vazge\u00e7ilmezli\u011fi nedeniyle Japonya \u2013 G\u00fcney Kore aras\u0131ndaki ili\u015fkilerin do\u011fas\u0131n\u0131 dinlemek \u00f6nemliydi. Prof. Nishino\u2019nun salt bir akademisyen de\u011fil, ayn\u0131 zamanda iki \u00fclke aras\u0131nda ili\u015fkilerin geli\u015ftirilmesi amac\u0131yla kurulan komisyonun \u00fcyesi olmas\u0131 onu bir anlamda politika in\u015fac\u0131l\u0131\u011f\u0131nda sahada \u00f6nemli bir yerde durdu\u011funu da g\u00f6steriyor.<\/p>\n<p style=\"text-align: justify;\">Bu ba\u011flamda, iki \u00fclke ili\u015fkilerinin Kuzey Kore kar\u015f\u0131s\u0131nda bulunduklar\u0131 ortak zemine yani, tehdit alt\u0131nda olmalar\u0131na kar\u015f\u0131l\u0131k ili\u015fkilerinin pek de \u00f6yle geli\u015fmi\u015f oldu\u011funu s\u00f6ylemek m\u00fcmk\u00fcn de\u011fil. Bu \u00e7er\u00e7evede, b\u00f6lgede \u00c7in gibi Do\u011fu ve G\u00fcney \u00c7in Denizleri\u2019nde yay\u0131lmac\u0131l\u0131k siyaseti g\u00fcden bir g\u00fcc\u00fcn bulunmas\u0131, buna il\u00e2ve olarak Japonya ile Rusya aras\u0131nda hen\u00fcz g\u00fcn\u00fcn aktif tart\u0131\u015fmalar\u0131 aras\u0131nda yer almamakla birlikte var olan s\u0131n\u0131r sorunu, Japonya\u2019n\u0131n b\u00f6lgedeki g\u00fcvenlik \u00e7emberinin ne kadar hassas oldu\u011funu ortaya koyuyor.<\/p>\n<p style=\"text-align: justify;\">Bu her iki \u00fclkenin, yani Japonya ve G\u00fcney Kore, sadece Kuzey Kore tehdidi kar\u015f\u0131s\u0131nda ayn\u0131 yerde konumlanmakla kalm\u0131yor, ayn\u0131 zamanda 2. D\u00fcnya Sava\u015f\u0131\u2019ndan bu yana ABD\u2019nin b\u00f6lgedeki m\u00fcttefikleri aras\u0131nda kayda de\u011fer bir \u00f6nem ta\u015f\u0131yan \u00fclkeler konumunda bulunuyorlar. A\u00e7\u0131k\u00e7as\u0131 ortada ba\u015fl\u0131 ba\u015f\u0131na bir \u00e7eli\u015fkinin oldu\u011funu s\u00f6ylemek abart\u0131 olmayacakt\u0131r.<\/p>\n<p style=\"text-align: justify;\"><strong><em>Comfort women <\/em><\/strong><\/p>\n<p style=\"text-align: justify;\">Japonya ile G\u00fcney Kore ili\u015fkilerinin 1965 y\u0131l\u0131nda ba\u015flat\u0131lan siyasi ili\u015fkilere dayanmas\u0131na ra\u011fmen, 2. D\u00fcnya Sava\u015f\u0131\u2019nda b\u00f6lge \u00fclkelerinde Asya Asyal\u0131lar\u0131nd\u0131r politikas\u0131yla n\u00fcfuzcu giri\u015fimlerde bulunan Japonlar\u0131n \u00f6zellikle G\u00fcney Kore\u2019de kad\u0131nlar\u0131n zevk meta\u0131 (<em>comfort women<\/em>) olarak kullan\u0131lmalar\u0131n\u0131n neden oldu\u011fu duygusal \u00f6tesi k\u0131r\u0131lma varl\u0131\u011f\u0131n\u0131 siyasi ili\u015fkilerin geli\u015ftirilmesinin \u00f6n\u00fcnde bir engel olmaya devam ettiriyor.<\/p>\n<p style=\"text-align: justify;\">Prof. Nishino\u2019nun konu\u015fmas\u0131nda pek \u00fczerinde durmak istemedi\u011fi, ancak sorulan birka\u00e7 soru ile ister istemez a\u00e7\u0131klamak durumunda kald\u0131\u011f\u0131 zevk meta\u0131 haline getirilen kad\u0131nlar sorunun \u00e7\u00f6z\u00fcm\u00fc i\u00e7in son d\u00f6nemde, \u00f6zellikle \u015einzo Abe\u2019nin ba\u015fbakanl\u0131\u011f\u0131nda kayda de\u011fer giri\u015fimler olmas\u0131na ra\u011fmen, G\u00fcney Kore taraf\u0131nda bir yak\u0131nla\u015fma emarelerinin ger\u00e7ekle\u015fmemi\u015f olmas\u0131 da bir ger\u00e7ek.<\/p>\n<p style=\"text-align: justify;\">Sava\u015f d\u00f6nemlerinde uluslar\u0131n birbirlerine yapt\u0131klar\u0131 onur k\u0131r\u0131c\u0131 uygulamalar\u0131n belki de en kendinde \u00f6rne\u011fini te\u015fkil eden <em>comfort women<\/em> konusu \u00f6yle anla\u015f\u0131l\u0131yor ki, G\u00fcney Kore\u2019de bir milli hissiyat halini alm\u0131\u015f g\u00f6z\u00fck\u00fcyor. 2. D\u00fcnya Sava\u015f\u0131\u2019nda bu uygulaman\u0131n kurban\u0131 olan kad\u0131nlar\u0131n pek \u00e7o\u011fu bug\u00fcn biyolojik olarak hayatlar\u0131n\u0131 yitirmi\u015f olsa da, bu vak\u0131an\u0131n G\u00fcney Kore ulusu \u00fczerinde olu\u015fturdu\u011fu etki devam ediyor.<\/p>\n<p style=\"text-align: justify;\">Prof. Nishino, tarihsel ili\u015fkilerin g\u00fcn\u00fcm\u00fczde \u00fclkeler aras\u0131nda ikili ili\u015fkilere olduk\u00e7a olumsuz bir etkisi oldu\u011fu y\u00f6n\u00fcndeki yakla\u015f\u0131m\u0131, iki \u00fclke aras\u0131ndaki ili\u015fkilerin geli\u015ftirilememi\u015f olmas\u0131 ba\u011flam\u0131nda g\u00fcndeme getiriyor. Elbette haks\u0131z de\u011fil. Ancak bu durumda, g\u00fcvenlik ba\u011flam\u0131n\u0131n \u00f6ncellendi\u011fi bir d\u00f6nemde Japonya kadar G\u00fcney Kore\u2019nin de b\u00f6lgede birbirine yak\u0131nla\u015fabilecek iki \u00fclke olduklar\u0131n\u0131 varsaymak ak\u0131lc\u0131 bir tutum.<\/p>\n<p style=\"text-align: justify;\"><strong>Japon ve G\u00fcney Kore kamuoyu kime g\u00fcveniyor?<\/strong><\/p>\n<p style=\"text-align: justify;\">Ancak, Prof. Nishino\u2019nun ara\u015ft\u0131rmalar\u0131na g\u00f6re, gelecek on y\u0131ll\u0131k s\u00fcre zarf\u0131nda b\u00f6lgede kimlerin \u00f6nemli akt\u00f6r konumunda oldu\u011fu yolundaki soruya Japon ve G\u00fcney Kore kamuoyundan gelen cevaplar kar\u015f\u0131l\u0131kl\u0131 iki \u00fclkeyi i\u015faret etmekten uzak. Aksine, b\u00f6lge politikalar\u0131nda etkinlikte rol, ABD ve \u00c7in\u2019e bi\u00e7ilmi\u015f g\u00f6z\u00fck\u00fcyor. \u0130ki \u00fclke halk\u0131ndaki b\u00f6lgesel ili\u015fkilere y\u00f6nelik bu alg\u0131, ABD n\u00fcfuzunun ger\u00e7ekli\u011fine g\u00f6nderme yapmas\u0131, bug\u00fcnk\u00fc ABD y\u00f6netiminin b\u00f6lgeden uzakla\u015fma \u00e7abalar\u0131yla \u00e7eli\u015fen bir durumu ortaya koymas\u0131yla da ilgin\u00e7 bir durum arz ediyor.<\/p>\n<p style=\"text-align: justify;\">Kuzey Kore\u2019nin n\u00fckleer tehdidinin Kim Yong-un ve Trump g\u00f6r\u00fc\u015fmesiyle ortadan kalma e\u011filimi sergilemesine ra\u011fmen, Yar\u0131mada\u2019n\u0131n n\u00fckleer silahlardan ar\u0131nd\u0131r\u0131lmas\u0131n\u0131n \u00f6n \u015fartlar\u0131na dahi ge\u00e7ilememi\u015f durumda.<\/p>\n<p style=\"text-align: justify;\">Bununla birlikte, bu s\u00fcrecin sa\u011fl\u0131kl\u0131 bir \u015fekilde y\u00fcr\u00fct\u00fclebilmesi i\u00e7in de\u011fi\u015fik fakt\u00f6rlerin, \u00f6rne\u011fin son bir haftad\u0131r Kuzey Kore d\u0131\u015fi\u015fleri bakanl\u0131\u011f\u0131ndan yap\u0131lan a\u00e7\u0131klamalar dikkate al\u0131nd\u0131\u011f\u0131nda ABD\u2019nin Kuzey Kore\u2019ye uygulad\u0131\u011f\u0131 ekonomik ambargonun ivedilikle kald\u0131r\u0131lmas\u0131 talebi gibi a\u00e7\u0131l\u0131mlar\u0131n devreye girmesi beklentisi var.<\/p>\n","protected":false},"excerpt":{"rendered":"<p>Mehmet \u00d6zay\u00a0 \u00a0 \u00a0 \u00a0 \u00a0 \u00a0 \u00a0 \u00a0 \u00a0 \u00a0 \u00a0 \u00a0 \u00a0 \u00a0 \u00a0 \u00a0 \u00a0 \u00a0 \u00a0 \u00a0 \u00a0 \u00a0 \u00a0 \u00a0 \u00a0 \u00a0 \u00a0 \u00a0 \u00a0 \u00a0 \u00a0 \u00a0 \u00a0 \u00a0 \u00a0 \u00a0 \u00a0 \u00a0 \u00a0 \u00a0 \u00a0 \u00a0 \u00a0 \u00a0 \u00a0 \u00a0 \u00a0 \u00a0 9.11.2018 Son iki y\u0131ld\u0131r Kore Yar\u0131madas\u0131\u2019ndan [&hellip;]<\/p>\n","protected":false},"author":1,"featured_media":2638,"comment_status":"open","ping_status":"open","sticky":false,"template":"","format":"standard","meta":{"footnotes":""},"categories":[6,72],"tags":[],"class_list":["post-2637","post","type-post","status-publish","format-standard","has-post-thumbnail","hentry","category-gunluk-yazilar","category-japonya"],"_links":{"self":[{"href":"https:\/\/guneydoguasyacalismalari.com\/tr_tr\/wp-json\/wp\/v2\/posts\/2637","targetHints":{"allow":["GET"]}}],"collection":[{"href":"https:\/\/guneydoguasyacalismalari.com\/tr_tr\/wp-json\/wp\/v2\/posts"}],"about":[{"href":"https:\/\/guneydoguasyacalismalari.com\/tr_tr\/wp-json\/wp\/v2\/types\/post"}],"author":[{"embeddable":true,"href":"https:\/\/guneydoguasyacalismalari.com\/tr_tr\/wp-json\/wp\/v2\/users\/1"}],"replies":[{"embeddable":true,"href":"https:\/\/guneydoguasyacalismalari.com\/tr_tr\/wp-json\/wp\/v2\/comments?post=2637"}],"version-history":[{"count":1,"href":"https:\/\/guneydoguasyacalismalari.com\/tr_tr\/wp-json\/wp\/v2\/posts\/2637\/revisions"}],"predecessor-version":[{"id":2639,"href":"https:\/\/guneydoguasyacalismalari.com\/tr_tr\/wp-json\/wp\/v2\/posts\/2637\/revisions\/2639"}],"wp:featuredmedia":[{"embeddable":true,"href":"https:\/\/guneydoguasyacalismalari.com\/tr_tr\/wp-json\/wp\/v2\/media\/2638"}],"wp:attachment":[{"href":"https:\/\/guneydoguasyacalismalari.com\/tr_tr\/wp-json\/wp\/v2\/media?parent=2637"}],"wp:term":[{"taxonomy":"category","embeddable":true,"href":"https:\/\/guneydoguasyacalismalari.com\/tr_tr\/wp-json\/wp\/v2\/categories?post=2637"},{"taxonomy":"post_tag","embeddable":true,"href":"https:\/\/guneydoguasyacalismalari.com\/tr_tr\/wp-json\/wp\/v2\/tags?post=2637"}],"curies":[{"name":"wp","href":"https:\/\/api.w.org\/{rel}","templated":true}]}}