{"id":2519,"date":"2018-09-15T18:37:30","date_gmt":"2018-09-15T18:37:30","guid":{"rendered":"http:\/\/guneydoguasyacalismalari.com\/?p=2519"},"modified":"2018-09-15T18:37:30","modified_gmt":"2018-09-15T18:37:30","slug":"sofyada-osmanli-calismalari-sempozyumu-symposium-of-ottoman-studies-in-sofia","status":"publish","type":"post","link":"https:\/\/guneydoguasyacalismalari.com\/tr_tr\/sofyada-osmanli-calismalari-sempozyumu-symposium-of-ottoman-studies-in-sofia\/","title":{"rendered":"Sofya\u2019da Osmanl\u0131 \u00c7al\u0131\u015fmalar\u0131 Sempozyumu \/ Symposium of Ottoman Studies in Sofia"},"content":{"rendered":"<p><strong>Mehmet \u00d6zay\u00a0 \u00a0 \u00a0 \u00a0 \u00a0 \u00a0 \u00a0 \u00a0 \u00a0 \u00a0 \u00a0 \u00a0 \u00a0 \u00a0 \u00a0 \u00a0 \u00a0 \u00a0 \u00a0 \u00a0 \u00a0 \u00a0 \u00a0 \u00a0 \u00a0 \u00a0 \u00a0 \u00a0 \u00a0 \u00a0 \u00a0 \u00a0 \u00a0 \u00a0 \u00a0 \u00a0 \u00a0 \u00a0 \u00a0 \u00a0 \u00a0 \u00a0 \u00a0 \u00a0 \u00a0 \u00a0 \u00a0 15.09.2018<\/strong><\/p>\n<p style=\"text-align: justify;\">CIEPO (Uluslararas\u0131 Osmanl\u0131 \u00d6ncesi ve Osmanl\u0131 \u00c7al\u0131\u015fmalar\u0131 Komitesi) taraf\u0131ndan d\u00fczenlenen 23. Sempozyum 11-15 Eyl\u00fcl g\u00fcnleri aras\u0131nda Bulgaristan\u2019\u0131n ba\u015fkenti Sofya\u2019da ger\u00e7ekle\u015ftirildi.<\/p>\n<p style=\"text-align: justify;\">Organizasyon komitesi ba\u015fkan\u0131 Prof. Dr. Rositta Gradeva yapt\u0131\u011f\u0131 konu\u015fmadan hareketle, d\u00f6rt g\u00fcn boyunca toplam 42 paralel oturumla y\u00fcz yetmi\u015f be\u015f kat\u0131l\u0131mc\u0131, y\u00fcz elli yedi bildiri ile \u00e7e\u015fitli alanlardaki ara\u015ft\u0131rmalar\u0131n\u0131 payla\u015fma f\u0131rsat\u0131 buldu\u011funu s\u00f6yleyebilirim.<\/p>\n<p style=\"text-align: justify;\">CIEPO\u2019nun genel sekreterli\u011fini y\u00fcr\u00fcten Avusturyal\u0131 tarih\u00e7i Claudia R\u00f6mer, bu olu\u015fumun 1970 y\u0131l\u0131nda d\u00fczenlenen PIAC\u2019a dayand\u0131\u011f\u0131n\u0131 belirtirken, T\u00fcrk ve T\u00fcrk\u00e7e \u00e7al\u0131\u015fmalar\u0131 ve nihayetinde Osmanl\u0131 \u00e7al\u0131\u015fmalar\u0131nda uzmanla\u015fm\u0131\u015f akademisyenleri biraraya getirmeyi ama\u00e7lad\u0131\u011f\u0131na dikkat \u00e7ekti. Bu ilk d\u00f6nem olu\u015fumda aralar\u0131nda \u00d6mer L\u00fctfi Barkan, Bernard Lewis, \u015eerafettin Turan gibi alan\u0131n uzman isimleri yer alm\u0131\u015f.<\/p>\n<p style=\"text-align: justify;\">1970\u2019li y\u0131llar\u0131n ilk yar\u0131s\u0131nda CIEPO\u2019nun kurulmas\u0131na karar verilirken, \u00f6zellikle Sel\u00e7uklu, Beylikler d\u00f6nemi ve erken d\u00f6nem Osmanl\u0131 \u00e7al\u0131\u015fmalar\u0131na yo\u011funla\u015f\u0131ld\u0131\u011f\u0131 anla\u015f\u0131l\u0131yor. Bu ba\u011flamda, Bizans, Rumeli ve Balkanlarla geli\u015ftirilen s\u00fcre\u00e7lerin ana ara\u015ft\u0131rma konusu oldu\u011funu s\u00f6ylemek gerekir. Organizasyon komitesi ba\u015fkan\u0131 Rositta\u2019n\u0131n da belirtti\u011fi \u00fczere son 15 y\u0131lda, klasik d\u00f6nem Osmanl\u0131 \u00e7al\u0131\u015fmalar\u0131ndan \u00a0ge\u00e7 Osmanl\u0131 d\u00f6nemine y\u00f6nelindi\u011fi anla\u015f\u0131l\u0131yor.<\/p>\n<p style=\"text-align: justify;\">Bu y\u0131l 23.\u2019s\u00fc d\u00fczenlenen CIEPO aradan ge\u00e7en s\u00fcre zarf\u0131nda d\u00fczenli aral\u0131klarla d\u00fczenlenen kongrelerle Osmanl\u0131 tarihi alan\u0131nda \u00e7al\u0131\u015fmalar ger\u00e7ekle\u015ftiren akademisyenlerin biraraya gelmesine ve \u00e7e\u015fitli konular\u0131n tart\u0131\u015f\u0131lmas\u0131na olanak tan\u0131yor. Osmanl\u0131 tarihi, \u00f6zellikle de erken d\u00f6nem \u00e7al\u0131\u015fmalar\u0131na \u00f6nceli\u011fiyle ba\u015flayan bu s\u00fcrecin bug\u00fcne kadar s\u00fcrmesi ku\u015fku yok ki \u00f6nemli bir husus. S\u00fcrekli bir merkezin olmamas\u0131, organizasyonun ilgili y\u0131llarda ba\u015fkanl\u0131\u011f\u0131n\u0131 y\u00fcr\u00fcten hocan\u0131n bulundu\u011fu \u00fclke ve \u015fehri merkez olarak kabul ediliyor.<\/p>\n<p style=\"text-align: justify;\">Bu akademik yap\u0131la\u015fman\u0131n vurgulanmas\u0131 gereken bir di\u011fer \u00f6zelli\u011fi, siyasi angajmanlara ba\u011fl\u0131 olmamas\u0131. Belki de bu nedenle kendini p\u00fcr akademik \u00e7evre ile s\u0131n\u0131rlamas\u0131 dolay\u0131s\u0131yla g\u00f6r\u00fcn\u00fcrl\u00fcl\u00fc\u011f\u00fcn\u00fcn \u00f6ne \u00e7\u0131kmad\u0131\u011f\u0131 d\u00fc\u015f\u00fcn\u00fclse de, akademik \u00fcretim s\u00fcre\u00e7lerinin taliplileri taraf\u0131ndan ula\u015f\u0131labilirli\u011fi kadar, zaman i\u00e7erisinde bu \u00fcr\u00fcnlerin derlenip toplan\u0131p bir yay\u0131n s\u00fcrecine konu olmas\u0131 da m\u00fcmk\u00fcn g\u00f6z\u00fck\u00fcyor.<\/p>\n<p style=\"text-align: justify;\">Sempozyum ba\u015fkent Sofya\u2019n\u0131n, ba\u015fkenti \u00e7evreleyen tepelik b\u00f6lge civar\u0131ndaki Ovcha kupel 2 b\u00f6lgesinde Yeni Bulgaristan \u00dcniversitesi kamp\u00fcs\u00fcnde d\u00fczenlendi. \u00a0Organizasyon komitesi sempozyumu her g\u00fcn bir etkinlikle renklendirirken, kat\u0131l\u0131mc\u0131lar tarihi dokusuyla ve sakin atmosferiyle ba\u015fkentte g\u00fczel vakitler ge\u00e7irme f\u0131rsat\u0131 buldu. \u0130\u00e7inde benim de bulundu\u011fum gruba rehberlik eden annesi T\u00fcrk babas\u0131 Rus Ersoy adl\u0131 \u00f6\u011frenci arkada\u015f\u0131m\u0131za yak\u0131n ilgisi i\u00e7in burada te\u015fekk\u00fcr etmek istiyorum.<\/p>\n<p style=\"text-align: justify;\">Sempozyumda, Osmanl\u0131 Hint D\u00fcnyas\u0131 aras\u0131ndaki ili\u015fkilerin ele al\u0131nd\u0131\u011f\u0131 b\u00f6l\u00fcmde biz de Rumi varl\u0131\u011f\u0131n\u0131 konu edinen bir makale ile katk\u0131da bulunmaya \u00e7al\u0131\u015ft\u0131k. Osmanl\u0131 tarihinde Rum-Rumi-T\u00fcrkmen gibi adland\u0131rmalarla an\u0131lan toplumsal grubun Hindistan ve Malay-Endonezya Tak\u0131madalar\u0131\u2019nda nas\u0131l alg\u0131land\u0131\u011f\u0131nda dair hem b\u00f6lge kaynaklar\u0131 hem Osmanl\u0131 ve Bat\u0131 kaynaklar\u0131na dayal\u0131 ve bir giri\u015f mahiyetinde kabul edilebilecek g\u00f6r\u00fc\u015flerimizi payla\u015ft\u0131k.<\/p>\n<p style=\"text-align: justify;\">Bu ba\u011flamda, Rumi\u2019lerin salt bir askeri varl\u0131kla \u00f6ne \u00e7\u0131kt\u0131klar\u0131 gibi yayg\u0131n anlay\u0131\u015f\u0131n \u00f6tesinde, dini-k\u00fclt\u00fcrel ve metafizik boyutlar\u0131na ula\u015ft\u0131\u011f\u0131n\u0131 s\u00f6yleyebiliriz. Bu durum, bize \u00f6zellikle Hind Okyanusu\u2019nu \u00e7evreleyen co\u011frafyada T\u00fcrklerin tarihsel olarak ne t\u00fcrden ili\u015fkiler a\u011f\u0131nda yer ald\u0131\u011f\u0131, bu s\u00fcrecin Sel\u00e7uklu ve \u00f6zellikle Osmanl\u0131 devleti resmi yap\u0131la\u015fmas\u0131n\u0131n \u00f6tesinde bir s\u00fcrece tekab\u00fcl edip etmedi\u011fi gibi hususlar dikkatle ele al\u0131nmay\u0131 gerektiriyor. Bu ba\u011flamda, Tak\u0131madalar\u2019da \u00e7e\u015fitli \u0130slam toplumlar\u0131n\u0131n Rum konusunu ele al\u0131\u015f \u015fekilleri, tarihsel bir s\u00fcreklilik i\u00e7erisinde de\u011ferlendirilmeyi hak etti\u011fini s\u00f6ylemeliyim.<\/p>\n<p style=\"text-align: justify;\">Bug\u00fcne kadar Balkanlar, Orta ve G\u00fcney Avrupa, Balkanlar, Kuzey Afrika ve Ortado\u011fu\u2019da ger\u00e7ekle\u015ftirilen CIEPO sempozyumlar\u0131n\u0131n Asya\u2019ya do\u011fru geni\u015fleyerek organize edilmesini temenni ediyorum.<\/p>\n","protected":false},"excerpt":{"rendered":"<p>Mehmet \u00d6zay\u00a0 \u00a0 \u00a0 \u00a0 \u00a0 \u00a0 \u00a0 \u00a0 \u00a0 \u00a0 \u00a0 \u00a0 \u00a0 \u00a0 \u00a0 \u00a0 \u00a0 \u00a0 \u00a0 \u00a0 \u00a0 \u00a0 \u00a0 \u00a0 \u00a0 \u00a0 \u00a0 \u00a0 \u00a0 \u00a0 \u00a0 \u00a0 \u00a0 \u00a0 \u00a0 \u00a0 \u00a0 \u00a0 \u00a0 \u00a0 \u00a0 \u00a0 \u00a0 \u00a0 \u00a0 \u00a0 \u00a0 15.09.2018 CIEPO (Uluslararas\u0131 Osmanl\u0131 \u00d6ncesi ve Osmanl\u0131 [&hellip;]<\/p>\n","protected":false},"author":1,"featured_media":2520,"comment_status":"open","ping_status":"open","sticky":false,"template":"","format":"standard","meta":{"footnotes":""},"categories":[6,75],"tags":[],"class_list":["post-2519","post","type-post","status-publish","format-standard","has-post-thumbnail","hentry","category-gunluk-yazilar","category-sosyoloji-tarih"],"_links":{"self":[{"href":"https:\/\/guneydoguasyacalismalari.com\/tr_tr\/wp-json\/wp\/v2\/posts\/2519","targetHints":{"allow":["GET"]}}],"collection":[{"href":"https:\/\/guneydoguasyacalismalari.com\/tr_tr\/wp-json\/wp\/v2\/posts"}],"about":[{"href":"https:\/\/guneydoguasyacalismalari.com\/tr_tr\/wp-json\/wp\/v2\/types\/post"}],"author":[{"embeddable":true,"href":"https:\/\/guneydoguasyacalismalari.com\/tr_tr\/wp-json\/wp\/v2\/users\/1"}],"replies":[{"embeddable":true,"href":"https:\/\/guneydoguasyacalismalari.com\/tr_tr\/wp-json\/wp\/v2\/comments?post=2519"}],"version-history":[{"count":1,"href":"https:\/\/guneydoguasyacalismalari.com\/tr_tr\/wp-json\/wp\/v2\/posts\/2519\/revisions"}],"predecessor-version":[{"id":2521,"href":"https:\/\/guneydoguasyacalismalari.com\/tr_tr\/wp-json\/wp\/v2\/posts\/2519\/revisions\/2521"}],"wp:featuredmedia":[{"embeddable":true,"href":"https:\/\/guneydoguasyacalismalari.com\/tr_tr\/wp-json\/wp\/v2\/media\/2520"}],"wp:attachment":[{"href":"https:\/\/guneydoguasyacalismalari.com\/tr_tr\/wp-json\/wp\/v2\/media?parent=2519"}],"wp:term":[{"taxonomy":"category","embeddable":true,"href":"https:\/\/guneydoguasyacalismalari.com\/tr_tr\/wp-json\/wp\/v2\/categories?post=2519"},{"taxonomy":"post_tag","embeddable":true,"href":"https:\/\/guneydoguasyacalismalari.com\/tr_tr\/wp-json\/wp\/v2\/tags?post=2519"}],"curies":[{"name":"wp","href":"https:\/\/api.w.org\/{rel}","templated":true}]}}