{"id":2482,"date":"2018-08-05T02:13:56","date_gmt":"2018-08-05T02:13:56","guid":{"rendered":"http:\/\/guneydoguasyacalismalari.com\/?p=2482"},"modified":"2018-08-05T02:13:56","modified_gmt":"2018-08-05T02:13:56","slug":"acede-7-kultur-festivali-basliyor-7th-cultural-festival-in-aceh","status":"publish","type":"post","link":"https:\/\/guneydoguasyacalismalari.com\/tr_tr\/acede-7-kultur-festivali-basliyor-7th-cultural-festival-in-aceh\/","title":{"rendered":"A\u00e7e\u2019de 7. K\u00fclt\u00fcr Festivali Ba\u015fl\u0131yor \/ 7th Cultural Festival in Aceh"},"content":{"rendered":"<p><strong>Mehmet \u00d6zay \u00a0 \u00a0 \u00a0 \u00a0 \u00a0 \u00a0 \u00a0 \u00a0 \u00a0 \u00a0 \u00a0 \u00a0 \u00a0 \u00a0 \u00a0 \u00a0 \u00a0 \u00a0 \u00a0 \u00a0 \u00a0 \u00a0 \u00a0 \u00a0 \u00a0 \u00a0 \u00a0 \u00a0 \u00a0 \u00a0 \u00a0 \u00a0 \u00a0 \u00a0 \u00a0 \u00a0 \u00a0 \u00a0 \u00a0 \u00a0 \u00a0 \u00a0 \u00a0 \u00a0 \u00a0 \u00a0\u00a0<\/strong><strong>\u00a005.08.2018<\/strong><\/p>\n<p style=\"text-align: justify;\">Endonezya Cumhuriyeti\u2019nin A\u00e7e eyaleti\u2019nde 5-15 A\u011fustos g\u00fcnleri aras\u0131nda A\u00e7e K\u00fclt\u00fcr Festivali (<em>Pekan Kebudayaan Aceh<\/em>-PKA) ger\u00e7ekle\u015ftirilecek. Endonezya gibi geni\u015f bir co\u011frafyaya yay\u0131lan ve say\u0131s\u0131 y\u00fczlerle ifade edilen etnik ve k\u00fclt\u00fcrel yap\u0131ya ev sahipli\u011fi yapan \u00fclkenin en bat\u0131s\u0131nda Malaka Bo\u011faz\u0131\u2019n\u0131n Hint Okyanusu\u2019na a\u00e7\u0131lan b\u00f6lgesinde yer alan A\u00e7e\u2019deki bu festivalle, eyaletin tarihsel ve k\u00fclt\u00fcrel birikiminin \u00e7e\u015fitli ara\u00e7larla yeniden sergilenmesi ve payla\u015f\u0131lmas\u0131 ama\u00e7lan\u0131yor.<\/p>\n<p style=\"text-align: justify;\">Festival komitesinin ve eyalet y\u00f6neticilerinin verdikleri deme\u00e7lerden de anla\u015f\u0131laca\u011f\u0131 \u00fczere bu etkinlik bir anlamda ge\u00e7mi\u015fin de\u011ferlerinin bug\u00fcne aktar\u0131lmas\u0131 ile \u00f6nem ta\u015f\u0131yor. A\u00e7e d\u00fc\u015f\u00fcnce gelene\u011finin bir ifadesi olarak k\u00fclt\u00fcr-gelenek ve dinin i\u00e7 i\u00e7e ge\u00e7ti\u011fi ve birbirinden ayr\u0131\u015ft\u0131r\u0131lmas\u0131n\u0131n m\u00fcmk\u00fcn olmad\u0131\u011f\u0131 bir toplumsal yap\u0131n\u0131n hakim oldu\u011fu eyalette ger\u00e7ekle\u015ftirilen bu festivalin bu y\u0131lki konu ba\u015fl\u0131\u011f\u0131, \u201cA\u00e7e \u0130slam K\u00fclt\u00fcr\u00fc\u2019n\u00fcn Yeniden Canland\u0131r\u0131lmas\u0131\u201d. Bu ba\u015fl\u0131k \u00fczerinden epeyce s\u00f6z etmek m\u00fcmk\u00fcn. Ancak bu yaz\u0131n\u0131n i\u00e7eri\u011fi sadece festivali etkinli\u011fini konu almak oldu\u011fundan buna te\u015febb\u00fcs etmeyece\u011fiz.<\/p>\n<p style=\"text-align: justify;\">Festivalin resmi a\u00e7\u0131l\u0131\u015f\u0131, bug\u00fcn yani Pazar ak\u015fam\u0131 Lhong Raya\u2019daki Harapan Bangsa stadyumunda Endonezya devlet ba\u015fkan\u0131 Joko Widodo\u2019nun da kat\u0131l\u0131m\u0131yla ger\u00e7ekle\u015ftirilecek.<\/p>\n<p style=\"text-align: justify;\">On g\u00fcn s\u00fcrecek festival boyunca, eyalete ba\u011fl\u0131 23 b\u00f6lgeden yap\u0131lacak kat\u0131l\u0131mlarla, yerel de\u011ferlere i\u00e7kin tarihsel, sosyo-k\u00fclt\u00fcrel, antropolojik, folklorik \u00f6geler sergilenecek. Bu \u00f6geler sayesinde, tarihin de\u011fi\u015fik d\u00f6nemlerinde yerel (A\u00e7e eyaleti), b\u00f6lgesel (A\u00e7e-Endonezya) ve A\u00e7e ile uluslararas\u0131 \u00e7evreler aras\u0131nda \u00e7e\u015fitli boyutlarda ortaya konmu\u015f ili\u015fkilerin k\u0131smen de olsa hat\u0131rlanmas\u0131na ve baz\u0131 maddi varl\u0131klar\u0131yla sergilenmesine de olanak tan\u0131yacak.<\/p>\n<p style=\"text-align: justify;\">Ba\u015fkent Banda A\u00e7e\u2019deki \u00e7e\u015fitli mek\u00e2nlarda ger\u00e7ekle\u015ftirilen etkinliklerin ana mek\u00e2n\u0131 ise Valilik binas\u0131n\u0131n da yer ald\u0131\u011f\u0131 Lampriet il\u00e7esinde, Taman Safiyatuddin Festival Merkezi. Ad\u0131n\u0131 1641-1675 y\u0131llar\u0131 aras\u0131nda A\u00e7e Dar\u00fcsselam Sultanl\u0131\u011f\u0131\u2019n\u0131 y\u00f6neten kad\u0131n y\u00f6neticiden alan etkinlik alan\u0131, eyaletin d\u00f6rt bir k\u00f6\u015fesindeki mimari \u00f6zelliklere sahip evlerden birer modelin de bulundu\u011fu bu merkez, A\u00e7e\u2019deki mimari \u00f6zelliklerin bir arada sergilenmesine de olanak tan\u0131yor.<\/p>\n<p style=\"text-align: justify;\">A\u00e7e Eyalet vali yard\u0131mc\u0131s\u0131 Nova Iriansyah yapt\u0131\u011f\u0131 a\u00e7\u0131klamada, bu festivalin A\u00e7e kimli\u011finin s\u00fcrd\u00fcr\u00fclebilmesinde \u00f6nemli bir i\u015fleve sahip oldu\u011funu s\u00f6yledi. \u0130lki 1958 y\u0131l\u0131nda ger\u00e7ekle\u015ftirilen ve bug\u00fcn yedincisinin organize edildi\u011fi festival her be\u015f y\u0131lda bir yap\u0131lmas\u0131 pl\u00e2nlansa da, Eyalet\u2019in \u00e7e\u015fitli d\u00f6nemlerde \u015fiddet ve sava\u015fa konu olmas\u0131 bu etkinli\u011fe zaman zaman ara verilmesine neden oldu\u011funa i\u015faret etmemiz gerekir.<\/p>\n<p style=\"text-align: justify;\">Vali yard\u0131mc\u0131s\u0131 Nova a\u00e7\u0131klamas\u0131n\u0131n devam\u0131nda, g\u00fcn\u00fcm\u00fczde teknolojik geli\u015fmeye, k\u00fcreselle\u015fmeye vs. vurgu yaparak, bu de\u011fi\u015fimin A\u00e7e gen\u00e7 nesli \u00fczerindeki olumsuz etkisinin hat\u0131rlanmas\u0131 ve festival vas\u0131tas\u0131yla A\u00e7elilik de\u011ferlerinin gen\u00e7 nesillere aktar\u0131lmas\u0131n\u0131n \u00f6nemine dikkat \u00e7ekiyor. Bununla birlikte, ku\u015fkusuz ki, bu tip etkinliklerin a\u00e7\u0131l\u0131\u015f konu\u015fmalar\u0131 ve medya deme\u00e7lerinde standart kabul edilebilecek bu s\u00f6zlere ele\u015ftirel yakla\u015fmak da m\u00fcmk\u00fcn oldu\u011funu s\u00f6yleyebilirim.<\/p>\n<p style=\"text-align: justify;\">A\u00e7e politikalar\u0131na y\u00f6n verecek kurumlardan birinin ba\u015f\u0131nda olan vali yard\u0131mc\u0131s\u0131n\u0131n bu s\u00f6ylemindeki hakl\u0131l\u0131k pay\u0131n\u0131 g\u00f6z ard\u0131 etmiyoruz. Ancak, sadece A\u00e7e gen\u00e7 neslinin de\u011fil, A\u00e7e toplumunun geni\u015f kesimlerinin k\u00fcreselle\u015fme kar\u015f\u0131s\u0131nda -olumsuz y\u00f6nde oldu\u011fu imlenen- de\u011fi\u015fimlere konu olmas\u0131n\u0131n nedenleri ve varsa \u00e7\u00f6z\u00fcmleri konusunda ni\u00e7in kafa yorulmad\u0131\u011f\u0131 da sorgulanmal\u0131. Ve bu ba\u011flamda, sadece be\u015f y\u0131lda bir yap\u0131lan festivalle de\u011fil, bunun \u00f6tesinde g\u00fcndelik ya\u015fam\u0131n her alan\u0131na de\u011finen politikalar\u0131n yap\u0131la\u015ft\u0131r\u0131c\u0131 g\u00fcc\u00fcn\u00fcn \u00f6neminin de ortaya konulmas\u0131 ve tart\u0131\u015f\u0131lmas\u0131 gereken bir husus oldu\u011fu a\u00e7\u0131k\u00e7a belirtmeliyiz.<\/p>\n<p style=\"text-align: justify;\">A\u00e7e\u2019de medya ve k\u00fclt\u00fcr \u00e7al\u0131\u015fmalar\u0131 i\u00e7erisinde yer alan Thayeb Loh Angen ise yapt\u0131\u011f\u0131 a\u00e7\u0131klamada, festivalin geni\u015f bir \u00e7er\u00e7evesi oldu\u011funu ancak sanat ve k\u00fclt\u00fcr ba\u011flam\u0131n\u0131n bu b\u00fct\u00fcn i\u00e7erisinde g\u00f6rece az yer ald\u0131\u011f\u0131na dikkat \u00e7ekti. Thayeb, bununla birlikte, bu y\u0131l d\u00fczenlenmekte olan festivalde tarih temas\u0131na yer verilmesinin ve bu konuda \u00f6zellikle resmi kurumlar\u0131n d\u0131\u015f\u0131nda \u00f6zel ve bireysel \u00e7al\u0131\u015fmalar\u0131yla tan\u0131nan yap\u0131lar\u0131n katk\u0131lar\u0131na vurgu yapt\u0131. Thayeb, a\u00e7\u0131klamas\u0131nda ayr\u0131ca, A\u00e7e\u2019nin tarih boyunca \u00fcretti\u011fi t\u00fcm de\u011ferlerin ortaya konulaca\u011f\u0131 daha geni\u015f bir perspektifli yakla\u015f\u0131ma da ihtiya\u00e7 oldu\u011funa i\u015faret etti.<\/p>\n<p style=\"text-align: justify;\">Bununla birlikte, bir k\u00fc\u00e7\u00fcmseme olarak ele almamakla birlikte, A\u00e7e\u2019deki bu etkinli\u011fi folklorik bir \u00f6ge ile s\u0131n\u0131rland\u0131rmak m\u00fcmk\u00fcn de\u011fil ve s\u0131n\u0131rland\u0131r\u0131lmamal\u0131d\u0131r da. Her ne kadar, 1949 y\u0131l\u0131ndan bu yana ad\u0131na Endonezya Cumhuriyeti denilen ba\u011f\u0131ms\u0131z ulus-devlet s\u0131n\u0131rlar\u0131 i\u00e7erisinde yer alsa da, A\u00e7e topraklar\u0131 tarih boyunca kendine \u00f6zg\u00fc siyasi, k\u00fclt\u00fcrel ve dini yap\u0131la\u015fmas\u0131 ile dikkat \u00e7ekmi\u015f; bu anlamda \u0130slamiyetin geni\u015f Malay topraklar\u0131nda, Tak\u0131madalar\u2019da ye\u015fermesi ve yayg\u0131nla\u015fmas\u0131 ve akabinde bir toplumsal ve siyasal bir d\u00fczen olarak tesisinde kayda de\u011fer rol oynam\u0131\u015f bir belde olarak tarihte iz b\u0131rakm\u0131\u015ft\u0131r.<\/p>\n<p style=\"text-align: justify;\">Bu \u00e7er\u00e7evede festivalde, sadece akademi d\u00fcnyas\u0131 ve profesyonel kolleksiyonerlerin de\u011fil, s\u0131radan halktan insanlar\u0131n da bir aile gelene\u011fi olarak sahip olduklar\u0131 ve ilgi g\u00f6sterdikleri el yazma eser kolleksiyonlar\u0131n\u0131n bir b\u00f6l\u00fcm\u00fc de festivalde sergileniyor. Bu a\u00e7\u0131dan \u00f6rne\u011fin, Tarmizi Hamid Bey\u2019in sahip oldu\u011fu say\u0131s\u0131 y\u00fczleri bulan \u00f6zel koleksiyonundaki el yazma \u00e7al\u0131\u015fmalar\u0131n\u0131n bir b\u00f6l\u00fcm\u00fc geni\u015f kesimlere ula\u015fma imk\u00e2n\u0131 buluyor.<\/p>\n<p style=\"text-align: justify;\">Festivalin bir di\u011fer ilgi \u00e7eken etkinli\u011fi, 13 A\u011fustos\u2019da \u015eah Kuala \u00dcniversitesi E\u011fitim Fak\u00fcltesi konferans salonunda ger\u00e7ekle\u015ftirilecek olan ulusal ve uluslararas\u0131 baz\u0131 konuklar\u0131n da i\u015ftirak edece\u011fi A\u00e7e\u2019de denizcilik k\u00fclt\u00fcr\u00fc konulu seminer olacak.<\/p>\n<p style=\"text-align: justify;\">Tabii bu alanda sadece tarihsel perspektif de\u011fil, tsunami ve Helsinki Bar\u0131\u015f Anla\u015fmas\u0131\u2019ndan sonra halen ekonomik kalk\u0131nman\u0131n yollar\u0131n\u0131 arayan A\u00e7e Eyaleti\u2019nde bu alanda neler yap\u0131labilece\u011fi konusunda baz\u0131 g\u00f6r\u00fc\u015fler payla\u015f\u0131lacak. Bu ba\u011flamda, A\u00e7e denizcili\u011finin sahip oldu\u011fu potansiyel; A\u00e7e\u2019de helal turizm ve kalk\u0131nma politikalar\u0131; yerel de\u011ferler ve kalk\u0131nma stratejileri; etnik dilin geli\u015fim \u00e7al\u0131\u015fmalar\u0131 ve sorunlar vb. ba\u015fl\u0131klar gibi farkl\u0131 konularda da sunumlar yer alacak.<\/p>\n<p style=\"text-align: justify;\">Tabii, A\u00e7e\u2019de k\u00fclt\u00fcr festivali demi\u015fken, 1987 y\u0131l\u0131nda ger\u00e7ekle\u015ftirilen \u00fc\u00e7\u00fcnc\u00fc festivale i\u015ftirak ederek bir sunum yapan d\u00f6nemin T\u00fcrkiye Cakarta b\u00fcy\u00fckel\u00e7isi Metin \u0130neg\u00f6ll\u00fco\u011flu\u2019nu bir kez daha rahmetle anarken, ortaya koydu\u011fu \u00e7abalar\u0131n benzerlerinin g\u00fcn\u00fcm\u00fczde devam ettirilmesinin ne denli \u00f6nemli oldu\u011fu konusundaki d\u00fc\u015f\u00fcncemizi bir kez daha yinelemekten kendimizi alam\u0131yoruz.<\/p>\n<p style=\"text-align: justify;\">Bu vesileyle ge\u00e7mi\u015fteki k\u00fclt\u00fcr festivallerine veya genel itibar\u0131yla A\u00e7e k\u00fclt\u00fcr d\u00fcnyas\u0131na katk\u0131s\u0131 oldu\u011funu bildi\u011fimiz ve ebedi aleme g\u00f6\u00e7 etmi\u015f olan isimlerden Ali Ha\u015fimi, Hasballah M. Saad, Asli Kesuma\u2019ya Allah\u2019tan rahmet diliyoruz.<\/p>\n","protected":false},"excerpt":{"rendered":"<p>Mehmet \u00d6zay \u00a0 \u00a0 \u00a0 \u00a0 \u00a0 \u00a0 \u00a0 \u00a0 \u00a0 \u00a0 \u00a0 \u00a0 \u00a0 \u00a0 \u00a0 \u00a0 \u00a0 \u00a0 \u00a0 \u00a0 \u00a0 \u00a0 \u00a0 \u00a0 \u00a0 \u00a0 \u00a0 \u00a0 \u00a0 \u00a0 \u00a0 \u00a0 \u00a0 \u00a0 \u00a0 \u00a0 \u00a0 \u00a0 \u00a0 \u00a0 \u00a0 \u00a0 \u00a0 \u00a0 \u00a0 \u00a0\u00a0\u00a005.08.2018 Endonezya Cumhuriyeti\u2019nin A\u00e7e eyaleti\u2019nde 5-15 A\u011fustos g\u00fcnleri [&hellip;]<\/p>\n","protected":false},"author":1,"featured_media":2483,"comment_status":"open","ping_status":"open","sticky":false,"template":"","format":"standard","meta":{"footnotes":""},"categories":[10,6],"tags":[],"class_list":["post-2482","post","type-post","status-publish","format-standard","has-post-thumbnail","hentry","category-ace","category-gunluk-yazilar"],"_links":{"self":[{"href":"https:\/\/guneydoguasyacalismalari.com\/tr_tr\/wp-json\/wp\/v2\/posts\/2482","targetHints":{"allow":["GET"]}}],"collection":[{"href":"https:\/\/guneydoguasyacalismalari.com\/tr_tr\/wp-json\/wp\/v2\/posts"}],"about":[{"href":"https:\/\/guneydoguasyacalismalari.com\/tr_tr\/wp-json\/wp\/v2\/types\/post"}],"author":[{"embeddable":true,"href":"https:\/\/guneydoguasyacalismalari.com\/tr_tr\/wp-json\/wp\/v2\/users\/1"}],"replies":[{"embeddable":true,"href":"https:\/\/guneydoguasyacalismalari.com\/tr_tr\/wp-json\/wp\/v2\/comments?post=2482"}],"version-history":[{"count":1,"href":"https:\/\/guneydoguasyacalismalari.com\/tr_tr\/wp-json\/wp\/v2\/posts\/2482\/revisions"}],"predecessor-version":[{"id":2484,"href":"https:\/\/guneydoguasyacalismalari.com\/tr_tr\/wp-json\/wp\/v2\/posts\/2482\/revisions\/2484"}],"wp:featuredmedia":[{"embeddable":true,"href":"https:\/\/guneydoguasyacalismalari.com\/tr_tr\/wp-json\/wp\/v2\/media\/2483"}],"wp:attachment":[{"href":"https:\/\/guneydoguasyacalismalari.com\/tr_tr\/wp-json\/wp\/v2\/media?parent=2482"}],"wp:term":[{"taxonomy":"category","embeddable":true,"href":"https:\/\/guneydoguasyacalismalari.com\/tr_tr\/wp-json\/wp\/v2\/categories?post=2482"},{"taxonomy":"post_tag","embeddable":true,"href":"https:\/\/guneydoguasyacalismalari.com\/tr_tr\/wp-json\/wp\/v2\/tags?post=2482"}],"curies":[{"name":"wp","href":"https:\/\/api.w.org\/{rel}","templated":true}]}}