{"id":2476,"date":"2018-07-30T20:27:22","date_gmt":"2018-07-30T20:27:22","guid":{"rendered":"http:\/\/guneydoguasyacalismalari.com\/?p=2476"},"modified":"2018-07-30T20:29:20","modified_gmt":"2018-07-30T20:29:20","slug":"endonezyada-secim-safarisi-basladi-election-safari-starts-in-indonesia","status":"publish","type":"post","link":"https:\/\/guneydoguasyacalismalari.com\/tr_tr\/endonezyada-secim-safarisi-basladi-election-safari-starts-in-indonesia\/","title":{"rendered":"Endonezya\u2019da Se\u00e7im Safarisi Ba\u015flad\u0131 \/ Election Safari starts in Indonesia"},"content":{"rendered":"<p><strong>Mehmet \u00d6zay \u00a0 \u00a0 \u00a0 \u00a0 \u00a0 \u00a0 \u00a0 \u00a0 \u00a0 \u00a0 \u00a0 \u00a0 \u00a0 \u00a0 \u00a0 \u00a0 \u00a0 \u00a0 \u00a0 \u00a0 \u00a0 \u00a0 \u00a0 \u00a0 \u00a0 \u00a0 \u00a0 \u00a0 \u00a0 \u00a0 \u00a0 \u00a0 \u00a0 \u00a0 \u00a0 \u00a0 \u00a0 \u00a0 \u00a0 \u00a0 \u00a0 \u00a0 \u00a0 \u00a0 \u00a0 \u00a0 \u00a030.07.2018<\/strong><\/p>\n<p style=\"text-align: justify;\">Endonezya\u2019da 2019 y\u0131l\u0131 ba\u015fkanl\u0131k ve parlamento se\u00e7imlerine konu olaca\u011f\u0131ndan, siyasi partiler aras\u0131nda ittifak g\u00f6r\u00fc\u015fmeleri ba\u015flad\u0131. Asl\u0131nda, mevcut partiler aras\u0131nda bir \u015fekilde devam eden nab\u0131z yoklamalar\u0131 giderek belirgin bir \u015fekilde g\u00fcndeme ta\u015f\u0131n\u0131yor. Bu \u00e7er\u00e7evede, kimlerin ba\u015fkanl\u0131k aday\u0131 olaca\u011f\u0131 sorusuna hemen burada k\u0131saca de\u011finelim.<\/p>\n<p style=\"text-align: justify;\">Mevcut devlet ba\u015fkan\u0131 Joko Widodo (Jokowi), Cakarta valisi Anies Baswedan, B\u00fcy\u00fck Endonezya Hareketi Partisi (Gerindra) genel ba\u015fkan\u0131 ve eski komutan Prabowo Subianto, Demokratik Parti ba\u015fkan\u0131 iki d\u00f6nem devlet ba\u015fkanl\u0131\u011f\u0131 da yapm\u0131\u015f olan eski komutan Susilo Bambang Yudhoyono\u2019nun (SBY) o\u011flu, eski asker-yeni politikac\u0131, Cakarta valilik yar\u0131\u015f\u0131n\u0131 kaybeden Agus Harimurti. Bir s\u00fcrpriz olmazsa, bu isimleri 10 A\u011fustos\u2019ta dolacak olan ba\u015fkanl\u0131k aday\u0131 listesinde g\u00f6rece\u011fiz.<\/p>\n<p style=\"text-align: justify;\">Gerindra lideri Prabowo\u2019nun 2014 ba\u015fkanl\u0131k se\u00e7imlerinde Jokowi kar\u015f\u0131s\u0131nda kaybetti\u011fini hat\u0131rlatay\u0131m. Bununla birlikte, Jokowi, Anies ve Agus\u2019un parti ba\u015fkan\u0131 olmamakla birlikte adlar\u0131n\u0131n ba\u015fkanl\u0131k yar\u0131\u015f\u0131nda ge\u00e7mesi de \u00fclke siyasal ya\u015fam\u0131nda bir yenilik olarak de\u011ferlendirilebilir.<\/p>\n<p style=\"text-align: justify;\">S\u00fcreci y\u00f6netmeye \u00e7al\u0131\u015fan siyasi akt\u00f6rler ise, ayn\u0131 zamanda ad\u0131 devlet ba\u015fkanl\u0131\u011f\u0131 i\u00e7in de ge\u00e7en siyasi parti liderler oluyor. Mevcut devlet ba\u015fkan\u0131 Joko Widodo ya da yayg\u0131n ad\u0131yla bilindi\u011fi \u015fekliyle Jokowi\u2019nin, ikinci kez aday olmas\u0131na kesin g\u00f6z\u00fcyle bak\u0131l\u0131yor. Jokowi, \u00f6ncelikle Endonezya M\u00fccadeleci Demokrat Parti (PDI-P)\u2019nin aday\u0131 olmas\u0131, ancak Suharto sonras\u0131nda g\u00fcndeme gelen reform s\u00fcrecinde herhangi bir partinin aday\u0131 sadece ilgili partinin oyuyla ba\u015fkanl\u0131k se\u00e7ilebilmi\u015f de\u011fil. Bu sefer de benzeri olacak\u2026<\/p>\n<p style=\"text-align: justify;\">Bu durum, giri\u015fte zikretti\u011fim ittifak g\u00f6r\u00fc\u015fmelerinin \u00f6nemini daha da a\u00e7\u0131k bir \u015fekilde ortaya koymaktad\u0131r. Bu ittifak g\u00f6r\u00fc\u015fmelerinin ikinci \u00f6nemli ad\u0131m\u0131n\u0131 ise devlet ba\u015fkan yard\u0131mc\u0131l\u0131\u011f\u0131 oluyor. Bir siyasi partinin devlet ba\u015fkan\u0131 aday\u0131 g\u00f6sterebilmesi i\u00e7in se\u00e7imde tek ba\u015f\u0131na y\u00fczde 20\u2019nin \u00fczerinde oy almas\u0131 gerekiyor. G\u00f6rece bu oy kimilerince \u00e7antada keklik gibi g\u00f6r\u00fclebilecek d\u00fc\u015f\u00fck bir oran gibi g\u00f6z\u00fckse de, Endonezya siyasetinde bu orana ula\u015fmak veya biraz ge\u00e7mek b\u00fcy\u00fck bir ba\u015far\u0131. Bunda benzer siyasi ideolojilere sahip olsalar da parti say\u0131s\u0131ndaki enflasyon geliyor.<\/p>\n<p style=\"text-align: justify;\">Kendilerini \u0130slamc\u0131 parti olarak tan\u0131mlayanlar ile siyaset yorumcular\u0131nca kendilerine bu ad verilen partilerin az\u0131msanmayacak say\u0131s\u0131na ra\u011fmen, \u00f6rne\u011fin yine Suharto sonras\u0131 d\u00f6nemde bu partilerin ortak hareket ettiklerine tan\u0131k olunmad\u0131. 2019 se\u00e7imlerinde de bunun de\u011fi\u015fmesi konusunda herhangi bir ciddi emare g\u00f6z\u00fckmek bir yana, mevcut ittifak g\u00f6r\u00fc\u015fmelerine bak\u0131ld\u0131\u011f\u0131nda bu siyasi olu\u015fumlar\u0131n farkl\u0131 bloklar i\u00e7erisinde yer alacaklar\u0131n\u0131 s\u00f6ylemek m\u00fcmk\u00fcn. Bu partiler aras\u0131nda Kalk\u0131nma ve Adalet Partisi (PKS), Ulusal Emanet Partisi (PAN), Hilal-Y\u0131ld\u0131z Partisi (PBB), Birle\u015fik Kalk\u0131nma Partisi (PPP), Ulusal Uyan\u0131\u015f Partisi\u2019ni (PKB) saymak m\u00fcmk\u00fcn.<\/p>\n<p style=\"text-align: justify;\">Siyasi yelpazede bir di\u011fer grup parti ise eski asker yeni sivil siyaset\u00e7i kimlikli liderlerin \u00f6nc\u00fcl\u00fc\u011f\u00fcnde ve belirli toplumsal kesimleri arkas\u0131na alm\u0131\u015f g\u00f6z\u00fcken partiler olu\u015fturuyor. Bu partilerin liderlerinin asker k\u00f6kenli olmalar\u0131ndan hareketle, devleti temsil etti\u011fi iddias\u0131ndaki \u00e7evrelerin yani ordu ve ilintili sivil kesimlerin derin bir milliyet\u00e7i alanda yer al\u0131yorlar. Ancak burada da, t\u0131pk\u0131 \u0130slamc\u0131 veya bu adla adland\u0131r\u0131lan partilerin birbirinden ayr\u0131\u015fmas\u0131nda oldu\u011fu gibi, asker k\u00f6kenli liderlerin y\u00f6netimindeki partiler de birlik sergilemekten uzak. Bu siyasi partiler ise Demokratik Parti ve Gerindra.<\/p>\n<p style=\"text-align: justify;\">Bu iki grup olu\u015fumun d\u0131\u015f\u0131nda, kurulu\u015flar\u0131 Suharto d\u00f6neminde ya onun te\u015fvikiyle kurulmu\u015f veya ona muhalif olarak ortaya \u00e7\u0131km\u0131\u015f partiler olu\u015fturuyor. Bu noktada, siyasi parti say\u0131s\u0131n\u0131n \u00e7ok oldu\u011fu s\u00f6ylenemez, ancak ge\u00e7mi\u015fteki toplumsal deste\u011fi ve Suharto\u2019yu s\u00fcrekli iktidara ta\u015f\u0131yan bir yap\u0131 olarak Golkar\u2019\u0131 g\u00f6r\u00fcyoruz.<\/p>\n<p style=\"text-align: justify;\">Suharto\u2019nun iktidar\u0131na son verdi\u011fi devletin kurucu devlet ba\u015fkan\u0131 Sukarno\u2019nun k\u0131z\u0131, Megawati\u2019nin 1990\u2019larda kurdu\u011fu PDI-P ise, bir t\u00fcr babas\u0131n\u0131n siyasi miras\u0131n\u0131 devam ettirme m\u00fccadelesi ile \u00f6ne \u00e7\u0131kan bir ideolojik \u00f6rg\u00fcye tekab\u00fcl ediyor. Tabii, burada Suharto ile PDI-P\u2019nin nerede ayr\u0131\u015ft\u0131\u011f\u0131 konusunun bir ba\u015fka ba\u015fl\u0131kla ele al\u0131nmay\u0131 hak edecek \u00f6nemde oldu\u011funu da s\u00f6ylemeliyim.<\/p>\n<p style=\"text-align: justify;\">Yukar\u0131da dikkat \u00e7ekti\u011fim ayr\u0131mlar i\u00e7erisinde \u2018milliyet\u00e7ilik\u2019 olgusunun siyasi partilerin ideolojik duru\u015funda belirleyici bir yeri olmakla birlikte, bu milliyet\u00e7ili\u011fin \u2018Endonezya\u2019 milliyet\u00e7ili\u011fi ile \u00fclkenin kurulu\u015fundan bu yana siyasi ya\u015fama damgas\u0131n\u0131 vurmu\u015f Cava Adas\u0131 milliyet\u00e7ili\u011fi aras\u0131ndaki ayr\u0131m \u00fczerinde hassasiyetle durmakta fayda var. Tabii bu noktada, milliyet\u00e7ilik \u00fczerinde temellenen partilerin lider kadrolar\u0131n\u0131n b\u00f6ylesi bir ayr\u0131m\u0131 a\u00e7\u0131k se\u00e7ik ortaya koymamakla birlikte bug\u00fcne kadarki s\u00f6ylem ve pratiklerinde bu y\u00f6ndeki ayr\u0131m\u0131 g\u00f6rmek m\u00fcmk\u00fcn.<\/p>\n<p style=\"text-align: justify;\">Cava Adas\u0131 milliyet\u00e7ili\u011fi olgusunun modern d\u00f6nemden \u00f6te, Cava Adas\u0131 siyasi lider ve entelekt\u00fcellerinin tarihsel k\u00f6kenler \u00fczerinde belirlenmi\u015f bir vurgu s\u00f6z konusudur. Bu bir anlamda, hem geni\u015f adalar \u00fclkesi Endonezya\u2019ya ve bu \u00fclkenin d\u00f6rt bir k\u00f6\u015fesindeki halka bir ulus devlet aidiyeti bi\u00e7menin ad\u0131d\u0131r. \u00d6te yandan, bu ulus devleti te\u015fkil eden ve tarihsel ve siyasal me\u015fruiyet olarak da Cava Adas\u0131 ve \u00f6zellikle de do\u011fu Cava b\u00f6lgesi geliyor.<\/p>\n<p style=\"text-align: justify;\">Tam da bu noktada, Suharto\u2019nun kurdurdu\u011fu Golkar\u2019\u0131n \u00fclkenin de\u011fi\u015fik b\u00f6lgelerindeki \u00e7e\u015fitli toplumsal \u00e7\u0131kar gruplar\u0131n\u0131n biraraya geldi\u011fi bir siyasi kul\u00fcp oldu\u011funu ve bu anlamda kozmopolit bir yap\u0131 arz etti\u011fini hat\u0131rlamak gerekir. Bir ideolojik ideal ve hedeften ziyade, d\u00f6nemin yani Suhartolu y\u0131llar\u0131n do\u011furdu\u011fu \u015fartlar\u0131n bir \u00fcr\u00fcn\u00fc olmu\u015f bir partiden bahsediyoruz.<\/p>\n<p style=\"text-align: justify;\">Bu partinin kozmopolitli\u011fi ise A\u00e7e\u2019den Papua\u2019ya kadar, Suharto rejimine eklemlenen ve \u00e7\u0131kar hedefli ki\u015fi ve gruplar\u0131n dayanmas\u0131ndan kaynaklan\u0131yor. Suharto\u2019nun iktidar\u0131n\u0131 kaybetti\u011fi 1998 y\u0131l\u0131ndan sonraki s\u00fcre\u00e7te de Golkar, s\u00fcrekli oy oran\u0131 eriyen bir parti g\u00f6r\u00fcn\u00fcm\u00fcnde. Bu durum, s\u00f6z konusu \u00e7\u0131kar gruplar\u0131n\u0131n etkinliklerinin belki ortadan kalkmas\u0131n\u0131 de\u011fil, ancak Suharto sonras\u0131 d\u00f6nemin \u015fartlar\u0131na adapte olarak yeni siyasi partiler i\u00e7erisinde yer almalar\u0131 \u015feklinde bir de\u011fi\u015fim olarak de\u011ferlendirilebilir.<\/p>\n<p style=\"text-align: justify;\">Bu siyasi parti yap\u0131la\u015fmalar\u0131ndan bahsetmi\u015fken, \u00fclke modern siyasal ya\u015fam\u0131nda ortaya \u00e7\u0131kan k\u0131r\u0131lmalar nedeniyle herhangi bir sol ideolojiyi temsil eden bir siyasi parti mevcut de\u011fil. Ancak \u00fclke i\u00e7erisinde belli \u00e7evrelerin alg\u0131lamalar\u0131na dikkat edilecek olursa, yukar\u0131da zikredilen baz\u0131 siyasi partilerin kimi politikalar\u0131ndan, \u00f6rne\u011fin \u00f6zellikle sek\u00fcler bir e\u011filim sergilemelerinden hareketle sol e\u011filimli olarak adland\u0131r\u0131labildiklerine de tan\u0131k olunmaktad\u0131r.<\/p>\n<p style=\"text-align: justify;\">Bu siyasi parti yap\u0131la\u015fmalar\u0131n\u0131n \u00fclkeyi nereye ta\u015f\u0131yaca\u011f\u0131, giderek k\u00fcresel \u00f6nemi daha da \u00f6ne \u00e7\u0131kan G\u00fcneydo\u011fu Asya ve daha geni\u015f bir co\u011frafya \u00fczerinden de\u011ferlendirmek gerekti\u011finde Asya-Pasifik b\u00f6lgesinde Endonezya\u2019n\u0131n rol\u00fcn\u00fcn ne olaca\u011f\u0131, M\u00fcsl\u00fcman n\u00fcfusun en yo\u011fun oldu\u011fu \u00fclke olmas\u0131 hasebiyle d\u00fcnya M\u00fcsl\u00fcmanlar\u0131 alg\u0131s\u0131, ili\u015fkileri, sorunlar\u0131, \u00e7\u00f6z\u00fcmleri gibi bir dizi soruya ne t\u00fcr bir kar\u015f\u0131l\u0131k verilebilece\u011fi gibi yakla\u015f\u0131mlara maalesef bir kar\u015f\u0131l\u0131k bulmak m\u00fcmk\u00fcn de\u011fil.<\/p>\n<p style=\"text-align: justify;\">Bu anlamda, 2019 se\u00e7im ittifaklar\u0131 \u00e7abalar\u0131n\u0131n, mevcut ba\u015fkan Jokowi d\u00f6nemine son verme hedefi ta\u015f\u0131yan bir muhalif tutumun \u00f6tesinden ne ulusal ne b\u00f6lgesel ba\u011flamda kapsaml\u0131, tutarl\u0131, uzun vadeli, alternatifli politikalar\u0131n tart\u0131\u015f\u0131ld\u0131\u011f\u0131na tan\u0131k olunam\u0131yor. Jokowi muhalifli\u011finin, \u00e7ok k\u0131sa bir s\u00fcre \u00f6nce, Jokowi\u2019nin 2012 y\u0131l\u0131nda ba\u015fkent Cakarta valili\u011finde yard\u0131mc\u0131s\u0131 olarak se\u00e7ilmi\u015f ve Jokowi\u2019nin 2014 y\u0131l\u0131nda ba\u015fkanl\u0131k koltu\u011funa oturmas\u0131yla valilik g\u00f6revini \u00fcstlenmi\u015f olan \u00c7in etnik az\u0131nl\u0131\u011fa mensup Ahok lakapl\u0131 Basuki Tjahaja Purnama\u2019n\u0131n, \u0130slama hareket etti\u011fi gerek\u00e7esiyle ba\u015flat\u0131lan muhalefetin alttan alta s\u00fcrd\u00fc\u011f\u00fc g\u00f6r\u00fcl\u00fcyor. O d\u00f6nem de konuyu epeyce ele ald\u0131\u011f\u0131m\u0131zdan burada detaylar\u0131n\u0131 tekrar etmeyece\u011fim.<\/p>\n<p style=\"text-align: justify;\">Endonezya siyasetinde ve mevcut muhalif partiler noktas\u0131nda, bir \u00f6nceki paragrafta dile getirdi\u011fim sorunlar ve \u00e7\u00f6z\u00fcmler konusunda bir \u00f6nerileri olup olmad\u0131\u011f\u0131 meselesidir tart\u0131\u015f\u0131lmas\u0131 gereken. Jokowi\u2019nin daha Cakarta valili\u011fine geldi\u011fi g\u00fcnden itibaren dile getirdi\u011fimiz hususlar basit\u00e7e \u015f\u00f6yleydi.<\/p>\n<p style=\"text-align: justify;\">Bu siyaset\u00e7i, yerel y\u00f6netimdeki ba\u015far\u0131lar\u0131 ile kendini ortaya koymu\u015f; t\u0131pk\u0131 di\u011fer siyasi parti liderleri veya siyasi akt\u00f6rler gibi kapsaml\u0131 bir siyasi projesi olmayan, ancak temiz siyaset yapmay\u0131 kendine ilke edinmi\u015f ve halka yak\u0131n duran bir ki\u015fidir. Cakarta valili\u011finde daha s\u00fcresi dolmadan, onun bu niteliklerinden istifadeyle kendilerine ulusal siyasette yer bulmaya veya mevcut yerlerini tahkim etmeye \u00e7al\u0131\u015fan siyasi parti\/ler onu ba\u015fkanl\u0131\u011fa aday g\u00f6stermesi ile yine Jokowi\u2019nin zikretti\u011fim hasletleri dolay\u0131s\u0131yla se\u00e7ilmesine neden olmu\u015ftur.<\/p>\n<p style=\"text-align: justify;\">Jokowi\u2019nin devlet ba\u015fkan yard\u0131mc\u0131l\u0131\u011f\u0131na Golkar\u2019\u0131n eski lideri Yusuf Kalla\u2019y\u0131 almas\u0131, Golkar \u00f6zelinden ziyade, Yusuf Kalla\u2019n\u0131n temsil etti\u011fi toplumsal ve siyasal \u00e7evrelerin de Jokowi iktidar\u0131 etraf\u0131nda yer almas\u0131na imk\u00e2n tan\u0131d\u0131. Jokowi\u2019nin veya daha do\u011frusunu s\u00f6ylemek gerekirse, onu destekleyen PDI-P\u2019nin, \u00a0Ahok\u2019a kar\u015f\u0131 ba\u015flat\u0131lan kampanya sonras\u0131nda \u00fclkenin reel siyasetinin bir gere\u011fi olarak kendini \u2018M\u00fcsl\u00fcman\u2019 kitle yan\u0131nda tan\u0131mlama ve konumlama \u00e7abas\u0131n\u0131n bir \u00fcr\u00fcn\u00fc olarak baz\u0131 \u2018\u0130slamc\u0131\u2019 partilerle ittifak aray\u0131\u015f\u0131nda oldu\u011fu g\u00f6r\u00fcl\u00fcyor.<\/p>\n<p style=\"text-align: justify;\">Acaba \u0130slamc\u0131 partiler, sek\u00fcler siyaset i\u00e7erisinde akt\u00f6r olmaya \u00e7al\u0131\u015fan baz\u0131 M\u00fcsl\u00fcman sivil toplum liderleri ile \u2018Ulema Fetva Hareketini Koruma\u2019 grubu gibi yeni yap\u0131lar\u0131n neyi hedefledikleri; \u00f6te yandan sek\u00fcler ve ultra milliyet\u00e7i asker k\u00f6kenli siyasi liderlerin \u0130slamc\u0131 partilerle ittifak g\u00f6r\u00fc\u015fmeleri ne anlama gelmektedir sorular\u0131 sorularak cevaplar\u0131n\u0131n tart\u0131\u015f\u0131lmas\u0131 gerekmektedir. Tabii bununla birlikte, geni\u015f halk kesimleri nas\u0131l bir y\u00f6netim istemektedir yollu soruyu da g\u00f6z ard\u0131 etmemek laz\u0131m. Belki bu hususlar\u0131 \u00f6n\u00fcm\u00fczdeki g\u00fcnlerde yeniden tart\u0131\u015fabiliriz.<\/p>\n","protected":false},"excerpt":{"rendered":"<p>Mehmet \u00d6zay \u00a0 \u00a0 \u00a0 \u00a0 \u00a0 \u00a0 \u00a0 \u00a0 \u00a0 \u00a0 \u00a0 \u00a0 \u00a0 \u00a0 \u00a0 \u00a0 \u00a0 \u00a0 \u00a0 \u00a0 \u00a0 \u00a0 \u00a0 \u00a0 \u00a0 \u00a0 \u00a0 \u00a0 \u00a0 \u00a0 \u00a0 \u00a0 \u00a0 \u00a0 \u00a0 \u00a0 \u00a0 \u00a0 \u00a0 \u00a0 \u00a0 \u00a0 \u00a0 \u00a0 \u00a0 \u00a0 \u00a030.07.2018 Endonezya\u2019da 2019 y\u0131l\u0131 ba\u015fkanl\u0131k ve parlamento [&hellip;]<\/p>\n","protected":false},"author":1,"featured_media":2478,"comment_status":"open","ping_status":"open","sticky":false,"template":"","format":"standard","meta":{"footnotes":""},"categories":[21,6],"tags":[],"class_list":["post-2476","post","type-post","status-publish","format-standard","has-post-thumbnail","hentry","category-endonezya","category-gunluk-yazilar"],"_links":{"self":[{"href":"https:\/\/guneydoguasyacalismalari.com\/tr_tr\/wp-json\/wp\/v2\/posts\/2476","targetHints":{"allow":["GET"]}}],"collection":[{"href":"https:\/\/guneydoguasyacalismalari.com\/tr_tr\/wp-json\/wp\/v2\/posts"}],"about":[{"href":"https:\/\/guneydoguasyacalismalari.com\/tr_tr\/wp-json\/wp\/v2\/types\/post"}],"author":[{"embeddable":true,"href":"https:\/\/guneydoguasyacalismalari.com\/tr_tr\/wp-json\/wp\/v2\/users\/1"}],"replies":[{"embeddable":true,"href":"https:\/\/guneydoguasyacalismalari.com\/tr_tr\/wp-json\/wp\/v2\/comments?post=2476"}],"version-history":[{"count":1,"href":"https:\/\/guneydoguasyacalismalari.com\/tr_tr\/wp-json\/wp\/v2\/posts\/2476\/revisions"}],"predecessor-version":[{"id":2477,"href":"https:\/\/guneydoguasyacalismalari.com\/tr_tr\/wp-json\/wp\/v2\/posts\/2476\/revisions\/2477"}],"wp:featuredmedia":[{"embeddable":true,"href":"https:\/\/guneydoguasyacalismalari.com\/tr_tr\/wp-json\/wp\/v2\/media\/2478"}],"wp:attachment":[{"href":"https:\/\/guneydoguasyacalismalari.com\/tr_tr\/wp-json\/wp\/v2\/media?parent=2476"}],"wp:term":[{"taxonomy":"category","embeddable":true,"href":"https:\/\/guneydoguasyacalismalari.com\/tr_tr\/wp-json\/wp\/v2\/categories?post=2476"},{"taxonomy":"post_tag","embeddable":true,"href":"https:\/\/guneydoguasyacalismalari.com\/tr_tr\/wp-json\/wp\/v2\/tags?post=2476"}],"curies":[{"name":"wp","href":"https:\/\/api.w.org\/{rel}","templated":true}]}}