{"id":2456,"date":"2018-07-10T21:23:51","date_gmt":"2018-07-10T21:23:51","guid":{"rendered":"http:\/\/guneydoguasyacalismalari.com\/?p=2456"},"modified":"2018-07-10T21:24:32","modified_gmt":"2018-07-10T21:24:32","slug":"turk-basininda-enver-ibrahim-ve-malezya-anwar-ibrahim-and-malaysia-in-turkish-press","status":"publish","type":"post","link":"https:\/\/guneydoguasyacalismalari.com\/tr_tr\/turk-basininda-enver-ibrahim-ve-malezya-anwar-ibrahim-and-malaysia-in-turkish-press\/","title":{"rendered":"T\u00fcrk Bas\u0131n\u0131\u2019nda Enver \u0130brahim ve Malezya \/ Anwar Ibrahim and Malaysia in Turkish Press"},"content":{"rendered":"<p><strong>Mehmet \u00d6zay \u00a0 \u00a0 \u00a0 \u00a0 \u00a0 \u00a0 \u00a0 \u00a0 \u00a0 \u00a0 \u00a0 \u00a0 \u00a0 \u00a0 \u00a0 \u00a0 \u00a0 \u00a0 \u00a0 \u00a0 \u00a0 \u00a0 \u00a0 \u00a0 \u00a0 \u00a0 \u00a0 \u00a0 \u00a0 \u00a0 \u00a0 \u00a0 \u00a0 \u00a0 \u00a0 \u00a0 \u00a0 \u00a0 \u00a0 \u00a0 \u00a0 \u00a0 \u00a0 \u00a0 \u00a0 \u00a0 \u00a010.07.2018<\/strong><\/p>\n<p style=\"text-align: justify;\">Malezya\u2019da muhalefet lideri Enver \u0130brahim\u2019in Haziran ay\u0131nda T\u00fcrkiye\u2019ye yapt\u0131\u011f\u0131 ziyaret, s\u0131radan birka\u00e7 haberin \u00f6tesinde \u00fczerinde kayda de\u011fer bir \u015fekilde durulmay\u0131 hak ediyor.<\/p>\n<p style=\"text-align: justify;\">Bu ziyaret, salt T\u00fcrkiye-Malezya aras\u0131nda bir \u2018karde\u015flik\u2019 unsuru olarak kabul etmek kadar, Malezya\u2019da ya\u015fanmakta olan de\u011fi\u015fimin neye tekab\u00fcl etti\u011fini anlama konusunda bir ba\u015flang\u0131\u00e7 vesilesi k\u0131l\u0131nabilir. Karde\u015flik unsuru diyoruz, \u00e7\u00fcnk\u00fc Enver \u0130brahim ziyareti s\u0131ras\u0131nda \u0130stanbul\u2019da bir kurumda yapt\u0131\u011f\u0131 konu\u015fmada bu hususu a\u00e7\u0131k\u00e7a dile getirmesiyle bu ger\u00e7e\u011fe vurgu yaparken, bu hususun bir \u00f6v\u00fcn\u00e7 vesilesi olmas\u0131n\u0131n da abart\u0131lmamas\u0131 gerekti\u011fini s\u00f6ylemek gerekir. Hatta ve hatta, Enver \u0130brahim\u2019in bu s\u00f6yleminin nazik bir Malay ziyaret\u00e7iden beklenebilecek ho\u015f bir s\u00f6ylem oldu\u011funu kabul etmekte fayda var.<\/p>\n<p style=\"text-align: justify;\"><strong>Malezya ger\u00e7e\u011fi<\/strong><\/p>\n<p style=\"text-align: justify;\">Bunun \u00f6tesinde Enver \u0130brahim\u2019in bu ziyaretinin, bug\u00fcn Malezya toplumunun ve bu toplumun siyasal hayat\u0131nda \u00f6nemli rol oynayan bu siyaset\u00e7inin temsil etti\u011fi toplumsal kesimlerin nas\u0131l bir de\u011fi\u015fim ve d\u00f6n\u00fc\u015f\u00fcm s\u00fcreci i\u00e7erisinde bulunduklar\u0131, bu s\u00fcrecin akt\u00f6rleri ve nesneleri olarak hangi rolleri \u00fcstlendikleri \u00fczerinde durulmal\u0131yd\u0131 ve h\u00e2l\u00e2 da durulabilir.<\/p>\n<p style=\"text-align: justify;\">Tam da bu noktada, yukar\u0131da dikkat \u00e7ekilen \u2018karde\u015flik\u2019 olgusunun Malezya toplumsal yap\u0131s\u0131n\u0131n, \u015fayet ger\u00e7ek\u00e7i demografik data ortaya konulacak olursa neredeyse y\u00fczde 40\u2019\u0131n\u0131 a\u015fk\u0131n Malay-M\u00fcsl\u00fcman olmayan bir kitleyi i\u00e7erdi\u011fi ger\u00e7e\u011fiyle \u00e7eli\u015fti\u011fini s\u00f6yleyebiliriz.<\/p>\n<p style=\"text-align: justify;\">Bu tenakuzun asl\u0131nda Enver \u0130brahim temelli ortaya \u00e7\u0131kmad\u0131\u011f\u0131n\u0131, belki de daha \u00e7ok T\u00fcrkiye\u2019de Malezya toplum yap\u0131s\u0131n\u0131n dayanaklar\u0131n\u0131n neye tekab\u00fcl etti\u011finin bilinmemesinden veya bu geni\u015f Malay-M\u00fcsl\u00fcman olmayan kitlenin \u00fclkenin siyasi, toplumsal ve k\u00fclt\u00fcrel ba\u011flam\u0131nda ne t\u00fcr bir yer i\u015fgal etti\u011fini anlayamamaktan kaynaklanm\u0131\u015f olabilir.<\/p>\n<p style=\"text-align: justify;\">Oysa bu durum, bizzat \u2018karde\u015flik\u2019 olgusuyla \u00f6ne \u00e7\u0131kart\u0131lan bizatihi Enver \u0130brahim\u2019in bug\u00fcn Malezya siyasetinde ve toplumunda uzunca bir s\u00fcredir g\u00fcndeme getirdi\u011fi \u00e7ok etnikli ve \u00e7ok k\u00fclt\u00fcrl\u00fc bir toplum ve siyaset in\u015fa etme d\u00fc\u015f\u00fcncesi ve \u00e7abas\u0131yla da \u00e7eli\u015fmektedir. Temelde s\u00f6ylemek istedi\u011fim de bu asl\u0131nda&#8230; B\u00f6ylesi bir bilgiyi s\u0131radan, pop\u00fcler, s\u0131\u011f haber anlay\u0131\u015f\u0131n\u0131n d\u0131\u015f\u0131na \u00e7\u0131karak geni\u015f kamuoyu olmasa bile, en az\u0131ndan okumu\u015f yazm\u0131\u015f kesime aktarma vazifesinde olmas\u0131 beklenen medya kurumlar\u0131n\u0131n ger\u00e7ekle\u015ftirmesi beklenebilir(di).<\/p>\n<p style=\"text-align: justify;\"><strong>T\u00fcrk bas\u0131n\u0131 Enver\u2019i biliyor<\/strong><\/p>\n<p style=\"text-align: justify;\">Bu noktada, T\u00fcrk bas\u0131n\u0131nda Enver \u0130brahim\u2019le ilgili \u00e7\u0131kan birka\u00e7 haberdeki i\u00e7eri\u011fe dikkat \u00e7ekilmesinde fayda var. Genel bir ifadeyle s\u00f6ylemek gerekirse, bu haberlerde Malezya toplumu ve siyasetini anlama \u00e7abas\u0131na tan\u0131k olunmamaktad\u0131r. \u00d6nceli\u011fin Enver \u0130brahim\u2019in ziyaretinin ger\u00e7ekle\u015fti\u011fi zaman diliminin T\u00fcrkiye i\u00e7 siyasetindeki geli\u015fmelere odakland\u0131r\u0131l\u0131\u015f\u0131na verildi\u011fi g\u00f6r\u00fcl\u00fcyor.<\/p>\n<p style=\"text-align: justify;\">Bunun anla\u015f\u0131labilir bir y\u00f6n\u00fcn\u00fcn oldu\u011funu zaten yukar\u0131da \u2018nazik bir Malay ziyaret\u00e7inin\u2019 yakla\u015f\u0131m\u0131 ba\u011flam\u0131nda s\u00f6ylemi\u015ftim. Medyan\u0131n b\u00fct\u00fcn kurgular\u0131n\u0131 bu husus \u00fczerine yapmas\u0131 ise, bu kurumun ya\u015famakta oldu\u011fu s\u0131\u011fl\u0131\u011f\u0131n bir par\u00e7as\u0131 olarak kabul etmek gerekir. Kald\u0131 ki, Enver \u0130brahim, Malezya konular\u0131nda baz\u0131 temel hususlarda bile b\u00fcy\u00fck hatalara imza at\u0131lm\u0131\u015f olmas\u0131 bu kurumun basit bir zaafiyet i\u00e7erisinde olmad\u0131\u011f\u0131, \u00fcst\u00fcne \u00fcstl\u00fck profesyonellikten de uzak oldu\u011funu ortaya koyuyor. \u00d6rne\u011fin, Enver \u0130brahim\u2019in on y\u0131l hapis yatt\u0131\u011f\u0131 ifadesi ger\u00e7ek yans\u0131tmamakta, herhalde olsa olsa haberi kaleme alan ki\u015finin \u0130ngilizce \u00e7evirisinden kaynaklanan teknik bir hata olsa gerek.<\/p>\n<p style=\"text-align: justify;\">Ayn\u0131 c\u00fcmleler aras\u0131nda, Enver \u0130brahim\u2019in asl\u0131nda ald\u0131\u011f\u0131 ceza olarak verilmesi belirtilmesi gereken a\u00e7\u0131klamada bunun nedeni olarak yolsuzluk ve adaletsizlik olgular\u0131n\u0131n yan\u0131 s\u0131ra \u2018ter\u00f6r\u2019 kelimesinin de kullan\u0131lm\u0131\u015f olmas\u0131 olduk\u00e7a \u015fa\u015f\u0131rt\u0131c\u0131. Enver \u0130brahim\u2019in hangi ter\u00f6r vak\u2019alar\u0131 ile ili\u015fkilendirilmi\u015f oldu\u011funu herhalde ayn\u0131 bas\u0131n yay\u0131n organlar\u0131 kamuoyuyla payla\u015fm\u0131\u015f olmal\u0131d\u0131r veya payla\u015fmal\u0131d\u0131r. Yoksa bu \u2018ter\u00f6r\u2019 kelimesini, hi\u00e7 ciddiye almadan, bir s\u00fcr\u00e7\u00fc lisand\u0131r diyerek ge\u00e7i\u015ftirilmeli midir?<\/p>\n<p style=\"text-align: justify;\"><strong>Malezya derin siyaseti<\/strong><\/p>\n<p style=\"text-align: justify;\">Malezya siyasetinin temel dinamiklerinden sek\u00fcler-milliyet\u00e7i, \u0130slamc\u0131, \u0130slamc\u0131-milliyet\u00e7i diyebilece\u011fimiz siyasal yelpaze ba\u011flam\u0131nda Enver \u0130brahim ve Dr. Mahathir Muhammed\u2019in pek de yan yana geldi\u011fini s\u00f6ylemek m\u00fcmk\u00fcn de\u011fildir. Dr. Mahathir\u2019in 1981 y\u0131l\u0131nda Ba\u015fbakanl\u0131k koltu\u011funa oturmas\u0131n\u0131n ard\u0131ndan hemen bir y\u0131l sonra Enver \u0130brahim\u2019in Birle\u015fik Malay Ulusal Organizasyonu (UMNO) partisine almas\u0131 ve ard\u0131ndan 1998 y\u0131l\u0131na kadar s\u0131ras\u0131yla \u00e7e\u015fitli bakanl\u0131klarda yer vermesi ve nihayetinde ba\u015fbakan yard\u0131mc\u0131l\u0131\u011f\u0131na kadar y\u00fckselmesi bu iki siyaset\u00e7inin dava arkada\u015f\u0131 olmas\u0131 anlam\u0131na gelmiyor.<\/p>\n<p style=\"text-align: justify;\">Aksine, yine T\u00fcrkiye\u2019de pek de bilindi\u011fi \u015f\u00fcpheli olan UMNO siyaset yapma bi\u00e7iminin pragmatik, \u00e7\u0131karc\u0131 temeller \u00fczerine bina edilen yap\u0131la\u015fmas\u0131n\u0131n bir sonucu olarak aktivist, M\u00fcsl\u00fcman gen\u00e7li\u011fi y\u00f6nlendirme kabiliyetinde olan gen\u00e7 birini UMNO\u2019ya alarak \u00fclke toplumsal hareketlili\u011fini kontrol alt\u0131nda tutma amac\u0131 oldu\u011funu s\u00f6ylemek m\u00fcmk\u00fcn. Ya da Enver \u0130brahim\u2019in temsil etti\u011fi zihniyetten hareketle ifade etmek gerekirse, bu s\u00fcreci ana ak\u0131m siyasetin merkezi UMNO saflar\u0131nda siyaset yapmak suretiyle kaleyi i\u00e7erden ku\u015fatman\u0131n bir t\u00fcr metodu ve prati\u011fini uygulamaya ge\u00e7irme olarak kabul edebiliriz. Bence, ba\u015fta T\u00fcrk bas\u0131n\u0131 olmak \u00fczere siyaset bilimi \u00e7evrelerinin bu konu \u00fczerinde biraz daha kafa yormas\u0131nda yarar var\u2026<\/p>\n<p style=\"text-align: justify;\">Bahsi ge\u00e7en haberin ilerleyen b\u00f6l\u00fcm\u00fcnde Enver \u0130brahim\u2019in lideri oldu\u011fu siyasi hareketin se\u00e7im ba\u015far\u0131lar\u0131na \u00f6rnek verilmek isteniyor yan\u0131lm\u0131yorsam. Ve bu \u00e7er\u00e7evede, onun a\u011fz\u0131ndan \u201c20 se\u00e7imden 13\u2019\u00fcn\u00fc kazand\u0131\u011f\u0131\u201dna dikkat \u00e7ekiliyor. Modern Malezya Federasyonu siyasal tarihinin 1957 y\u0131l\u0131nda ba\u015flad\u0131\u011f\u0131 ve bug\u00fcne kadar genel se\u00e7imlerin 14 kez yap\u0131ld\u0131\u011f\u0131 dikkate al\u0131nacak olursa \u201c20\u2019de 13\u201d\u00fcn neye tekab\u00fcl etti\u011fini herhalde ilgili medya organ\u0131n\u0131n edit\u00f6rlerinden hi\u00e7 kimsenin sorgulamas\u0131na maruz kalmad\u0131\u011f\u0131 anla\u015f\u0131l\u0131yor. Hadi diyelim ki, genel se\u00e7imler art\u0131 \u201cyerel se\u00e7imler\u201d kastediliyor gibi bir c\u00fcmleye s\u0131\u011f\u0131n\u0131labilir. Ancak Malezya Federasyonu\u2019nda eyalet valili\u011fi, belediye ba\u015fkanl\u0131\u011f\u0131, muhtarl\u0131k gibi yerel se\u00e7imler gibi bir siyasi se\u00e7im sistemi mevcut de\u011fil.<\/p>\n<p style=\"text-align: justify;\"><strong>Malezya\u2019da demokratik yap\u0131y\u0131 savunmak<\/strong><\/p>\n<p style=\"text-align: justify;\">Enver \u0130brahim, 2015 y\u0131l\u0131 \u015eubat ay\u0131nda ikinci hapis s\u00fcrecinde T\u00fcrkiye Cumhurba\u015fkan\u0131\u2019n\u0131n Malezya ba\u015fbakan\u0131 Necib bin Rezzak ve Dr. Mahathir Muhammed\u2019e kendisinin hapiste olmas\u0131n\u0131n \u00fclkede, yani Malezya\u2019da demokratik uygulamalar ve adalet konusuna vurgu yapt\u0131\u011f\u0131n\u0131 dile getirmesi olduk\u00e7a \u00f6nemlidir. Ancak bu sat\u0131rlar\u0131 okuyunca, bir s\u00fcre \u00f6nce Malezya\u2019da tan\u0131k oldu\u011fum bir durum akl\u0131ma geldi.<\/p>\n<p style=\"text-align: justify;\">O d\u00f6nem, t\u0131pk\u0131 en az\u0131ndan baz\u0131 Avrupa bas\u0131n\u0131nda oldu\u011fu gibi Malezya bas\u0131n\u0131nda da T\u00fcrkiye Cumhurba\u015fkan\u0131\u2019na y\u00f6nelik ele\u015ftirel yakla\u015f\u0131mlar g\u00fcndeme getiriliyordu. Bu durum kar\u015f\u0131s\u0131nda, \u00fclkesinin Cumhurba\u015fkan\u0131n\u0131 savunmak isteyen bir T\u00fcrk \u2018yetkili\u2019, Malezya\u2019n\u0131n muhalif medyas\u0131nda bir kar\u015f\u0131t metin yay\u0131nlatm\u0131\u015f ve metinde T\u00fcrkiye Cumhurba\u015fkan\u0131\u2019n\u0131n da t\u0131pk\u0131 Malezya ba\u015fbakan\u0131 gibi demokratik yollarla se\u00e7ilmi\u015f liderler oldu\u011funu ortaya koyarak, Malezya toplumu ve de bas\u0131n\u0131nda bir t\u00fcr me\u015fruiyet sa\u011flama \u00e7abas\u0131 sergilemi\u015fti.<\/p>\n<p style=\"text-align: justify;\">B\u00f6yle yapt\u0131\u011f\u0131n\u0131 bizzat bana telefonda anlatan bu \u2018yetkili\u2019nin bu a\u00e7\u0131klamas\u0131na tebess\u00fcm ederek kar\u015f\u0131l\u0131k vermi\u015f ve y\u00fcz y\u00fcze geldi\u011fimizde bu yaz\u0131yla ilgili g\u00f6r\u00fc\u015f\u00fcm\u00fc kendisiyle payla\u015faca\u011f\u0131m\u0131 s\u00f6ylemi\u015ftim. Ancak y\u00fcz y\u00fcze gelme f\u0131rsat\u0131 bulamad\u0131\u011f\u0131m\u0131zdan, bu vesileyle burada aktarm\u0131\u015f olay\u0131m. Me\u015fruiyet sa\u011flamaya matuf bu yaz\u0131n\u0131n i\u00e7eri\u011finin de alelacele verilmi\u015f bir karar oldu\u011fu, Malezya siyasetinde se\u00e7imlerin, bu siyasetin ana damar\u0131 UMNO\u2019nun bir siyasal parti olman\u0131n \u00f6tesindeki anlam\u0131, her iki \u00fclkede ad\u0131na se\u00e7im denilen siyasi y\u00f6ntemin uygulan\u0131rl\u0131l\u0131\u011f\u0131na ra\u011fmen, kar\u015f\u0131l\u0131klar\u0131n\u0131n ve sonu\u00e7lar\u0131n\u0131n pek de benzer olmad\u0131\u011f\u0131n\u0131 s\u00f6ylemek gerekiyor(du).<\/p>\n<p style=\"text-align: justify;\">Hele hele, iki \u00fclkenin siyasi liderlerinin \u2018demokratik\u2019lik \u00fczerinden benzerliklerine vurgu yap\u0131lan o yaz\u0131n\u0131n \u00e7\u0131kt\u0131\u011f\u0131 d\u00f6nemde, Malezya toplumu d\u00f6nemin ba\u015fbakan\u0131 Necib bin Rezzak\u2019\u0131n \u201c1 Malezya Kalk\u0131nma Fonu\u201dyla (1MDB) ilgili usuls\u00fczl\u00fckleriyle \u00e7alkalanmaktayd\u0131. Bu minvalde, Malezya\u2019n\u0131n d\u00f6nemin belki de birka\u00e7 muhalif bas\u0131n\u0131ndan biri olan s\u00f6z konusu yay\u0131n organ\u0131nda o yaz\u0131n\u0131n \u00e7\u0131kmas\u0131 da bir basiret \u00f6rne\u011fi ve bir ho\u015f seda olarak hat\u0131ralarda yer etmi\u015f oldu. Zaten Enver \u0130brahim\u2019in \u0130stanbul\u2019da davetli oldu\u011fu konu\u015fman\u0131n ba\u015fl\u0131\u011f\u0131 da \u201c\u0130slam d\u00fcnyas\u0131n\u0131n gelece\u011fi ve Malezya\u2019n\u0131n Demokrasiye Ge\u00e7i\u015fi\u201d oldu\u011funa g\u00f6re, Malezya\u2019da demokrasinin, en az\u0131ndan 9 May\u0131s se\u00e7imleri \u00f6ncesinde olmad\u0131\u011f\u0131 da dolayl\u0131 olarak ortaya konmu\u015f oluyor.<\/p>\n<p style=\"text-align: justify;\"><strong>Wikipedyac\u0131l\u0131k i\u015f yap\u0131yor (!)<\/strong><\/p>\n<p style=\"text-align: justify;\">Haberin son b\u00f6l\u00fcm\u00fcnde, genel okuyucu kitlesine hitap edildi\u011fini ilan edercesine, Enver \u0130brahim\u2019in tan\u0131nmad\u0131\u011f\u0131ndan hareketle k\u0131sa bir biyografisi verilmesi uygun bulunmu\u015f. Her zamanki gibi, wikipedyac\u0131l\u0131k y\u00f6ntemiyle bir yerlerden al\u0131nt\u0131lanan bu b\u00f6l\u00fcmde de bariz bilgi yanl\u0131\u015fl\u0131klar\u0131, bizatihi haberi kaleme alan ve bu habere onay veren edit\u00f6rlerin konuya yakla\u015f\u0131mlar\u0131ndaki basiretsizliklerini g\u00f6rmek m\u00fcmk\u00fcn.<\/p>\n<p style=\"text-align: justify;\">\u201cEnver \u0130brahim\u2019in 1981-1988 y\u0131llar\u0131nda Uluslararas\u0131 \u0130slam \u00dcniversitesi\u2019nin ba\u015fkanl\u0131\u011f\u0131n\u0131 y\u00fcr\u00fctt\u00fc\u011f\u00fc\u201dne dikkat \u00e7ekilirken, c\u00fcmlenin devam\u0131nda \u201cbu g\u00f6revinin ard\u0131ndan \u00fclkesine d\u00f6nerek siyasette y\u00fckselmeye ba\u015flad\u0131\u011f\u0131\u201d belirtiliyor. Do\u011fru ad\u0131 \u2018Malezya Uluslararas\u0131 \u0130slam \u00dcniversitesi (<em>International Islamic University of Malaysia <\/em>\u2013IIUM veya Malayca ad\u0131yla Universitas Islam Antarabangsa Malaysia -UIA) olan bu kurum 1983 y\u0131l\u0131nda kuruldu\u011fundan Enver \u0130brahim\u2019in 1981 y\u0131l\u0131nda ba\u015fkan olmas\u0131 m\u00fcmk\u00fcn g\u00f6z\u00fckm\u00fcyor.<\/p>\n<p style=\"text-align: justify;\">Enver \u0130brahim\u2019in \u00fcniversitenin \u2018ba\u015fkanl\u0131\u011f\u0131\u2019 yani, rekt\u00f6rl\u00fck gibi akademik bir makam\u0131n d\u0131\u015f\u0131nda bir bakan veya \u00f6nemli bir \u00fcst d\u00fczey b\u00fcrokrat\u0131n atand\u0131\u011f\u0131 makamda ikinci ba\u015fkan olarak bulunmas\u0131 1988-1998 y\u0131llar\u0131 aras\u0131ndad\u0131r. Bu b\u00f6l\u00fcmdeki wikipedia aktar\u0131mlar\u0131ndan biri 2014\u2019de Malezya\u2019da se\u00e7im oldu\u011fu y\u00f6n\u00fcndeki c\u00fcmle. Malezya\u2019da be\u015f y\u0131lda bir yap\u0131lan se\u00e7imlerden son \u00fc\u00e7\u00fcn\u00fc s\u0131ralayacak olursak 2008, 2013 ve 2018 kar\u015f\u0131m\u0131za \u00e7\u0131kar. 2014\u2019de se\u00e7im olmad\u0131\u011f\u0131 ortadad\u0131r\u2026 Edit\u00f6rlerin birka\u00e7 y\u0131l \u00f6nceki basit bir tarihi aktar\u0131m\u0131 da es ge\u00e7tikleri s\u00fcr\u00e7\u00fc lisan bab\u0131nda de\u011ferlendirilmelidir.<\/p>\n<p style=\"text-align: justify;\">T\u00fcrkiye\u2019de \u00f6ne \u00e7\u0131kan kitapevlerinde acaba Malezya siyaseti ve toplumu, Enver \u0130brahim, Dr. Mahathir Muhammed vb. konular\u0131 ele ka\u00e7 kitapla kar\u015f\u0131la\u015fabiliniyorsa, T\u00fcrk medyas\u0131nda da bu ve benzeri konularda g\u00f6r\u00fc\u015f beyan edildi\u011finde o kadar sa\u011flam bilgi ve haberlere ula\u015f\u0131l\u0131yor demektir.<\/p>\n<p style=\"text-align: justify;\"><strong>\u201cAffetmeye haz\u0131r m\u0131s\u0131n?\u201d<\/strong><\/p>\n<p style=\"text-align: justify;\">Enver \u0130brahim\u2019le yap\u0131lan bir m\u00fcl\u00e2kata dayanan haberde ise, tuhaf c\u00fcmlelerle okuyucu kar\u015f\u0131s\u0131na \u00e7\u0131k\u0131ld\u0131\u011f\u0131 izlenimi ediniliyor. Sanki, konu anla\u015f\u0131lmas\u0131n diye bilin\u00e7li mi yap\u0131lm\u0131\u015f, yoksa haberi yazan gazetecinin \u00fcst\u00fcn bir marifetinin eseri mi diye sormak gerekiyor. Haberde \u015f\u00f6yle bir ifade var: -\u0130brahim, \u2018Bana affetmeye haz\u0131r m\u0131s\u0131n\u2019 \u015feklinde bir mektup geldi. Affetmem \u00e7ok da \u00f6nemli bir \u015fey de\u011fil. Ben de bir \u015fart \u00f6ne s\u00fcrd\u00fcr\u201d&#8230; diye devam ediyor.<\/p>\n<p style=\"text-align: justify;\">Ancak burada neyi kimin ni\u00e7in affedece\u011fi, mektubu kim neden \u0130brahim\u2019e g\u00f6nderdi\u011fi gibi \u00f6nemli sorular\u0131n cevab\u0131n\u0131 bulam\u0131yoruz. Ayn\u0131 haberin giri\u015finde \u201c\u0130slam d\u00fcnyas\u0131n\u0131n gelece\u011fi ve Malezya\u2019n\u0131n demokrasiye ge\u00e7i\u015fi\u201d ile Enver \u0130brahim\u2019in konu\u015fmas\u0131n\u0131n ba\u015fl\u0131\u011f\u0131 verilmekle birlikte, haberde bu ba\u015fl\u0131kla ba\u011flant\u0131l\u0131 bir tek c\u00fcmlenin olmamas\u0131 da olduk\u00e7a ilgin\u00e7. Bu da yeni bir habercilik anlay\u0131\u015f\u0131 olmal\u0131 herhalde.<\/p>\n<p style=\"text-align: justify;\"><strong>Cezavinden \u00e7\u0131km\u0131\u015f! <\/strong><\/p>\n<p style=\"text-align: justify;\">T\u00fcrkiye\u2019nin \u00f6nce medyas\u0131 iddias\u0131ndaki yay\u0131n organ\u0131 biraz da s\u00fcrpriz bir \u015fekilde hi\u00e7 de anlamad\u0131\u011f\u0131 konuya el atarak Enver \u0130brahim\u2019le r\u00f6portaja kalk\u0131\u015fm\u0131\u015f. Ba\u015fl\u0131\u011f\u0131n\u0131 da \u201cCezaevi\u2019nden \u00e7\u0131kt\u0131 T\u00fcrkiye\u2019ye geldi\u2026\u201d diye atm\u0131\u015f. B\u00f6lgeyi takip eden biri olarak Enver \u0130brahim\u2019in Endonezya\u2019ya giderek devlet ba\u015fkan yard\u0131mc\u0131s\u0131 Yusuf Kalla ile ve baz\u0131 \u00f6nemli \u015fahsiyetlerle g\u00f6r\u00fc\u015ft\u00fc\u011f\u00fcn\u00fc, ard\u0131ndan \u0130ngiltere\u2019ye giderek hem kendi mahkeme s\u00fcrecinde \u00f6nemli rol oynayan avukatlar\u0131yla biraraya geldi\u011fini okumu\u015ftum.<\/p>\n<p style=\"text-align: justify;\">Ba\u015fbakanl\u0131k g\u00f6revini \u00fcstlenen Dr. Mahathir Muhammed\u2019in ise bir \u0130slam \u00fclkesinden \u00f6nce 1980\u2019lerde g\u00fcndeme getirdi\u011fi \u2018Do\u011fu Politikas\u0131\u2019n\u0131n devam\u0131 mahiyetinde oldu\u011fu izlenimini verecek \u015fekilde Japonya\u2019ya gitti\u011fini biliyorduk. Ancak Enver \u0130brahim\u2019in cezavinden \u00e7\u0131kar \u00e7\u0131kmaz solu\u011fu T\u00fcrkiye\u2019de ald\u0131\u011f\u0131n\u0131 da bu bas\u0131n organ\u0131ndan \u00f6\u011frenmi\u015f olduk!&#8230;<\/p>\n<p style=\"text-align: justify;\">Haberin bir de g\u00f6rseli var ki, yaz\u0131k\u2026 R\u00f6portaj\u0131 yapan ki\u015finin beden dili, \u00f6nemli bir siyaset\u00e7inin oturtuldu\u011fu mek\u00e2n, foto\u011fraf\u00e7\u0131n\u0131n kadraj zenginli\u011fi (!) herhalde \u00f6nemli bir ders malzemesi olarak okutulabilir. Ya da s\u00f6m\u00fcrgecilik derslerimize konu olacak denli, iki do\u011fuludan kendini \u201csuperiority\u201d makam\u0131nda g\u00f6rme e\u011filimindeki bas\u0131n\u0131 ile bu bas\u0131n\u0131n di\u011fer do\u011fuluyu \u201cinferiority\u201d konumuna hapsetme muamelesinde bulunmas\u0131 gibi derin bir ba\u011flam\u0131n\u0131 da g\u00fcndeme getirmek m\u00fcmk\u00fcn.<\/p>\n<p style=\"text-align: justify;\">Bu m\u00fcl\u00e2katta \u00f6nemli sorular g\u00fcndeme gelmi\u015f.\u00a0 Enver \u0130brahim de bu f\u0131rsat\u0131 ka\u00e7\u0131rmayarak \u2018dava adam\u0131\u2019 kimli\u011fini \u00f6ne \u00e7\u0131kartarak ders verircesine cevaplar\u0131 payla\u015fm\u0131\u015f. Tabii sorulardan yeni \u015feyler de \u00f6\u011frenmiyor de\u011filiz. \u00d6rne\u011fin, Enver \u0130brahim\u2019in \u201cpek \u00e7ok kez cezaevine\u201d girdi\u011fini burada \u00f6\u011freniyoruz! Sorular\u0131 da foto\u011fraftaki beden diline benzeyen gazeteci bu sorular\u0131n\u0131n bir b\u00f6l\u00fcm\u00fcyle, \u201cAcaba T\u00fcrkiye\u2019ye mi yans\u0131tma yap\u0131yor?\u201d dedirtiyor. Haberde Enver \u0130brahim\u2019in cezaevi s\u00fcreci ve T\u00fcrkiye-Malezya ili\u015fkilerine dair bilgilendirilece\u011fini anlayan okuyucu maalesef bu haberde de s\u00fckutu hayale u\u011fruyor. Belki de \u015fu soruyu mu sormak gerekiyor acaba: Ortada Malezya\u2019y\u0131 \u00f6\u011frenmek isteyen bir okuyucu kitlesi var da bas\u0131n m\u0131 haber yapm\u0131yor?<\/p>\n","protected":false},"excerpt":{"rendered":"<p>Mehmet \u00d6zay \u00a0 \u00a0 \u00a0 \u00a0 \u00a0 \u00a0 \u00a0 \u00a0 \u00a0 \u00a0 \u00a0 \u00a0 \u00a0 \u00a0 \u00a0 \u00a0 \u00a0 \u00a0 \u00a0 \u00a0 \u00a0 \u00a0 \u00a0 \u00a0 \u00a0 \u00a0 \u00a0 \u00a0 \u00a0 \u00a0 \u00a0 \u00a0 \u00a0 \u00a0 \u00a0 \u00a0 \u00a0 \u00a0 \u00a0 \u00a0 \u00a0 \u00a0 \u00a0 \u00a0 \u00a0 \u00a0 \u00a010.07.2018 Malezya\u2019da muhalefet lideri Enver \u0130brahim\u2019in Haziran [&hellip;]<\/p>\n","protected":false},"author":1,"featured_media":2461,"comment_status":"open","ping_status":"open","sticky":false,"template":"","format":"standard","meta":{"footnotes":""},"categories":[6,27],"tags":[],"class_list":["post-2456","post","type-post","status-publish","format-standard","has-post-thumbnail","hentry","category-gunluk-yazilar","category-malezya"],"_links":{"self":[{"href":"https:\/\/guneydoguasyacalismalari.com\/tr_tr\/wp-json\/wp\/v2\/posts\/2456","targetHints":{"allow":["GET"]}}],"collection":[{"href":"https:\/\/guneydoguasyacalismalari.com\/tr_tr\/wp-json\/wp\/v2\/posts"}],"about":[{"href":"https:\/\/guneydoguasyacalismalari.com\/tr_tr\/wp-json\/wp\/v2\/types\/post"}],"author":[{"embeddable":true,"href":"https:\/\/guneydoguasyacalismalari.com\/tr_tr\/wp-json\/wp\/v2\/users\/1"}],"replies":[{"embeddable":true,"href":"https:\/\/guneydoguasyacalismalari.com\/tr_tr\/wp-json\/wp\/v2\/comments?post=2456"}],"version-history":[{"count":1,"href":"https:\/\/guneydoguasyacalismalari.com\/tr_tr\/wp-json\/wp\/v2\/posts\/2456\/revisions"}],"predecessor-version":[{"id":2462,"href":"https:\/\/guneydoguasyacalismalari.com\/tr_tr\/wp-json\/wp\/v2\/posts\/2456\/revisions\/2462"}],"wp:featuredmedia":[{"embeddable":true,"href":"https:\/\/guneydoguasyacalismalari.com\/tr_tr\/wp-json\/wp\/v2\/media\/2461"}],"wp:attachment":[{"href":"https:\/\/guneydoguasyacalismalari.com\/tr_tr\/wp-json\/wp\/v2\/media?parent=2456"}],"wp:term":[{"taxonomy":"category","embeddable":true,"href":"https:\/\/guneydoguasyacalismalari.com\/tr_tr\/wp-json\/wp\/v2\/categories?post=2456"},{"taxonomy":"post_tag","embeddable":true,"href":"https:\/\/guneydoguasyacalismalari.com\/tr_tr\/wp-json\/wp\/v2\/tags?post=2456"}],"curies":[{"name":"wp","href":"https:\/\/api.w.org\/{rel}","templated":true}]}}