{"id":2356,"date":"2018-04-10T16:52:11","date_gmt":"2018-04-10T16:52:11","guid":{"rendered":"http:\/\/guneydoguasyacalismalari.com\/?p=2356"},"modified":"2018-04-10T16:52:11","modified_gmt":"2018-04-10T16:52:11","slug":"aceli-t-ali-basyah-talsya-vefat-etti-t-ali-basyah-talsya-passed-away-in-aceh","status":"publish","type":"post","link":"https:\/\/guneydoguasyacalismalari.com\/tr_tr\/aceli-t-ali-basyah-talsya-vefat-etti-t-ali-basyah-talsya-passed-away-in-aceh\/","title":{"rendered":"A\u00e7e\u2019li T. Ali Basyah Talsya vefat etti \/ T. Ali Basyah Talsya passed away in Aceh"},"content":{"rendered":"<p><strong>Mehmet \u00d6zay \u00a0 \u00a0 \u00a0 \u00a0 \u00a0 \u00a0 \u00a0 \u00a0 \u00a0 \u00a0 \u00a0 \u00a0 \u00a0 \u00a0 \u00a0 \u00a0 \u00a0 \u00a0 \u00a0 \u00a0 \u00a0 \u00a0 \u00a0 \u00a0 \u00a0 \u00a0 \u00a0 \u00a0 \u00a0 \u00a0 \u00a0 \u00a0 \u00a0 \u00a0 \u00a0 \u00a0 \u00a0 \u00a0 \u00a0 \u00a0 \u00a0 \u00a0 \u00a0 \u00a0 \u00a0 \u00a0 \u00a010.04.2018<\/strong><\/p>\n<p style=\"text-align: justify;\">Bundan on y\u0131l\u0131 a\u015fk\u0131n s\u00fcre \u00f6nce yay\u0131nlanan bir \u00e7al\u0131\u015fmada, \u201cA\u00e7e\u2019li dev adam Talsha\u201d diye bir ba\u015fl\u0131k atm\u0131\u015ft\u0131m. Ancak \u2018vefat etti\u2019 ifadesi olmadan. D\u00fcn, \u201cA\u00e7e\u2019li Dev Adam\u201d Teuku Ali Basyah Talsya, d\u00fcn ak\u015fam saatlerinde vefat etti. Bu sabah bu k\u0131ymetli insan\u0131n vefat haberini ald\u0131\u011f\u0131mda elbette ki \u00fcz\u00fcnt\u00fcm b\u00fcy\u00fckt\u00fc. Kendisini en son 2016 y\u0131l\u0131 ba\u015flar\u0131nda, birka\u00e7 k\u0131ymetli dostla birlikte ziyaret etmi\u015ftim. Aya\u011fa kalkamayacak denli rahats\u0131zd\u0131. Bu nedenle konu\u015fmam\u0131z m\u00fcmk\u00fcn olmam\u0131\u015ft\u0131\u2026<\/p>\n<p style=\"text-align: justify;\">\u00dcz\u00fcnt\u00fcm kendisiyle zaman zaman g\u00f6r\u00fc\u015ft\u00fc\u011f\u00fcm, sohbet etmek imk\u00e2n\u0131 yakalad\u0131\u011f\u0131m ve A\u00e7e\u2019ye her gidi\u015fimde s\u00fcrekli ziyaret etmek istedi\u011fim bir ki\u015fiyi bir daha g\u00f6rememekle s\u0131n\u0131rl\u0131 de\u011fil. Bunun yan\u0131 s\u0131ra, A\u00e7e\u2019nin \u00fc\u00e7 \u00f6nemli d\u00f6nemine tan\u0131kl\u0131k etmi\u015f bir insan\u0131, A\u00e7e toplumunun anlayamam\u0131\u015f olmas\u0131 ve hayattayken lay\u0131k oldu\u011fu de\u011feri pek de verememi\u015f olmas\u0131d\u0131r. 20. y\u00fczy\u0131l ba\u015flar\u0131nda d\u00fcnyaya gelen Talsya, A\u00e7e topraklar\u0131n\u0131 saran Hollanda s\u00f6m\u00fcrgecili\u011fi, 1942-1945 y\u0131llar\u0131nda Japonya\u2019n\u0131n varl\u0131\u011f\u0131 ve ard\u0131ndan ba\u011f\u0131ms\u0131zl\u0131k s\u00fcrecini yakinen tecr\u00fcbe etmi\u015f, bilfiil i\u015ftirak etmi\u015f bir ki\u015fiydi.<\/p>\n<p style=\"text-align: justify;\">Talsya, s\u00f6m\u00fcrge s\u00fcre\u00e7lerinde A\u00e7e topraklar\u0131n\u0131n \u00f6zg\u00fcrl\u00fck ve ba\u011f\u0131ms\u0131zl\u0131\u011fa inanan bir ki\u015fi olarak ya\u015fam s\u00fcrd\u00fcr. Bu s\u00fcre\u00e7te, dinine ve vatan\u0131na ba\u011fl\u0131l\u0131\u011f\u0131n\u0131 duygu y\u00f6n\u00fcn\u00fcn yan\u0131 s\u0131ra, d\u00fc\u015f\u00fcnce ve eylemleriyle ortaya koymas\u0131yla dikkat \u00e7eken bir isimdi. Bu duru\u015funu ya\u015fam\u0131n\u0131n her d\u00f6neminde ortaya koyarken, adeta bu \u00f6zellikler onun ayr\u0131lmaz bir par\u00e7as\u0131 olmu\u015ftu. Kendisini ilk ziyaret etti\u011fim 2005 y\u0131l\u0131 Sonbahar\u0131\u2019nda, A\u00e7e\u2019deki din ve vatan m\u00fccadelesinden bahsederken ki \u0131\u015f\u0131lt\u0131lar\u0131 hala capcanl\u0131 g\u00f6z\u00fcm\u00fcn \u00f6n\u00fcnde.<\/p>\n<p style=\"text-align: justify;\">Talsya, A\u00e7e toplumunun belki de tarih boyunca kar\u015f\u0131 kar\u015f\u0131ya kald\u0131\u011f\u0131 en zor d\u00f6nemler aras\u0131nda say\u0131lacak 20. y\u00fczy\u0131l ilk yar\u0131s\u0131 gibi me\u015fakkatli bir d\u00f6nemde t\u0131pk\u0131 yak\u0131n arkada\u015flar\u0131 gibi, A\u00e7e toplumunun ba\u011f\u0131ms\u0131zl\u0131\u011f\u0131 ve \u00f6zg\u00fcrl\u00fc\u011f\u00fc duygusunu her an ya\u015farken, bu duru\u015funu bir sorumluluk olarak addetti\u011finin ifadesi olarak bir gazeteci ve yazar olarak siyasal ve toplumsal s\u00fcre\u00e7lere katk\u0131da bulundu.<\/p>\n<p style=\"text-align: justify;\">A\u00e7e topraklar\u0131n\u0131n 400 y\u0131l\u0131 bulan ve b\u00f6lgedeki devlet yap\u0131lanmalar\u0131 i\u00e7erisinde bu anlamda yeg\u00e2ne bir yeri bulunan b\u00f6lgenin s\u00f6m\u00fcrgecilik s\u00fcrecine konu olmas\u0131na ra\u011fmen, bu s\u00fcrecin sonland\u0131r\u0131lmas\u0131 konusunda verilen m\u00fccadelenin i\u00e7inde yer ald\u0131. A\u00e7e topraklar\u0131n\u0131n 17 A\u011fustos 1945 y\u0131l\u0131nda il\u00e2n edilen Endonezya Cumhuriyeti s\u0131n\u0131rlar\u0131 i\u00e7erisinde yer almas\u0131yla birlikte, bu s\u00fcrece giden m\u00fccadeleyi ve sonras\u0131n\u0131 kaleme ald\u0131\u011f\u0131 yaz\u0131lar\u0131yla bir anlamda d\u00f6nemine \u0131\u015f\u0131k tuttu.<\/p>\n<p style=\"text-align: justify;\">Talsya bu d\u00f6nemde, ayn\u0131 zamanda A\u00e7e topraklar\u0131n\u0131n tarihi, dini-k\u00fclt\u00fcrel ve toplumsal yap\u0131la\u015fmas\u0131na ba\u011fl\u0131l\u0131\u011f\u0131n\u0131, \u00f6rne\u011fin, \u00a0\u201cIskandar Muda: Negarawan dan Pahlawan Besar\u201d, (<em>Sinar Darussalam<\/em>, 1969, No. 15, Djuli, Banda Atjeh) gibi s\u00f6z konusu bu d\u00f6nemlerin ortaya \u00e7\u0131kmas\u0131nda rol alan sultanlar\u0131 ve siyasi liderleri konu alan \u00e7al\u0131\u015fmalar\u0131yla ortaya koymu\u015ftur. \u00d6yle ki, bu \u00e7al\u0131\u015fmalar, uzun Hollanda Sava\u015f\u0131\u2019n\u0131n (1873-1911) A\u00e7e toplumunda yaratt\u0131\u011f\u0131 travmay\u0131 giderecek ve bu s\u00fcrecin neden oldu\u011fu tarihi ve entelekt\u00fcel y\u0131k\u0131m\u0131 tedavi edecek bir \u00e7aba olarak de\u011ferlendirilmeyi hak etmektedir.<\/p>\n<p style=\"text-align: justify;\">Talsya, s\u00f6m\u00fcrge m\u00fccadelesinin ard\u0131ndan gelen ba\u011f\u0131ms\u0131zl\u0131k ortam\u0131nda \u00e7al\u0131\u015fmalar\u0131n\u0131 <em>Sinar Darussalam<\/em> ba\u015fta olmak \u00fczere <em>Merdeka<\/em>, <em>Pahlawan<\/em>, <em>Soeloeh<\/em> gibi d\u00f6neminin \u00f6nemli yay\u0131n organlar\u0131nda yay\u0131nlad\u0131. Toplumsal tarih i\u00e7erikli gazete ve dergi yaz\u0131lar\u0131n\u0131n yan\u0131 s\u0131ra, <em>Aceh dan Pahang<\/em>, (Medan: Prakarsa Abadi Press, 1989); <em>Batu Karang ditengah Lautan (Perjuangan Kemerdekaan Di Aceh<\/em>: 1945-1946);\u00a0<em>10 Tahun Daerah Istimewa Aceh<\/em>;\u00a0<em>Sejarah Dokumen-Dokumen Pemberontakan di Atjeh<\/em>, (Jakarta: Kesuma); <em>Atjeh Jang Kaja Budaj<\/em>a, (Banda Atjeh: Pustaka Meutia, 1972) gibi eserlere imza att\u0131.<\/p>\n<p style=\"text-align: justify;\">Talsha Bey\u2019in zengin ve derin haf\u0131zas\u0131n\u0131n kay\u0131tlara ge\u00e7mesi en b\u00fcy\u00fck dile\u011fimdi. Ancak bu yap\u0131lamad\u0131\u2026 \u015eimdi ard\u0131nda b\u0131rakt\u0131\u011f\u0131 ve en az\u0131ndan \u015fimdiye kadar ula\u015fabildi\u011fim yukar\u0131da zikretti\u011fim eserlerin yeni nesle \u0131\u015f\u0131k tutmas\u0131n\u0131 diliyorum. Bu \u00e7er\u00e7evede, ba\u015fta A\u00e7e\u2019deki akademi d\u00fcnyas\u0131 olmak \u00fczere Endonezya\u2019daki ara\u015ft\u0131rmac\u0131lar\u0131n bu eserler \u00fczerinden A\u00e7e ve Endonezya toplumunun yak\u0131n ge\u00e7mi\u015fini anlama u\u011fra\u015flar\u0131nda baz\u0131 eserlere ba\u015fvurmalar\u0131 hi\u00e7 ku\u015fku yok ki \u00f6nemli katk\u0131lar sa\u011flayacakt\u0131r.<\/p>\n<p style=\"text-align: justify;\">\n<p style=\"text-align: justify;\">Talsya Bey\u2019e Allah\u2019tan rahmet diliyorum.<\/p>\n","protected":false},"excerpt":{"rendered":"<p>Mehmet \u00d6zay \u00a0 \u00a0 \u00a0 \u00a0 \u00a0 \u00a0 \u00a0 \u00a0 \u00a0 \u00a0 \u00a0 \u00a0 \u00a0 \u00a0 \u00a0 \u00a0 \u00a0 \u00a0 \u00a0 \u00a0 \u00a0 \u00a0 \u00a0 \u00a0 \u00a0 \u00a0 \u00a0 \u00a0 \u00a0 \u00a0 \u00a0 \u00a0 \u00a0 \u00a0 \u00a0 \u00a0 \u00a0 \u00a0 \u00a0 \u00a0 \u00a0 \u00a0 \u00a0 \u00a0 \u00a0 \u00a0 \u00a010.04.2018 Bundan on y\u0131l\u0131 a\u015fk\u0131n s\u00fcre \u00f6nce [&hellip;]<\/p>\n","protected":false},"author":1,"featured_media":2357,"comment_status":"open","ping_status":"open","sticky":false,"template":"","format":"standard","meta":{"footnotes":""},"categories":[10,6],"tags":[],"class_list":["post-2356","post","type-post","status-publish","format-standard","has-post-thumbnail","hentry","category-ace","category-gunluk-yazilar"],"_links":{"self":[{"href":"https:\/\/guneydoguasyacalismalari.com\/tr_tr\/wp-json\/wp\/v2\/posts\/2356","targetHints":{"allow":["GET"]}}],"collection":[{"href":"https:\/\/guneydoguasyacalismalari.com\/tr_tr\/wp-json\/wp\/v2\/posts"}],"about":[{"href":"https:\/\/guneydoguasyacalismalari.com\/tr_tr\/wp-json\/wp\/v2\/types\/post"}],"author":[{"embeddable":true,"href":"https:\/\/guneydoguasyacalismalari.com\/tr_tr\/wp-json\/wp\/v2\/users\/1"}],"replies":[{"embeddable":true,"href":"https:\/\/guneydoguasyacalismalari.com\/tr_tr\/wp-json\/wp\/v2\/comments?post=2356"}],"version-history":[{"count":1,"href":"https:\/\/guneydoguasyacalismalari.com\/tr_tr\/wp-json\/wp\/v2\/posts\/2356\/revisions"}],"predecessor-version":[{"id":2358,"href":"https:\/\/guneydoguasyacalismalari.com\/tr_tr\/wp-json\/wp\/v2\/posts\/2356\/revisions\/2358"}],"wp:featuredmedia":[{"embeddable":true,"href":"https:\/\/guneydoguasyacalismalari.com\/tr_tr\/wp-json\/wp\/v2\/media\/2357"}],"wp:attachment":[{"href":"https:\/\/guneydoguasyacalismalari.com\/tr_tr\/wp-json\/wp\/v2\/media?parent=2356"}],"wp:term":[{"taxonomy":"category","embeddable":true,"href":"https:\/\/guneydoguasyacalismalari.com\/tr_tr\/wp-json\/wp\/v2\/categories?post=2356"},{"taxonomy":"post_tag","embeddable":true,"href":"https:\/\/guneydoguasyacalismalari.com\/tr_tr\/wp-json\/wp\/v2\/tags?post=2356"}],"curies":[{"name":"wp","href":"https:\/\/api.w.org\/{rel}","templated":true}]}}