{"id":2352,"date":"2018-04-03T08:28:28","date_gmt":"2018-04-03T08:28:28","guid":{"rendered":"http:\/\/guneydoguasyacalismalari.com\/?p=2352"},"modified":"2018-04-03T08:28:28","modified_gmt":"2018-04-03T08:28:28","slug":"arakana-ne-zaman-bahar-gelecek-when-spring-comes-to-arakan","status":"publish","type":"post","link":"https:\/\/guneydoguasyacalismalari.com\/tr_tr\/arakana-ne-zaman-bahar-gelecek-when-spring-comes-to-arakan\/","title":{"rendered":"Arakan\u2019a ne zaman bahar gelecek? \/ When spring comes to Arakan?"},"content":{"rendered":"<p><strong>Mehmet \u00d6zay \u00a0 \u00a0 \u00a0 \u00a0 \u00a0 \u00a0 \u00a0 \u00a0 \u00a0 \u00a0 \u00a0 \u00a0 \u00a0 \u00a0 \u00a0 \u00a0 \u00a0 \u00a0 \u00a0 \u00a0 \u00a0 \u00a0 \u00a0 \u00a0 \u00a0 \u00a0 \u00a0 \u00a0 \u00a0 \u00a0 \u00a0 \u00a0 \u00a0 \u00a0 \u00a0 \u00a0 \u00a0 \u00a0 \u00a0 \u00a0 \u00a0 \u00a0 \u00a0 \u00a0 \u00a0 \u00a0 \u00a003.04.2018<\/strong><\/p>\n<p style=\"text-align: justify;\">Ge\u00e7en A\u011fustos ay\u0131nda bir grubun \u00fclkenin bat\u0131s\u0131ndaki Arakan Eyaleti\u2019nin kuzeyinde, birka\u00e7 g\u00fcvenlik noktas\u0131na yapt\u0131\u011f\u0131 sald\u0131r\u0131 sonras\u0131nda Myanmar ordusunun Arakanl\u0131 M\u00fcsl\u00fcmanlar\u0131n ya\u015fad\u0131\u011f\u0131 b\u00f6lgelerde estirdi\u011fi ter\u00f6r, 2012 y\u0131l\u0131 Haziran ay\u0131ndan bu yana ya\u015fananlar\u0131n bir devam niteli\u011fi olmakla \u00f6nem ta\u015f\u0131yor.<\/p>\n<p style=\"text-align: justify;\">En son a\u00e7\u0131klanan rakamlarla say\u0131lar\u0131 yedi y\u00fcz bini bulan Arakanl\u0131\u2019n\u0131n etnik soyk\u0131r\u0131m tehdidi alt\u0131nda kurtulu\u015f umuduyla Banglade\u015f s\u0131n\u0131r\u0131n\u0131 ge\u00e7mesiyle son d\u00f6nemlerin en \u00f6nemli s\u0131\u011f\u0131nmac\u0131 ak\u0131n\u0131na tan\u0131k olunmu\u015ftu. Banglade\u015f\u2019e y\u00f6nelik bu ak\u0131n ilk defa ger\u00e7ekle\u015fmemesine ra\u011fmen, Myanmar ordusunun M\u00fcsl\u00fcmanlara y\u00f6nelik sald\u0131r\u0131s\u0131n\u0131n boyutlar\u0131 ve s\u0131n\u0131r\u0131 ge\u00e7en s\u0131\u011f\u0131nmac\u0131lar\u0131n say\u0131n\u0131n \u00e7oklu\u011fu k\u00fcresel g\u00fcndemde yer etmi\u015fti. Kendi i\u00e7 toplumsal ve ekonomik sorunlar\u0131yla bo\u011fu\u015fan Banglade\u015f y\u00f6netiminin, bu kadar \u00e7ok say\u0131da s\u0131\u011f\u0131nmac\u0131ya kol kanat geremeyece\u011fi a\u015fik\u00e2rd\u0131.<\/p>\n<p style=\"text-align: justify;\">Ayr\u0131ca, k\u00fcresel ilginin ortaya \u00e7\u0131kmas\u0131n\u0131n da verdi\u011fi bir itici g\u00fc\u00e7le Banglade\u015f y\u00f6netimi, belki pek de beklenmedik bir \u015fekilde, \u00e7e\u015fitli kamplara yerle\u015ftirilen Arakanl\u0131lara y\u00f6nelik uluslararas\u0131 yard\u0131mlar\u0131 kabul etmeye ba\u015flad\u0131. Ard\u0131ndan ge\u00e7en Kas\u0131m ay\u0131n\u0131n sonlar\u0131na do\u011fru Banglade\u015f ve Myanmar h\u00fck\u00fcmetleri aras\u0131nda imzalanan bir \u2018\u00f6n\u2019 anla\u015fma ile Arakanl\u0131 s\u0131\u011f\u0131nmac\u0131lar\u0131n \u2018\u00fclkelerine\u2019 g\u00f6nderilece\u011fi haberi bir \u2018bahar\u2019 havas\u0131n\u0131n do\u011fmas\u0131na neden oldu. O d\u00f6nem yazd\u0131\u011f\u0131m\u0131z yaz\u0131larda bu \u2018\u00f6n\u2019 anla\u015fman\u0131n temkinli kar\u015f\u0131lanmas\u0131 gerekti\u011fini belirtmi\u015ftik.<\/p>\n<p style=\"text-align: justify;\">O g\u00fcnden bu yana, b\u00f6lgeyi izleyenler taraf\u0131ndan bu kamplardaki en az\u0131ndan bir b\u00f6l\u00fcm Arakanl\u0131n\u0131n, yine derme \u00e7atma teknelerle okyanus sular\u0131na a\u00e7\u0131lmas\u0131 ihtimali olabilece\u011fi g\u00fcndeme getirilmi\u015fti. Ancak d\u00fcn, Bangkok merkezli Fortify Right\u2019\u0131n a\u00e7\u0131klad\u0131\u011f\u0131 bas\u0131n a\u00e7\u0131klamas\u0131n\u0131n ard\u0131ndan ve bug\u00fcn b\u00f6lge bas\u0131n\u0131ndaki haberlere g\u00f6re, sadece bir iki teknenin b\u00f6lgeye ula\u015fma \u00e7abas\u0131 i\u00e7erisinde olmas\u0131, ak\u0131llara temelde iki hususu getiriyordu. \u0130lki, teknelerin birincil hedefi olan Tayland ve Malezya y\u00f6netimlerinin deniz s\u0131n\u0131rlar\u0131 boyunca gerekli tedbirleri ald\u0131klar\u0131yd\u0131. \u0130kincisi ise insan trafi\u011fini y\u00f6neten uluslararas\u0131 \u00e7etelerin G\u00fcneydo\u011fu Asya \u00fclkeleri sahilleri yerine, yeni rotalar ve g\u00fczerg\u00e2hlar\u0131 g\u00fcndeme ald\u0131klar\u0131 y\u00f6n\u00fcndeydi.<\/p>\n<p style=\"text-align: justify;\">Ge\u00e7en hafta sonu Tayland makamlar\u0131n\u0131n, i\u00e7inde 56 ki\u015finin bulundu\u011fu bir teknenin karaya yana\u015fmas\u0131na izin vermemesi ve Krabi eyaleti sahillerinden denize geri \u00e7evirmesi \u00fczerine konu bir kez daha g\u00fcndeme geliyor. Bunun ard\u0131ndan tekne Malezya\u2019n\u0131n kuzeyindeki Langkawi Adas\u0131 a\u00e7\u0131klar\u0131nda Malezya sahil g\u00fcvenlik birimlerince belirlenmesi \u00fczerine daha g\u00fcneye, \u00f6rne\u011fin Kedah veya Perak b\u00f6lgesine inmesine izin verilmeden karaya \u00e7ekilerek ilgili birimlere teslim edildiler. Malezya sahil g\u00fcvenlik birimleri, teknedekilerin insani nedenlerle karaya \u00e7\u0131kmalar\u0131na izin verildi\u011fini a\u00e7\u0131klad\u0131. Malezya makamlar\u0131ndan \u015fu ana kadar detayl\u0131 a\u00e7\u0131klama gelmese de bu \u2018insani\u2019 olgunun neye tekab\u00fcl etti\u011fi ve bunun s\u00f6z konusu Arakanl\u0131lar\u0131n neyle kar\u015f\u0131la\u015facaklar\u0131n\u0131 \u015fimdilik belirsiz k\u0131l\u0131yor.<\/p>\n<p style=\"text-align: justify;\">Bu iki geli\u015fmeyi burada k\u0131saca \u00fc\u00e7 a\u00e7\u0131dan de\u011ferlendirmek m\u00fcmk\u00fcn. \u0130lki, Banglade\u015f ve Myanmar h\u00fck\u00fcmetleri aras\u0131nda yap\u0131lan ve s\u0131\u011f\u0131nmac\u0131lar\u0131n \u2018\u00fclkelerine\u2019 d\u00f6nmesini \u00f6ng\u00f6ren anla\u015fmada gelinen nokta. S\u00f6z konusu anla\u015fman\u0131n ard\u0131ndan teknik \u00e7al\u0131\u015fmalarla var\u0131lan sonu\u00e7 15 Mart\u2019ta bas\u0131na ta\u015f\u0131nm\u0131\u015f ve yedi y\u00fcz bini bulan Arakanl\u0131 s\u0131\u011f\u0131nmac\u0131dan sadece 374\u2019\u00fcn\u00fcn Myanmar makamlar\u0131nca geri al\u0131naca\u011f\u0131 belirtilmi\u015fti. Myanmar d\u0131\u015fi\u015fleri bakanl\u0131\u011f\u0131 Banglade\u015f h\u00fck\u00fcmetince kendilerine ulunan 8032 Arakanl\u0131n\u0131n belgelerinin incelenmesinin ard\u0131ndan sadece 374\u2019\u00fcn\u00fcn geri d\u00f6n\u00fc\u015f\u00fcne izin verilece\u011fini a\u00e7\u0131klad\u0131. Gerek anla\u015fma \u015fartlar\u0131 gerekse s\u00fcre\u00e7te ya\u015fananlar her iki \u00fclkenin bu soruna yakla\u015f\u0131mlar\u0131ndaki farklar\u0131, belirsizlikleri ve ciddiyetsizliklerini ortaya koymas\u0131 bak\u0131m\u0131ndan dikkat \u00e7ekici.<\/p>\n<p style=\"text-align: justify;\">\u0130kinci husus, s\u0131\u011f\u0131nmac\u0131lar\u0131n hedef \u00fclkesi oldu\u011fu g\u00f6r\u00fclen Malezya ve Tayland\u2019\u0131n bug\u00fcne kadar Arakanl\u0131 s\u0131\u011f\u0131nmac\u0131lar konusunda sergiledi\u011fi tav\u0131r, birbirinden ba\u011f\u0131ms\u0131z olmad\u0131\u011f\u0131 gibi, sadece bu iki \u00fclke ile de s\u0131n\u0131rl\u0131 de\u011fil. Genel itibar\u0131yla bak\u0131ld\u0131\u011f\u0131nda, b\u00f6lge \u00fclkelerinin siyasi e\u011filimlerden ba\u011f\u0131ms\u0131z bir y\u00f6n\u00fc oldu\u011fu da s\u00f6ylenemez. Sadece Myanmar\u2019\u0131n de\u011fil, temelde G\u00fcney ve G\u00fcneydo\u011fu Asya \u00fclkelerini i\u00e7ine alan bir s\u0131\u011f\u0131nmac\u0131 sorunu ya\u015fan\u0131yor. Bu durum, b\u00f6lge \u00fclkelerinde k\u00f6kleri 2. D\u00fcnya Sava\u015f\u0131 sonras\u0131na dayanan ve \u00f6zellikle, 1990\u2019lardan itibaren ba\u015fat bir geli\u015fmeye konu olan kalk\u0131nmac\u0131 ekonomilerin b\u00f6lge \u00fclkelerinde demokratikle\u015fmeye ve bu siyasi rejimin temelleri olan insan haklar\u0131, \u00f6zg\u00fcrl\u00fckler kadar \u00e7at\u0131\u015fma b\u00f6lgeleri, s\u0131\u011f\u0131nmac\u0131lar vb. konular\u0131nda olumlu a\u00e7\u0131l\u0131mlar\u0131 beraberinde getirece\u011fi y\u00f6n\u00fcndeki \u00f6ng\u00f6r\u00fclerin -en az\u0131ndan- \u015fu ana kadar ger\u00e7ekle\u015fmedi\u011fini ortaya koyuyor.<\/p>\n<p style=\"text-align: justify;\">Bunda, b\u00f6lge \u00fclkelerinin 2. D\u00fcnya Sava\u015f\u0131 \u00f6ncesinde konu olduklar\u0131 s\u00f6m\u00fcrge d\u00f6nemlerinden bug\u00fcne sarkan ve bu anlamda gerek s\u00f6m\u00fcrgeci g\u00fc\u00e7lerin gerekse kendi i\u00e7 toplumsal sorunlar\u0131n\u0131n katmerle\u015ferek b\u00fcy\u00fcmesinin \u00f6nemli bir rol\u00fc bulunuyor. Oysa, sadece ekonomik kalk\u0131nma ba\u011flam\u0131nda de\u011fil, e\u011fitim, k\u00fclt\u00fcr, medeniyet gibi alanlarda da ilk \u00f6\u011fretim kurumlar\u0131ndan y\u00fcksek \u00f6\u011fretime; siyasi partilerden sivil olu\u015fumlara ve geni\u015f toplum kesimlerine y\u00f6nelen \u2018insani kalk\u0131nmac\u0131\u2019 bir anlay\u0131\u015f\u0131n hakim olmas\u0131 beklenirdi. Ancak bu s\u00fcre\u00e7lerin b\u0131rak\u0131n ilgili \u00fclkelerin kendi halklar\u0131 aras\u0131nda birli\u011fi tesisi, haklar\u0131n korunmas\u0131 ve g\u00f6zetilmesini \u00f6ncelemek de\u011fil, aksine \u00e7at\u0131\u015fmac\u0131 bir ortam\u0131 k\u00f6r\u00fckledi\u011fine tan\u0131k olunuyor.<\/p>\n<p style=\"text-align: justify;\">Bu s\u00fcre\u00e7te at\u0131lamayan ad\u0131mlarla ilgili en a\u00e7\u0131k \u00f6rnek, soruna kaynakl\u0131k te\u015fkil eden \u00fclke yani Myanmar\u2019d\u0131r. Demokratikle\u015fme sorununun olup olmamas\u0131 bir yana, Arakanl\u0131 M\u00fcsl\u00fcmanlara y\u00f6nelik etnik soyk\u0131r\u0131m kavram\u0131n\u0131n ortaya \u00e7\u0131kt\u0131\u011f\u0131 s\u00fcrecin, Nobel Bar\u0131\u015f \u00d6d\u00fcl\u00fc\u2019ne sahip ve g\u00f6lge devlet ba\u015fkan\u0131 stat\u00fcs\u00fcndeki, D\u0131\u015fi\u015fleri Bakan\u0131 ve devlet ba\u015fkanl\u0131\u011f\u0131ndan sorumlu bakan Suu Kyi\u2019nin bulundu\u011fu bir h\u00fck\u00fcmet d\u00f6neminde olmas\u0131 manidar. S\u00f6zde \u2018Myanmar sosyalizmi\u2019 ad\u0131 verilen bir \u2018deneysel bir siyasi rejimin\u2019 diktatoryal bir uygulaman\u0131n arac\u0131 k\u0131l\u0131nd\u0131\u011f\u0131 ve on y\u0131llarca s\u00fcren pratikleri sonunda, 2010 y\u0131l\u0131 Kas\u0131m ay\u0131nda yap\u0131lan se\u00e7imlerinin ard\u0131ndan, yar\u0131-demokratik y\u00f6tenime ge\u00e7en ve ard\u0131ndan 2015 y\u0131l\u0131nda yine Kas\u0131m ay\u0131nda yap\u0131lan se\u00e7imlerle on y\u0131llarca demokrasinin s\u00f6zc\u00fcs\u00fc kabul edilen Ulusal Demokrasi Birli\u011fi Partisi\u2019nin (NLD), yani tamamen sivil bir siyasi hareketin \u00fclkeyi demokrasi \u015f\u00f6lenine d\u00f6n\u00fc\u015ft\u00fcrece\u011fini elbette kimse beklemiyordu.<\/p>\n<p style=\"text-align: justify;\">Ancak, Suu Kyi\u2019nin \u00f6nc\u00fcl\u00fc\u011f\u00fcnde NLD\u2019nin \u00fclkede ekonomik, k\u00fclt\u00fcrel haklar\u0131n \u00f6n\u00fcn\u00fc a\u00e7acak kararlar almas\u0131 en beklenir geli\u015fmelerden biri olabilirdi. Burada yine tekrarlamakta fayda var ki, o da Myanmar\u2019\u0131n sorununun, sadece Arakan M\u00fcsl\u00fcmanlar\u0131 ile s\u0131n\u0131rl\u0131 olmad\u0131\u011f\u0131d\u0131r. B\u00f6ylesi bir alg\u0131n\u0131n olu\u015fturulmas\u0131 yine Myanmar denilen \u00fclkeyi olu\u015fturan tarihsel ve toplumsal ger\u00e7eklerden ba\u011f\u0131ms\u0131z hareket edilmesini yani ger\u00e7ek d\u0131\u015f\u0131 mitolojik bir yakla\u015f\u0131m\u0131n bilerek veya bilmeyerek ortaya konulmas\u0131 anlam\u0131 ta\u015f\u0131maktad\u0131r.<\/p>\n<p style=\"text-align: justify;\">\u00dc\u00e7\u00fcnc\u00fc husus M\u00fcsl\u00fcman toplumlarla ilintilidir\u2026 Bir an i\u00e7in b\u00f6lgedeki Budist toplumlar bir yana b\u0131rak\u0131ld\u0131\u011f\u0131nda, geri kalan M\u00fcsl\u00fcman toplumlar\u0131n Arakan sorununa gerek siyasi yap\u0131lar gerekse STK\u2019lar marifetiyle nas\u0131l yakla\u015ft\u0131klar\u0131 da bir sorun yuma\u011f\u0131 olarak \u00f6n\u00fcm\u00fczde duruyor. \u00d6yle ki, okyanus sular\u0131nda kaderlerine terk edilmi\u015f binlerce s\u0131\u011f\u0131nmac\u0131y\u0131 takip ve izleme yetene\u011fine dahi sahip bulunmayan b\u00f6lgedeki yap\u0131lar\u0131n korku ile kar\u0131\u015f\u0131k i\u00e7e kapanmac\u0131 bir ruh hali sergilediklerini s\u00f6yleyebiliriz. Siyasi yap\u0131lar ba\u011flam\u0131nda \u2018ulusal g\u00fcvenlik\u2019 sorunu gibi son d\u00f6nemde pop\u00fclarize edilen bir olgu olarak kabul edilerek sergilenen bu \u2018psikolojiyi\u2019 me\u015frula\u015ft\u0131rmak m\u00fcmk\u00fcn. STK\u2019lar nezdinde ise, i\u015fin \u00e7ok\u00e7a dillendirilen profesyonellik olgusu bir yana, bilgi ve analiz s\u00fcre\u00e7lerinden yoksunlu\u011funun \u00f6ne \u00e7\u0131kt\u0131\u011f\u0131na ise \u015f\u00fcphe yok.<\/p>\n<p style=\"text-align: justify;\">Bu son olayda da g\u00f6r\u00fcld\u00fc\u011f\u00fc \u00fczere, Tayland makamlar\u0131n\u0131n bir y\u0131l\u0131 a\u015fk\u0131n s\u00fcre zarf\u0131nda ilk defa ger\u00e7ekle\u015fti\u011fini ileri s\u00fcrd\u00fckleri s\u0131\u011f\u0131nmac\u0131 vak\u2019as\u0131n\u0131n, asl\u0131nda ikincisi oldu\u011funu belirten faaliyetlerini Bangkok merkezli olarak y\u00fcr\u00fcten \u2018yabanc\u0131\u2019 bir STK. Bu yap\u0131\/lar\/\u0131n bu y\u00f6ndeki \u00e7al\u0131\u015fmalar\u0131n\u0131, sadece sahip olduklar\u0131 insan ve maddi kaynaklarla a\u00e7\u0131klamak m\u00fcmk\u00fcn de\u011fil. Aksine, bu yap\u0131sal geli\u015fmeyi ortaya koymada birincil \u00f6nem arz eden bilgi ve donan\u0131m konusunda sahip olduklar\u0131 \u00f6zelliklerdir.<\/p>\n<p style=\"text-align: justify;\">Bu geli\u015fmeler Arakan\u2019da tarihin tekerr\u00fcr etmekte oldu\u011funu ortaya koyuyor. S\u0131n\u0131r\u0131 ge\u00e7en y\u00fczbinlerce Arakanl\u0131, t\u0131pk\u0131 1980\u2019li ve 1990\u2019l\u0131 y\u0131llardakine benzer \u015fekilde bu \u00fclkede \u2018yerle\u015fik\u2019 hale gelmeye aday konumundalar. Cunta rejimlerine konu olan d\u00f6nemlerde ya\u015fanan ve yine y\u00fczbinlerce insan\u0131n evini bark\u0131n\u0131 terk etmek zorunda kald\u0131\u011f\u0131 gibi bug\u00fcn de \u2018demokratikle\u015fmekte\u2019 oldu\u011fu belirtilen Myanmar\u2019da Nobel Bar\u0131\u015f \u00d6d\u00fcll\u00fc Suu Kyi h\u00fck\u00fcmetinde yine y\u00fczbinler benzer bir s\u00fcrecin e\u015fi\u011finde. Bu s\u00fcrecin Arakanl\u0131lara y\u00f6nelik \u2018etnik soyk\u0131r\u0131m\u0131n\u2019 bir par\u00e7as\u0131 oldu\u011funa \u015f\u00fcphe yok. Her seferinde yap\u0131lan \u00e7\u0131k\u0131\u015flarla Arakanl\u0131lara vaat edilen \u2018bahar\u0131n\u2019 gelip gelmeyece\u011fi ise belirsizli\u011fini koruyor.<\/p>\n","protected":false},"excerpt":{"rendered":"<p>Mehmet \u00d6zay \u00a0 \u00a0 \u00a0 \u00a0 \u00a0 \u00a0 \u00a0 \u00a0 \u00a0 \u00a0 \u00a0 \u00a0 \u00a0 \u00a0 \u00a0 \u00a0 \u00a0 \u00a0 \u00a0 \u00a0 \u00a0 \u00a0 \u00a0 \u00a0 \u00a0 \u00a0 \u00a0 \u00a0 \u00a0 \u00a0 \u00a0 \u00a0 \u00a0 \u00a0 \u00a0 \u00a0 \u00a0 \u00a0 \u00a0 \u00a0 \u00a0 \u00a0 \u00a0 \u00a0 \u00a0 \u00a0 \u00a003.04.2018 Ge\u00e7en A\u011fustos ay\u0131nda bir grubun \u00fclkenin [&hellip;]<\/p>\n","protected":false},"author":1,"featured_media":2353,"comment_status":"open","ping_status":"open","sticky":false,"template":"","format":"standard","meta":{"footnotes":""},"categories":[8,6],"tags":[],"class_list":["post-2352","post","type-post","status-publish","format-standard","has-post-thumbnail","hentry","category-arakan","category-gunluk-yazilar"],"_links":{"self":[{"href":"https:\/\/guneydoguasyacalismalari.com\/tr_tr\/wp-json\/wp\/v2\/posts\/2352","targetHints":{"allow":["GET"]}}],"collection":[{"href":"https:\/\/guneydoguasyacalismalari.com\/tr_tr\/wp-json\/wp\/v2\/posts"}],"about":[{"href":"https:\/\/guneydoguasyacalismalari.com\/tr_tr\/wp-json\/wp\/v2\/types\/post"}],"author":[{"embeddable":true,"href":"https:\/\/guneydoguasyacalismalari.com\/tr_tr\/wp-json\/wp\/v2\/users\/1"}],"replies":[{"embeddable":true,"href":"https:\/\/guneydoguasyacalismalari.com\/tr_tr\/wp-json\/wp\/v2\/comments?post=2352"}],"version-history":[{"count":1,"href":"https:\/\/guneydoguasyacalismalari.com\/tr_tr\/wp-json\/wp\/v2\/posts\/2352\/revisions"}],"predecessor-version":[{"id":2354,"href":"https:\/\/guneydoguasyacalismalari.com\/tr_tr\/wp-json\/wp\/v2\/posts\/2352\/revisions\/2354"}],"wp:featuredmedia":[{"embeddable":true,"href":"https:\/\/guneydoguasyacalismalari.com\/tr_tr\/wp-json\/wp\/v2\/media\/2353"}],"wp:attachment":[{"href":"https:\/\/guneydoguasyacalismalari.com\/tr_tr\/wp-json\/wp\/v2\/media?parent=2352"}],"wp:term":[{"taxonomy":"category","embeddable":true,"href":"https:\/\/guneydoguasyacalismalari.com\/tr_tr\/wp-json\/wp\/v2\/categories?post=2352"},{"taxonomy":"post_tag","embeddable":true,"href":"https:\/\/guneydoguasyacalismalari.com\/tr_tr\/wp-json\/wp\/v2\/tags?post=2352"}],"curies":[{"name":"wp","href":"https:\/\/api.w.org\/{rel}","templated":true}]}}