{"id":2283,"date":"2018-02-20T19:17:47","date_gmt":"2018-02-20T19:17:47","guid":{"rendered":"http:\/\/guneydoguasyacalismalari.com\/?p=2283"},"modified":"2018-02-20T19:20:58","modified_gmt":"2018-02-20T19:20:58","slug":"turkiye-japonya-isbirliginde-yeni-adim-a-new-step-for-turkish-japan-cooperation","status":"publish","type":"post","link":"https:\/\/guneydoguasyacalismalari.com\/tr_tr\/turkiye-japonya-isbirliginde-yeni-adim-a-new-step-for-turkish-japan-cooperation\/","title":{"rendered":"T\u00fcrkiye-Japonya \u0130\u015fbirli\u011fi\u2019nde Yeni Ad\u0131m \/ A New Step for Turkish-Japan Cooperation"},"content":{"rendered":"<p><strong>Mehmet \u00d6zay \u00a0 \u00a0 \u00a0 \u00a0 \u00a0 \u00a0 \u00a0 \u00a0 \u00a0 \u00a0 \u00a0 \u00a0 \u00a0 \u00a0 \u00a0 \u00a0 \u00a0 \u00a0 \u00a0 \u00a0 \u00a0 \u00a0 \u00a0 \u00a0 \u00a0 \u00a0 \u00a0 \u00a0 \u00a0 \u00a0 \u00a0 \u00a0 \u00a0 \u00a0 \u00a0 \u00a0 \u00a0 \u00a0 \u00a0 \u00a0 \u00a0 \u00a0 \u00a0 \u00a0 \u00a0 \u00a0 \u00a020.02.2018<\/strong><\/p>\n<p style=\"text-align: justify;\">Ankara \u00dcniversitesi b\u00fcnyesinde faaliyet g\u00f6steren Asya\u2013Pasifik Ara\u015ft\u0131rmalar\u0131 Merkezi (APAM) taraf\u0131ndan, 19 \u015eubat g\u00fcn\u00fc \u201c<em>Exchange of Experiences for the Future: Japanese and Turkish Humanitarian Aid&amp;Support Activities in Conflict Zones<\/em>\u201d (Gelecek \u0130\u00e7in Tecr\u00fcbelerin Payla\u015f\u0131m\u0131: \u00c7at\u0131\u015fma B\u00f6lgelerinde Japon-T\u00fcrk \u0130nsani Yard\u0131m&amp;Destek \u00c7al\u0131\u015fmalar\u0131) ba\u015fl\u0131kl\u0131 bir sempozyum ger\u00e7ekle\u015ftirildi. Ankara \u00dcniversitesi 100. Y\u0131l konferans salonunda ger\u00e7ekle\u015ftirilen sempozyumda, T\u00fcrkiye ve Japonya \u00fcniversiteleri ve baz\u0131 sivil toplum kurulu\u015flar\u0131n\u0131n kat\u0131l\u0131m\u0131yla ger\u00e7ekle\u015ftirilirken verimli bir etkile\u015fim olarak dikkat \u00e7ekti. Sempozyum T\u00fcrkiye ve Japonya\u2019n\u0131n \u00e7at\u0131\u015fma b\u00f6lgelerindeki insani yard\u0131m ve destek faaliyetlerinin masaya yat\u0131r\u0131lmas\u0131 ba\u011flam\u0131nda \u00f6nemli de\u011ferlendirmelere konu oldu.<\/p>\n<p style=\"text-align: justify;\">Son d\u00f6nemde uluslararas\u0131 g\u00fcndemi te\u015fkil eden Suriye, Arakan gibi sava\u015f ve \u00e7at\u0131\u015fma b\u00f6lgelerinde \u015fiddete maruz kalan halklar\u0131n konu oldu\u011fu g\u00f6\u00e7 olgusu \u00e7e\u015fitli y\u00f6nleriyle ele al\u0131nd\u0131. APAM ba\u015fkan\u0131 Prof. Dr. Ali Merthan D\u00fcndar Hocam\u0131z\u0131n neredeyse tek ba\u015f\u0131na \u00e7abas\u0131yla ger\u00e7ekle\u015fen etkinlikte iki \u00fclkeden akademisyenler, \u00e7e\u015fitli devlet ve sivil kurulu\u015flar\u0131n\u0131n saha \u00e7al\u0131\u015fanlar\u0131 ve ara\u015ft\u0131rmac\u0131lardan olu\u015fan toplam 16 kat\u0131l\u0131mc\u0131 d\u00f6rt farkl\u0131 oturumda \u00e7al\u0131\u015fmalar\u0131n\u0131 ortaya koydular. Ankara \u00dcniversitesi\u2019nin yan\u0131 s\u0131ra, Japonya B\u00fcy\u00fckel\u00e7ili\u011fi, JICA, Japon Vakf\u0131\u2019n\u0131n destek verdi\u011fi program, Japonya\u2019n\u0131n \u00e7i\u00e7e\u011fi burnunda Ankara b\u00fcy\u00fckel\u00e7isi Akio Miyajima taraf\u0131ndan yak\u0131ndan \u00a0takip edildi. Sempozyumun sonunda, b\u00fcy\u00fckel\u00e7ilik rezidans\u0131nda verilen yemek, Say\u0131n B\u00fcy\u00fckel\u00e7i ile kat\u0131l\u0131mc\u0131lar\u0131n birebir sohbetleriyle daha da anlaml\u0131 bir boyuta ta\u015f\u0131nd\u0131.<\/p>\n<p style=\"text-align: justify;\">Sunumlar\u0131n bir ucu T\u00fcrkiye ve Ortado\u011fu merkezli iken di\u011fer b\u00f6l\u00fcm\u00fc Afrika ve G\u00fcneydo\u011fu Asya\u2019ya kadar uzan\u0131yordu. Japonya Yard\u0131m Kurulu\u015fu (AAR-Japan), PARC Halklararas\u0131 \u0130\u015fbirli\u011fi (PARCIC) ve Japonya Uluslararas\u0131 \u0130\u015fbirli\u011fi Ajans\u0131 (JICA)\u2019n\u0131n T\u00fcrkiye\u2019deki Suriyeli g\u00f6\u00e7menlere y\u00f6nelik faaliyetleri, Kenya\u2019daki kamplarda ya\u015fam s\u00fcren g\u00f6\u00e7menleri, \u00dcrd\u00fcn\u2019deki Filistinli g\u00f6\u00e7menleri, BM M\u00fclteciler y\u00fcksek komiserli\u011fi\u2019nin T\u00fcrkiye\u2019de m\u00fclteciler konusu, T\u00fcrk K\u0131z\u0131lay\u2019\u0131n\u0131n T\u00fcrkiye\u2019deki Suriyelilere y\u00f6nelik \u00e7al\u0131\u015fmalar\u0131n\u0131 ele alan \u00e7al\u0131\u015fmalar\u0131n yan\u0131 s\u0131ra, A\u00e7e\u2019de tsunami sonras\u0131nda g\u00fcndeme gelen yard\u0131m faaliyetleri ve bug\u00fcne etkileri \u00fczerinde duruldu. Sunumlar\u0131n sahada kar\u015f\u0131 kar\u015f\u0131ya kal\u0131nan olgular \u00e7er\u00e7evesinde de\u011ferlendirilmesi ve bu ba\u011flamda ele\u015ftirel bir nitelik ta\u015f\u0131mas\u0131 hi\u00e7 ku\u015fku yok ki, bu t\u00fcr akademik \u00e7al\u0131\u015fmalarda arzu edilen bir husustur.<\/p>\n<p style=\"text-align: justify;\">Yukar\u0131da ad\u0131 zikredilen Japon kurulu\u015flar\u0131na mensup baz\u0131 \u00e7al\u0131\u015fanlar\u0131n son be\u015f y\u0131ld\u0131r T\u00fcrkiye\u2019de bulunmalar\u0131 ve bu s\u00fcre\u00e7te Suriyeli m\u00fcltecilerin yan\u0131 s\u0131ra baz\u0131 yerel y\u00f6netimlerle s\u00fcrd\u00fcrd\u00fckleri \u0130\u015fbirleri dikkatle izlenmeyi hak ediyor. Bununla birlikte, bu s\u00fcre\u00e7lerde sadece izleyici konumunda kalmay\u0131p, aktif ve yap\u0131c\u0131 i\u015fbirliklerinin kap\u0131s\u0131n\u0131 aralayacak projelerin hayata ge\u00e7irilmesinde fayda oldu\u011funa ku\u015fku yok.<\/p>\n<p style=\"text-align: justify;\">Etkinli\u011fin, birbirine yak\u0131nl\u0131k duyan iki ulusa mensup kat\u0131l\u0131mc\u0131lar aras\u0131nda ger\u00e7ekle\u015ftirilmesi, sunumlardan has\u0131l olacak potansiyel etkile\u015fimin \u00f6tesinde anlam ifade ediyordu. Zaten Merthan Hocan\u0131n da bu etkinli\u011fe karar verip hayata ge\u00e7irmesinde b\u00f6ylesi bir boyut bulunuyor. Bu sempozyumda sunulan bildirilerin yak\u0131nda yay\u0131nlanacak olmas\u0131 ise bir ba\u015fka safhaya yani yap\u0131lan i\u015fin kal\u0131c\u0131l\u0131\u011f\u0131na i\u015faret ediyor. Ayn\u0131 zamanda, Japon B\u00fcy\u00fckel\u00e7isi\u2019nin de dile getirdi\u011fi \u00fczere, bu sempozyumun devam\u0131 konusunda bir irade ortaya konmas\u0131 ayr\u0131ca sevindiriciydi.<\/p>\n<p style=\"text-align: justify;\">Bu etkinli\u011fi organize eden Say\u0131n Merthan D\u00fcndar Hoca\u2019ya te\u015fekk\u00fcr ederken, bu ve benzeri \u00e7al\u0131\u015fmalar\u0131n aral\u0131ks\u0131z s\u00fcrd\u00fcr\u00fclmesi temennisinde bulunuyoruz.<\/p>\n","protected":false},"excerpt":{"rendered":"<p>Mehmet \u00d6zay \u00a0 \u00a0 \u00a0 \u00a0 \u00a0 \u00a0 \u00a0 \u00a0 \u00a0 \u00a0 \u00a0 \u00a0 \u00a0 \u00a0 \u00a0 \u00a0 \u00a0 \u00a0 \u00a0 \u00a0 \u00a0 \u00a0 \u00a0 \u00a0 \u00a0 \u00a0 \u00a0 \u00a0 \u00a0 \u00a0 \u00a0 \u00a0 \u00a0 \u00a0 \u00a0 \u00a0 \u00a0 \u00a0 \u00a0 \u00a0 \u00a0 \u00a0 \u00a0 \u00a0 \u00a0 \u00a0 \u00a020.02.2018 Ankara \u00dcniversitesi b\u00fcnyesinde faaliyet g\u00f6steren Asya\u2013Pasifik [&hellip;]<\/p>\n","protected":false},"author":1,"featured_media":2286,"comment_status":"open","ping_status":"open","sticky":false,"template":"","format":"standard","meta":{"footnotes":""},"categories":[9,6],"tags":[],"class_list":["post-2283","post","type-post","status-publish","format-standard","has-post-thumbnail","hentry","category-asya-pasifik","category-gunluk-yazilar"],"_links":{"self":[{"href":"https:\/\/guneydoguasyacalismalari.com\/tr_tr\/wp-json\/wp\/v2\/posts\/2283","targetHints":{"allow":["GET"]}}],"collection":[{"href":"https:\/\/guneydoguasyacalismalari.com\/tr_tr\/wp-json\/wp\/v2\/posts"}],"about":[{"href":"https:\/\/guneydoguasyacalismalari.com\/tr_tr\/wp-json\/wp\/v2\/types\/post"}],"author":[{"embeddable":true,"href":"https:\/\/guneydoguasyacalismalari.com\/tr_tr\/wp-json\/wp\/v2\/users\/1"}],"replies":[{"embeddable":true,"href":"https:\/\/guneydoguasyacalismalari.com\/tr_tr\/wp-json\/wp\/v2\/comments?post=2283"}],"version-history":[{"count":2,"href":"https:\/\/guneydoguasyacalismalari.com\/tr_tr\/wp-json\/wp\/v2\/posts\/2283\/revisions"}],"predecessor-version":[{"id":2285,"href":"https:\/\/guneydoguasyacalismalari.com\/tr_tr\/wp-json\/wp\/v2\/posts\/2283\/revisions\/2285"}],"wp:featuredmedia":[{"embeddable":true,"href":"https:\/\/guneydoguasyacalismalari.com\/tr_tr\/wp-json\/wp\/v2\/media\/2286"}],"wp:attachment":[{"href":"https:\/\/guneydoguasyacalismalari.com\/tr_tr\/wp-json\/wp\/v2\/media?parent=2283"}],"wp:term":[{"taxonomy":"category","embeddable":true,"href":"https:\/\/guneydoguasyacalismalari.com\/tr_tr\/wp-json\/wp\/v2\/categories?post=2283"},{"taxonomy":"post_tag","embeddable":true,"href":"https:\/\/guneydoguasyacalismalari.com\/tr_tr\/wp-json\/wp\/v2\/tags?post=2283"}],"curies":[{"name":"wp","href":"https:\/\/api.w.org\/{rel}","templated":true}]}}