{"id":2160,"date":"2017-10-17T05:38:38","date_gmt":"2017-10-17T05:38:38","guid":{"rendered":"http:\/\/guneydoguasyacalismalari.com\/?p=2160"},"modified":"2017-10-17T05:39:40","modified_gmt":"2017-10-17T05:39:40","slug":"korkut-ozal-nicin-ace-gelmisti-why-did-korkut-ozal-visit-aceh","status":"publish","type":"post","link":"https:\/\/guneydoguasyacalismalari.com\/tr_tr\/korkut-ozal-nicin-ace-gelmisti-why-did-korkut-ozal-visit-aceh\/","title":{"rendered":"Korkut \u00d6zal A\u00e7e&#8217;ye ni\u00e7in gelmi\u015fti? \/ Why did Korkut \u00d6zal visit Aceh?"},"content":{"rendered":"<p><strong>Mehmet \u00d6zay\u00a0 \u00a0 \u00a0 \u00a0 \u00a0 \u00a0 \u00a0 \u00a0 \u00a0 \u00a0 \u00a0 \u00a0 \u00a0 \u00a0 \u00a0 \u00a0 \u00a0 \u00a0 \u00a0 \u00a0 \u00a0 \u00a0 \u00a0 \u00a0 \u00a0 \u00a0 \u00a0 \u00a0 \u00a0 \u00a0 \u00a0 \u00a0 \u00a0 \u00a0 \u00a0 \u00a0 \u00a0 \u00a0 \u00a0 \u00a0 \u00a0 \u00a0 \u00a0 \u00a0 \u00a0 \u00a0 \u00a0 17.10.2017<\/strong><\/p>\n<p style=\"text-align: justify;\"><strong>\u00a0<\/strong>Korkut \u00d6zal\u2019\u0131n vefat\u0131n\u0131n \u00fczerinden neredeyse bir y\u0131l ge\u00e7ti. O zamana kadar birka\u00e7 kez, \u00fcniversitedeki k\u0131ymetli hocalar\u0131mdan birine Korkut Bey\u2019in sa\u011fl\u0131\u011f\u0131n\u0131 sormu\u015f, ancak her seferinde bir de\u011fi\u015fiklik olmad\u0131\u011f\u0131 cevab\u0131n\u0131 alm\u0131\u015ft\u0131m. Aradan bir s\u00fcre ge\u00e7tikten sonra vefat etti\u011fini \u00f6\u011frendim. G\u00fcndelik ko\u015fu\u015fturmacalar\u0131n i\u015flerin yo\u011funlu\u011fundan olsa gerek Korkut Bey\u2019in vefat\u0131n\u0131 biraz ge\u00e7 \u00f6\u011frendim.<\/p>\n<p style=\"text-align: justify;\">Burada Korkut \u00d6zal\u2019\u0131 g\u00fcndeme getirmemin sebebi, vefat\u0131n\u0131n birinci y\u0131l d\u00f6n\u00fcm\u00fcne yakla\u015ft\u0131\u011f\u0131m\u0131z \u015fu g\u00fcnlerde, kendisinin A\u00e7e\u2019ye g\u00f6sterdi\u011fi yak\u0131n ilgi ve al\u00e2kay\u0131 g\u00fcndeme ta\u015f\u0131yarak hay\u0131rla yad etmek. Kendisiyle tan\u0131\u015fmam, 2006 y\u0131l\u0131 Sonbahar\u2019\u0131nda Altun\u00eezade\u2019deki ofisini ziyaretim vesilesiyle oldu. Ziyaret sebebim ise, A\u00e7e \u00d6zg\u00fcrl\u00fck Hareketi lideri merhum Hasan di Tiro\u2019nun 1980\u2019li y\u0131llar\u0131n ortalar\u0131nda d\u00f6nemin ba\u015fbakan\u0131 Turgut \u00d6zal\u2019a g\u00f6nderdi\u011fi ifade edilen mektubun izini s\u00fcrmekti. B\u00f6ylece, 2005 Sonbahar\u0131\u2019nda A\u00e7e\u2019yle ilgili ilk g\u00f6zlemlerimin ard\u0131ndan edindi\u011fim ilk izlenimlerin \u00fczerine bir\u015feyler bina etmekti. S\u00f6z konusu bu s\u00fcrecin detaylar\u0131n\u0131 \u00fc\u00e7\u00fcnc\u00fc A\u00e7e seyahat kitab\u0131nda dile getirece\u011fim. Bu vesileyle, Korkut Bey A\u00e7e\u2019ye davetimi kabul etmesi \u00fczerine iki g\u00fcn s\u00fcren ziyaretine ve tabii ki k\u0131smen de A\u00e7e\u2019ye dair g\u00f6r\u00fc\u015flerini g\u00fcndeme getirece\u011fim.<\/p>\n<p style=\"text-align: justify;\">Korkut Bey daha ilk g\u00f6r\u00fc\u015fmemizden itibaren A\u00e7e\u2019ye y\u00f6nelik ilgisinden bahsetmi\u015fti. O d\u00f6nem itibar\u0131yla, on y\u0131la yak\u0131n bir s\u00fcre, bir bankan\u0131n komiserli\u011fi g\u00f6reviyle y\u0131lda iki kez Endonezya\u2019n\u0131n ba\u015fkenti Cakarta\u2019ya yapt\u0131\u011f\u0131 ziyaretler s\u0131ras\u0131nda kar\u015f\u0131la\u015ft\u0131\u011f\u0131 mevki makam sahibi ki\u015filere \u201cYahu, \u015fu A\u00e7e sorununu bir halledin\u201d dedi\u011fini ve her seferinde A\u00e7e konusunu yakinen takip etti\u011fini dile getirmi\u015fti. 2006 y\u0131l\u0131 Aral\u0131\u011f\u0131 ba\u015flar\u0131nda ikinci ve kal\u0131c\u0131 olarak A\u00e7e\u2019ye gitmemde \u00f6nemli katk\u0131s\u0131 olan Korkut Bey\u2019in, benim tan\u0131k oldu\u011fum haliyle A\u00e7elilerle ilk temas\u0131 da Helsinki Bar\u0131\u015f Anla\u015fmas\u0131 sonras\u0131nda yap\u0131lan valilik se\u00e7imlerini kazanan \u0130rwandi Yusuf\u2019un T\u00fcrkiye\u2019ye yapt\u0131\u011f\u0131 ziyaret vesilesiyle olmu\u015ftu. Korkut Bey, o s\u0131ralar \u00e7i\u00e7e\u011fi burnunda vali \u0130rwandi Yusuf ile \u0130stanbul\u2019da bir otelde g\u00f6r\u00fc\u015ft\u00fc\u011f\u00fcn\u00fc aktarm\u0131\u015ft\u0131.<\/p>\n<p style=\"text-align: justify;\">Bu geli\u015fmeden k\u0131sa bir s\u00fcre sonra, Korkut Bey\u2019i Banda A\u00e7e\u2019de kar\u015f\u0131lamak nasip oldu. Kendisine yapt\u0131\u011f\u0131m A\u00e7e davetini b\u00fcy\u00fck bir al\u00e7akg\u00f6n\u00fcll\u00fcl\u00fckle kabul eden Korkut Bey, Nisan ay\u0131n\u0131n sonlar\u0131na do\u011fru, Cakarta\u2019ya gelece\u011fi bir d\u00f6nemde iki g\u00fcnl\u00fc\u011f\u00fcne de olsa Banda A\u00e7e\u2019ye u\u011fram\u0131\u015ft\u0131. O g\u00fcnlerde Banda A\u00e7e\u2019deki \u201culuslararas\u0131\u201d \u0130skender Muda havaliman\u0131 eski haliyle hizmet veriyordu. Yetkililerden izin alarak u\u00e7a\u011f\u0131n aprona giri\u015f yerine kadar gitmi\u015f ve Korkut Bey\u2019in u\u00e7aktan ini\u015fine tan\u0131k olmu\u015ftum. \u0130lerlemi\u015f ya\u015f\u0131na ra\u011fmen, din\u00e7 bir \u015fekilde u\u00e7a\u011f\u0131n merdivenlerinden indi\u011fini hat\u0131rl\u0131yorum. Tabii kendisi Cakarta\u2019da \u00f6nemli bir bankan\u0131n komiseri olmas\u0131 nedeniyle banka birka\u00e7 yetkilisini g\u00f6ndermi\u015f ve hatta yine o d\u00f6nem A\u00e7e\u2019de bulunmas\u0131 m\u00fcmk\u00fcn olmayan \u2018b\u00fcy\u00fck\u00e7e\u2019 bir arac\u0131 amac\u0131yla Medan \u015fehrinden Banda A\u00e7e\u2019ye Korkut Bey i\u00e7in getirtmi\u015flerdi. Havaliman\u0131 \u00e7\u0131k\u0131\u015f\u0131nda bankan\u0131n tuttu\u011fu ara\u00e7 yerine, yine b\u00fcy\u00fck bir al\u00e7akg\u00f6n\u00fclll\u00fckle \u2018Mehmet\u2019in misafirim\u2019 diyerek bizim kiralad\u0131\u011f\u0131m\u0131z \u2018k\u00fc\u00e7\u00fck\u2019 ara\u00e7la t\u00fcm ziyaretlerimizi ger\u00e7ekle\u015ftirmi\u015ftik.<\/p>\n<p style=\"text-align: justify;\">A\u00e7e\u2019de daha fazla kalma niyetinin o g\u00fcnlerdeki program\u0131 nedeniyle m\u00fcmk\u00fcn olmad\u0131\u011f\u0131n\u0131 s\u00f6yleyen Korkut Bey, kalaca\u011f\u0131 s\u0131n\u0131rl\u0131 saatlerin dolu dolu ge\u00e7mesini istemi\u015fti. Belki sonda s\u00f6ylemem gereken bir hususu burada aktarmam gerekiyor. Korkut Bey, o ya\u015f\u0131na ra\u011fmen, o d\u00f6neme kadar A\u00e7e\u2019ye geldi\u011fine tan\u0131k oldu\u011fum ki\u015fi ve gruplar i\u00e7erisinde programa en \u00e7ok riayet eden, bunun i\u00e7in \u0131srarc\u0131 olan ve performans\u0131ndan hi\u00e7bir \u015fey kaybetmeden program\u0131 ger\u00e7ekle\u015ftiren ki\u015fiydi.<\/p>\n<p style=\"text-align: justify;\">Program\u0131m\u0131zda \u00fcniversite, valilik, belediye ba\u015fkanl\u0131\u011f\u0131, d\u00f6nemin \u00f6nde gelen hocalar\u0131ndan biri ve T\u00fcrk k\u00f6y\u00fc olarak da bilinen Bitay bulunuyordu. Korkut Bey\u2019in komiserli\u011fini yapt\u0131\u011f\u0131 banka da sponsor oldu\u011fu bir okul ziyaretini uygun g\u00f6rm\u00fc\u015ft\u00fc.<\/p>\n<p style=\"text-align: justify;\">Vali yard\u0131mc\u0131s\u0131 Muhammed Nazar, Korkut Bey\u2019i sabah erken saatte resmi konutunda kahvalt\u0131da a\u011f\u0131rlam\u0131\u015ft\u0131. Verimli bir g\u00f6r\u00fc\u015fme olmu\u015ftu&#8230; Korkut Bey, \u00f6zellikle A\u00e7e bar\u0131\u015f s\u00fcrecinde nelere dikkat edilmesi gerekti\u011fi konusunda al\u00e7ak g\u00f6n\u00fcll\u00fcce \u00f6neri ve baz\u0131 tespitlerini g\u00fcndeme getirmi\u015fti. Bunlar aras\u0131nda \u2018birlik ve beraberli\u011fin\u2019 tesisi \u015fu anda hat\u0131rlad\u0131\u011f\u0131m hususlardan biri. Bu anlamda Korkut Bey, \u201cAs\u0131l i\u015f se\u00e7imi kazand\u0131ktan sonra ba\u015fl\u0131yor\u201d demi\u015fti. Bunun \u00fczerine Muhammed Nazar merkezi h\u00fck\u00fcmetin bar\u0131\u015f anla\u015fmas\u0131 hilaf\u0131na icraatlar\u0131ndan \u00f6rnekler verince, bu sefer \u201cSab\u0131rl\u0131 olmaz gerekiyor. Siz sorun \u00e7\u0131karan de\u011fil, sorun \u00e7\u00f6zen taraf olun. S\u00fcrd\u00fcr\u00fclebilir bir bar\u0131\u015f ve iyi bir kalk\u0131nma bekliyoruz\u201d demi\u015f ve Ali \u0130mran suresinden bir ayetle \u00f6rnek vermi\u015fti. Konu\u015fmas\u0131nda baz\u0131 \u00fclkelerdeki geli\u015fmeleri g\u00fcndeme getiren Korkut Bey, \u201cT\u00fcrkiye\u2019den \u00f6\u011frenece\u011finiz \u00e7ok \u015fey var\u201d demi\u015fti. Ard\u0131ndan, \u201cB\u00fcy\u00fck d\u00fc\u015f\u00fcn\u00fcn. K\u00fc\u00e7\u00fck d\u00fc\u015f\u00fcn\u00fcrseniz ba\u015far\u0131l\u0131 olamazs\u0131n\u0131z.\u201d diyerek siyaset\u00e7i olarak ne yapmalar\u0131 gerekti\u011fine vurgu yaparken, nihai olarak \u2018Allah\u2019a tevekk\u00fcl etmeleri\u2019 gerekti\u011fine de i\u015faret ederek i\u015fin manevi boyutunun \u00f6nemine i\u015faret ediyordu. Konu\u015fman\u0131n devam\u0131nda da, o y\u0131llarda etkin olan (maaleesef bug\u00fcne kadar da varl\u0131klar\u0131 de\u011fi\u015ferek de olsa devam eden) \u2018sap\u0131k ideolojilerin\u2019 tuza\u011f\u0131na d\u00fc\u015fmekten de sak\u0131nmalar\u0131 gerekti\u011fini s\u00f6ylemi\u015fti. Ancak aradan ge\u00e7en on y\u0131l\u0131n ard\u0131ndan A\u00e7e siyasetinde ya\u015fanan k\u0131r\u0131lmalar, Korkut Bey\u2019in ne kadar hakl\u0131 oldu\u011funu ve bu anlamda tecr\u00fcbe sahibi oldu\u011funu da ortaya koyuyor\u2026<\/p>\n<p style=\"text-align: justify;\">G\u00f6r\u00fc\u015ft\u00fc\u011f\u00fcm\u00fcz ki\u015filer aras\u0131nda son d\u00f6nemin \u00f6nde gelen hocalar\u0131ndan Muhyibuddin Wali g\u00f6r\u00fc\u015fmesi ayr\u0131 bir \u00f6nem ta\u015f\u0131yordu. (Abuya Muhyibuddin Wali, 7 Mart 2012 tarihinde vefat etti.) Korkut Bey, Muhyibuddin Wali\u2019yi kald\u0131\u011f\u0131 otelde kahvalt\u0131ya davet etmi\u015fti. O g\u00fcn, biz erkenden otel salonunda hocay\u0131 beklemeye ba\u015flam\u0131\u015ft\u0131k. Korkut Bey kar\u015f\u0131dan bastonuyla gelen Muhyibuddin Wali\u2019yi g\u00f6r\u00fcnce, \u201cHoca de\u011fnekle geliyor\u201d diyerek espri yapm\u0131\u015ft\u0131. Muhyibuddin Wali, o\u011flu Rahmat ile birlikte gelmi\u015fti. Yo\u011fun bir manevi atmosferde ge\u00e7ti\u011fini hat\u0131rl\u0131yorum bu g\u00f6r\u00fc\u015fmenin&#8230; Bu nedenle \u201ca\u011f\u0131r bir g\u00f6r\u00fc\u015fme olmu\u015ftu.\u201d<\/p>\n<p style=\"text-align: justify;\">\u015eah Kuala \u00fcniversitesinde kimya b\u00f6l\u00fcm\u00fc \u00f6\u011fretim \u00fcyelerinden ve b\u00f6l\u00fcmdeki laboratuarlar\u0131ndan birinin m\u00fcd\u00fcrl\u00fc\u011f\u00fcn\u00fc yapan Zulfian Bey ve di\u011fer hocalarlayd\u0131. Farkl\u0131 alanlarda da ilgi ve bilgi sahibi olan Zulfian Bey, elindeki baz\u0131 raporlarla aralar\u0131nda b\u00f6lgenin ekonomik potansiyeli ve zenginli\u011fine dair baz\u0131 hususlar\u0131 payla\u015fm\u0131\u015ft\u0131. Korkut Bey bu konular\u0131 hassasiyetle dinlemi\u015f ve baz\u0131 sorularla da bu ilgisini ortaya koymu\u015ftu. Banda A\u00e7e belediye ba\u015fkan\u0131 Mawardi Nurdin (8 \u015eubat 2014&#8217;de vefat etti) kendisiyle randevula\u015fmam\u0131za ra\u011fmen, o g\u00fcn acil bir i\u015fi dolay\u0131s\u0131yla ofisinde olmamas\u0131 nedeniyle yard\u0131mc\u0131s\u0131 \u0130lliza Saaduddin Djamal ile k\u0131sa bir g\u00f6r\u00fc\u015fme yap\u0131lm\u0131\u015ft\u0131.<\/p>\n<p style=\"text-align: justify;\">Cuma namaz\u0131 i\u00e7in tarihi Beyt\u00fcrrahman Camii\u2019ne gitti\u011fimizde cami yetkilileri Korkut Bey\u2019e ilgi ve h\u00fcrmette kusur etmeyerek kendisini \u00f6n safa ald\u0131lar. Namaz\u0131n ard\u0131ndan ise, Korkut Bey cami mimarisine dair baz\u0131 sorular y\u00f6neltmi\u015fti.<\/p>\n<p style=\"text-align: justify;\">Okula yapt\u0131\u011f\u0131m\u0131z ziyaret ise \u2018prati\u011fe\u2019 y\u00f6nelikti. H\u00e2l ve hat\u0131r fasl\u0131n\u0131n ard\u0131ndan Korkut Bey \u00f6\u011frencilere k\u0131sa bir konu\u015fma yapm\u0131\u015f ve ard\u0131ndan s\u00fcpriz bir \u015fekilde g\u00fcr sesiyle bir il\u00e2hi okumu\u015ftu. \u0130l\u00e2hilere hi\u00e7 de yabanc\u0131 olmayan A\u00e7eli \u00e7ocuklar\u0131n Korkut Bey\u2019in okudu\u011fu ilahiyi ho\u015f bir seda olarak hat\u0131rlamalar\u0131n\u0131 \u00fcmit ediyorum.<\/p>\n<p style=\"text-align: justify;\">Korkut Bey\u2019in A\u00e7e\u2019ye olan ilgisi, gerek Cakarta ve A\u00e7e\u2019de gerekse T\u00fcrkiye\u2019de bu konudaki giri\u015fimleri takdirle an\u0131lmay\u0131 ve \u00f6rnek al\u0131nmay\u0131 hak ediyor. A\u00e7eli dostlar bu ve benzeri ki\u015filerin tavsiyelerini dinleseler di, belki bug\u00fcn daha farkl\u0131 bir konumda olabilirlerdi. Bununla birlikte, vakit kayb\u0131na ra\u011fmen, yine sa\u011fl\u0131kl\u0131 ve s\u00fcrd\u00fcr\u00fclebilir bir toplum, siyaset ve ekonomi modeli ortaya koyabilme olanaklar\u0131 mevcut. Ancak bunun i\u00e7in kadim A\u00e7e gelene\u011fine d\u00f6nmek kadar, Korkut \u00d6zal gibi k\u0131ymetli insanlar\u0131n tavsiyelerine de kulak kesilmeleri ve uygulamaya koymalar\u0131yla m\u00fcmk\u00fcn olabilir.<\/p>\n","protected":false},"excerpt":{"rendered":"<p>Mehmet \u00d6zay\u00a0 \u00a0 \u00a0 \u00a0 \u00a0 \u00a0 \u00a0 \u00a0 \u00a0 \u00a0 \u00a0 \u00a0 \u00a0 \u00a0 \u00a0 \u00a0 \u00a0 \u00a0 \u00a0 \u00a0 \u00a0 \u00a0 \u00a0 \u00a0 \u00a0 \u00a0 \u00a0 \u00a0 \u00a0 \u00a0 \u00a0 \u00a0 \u00a0 \u00a0 \u00a0 \u00a0 \u00a0 \u00a0 \u00a0 \u00a0 \u00a0 \u00a0 \u00a0 \u00a0 \u00a0 \u00a0 \u00a0 17.10.2017 \u00a0Korkut \u00d6zal\u2019\u0131n vefat\u0131n\u0131n \u00fczerinden neredeyse bir [&hellip;]<\/p>\n","protected":false},"author":1,"featured_media":2161,"comment_status":"open","ping_status":"open","sticky":false,"template":"","format":"standard","meta":{"footnotes":""},"categories":[10,6],"tags":[],"class_list":["post-2160","post","type-post","status-publish","format-standard","has-post-thumbnail","hentry","category-ace","category-gunluk-yazilar"],"_links":{"self":[{"href":"https:\/\/guneydoguasyacalismalari.com\/tr_tr\/wp-json\/wp\/v2\/posts\/2160","targetHints":{"allow":["GET"]}}],"collection":[{"href":"https:\/\/guneydoguasyacalismalari.com\/tr_tr\/wp-json\/wp\/v2\/posts"}],"about":[{"href":"https:\/\/guneydoguasyacalismalari.com\/tr_tr\/wp-json\/wp\/v2\/types\/post"}],"author":[{"embeddable":true,"href":"https:\/\/guneydoguasyacalismalari.com\/tr_tr\/wp-json\/wp\/v2\/users\/1"}],"replies":[{"embeddable":true,"href":"https:\/\/guneydoguasyacalismalari.com\/tr_tr\/wp-json\/wp\/v2\/comments?post=2160"}],"version-history":[{"count":2,"href":"https:\/\/guneydoguasyacalismalari.com\/tr_tr\/wp-json\/wp\/v2\/posts\/2160\/revisions"}],"predecessor-version":[{"id":2163,"href":"https:\/\/guneydoguasyacalismalari.com\/tr_tr\/wp-json\/wp\/v2\/posts\/2160\/revisions\/2163"}],"wp:featuredmedia":[{"embeddable":true,"href":"https:\/\/guneydoguasyacalismalari.com\/tr_tr\/wp-json\/wp\/v2\/media\/2161"}],"wp:attachment":[{"href":"https:\/\/guneydoguasyacalismalari.com\/tr_tr\/wp-json\/wp\/v2\/media?parent=2160"}],"wp:term":[{"taxonomy":"category","embeddable":true,"href":"https:\/\/guneydoguasyacalismalari.com\/tr_tr\/wp-json\/wp\/v2\/categories?post=2160"},{"taxonomy":"post_tag","embeddable":true,"href":"https:\/\/guneydoguasyacalismalari.com\/tr_tr\/wp-json\/wp\/v2\/tags?post=2160"}],"curies":[{"name":"wp","href":"https:\/\/api.w.org\/{rel}","templated":true}]}}