{"id":2058,"date":"2017-07-08T15:03:55","date_gmt":"2017-07-08T15:03:55","guid":{"rendered":"http:\/\/guneydoguasyacalismalari.com\/?p=2058"},"modified":"2017-07-08T15:03:55","modified_gmt":"2017-07-08T15:03:55","slug":"acede-irwandi-yusuf-donemi-era-of-irwandi-yusuf-in-aceh","status":"publish","type":"post","link":"https:\/\/guneydoguasyacalismalari.com\/tr_tr\/acede-irwandi-yusuf-donemi-era-of-irwandi-yusuf-in-aceh\/","title":{"rendered":"A\u00e7e\u2019de \u0130rwandi Yusuf d\u00f6nemi \/ Era of Irwandi Yusuf in Aceh"},"content":{"rendered":"<p><strong>Mehmet \u00d6zay \u00a0 \u00a0 \u00a0 \u00a0 \u00a0 \u00a0 \u00a0 \u00a0 \u00a0 \u00a0 \u00a0 \u00a0 \u00a0 \u00a0 \u00a0 \u00a0 \u00a0 \u00a0 \u00a0 \u00a0 \u00a0 \u00a0 \u00a0 \u00a0 \u00a0 \u00a0 \u00a0 \u00a0 \u00a0 \u00a0 \u00a0 \u00a0 \u00a0 \u00a0 \u00a0 \u00a0 \u00a0 \u00a0 \u00a0 \u00a0 \u00a0 \u00a0 \u00a0 \u00a0 \u00a0 \u00a0 \u00a008.07.2017<\/strong><\/p>\n<p style=\"text-align: justify;\">T\u00fcrkiye\u2019de birka\u00e7 g\u00fcnd\u00fcn Endonezya devlet ba\u015fkan\u0131 Joko Widodo\u2019yu a\u011f\u0131rl\u0131yoruz. \u00d6nem verildi\u011fi g\u00f6zlemlenen baz\u0131 anla\u015fmalara imzalar at\u0131ld\u0131. Jokowi\u2019nin \u00fclkesinde ise \u015eubat ay\u0131nda yap\u0131lan yerel se\u00e7imlerin sonu\u00e7lar\u0131 uzun bir aradan sonra nihayet netle\u015fmeye ve yerel y\u00f6neticiler birer birer atanmaya ba\u015fland\u0131. Hen\u00fcz Cakarta\u2019nin yeni valisi g\u00f6reve ba\u015flamasa da, A\u00e7e Eyaleti\u2019nde yeni vali \u00c7ar\u015famba g\u00fcn\u00fc eyalet parlamentosunda yap\u0131lan t\u00f6renle g\u00f6revine ba\u015flad\u0131. \u0130rwandi Yusuf&#8230;. 2007-2012 y\u0131llar\u0131 aras\u0131nda da g\u00f6rev yapan tecr\u00fcbeli lider, ikinci kez valilik makam\u0131nda. Yani 2017-2022 y\u0131llar\u0131nda A\u00e7e\u2019de \u0130rwandi Yusuf\u2019u yak\u0131ndan izleyece\u011fiz. Bu yaz\u0131da, kendisinden m\u00fcl\u00e2kat talep etti\u011fim ancak haz\u0131rl\u0131klar dolay\u0131s\u0131yla geri \u00e7evirmek zorunda kalan \u0130rvandi Yusuf\u2019un g\u00f6r\u00fc\u015flerini aktarmak istiyordum. Bir ba\u015fka sefere kald\u0131&#8230; Bu arada ba\u015fkan Jokowi\u2019nin A\u00e7e\u2019de birka\u00e7 y\u0131l g\u00f6rev yapt\u0131\u011f\u0131n\u0131 ve \u201cA\u00e7e ikinci evim\u201d dedi\u011fini de not edelim.<\/p>\n<p style=\"text-align: justify;\">Bu vesileyle, A\u00e7e\u2019de bu yeni d\u00f6nem neler vaad ediyor sorusu \u00fczerinden Endonezya\u2019ya g\u00f6z atmakta fayda var. Bu yakla\u015f\u0131ma, \u201cA\u00e7e Endonezya\u2019y\u0131 m\u0131 temsil ediyor?\u201d t\u00fcr\u00fcnden bir soruyla kar\u015f\u0131l\u0131k verilebilir. Tam da asl\u0131nda yaz\u0131n\u0131n konusuyla da ilintili bir soru. Buna verilebilecek uzun cevab\u0131 bir akademik \u00e7al\u0131\u015fma konusu olarak ele almak m\u00fcmk\u00fcn. Ancak burada sadece \u015fu kadar\u0131n\u0131 s\u00f6ylemekle yetinelim. 1945 y\u0131l\u0131nda gelen ba\u011f\u0131ms\u0131zl\u0131kta -ki Hollanda ve BM bu karar\u0131 1949 y\u0131l\u0131nda tan\u0131d\u0131- \u0130ngilizlerin deste\u011findeki Hollandal\u0131lar\u0131n Tak\u0131madalar\u2019da bir daha istila giri\u015fiminde bulunmad\u0131klar\u0131 yer A\u00e7e\u2019dir. 1945-1949 y\u0131llar\u0131 aras\u0131nda \u2018\u00fclkenin\u2019 ba\u011f\u0131ms\u0131zl\u0131k normuna sahip, sivil ve askeri temsiliyeti \u00fczerinde ta\u015f\u0131yan A\u00e7e oldu. Bu nedenledir ki, kurucu babalardan Sukarno\u2019nun 1948 y\u0131l\u0131nda A\u00e7e\u2019yi ziyareti s\u0131ras\u0131nda A\u00e7e\u2019nin Endonezya ulusu i\u00e7in bir \u2018model\u2019 te\u015fkil etti\u011fini s\u00f6ylemesi bir darb-\u0131 mesel haline geldi.<\/p>\n<p style=\"text-align: justify;\">Gelelim \u0130rwandi\u2019ye&#8230; \u0130rwandiyi di\u011fer politikac\u0131lardan ay\u0131ran yan\u0131, \u00f6ncelikle m\u00fccadeleci y\u00f6n\u00fc. Art\u0131k tarih oldu\u011funu d\u00fc\u015f\u00fcnebilece\u011fimiz A\u00e7e \u00d6zg\u00fcrl\u00fck Hareketi\u2019nin sivil kanad\u0131nda yer alan, o d\u00f6nem hem kamp\u00fcste hem de hareket i\u00e7erisindeki varl\u0131\u011f\u0131yla liderlik y\u00f6n\u00fcn\u00fc geli\u015ftiren \u0130rwandi, 26 Aral\u0131k 2004 tarihinde yani tsunami g\u00fcn\u00fc Banda A\u00e7e\u2019nin okyanusa a\u00e7\u0131lan b\u00f6lgelerinden Kedah\u2019daki hapishanesindeydi. Irwandi\u2019nin, 2007 y\u0131l\u0131ndaki m\u00fcl\u00e2kat\u0131m\u0131zda payla\u015ft\u0131\u011f\u0131 \u00fczere, dalgalar\u0131n bast\u0131\u011f\u0131 hapishane binas\u0131ndan kurtulu\u015fu bile \u00f6nemli bir m\u00fccadele \u00f6rne\u011fi olarak anlat\u0131lmay\u0131 hak ediyor.<\/p>\n<p style=\"text-align: justify;\">A\u00e7e\u2019nin sorunlar\u0131n\u0131 yakinen bilen \u0130rwandi Yusuf\u2019un ilk d\u00f6nemde g\u00f6rece elde etti\u011fi \u2018ba\u015far\u0131lar\u0131\u2019 tek ba\u015f\u0131na ele almak m\u00fcmk\u00fcn. Ancak unutulmamal\u0131 ki, tsunami sonras\u0131nda olu\u015fturulan yeniden in\u015fa ve yap\u0131land\u0131rmadan sorumlu teknik kurum 2009 y\u0131l\u0131na kadar i\u015f ba\u015f\u0131ndayd\u0131. Buna, uluslararas\u0131 sivil toplum kurulu\u015flar\u0131n\u0131n faaliyetlerini de eklemek gerekir. Ve A\u00e7e\u2019ye gerek merkezi h\u00fck\u00fcmet gerekse uluslararas\u0131 \u00e7evrelerden gelen maddi katk\u0131n\u0131n alt yap\u0131 hizmetlerinin geli\u015fmesindeki rol\u00fc \u00f6nemliydi.<\/p>\n<p style=\"text-align: justify;\">Bug\u00fcn ise i\u015fler biraz de\u011fi\u015fti. Art\u0131k uluslararas\u0131 yap\u0131lar A\u00e7e\u2019de faaliyet g\u00f6stermiyor. Yol, hava ve deniz limanlar\u0131, sulama kanallar\u0131 gibi baz\u0131 alt yap\u0131 \u00e7al\u0131\u015fmalar\u0131n\u0131n tamamland\u0131\u011f\u0131 s\u00f6ylenebilir. Ancak bunlar\u0131n s\u00fcrekli hizmet sa\u011flayabilmesi i\u00e7in gereken ara mekanizmalardan maalesef\u00a0 yoksun. Ba\u015fkent Banda A\u00e7e ba\u015fta olmak \u00fczere ana \u015fehirlerin su ve elektrik, kamusal alanlar\u0131n temizli\u011fi, trafik gibi temel sorunlardan b\u00f6lge i\u00e7in son derece \u00f6nemli hava ve \u00f6zellikle de deniz limanlar\u0131n\u0131n at\u0131ll\u0131\u011f\u0131 g\u00f6ze bat\u0131yor. B\u00fcrokraside ki at\u0131ll\u0131k ve yolsuzluk ise tek ba\u015f\u0131na devasa bir sorun&#8230;<\/p>\n<p style=\"text-align: justify;\">Endonezya\u2019n\u0131n di\u011fer b\u00f6lgeleri gibi A\u00e7e eyaleti de bir tar\u0131m toplumu \u00f6zelli\u011fi sergiliyor. Geni\u015f tar\u0131m arazileri, hayvanc\u0131l\u0131k faaliyetlerine konu olabilecek plato ve ovalar\u0131, devasa ormanl\u0131k alanlar\u0131n\u0131n yan\u0131 s\u0131ra, \u00fc\u00e7 yan\u0131n\u0131n denizlerle \u00e7evrili olmas\u0131 kayda de\u011fer bir denizcilik faaliyetini akla getiriyor. Petrol ve di\u011fer \u00e7e\u015fitli madenlerini saym\u0131yorum&#8230; T\u00fcm bu \u00f6zellikler, sadece A\u00e7e\u2019yi kendine yeter ve halk\u0131n\u0131 g\u00f6rece m\u00fcreffeh bir ekonomik d\u00fczeye ta\u015f\u0131mas\u0131 i\u00e7in kafi. Ancak sorun da burada ba\u015fl\u0131yor. Helsinki Bar\u0131\u015f Anla\u015fmas\u0131\u2019nda (2005) A\u00e7e\u2019ye \u00f6zerk y\u00f6netim hakk\u0131 tan\u0131nmas\u0131 ve bu hak i\u00e7erisinde ulusal ve uluslararas\u0131 \u00e7evrelerle ticari, ekonomik, yat\u0131r\u0131m vb. ili\u015fkilerde imtiyazlara sahip olmas\u0131na ra\u011fmen, A\u00e7e\u2019nin halen ni\u00e7in \u00fclkenin en geri kalm\u0131\u015f b\u00f6lgesi oldu\u011fu sorusu ortada duruyor. Bu sorunun cevab\u0131, \u201cmerkezi h\u00fck\u00fcmet \u00e7evrelerinde A\u00e7e\u2019ye y\u00f6nelik halen belli bir \u00f6nyarg\u0131n\u0131n oldu\u011fu ve bunun eyaletin kalk\u0131nmas\u0131n\u0131n \u00f6n\u00fcn\u00fc kesmeye matuf bir veche i\u00e7erdi\u011fi\u201d \u015feklinde verilebilir. Ancak bug\u00fcn i\u00e7in A\u00e7elilerin hi\u00e7bir mazereti olmad\u0131\u011f\u0131 da ortada.<\/p>\n<p style=\"text-align: justify;\">Yukar\u0131da de\u011findi\u011fim \u00fczere \u00fclkenin b\u00fcy\u00fck bir b\u00f6l\u00fcm\u00fcn\u00fcn k\u0131rsal toplum \u00f6zelli\u011fi sergilemesi benzer olumsuzluklar\u0131n veya geli\u015fmemi\u015fli\u011fin ulusal bazda kronik bir nitelik ta\u015f\u0131d\u0131\u011f\u0131 sonucuna g\u00f6t\u00fcrebilir. Belli ba\u015fl\u0131 \u015fehirler ki, onlar da kahir ekseriyetiyle s\u00f6m\u00fcrge d\u00f6neminde k\u00fcresel ticaretin aktarma organlar\u0131 olmu\u015f yap\u0131lar ve bug\u00fcn benzerleri gibi \u2018metropol\u2019 niteli\u011fi ta\u015f\u0131yor. \u00d6nemli bir b\u00f6l\u00fcm\u00fc de merkezi iktidar ayg\u0131t\u0131n\u0131 olu\u015fturan \u00e7evrelerin kalk\u0131nmada her daim \u00f6ncelik tan\u0131d\u0131klar\u0131 Cava Adas\u0131\u2019nda yer al\u0131yor. Ancak bu sorunu \u00e7\u00f6zmek bir yana b\u00fcy\u00fck \u015fehirlere g\u00f6\u00e7 olgusuyla birlikte daha farkl\u0131 sosyo-ekonomik ve k\u00fclt\u00fcrel sorunlar\u0131 da beraberinde getiriyor. Bu ba\u011flamda ba\u015fkent Cakarta\u2019n\u0131n durumu ortada. Yeni bir fenomen olarak g\u00fcndeme getirilen ba\u015fkentteki resmi kurumlar\u0131 ta\u015f\u0131nmas\u0131 konusu kar\u015f\u0131s\u0131nda y\u00f6netim, sorunun mek\u00e2n de\u011fi\u015fikli\u011finden ibaret olmad\u0131\u011f\u0131n\u0131 fark etmeli \u00f6ncelikle.<\/p>\n<p style=\"text-align: justify;\">Tam da burada giri\u015fte dikkat \u00e7ekti\u011fim A\u00e7e\u2019nin \u201cmodel\u201d olma \u00f6zelli\u011finin hen\u00fcz daha vakit varken bir kez daha canl\u0131 ve dinamik bir \u015fekilde ortaya konabilece\u011fi y\u00f6n\u00fcndedir. A\u00e7e, tsunami sonras\u0131nda a\u00e7\u0131k bir laboratuvar olma \u00f6zelli\u011fi ta\u015f\u0131yordu. Ancak bu laboratuvarda \u00e7al\u0131\u015fmas\u0131 beklenen ki\u015filer, kurumlar maalesef bu imk\u00e2n\u0131 hakk\u0131yla kullanamad\u0131lar. Bug\u00fcn bu \u00f6zellik devam ediyor mu diye sorulursa, her \u015feye ra\u011fmen, yine \u2018evet\u2019 cevab\u0131 verebilirim.<\/p>\n<p style=\"text-align: justify;\">\u0130rvandi \u00e7\u00f6z\u00fcme nereden ba\u015flamal\u0131 acaba? Bu noktada ilk tespit \u015fu olsa gerek&#8230; Tsunami yard\u0131mlar\u0131n\u0131n kayda de\u011fer bir \u00f6\u011frenim fonu olu\u015fturdu\u011fu ve bug\u00fcne kadar be\u015f bini a\u015fk\u0131n A\u00e7eli sosyal bilimlerden m\u00fchendisliklere kadar farkl\u0131 alanlarda yabanc\u0131 \u00fclkelerde lisans ve y\u00fcksek lisans e\u011fitimi almalar\u0131 nedeniyle \u00f6nemli bir kalifiye kadro olu\u015fturdu. Bu insan g\u00fcc\u00fc devlet dairelerinde yeniden yap\u0131land\u0131r\u0131lman\u0131n \u00f6nem bir b\u00f6l\u00fcm\u00fcn\u00fc olu\u015fturuyor. \u00c7\u00fcnk\u00fc sorunun odaklar\u0131ndan biri yozla\u015fm\u0131\u015f b\u00fcrokrasi te\u015fkil ediyor. \u2018M\u00fckemmelliyet\u00e7i\u2019 olmasalar bile, belli bir ideali payla\u015fan bu gen\u00e7 kitlenin A\u00e7e\u2019ye yapabilece\u011fi katk\u0131 k\u00fc\u00e7\u00fcnsenmemeli. Ard\u0131ndan mevcut yat\u0131r\u0131mlar\u0131 destekleyecek ara mekanizmalar, her alana y\u00f6nelik teknisyen\/ara kadro istihdam\u0131, teknolojik donan\u0131m, \u00fcretimde s\u00fcreklilik ve ulusal\/uluslararas\u0131 piyasalara n\u00fcfuz.<\/p>\n<p style=\"text-align: justify;\">D\u00fcn Ankara\u2019da iki \u00fclke i\u015fbirli\u011fi \u00e7er\u00e7evesinde imzaya konu olan alanlar\u0131n Endonezya gibi \u00fclkelerde geni\u015f toplum kesimleri veya k\u00fc\u00e7\u00fck ve orta \u00fcretici kesimleri kapsayac\u0131 olmaktan uzak oldu\u011funu s\u00f6ylemek gerekiyor. Bu anlamda \u2018dev\u2019 \u015firketler yerine, k\u00fc\u00e7\u00fck ve orta \u00f6l\u00e7ekli i\u015fletmeleri sahada \u00e7ok daha etkin ve verimli i\u015fbirlikleriyle g\u00f6rmek m\u00fcmk\u00fcn. Bunu en iyi bilen ki\u015filerden biri, kendisi de zaman\u0131nda k\u00fc\u00e7\u00fck i\u015fletmeci olan ba\u015fkan Jokowi\u2019nin kendisi&#8230; Jokowi\u2019nin bir s\u00fcredir dile getirdi\u011fi \u2018denizci ulus niteli\u011fi kazanma \u00e7abas\u0131\u2019, \u00fcyesi olunan ASEAN\u2019da ekonomik i\u015fbirli\u011fi gibi fakt\u00f6rler, Endonezya\u2019n\u0131n bat\u0131s\u0131nda Hint Okyanusu\u2019na a\u00e7\u0131lan, Malaka Bo\u011faz\u0131\u2019n\u0131n giri\u015finde jeo-stratejik ve ekonomik bir yer i\u015fgal eden, bir yandan da Malay Yar\u0131madas\u0131 \u00fczerinde ana karaya ba\u011flanmas\u0131 A\u00e7e Eyaleti\u2019nin laboratuvar olma \u00f6zelli\u011fini haylice peki\u015ftiriyor.<\/p>\n<p style=\"text-align: justify;\">T\u00fcm \u00f6nyarg\u0131lar\u0131 bir tarafa b\u0131rak\u0131p, A\u00e7e\u2019nin yeni valisi \u0130rwandi Yusuf\u2019un liderli\u011fini de bir kazan\u00e7 bilerek A\u00e7e\u2019nin \u00f6n\u00fcn\u00fc, dolay\u0131s\u0131yla Endonezya\u2019n\u0131n \u00f6n\u00fcn\u00fc a\u00e7acak kapsaml\u0131 i\u015fbirliklerinin hayata ge\u00e7irilmesine ihtiya\u00e7 var. Unutulmamal\u0131 ki, Endonezya Asya-Pasifik b\u00f6lgesinin \u00f6nemli bir \u00fclkesi ve A\u00e7e eyaleti de Endonezya\u2019n\u0131n tarih boyunca \u2018model\u2019 ald\u0131\u011f\u0131 bir b\u00f6lge.<\/p>\n<p style=\"text-align: justify;\"><a href=\"http:\/\/www.haberiyat.com\/analiz\/acede-irwandi-yusuf-donemi\">http:\/\/www.haberiyat.com\/analiz\/acede-irwandi-yusuf-donemi<\/a><\/p>\n","protected":false},"excerpt":{"rendered":"<p>Mehmet \u00d6zay \u00a0 \u00a0 \u00a0 \u00a0 \u00a0 \u00a0 \u00a0 \u00a0 \u00a0 \u00a0 \u00a0 \u00a0 \u00a0 \u00a0 \u00a0 \u00a0 \u00a0 \u00a0 \u00a0 \u00a0 \u00a0 \u00a0 \u00a0 \u00a0 \u00a0 \u00a0 \u00a0 \u00a0 \u00a0 \u00a0 \u00a0 \u00a0 \u00a0 \u00a0 \u00a0 \u00a0 \u00a0 \u00a0 \u00a0 \u00a0 \u00a0 \u00a0 \u00a0 \u00a0 \u00a0 \u00a0 \u00a008.07.2017 T\u00fcrkiye\u2019de birka\u00e7 g\u00fcnd\u00fcn Endonezya devlet ba\u015fkan\u0131 [&hellip;]<\/p>\n","protected":false},"author":1,"featured_media":2059,"comment_status":"open","ping_status":"open","sticky":false,"template":"","format":"standard","meta":{"footnotes":""},"categories":[10,6],"tags":[],"class_list":["post-2058","post","type-post","status-publish","format-standard","has-post-thumbnail","hentry","category-ace","category-gunluk-yazilar"],"_links":{"self":[{"href":"https:\/\/guneydoguasyacalismalari.com\/tr_tr\/wp-json\/wp\/v2\/posts\/2058","targetHints":{"allow":["GET"]}}],"collection":[{"href":"https:\/\/guneydoguasyacalismalari.com\/tr_tr\/wp-json\/wp\/v2\/posts"}],"about":[{"href":"https:\/\/guneydoguasyacalismalari.com\/tr_tr\/wp-json\/wp\/v2\/types\/post"}],"author":[{"embeddable":true,"href":"https:\/\/guneydoguasyacalismalari.com\/tr_tr\/wp-json\/wp\/v2\/users\/1"}],"replies":[{"embeddable":true,"href":"https:\/\/guneydoguasyacalismalari.com\/tr_tr\/wp-json\/wp\/v2\/comments?post=2058"}],"version-history":[{"count":1,"href":"https:\/\/guneydoguasyacalismalari.com\/tr_tr\/wp-json\/wp\/v2\/posts\/2058\/revisions"}],"predecessor-version":[{"id":2060,"href":"https:\/\/guneydoguasyacalismalari.com\/tr_tr\/wp-json\/wp\/v2\/posts\/2058\/revisions\/2060"}],"wp:featuredmedia":[{"embeddable":true,"href":"https:\/\/guneydoguasyacalismalari.com\/tr_tr\/wp-json\/wp\/v2\/media\/2059"}],"wp:attachment":[{"href":"https:\/\/guneydoguasyacalismalari.com\/tr_tr\/wp-json\/wp\/v2\/media?parent=2058"}],"wp:term":[{"taxonomy":"category","embeddable":true,"href":"https:\/\/guneydoguasyacalismalari.com\/tr_tr\/wp-json\/wp\/v2\/categories?post=2058"},{"taxonomy":"post_tag","embeddable":true,"href":"https:\/\/guneydoguasyacalismalari.com\/tr_tr\/wp-json\/wp\/v2\/tags?post=2058"}],"curies":[{"name":"wp","href":"https:\/\/api.w.org\/{rel}","templated":true}]}}