{"id":2051,"date":"2017-07-04T22:59:47","date_gmt":"2017-07-04T22:59:47","guid":{"rendered":"http:\/\/guneydoguasyacalismalari.com\/?p=2051"},"modified":"2017-07-04T22:59:47","modified_gmt":"2017-07-04T22:59:47","slug":"endonezya-devlet-baskani-ziyareti-oncesinde-durus-meselesi-political-stance-of-turkey-before-the-jokowis-visit","status":"publish","type":"post","link":"https:\/\/guneydoguasyacalismalari.com\/tr_tr\/endonezya-devlet-baskani-ziyareti-oncesinde-durus-meselesi-political-stance-of-turkey-before-the-jokowis-visit\/","title":{"rendered":"Endonezya devlet ba\u015fkan\u0131 ziyareti \u00f6ncesinde duru\u015f meselesi \/ Political Stance of Turkey before the Jokowi\u2019s Visit"},"content":{"rendered":"<p style=\"text-align: justify;\"><strong>Mehmet \u00d6zay \u00a0 \u00a0 \u00a0 \u00a0 \u00a0 \u00a0 \u00a0 \u00a0 \u00a0 \u00a0 \u00a0 \u00a0 \u00a0 \u00a0 \u00a0 \u00a0 \u00a0 \u00a0 \u00a0 \u00a0 \u00a0 \u00a0 \u00a0 \u00a0 \u00a0 \u00a0 \u00a0 \u00a0 \u00a0 \u00a0 \u00a0 \u00a0 \u00a0 \u00a0 \u00a0 \u00a0 \u00a0 \u00a0 \u00a0 \u00a0 \u00a0 \u00a0 \u00a0 \u00a0 \u00a0 \u00a0 \u00a004.07.2017<\/strong><\/p>\n<p style=\"text-align: justify;\">Devlet Ba\u015fkan\u0131 Joko Widodo\u2019nun ya da Endonezya\u2019da isimlerin k\u0131salt\u0131lmas\u0131 gele\u011fine uygun olarak kendisine uygun g\u00f6r\u00fclen Jokowi\u2019nin T\u00fcrkiye ziyareti \u00f6ncesinde Endonezya g\u00fcndeminde neler oldu\u011funa dikkat \u00e7ekmekte fayda var. Bu hususta, farkl\u0131 g\u00f6r\u00fc\u015fleri dile getirmenin m\u00fcmk\u00fcn oldu\u011funu s\u00f6yleyebiliriz. \u00d6rne\u011fin ana ak\u0131m medyan\u0131n, \u00e7e\u015fitli \u0130slami organizasyonlara mensup bas\u0131n yay\u0131n organlar\u0131n\u0131n, resmi makamlar\u0131n ve de halk\u0131n g\u00fcndeminin birbirinden farkl\u0131l\u0131k arz etti\u011fine ku\u015fku yok.<\/p>\n<p style=\"text-align: justify;\">Bir ucundan di\u011ferine be\u015f bin kilometer uzunlu\u011fundaki \u00fclkenin tek bir g\u00f6r\u00fc\u015f alt\u0131nda ele al\u0131namayacak denli geni\u015f bir sosyo-k\u00fclt\u00fcrel, siyasal ve de uluslararas\u0131 konular\u0131 i\u00e7ermesine de \u015fa\u015f\u0131rmamak gerekir. \u00dclkenin bat\u0131 ucunda, Hint Okyanusu\u2019na a\u00e7\u0131lan kap\u0131s\u0131 A\u00e7e Eyaleti, \u00f6te yan\u0131nda yani do\u011fusunda ise halen d\u00fc\u015f\u00fck yo\u011funluklu da olsa \u00e7at\u0131\u015fmalar\u0131n, siyasal huzursuzlu\u011fun devam etti\u011fi Bat\u0131 Papua Eyaleti; \u015eubat ay\u0131nda yap\u0131lan ve sadece ulusal de\u011fil uluslararas\u0131 medyaya da konu olacak denli hareketli ge\u00e7en valilik se\u00e7imlerine konu olan ba\u015fkent Cakarta; G\u00fcney \u00c7in Denizi\u2019ne bakan adalar toplulu\u011fu Riau Eyaleti\u2019nin en kuzeyinde \u00c7in\u2019in s\u00f6z konusu denizinin y\u00fczde 90\u2019\u0131na y\u00f6nelik hak iddias\u0131n\u0131n s\u0131n\u0131r\u0131n\u0131 te\u015fkil eden Natuna Adalar\u0131 ilk akla gelen hususlar.<\/p>\n<p style=\"text-align: justify;\">Tabii T\u00fcrkiye-Endonezya ili\u015fkilerinin altm\u0131\u015f\u0131nc\u0131 y\u0131l\u0131na denk gelen bu ziyaretin T\u00fcrkiye i\u00e7in farkl\u0131 bir anlam\u0131 bulunuyor. O da yakla\u015f\u0131k bir y\u0131l \u00f6nce her \u015feyin \u00f6tesinde \u00fclkenin varl\u0131\u011f\u0131na kastetmekle kalmayan, ad\u0131na \u0130slam d\u00fcnyas\u0131 denilen b\u00fct\u00fcn i\u00e7erisinde de \u00f6nemli de\u011fi\u015fimleri zaten ba\u015flatm\u0131\u015f olan bir yap\u0131lanman\u0131n Endonezya\u2019daki varl\u0131\u011f\u0131. \u2018\u0130nsani\u2019 yap\u0131lanmadan \u2018ter\u00f6r\u2019 yap\u0131lanmas\u0131na evrilen ve sadece \u00f6\u011fretmen-\u00f6\u011frenci gibi \u2018masum\u2019(!) kitleyi de\u011fil, \u00e7ok \u00e7e\u015fitli kesimleri b\u00fcnyesinde bar\u0131nd\u0131ran bu unsurun Endonezya\u2019daki varl\u0131\u011f\u0131 halen \u00f6nem arz ediyor. Kald\u0131 ki bu varl\u0131k, sadece halen T\u00fcrk kimli\u011fiyle ortal\u0131kta dola\u015fabilen k\u00fc\u00e7\u00fck bir az\u0131nl\u0131kla s\u0131n\u0131rl\u0131 de\u011fil. Aksine, bu grubun y\u0131llard\u0131r kurumlar\u0131nda \u2018i\u015fledikleri\u2019 yerli \u00e7ocuklar\u0131, aileleri, i\u015f-siyaset-bas\u0131n \u00e7evrelerinin \u015fu veya bu boyuttaki deste\u011fiyle varlar.<\/p>\n<p style=\"text-align: justify;\">A\u00e7e\u2019de bir devlet \u00fcniversitesinin eski rekt\u00f6r\u00fcn\u00fcn dile getirdi\u011fi \u00fczere, 1990\u2019l\u0131 y\u0131llar\u0131n ilk yar\u0131s\u0131ndan itibaren g\u00fcndeme gelmeye ba\u015flayan bu yap\u0131n\u0131n Endonezya\u2019daki varl\u0131\u011f\u0131, zamanla kendini \u2018bir ipek kozas\u0131 gibi \u00f6rerek\u2019 ve evre evre geni\u015fleyerek ilk ve orta \u00f6\u011fretimin d\u0131\u015f\u0131nda y\u00fcksek \u00f6\u011fretim, bas\u0131n, siyaset, ticaret ve de imkanlar ortaya \u00e7\u0131kt\u0131k\u00e7a, yerine ve zaman\u0131na g\u00f6re \u2018\u0130slami\u2019 ad\u0131yla an\u0131labilecek \u00e7e\u015fitli kurulu\u015flar\u0131 da sar\u0131p sarmalama \u00e7abas\u0131 sergiledi\u011fi ortada. Bu yap\u0131n\u0131n Cakarta merkezli olu\u015fumu, Endonezya ile s\u0131n\u0131rl\u0131 olmayan bir \u2018hizmet a\u011f\u0131na\u2019 sahip oldu\u011fu ve bunun ad\u0131na \u2018Asya-Pasifik\u2019 denilen bir adla ad\u0131lan organizasyonla tescil edildi\u011fi biliniyor. Bu husus en ba\u015fta b\u00f6lgedeki T\u00fcrkiye\u2019yi temsil makam\u0131ndaki her kurumun ve herkesin bilgisi dahilinde. Nas\u0131l olmas\u0131n ki, d\u00fcn birilerinin emriyle yan yana bulunanlar\u0131n tabii ki birbirlerini yakinen tan\u0131d\u0131\u011f\u0131na ve ayn\u0131 saf\u0131 i\u015fgal etti\u011fine tan\u0131k olundu.<\/p>\n<p style=\"text-align: justify;\">Hatta ve hatta bu hususta bilginin \u00f6tesinde bu unsurlar\u0131n da \u2018hizmet a\u011f\u0131yla\u2019 uzaktan-yak\u0131na do\u011fru \u00e7er\u00e7evelenebilecek ili\u015fkiler b\u00fct\u00fcn\u00fcnde yer ald\u0131klar\u0131 da s\u0131r de\u011fil. Dolay\u0131s\u0131yla T\u00fcrkiye devleti, ortada s\u0131r olmayan aksine a\u00e7\u0131k se\u00e7ik bir varl\u0131\u011f\u0131 sahip bir yap\u0131yla kar\u015f\u0131 kar\u015f\u0131ya. Bu konuda bug\u00fcne kadar Endonezya \u00f6zelinden ba\u015flayarak Asya-Pasifik b\u00f6lgesinde \u2018ter\u00f6re\u2019 evrilmi\u015f ve \u2018ter\u00f6re\u2019 \u015fu veya bu \u00f6l\u00e7\u00fcde yard\u0131m ve yatakl\u0131k yapm\u0131\u015f ki\u015fi ve gruplar\u0131n varl\u0131\u011f\u0131n\u0131n ne kadar ortadan kald\u0131r\u0131ld\u0131\u011f\u0131 meselesi hayatiyetini koruyor.<\/p>\n<p style=\"text-align: justify;\">\u00d6zellikle 2011 y\u0131l\u0131ndan itibaren ba\u015flayan ve ka\u00e7\u0131n\u0131lmaz oldu\u011fu a\u00e7\u0131k se\u00e7ik ortada g\u00f6z\u00fcken \u2018darbe\u2019 giri\u015fimine kadarki s\u00fcre\u00e7te bu grubu koruyup, kollayan, \u201cbunlar da iyi insanlar\u201d s\u00f6ylemini g\u00fcndeme ta\u015f\u0131yan ve ayn\u0131 zamanda kendilerini devleti temsil makam\u0131nda oldu\u011funu s\u00f6yleyen yetkililer halen kaydade\u011fer bir sorumluluk ta\u015f\u0131yorlar. \u00d6yle ki, darbe sonras\u0131nda dahi T\u00fcrkiye\u2019yi temsil etti\u011fi iddias\u0131 oldu\u011fu belirtilen kurulu\u015flar\u0131n bu menfur grupla m\u00fccadele bir yana, geni\u015f anlam\u0131yla Endonezya toplumunun her k\u00f6\u015fesine ula\u015fabilecek imk\u00e2nlar\u0131 yaratmadaki beceriksizli\u011fi de, hi\u00e7 ku\u015fku yok ki en az olgunun kendisi kadar dikkat \u00e7ekici bir duruma i\u015faret ediyor.<\/p>\n<p style=\"text-align: justify;\">Pek \u00e7ok eksikli\u011fine ra\u011fmen, Endonezya gibi \u015fu veya bu a\u00e7\u0131dan halen \u00f6nem arz eden bir \u00fclkenin geni\u015f kamuoyuna hitap edebilecek yeterlili\u011fi geli\u015ftirmek yerine, \u2018ge\u00e7mi\u015fin uzak k\u00f6\u015fesinden kalan\u2019 okul arkada\u015flar\u0131 naifli\u011fiyle bu \u00fclkede politika \u00fcretebileceklerini sananlar h\u00fcsrana u\u011frad\u0131klar\u0131n\u0131n fark\u0131nda bile de\u011fil. Bu s\u00fcre\u00e7te, kendilerine sunulan temel ve uygulanabilir kimi hususlar\u0131 anlay\u0131p icraata koyarak T\u00fcrkiye\u2019nin \u00f6n\u00fcn\u00fc a\u00e7ma yeterlili\u011fi bile g\u00f6sterememi\u015f olanlar\u0131n, b\u00f6lgeyle ilgili ne denli derin bir cehalet i\u00e7erisinde olduklar\u0131 ortadad\u0131r. Bu bilgi ve anlay\u0131\u015f eksikli\u011finin bir di\u011fer y\u00f6n\u00fcn\u00fc ise, kimi kurumlar\u0131n yapt\u0131klar\u0131 bas\u0131n a\u00e7\u0131klamalar\u0131 olu\u015fturmu\u015ftur. Verilmek istenen mesajlar\u0131n do\u011frulu\u011fu bir yana, bu b\u00f6lgedeki, devletleri ve de toplumlar\u0131 \u2018steril bir \u015fekilde alg\u0131lama\u2019 rahats\u0131zl\u0131\u011f\u0131n\u0131n en iyi \u00f6rneklerinden biri olarak sergilenmi\u015ftir.<\/p>\n<p style=\"text-align: justify;\">Bug\u00fcn \u015fayet Endonezya resmi makamlar\u0131n\u0131n ve de toplumda az\u0131msanmayacak bir kitlenin T\u00fcrkiye\u2019nin en zor zaman\u0131nda yan\u0131nda olmak bir yana, T\u00fcrkiye\u2019yi anlayamam\u0131\u015f olmas\u0131, hatta ve hatta T\u00fcrkiye\u2019ye kar\u015f\u0131 bir duru\u015f sergileme durumunda kal\u0131\u015f\u0131nda yukar\u0131da dile getirilen k\u0131s\u0131r duru\u015f ve eylemlerin rol\u00fcn\u00fc irdelemek gerekmektedir. Bu ba\u011flamda, devlete ba\u011fl\u0131l\u0131k ve temsiliyet ile devletin y\u00fcce hedeflerini sahiplenme en elzem duru\u015fu olu\u015fturmaktad\u0131r. Ve bunun ard\u0131ndan, \u2018ter\u00f6r\u2019 yap\u0131lanmas\u0131n\u0131n nas\u0131l bir s\u00fcre\u00e7 ve metod takip etti\u011finden hareketle, ilgili toplumsal kesimlerin t\u00fcm\u00fcn\u00fc i\u00e7ine alacak \u015fekilde yeni bir \u00e7er\u00e7eve ve pl\u00e2nla harekete ge\u00e7me konusunda azami bir \u00e7aba sergilenmesi gerekiyordu.<\/p>\n<p style=\"text-align: justify;\">Bunun asgari \u015fartal\u0131r olan i\u00e7inde bulunulan toplumu dilinden ve k\u00fclt\u00fcr\u00fcnden ba\u015flayarak dini ve siyasi dinamiklerine kadar her a\u00e7\u0131dan anlayabilecek bir yakla\u015f\u0131m sad\u0131r olmad\u0131k\u00e7a kayda de\u011fer bir ad\u0131m atman\u0131n imk\u00e2ns\u0131zl\u0131\u011f\u0131 da ortadad\u0131r. Bu ve benzeri hususlar kar\u015f\u0131s\u0131nda a\u00e7\u0131k se\u00e7ik bir yalkla\u015f\u0131m sergilemek yerine, \u2018protokole\u2019 tak\u0131l\u0131p, \u2018efendim yapt\u0131k, ettik; yap\u0131yoruz, ediyoruz\u2019 s\u00f6yleminde devam edilecek olmas\u0131 halinde T\u00fcrkiye\u2019nin b\u00f6lgedeki varl\u0131\u011f\u0131n\u0131n kritik olmaya devam edece\u011fini de \u00f6ng\u00f6rmek zor de\u011fil.<\/p>\n<p style=\"text-align: justify;\">T\u00fcm bu ve benzeri hususlar\u0131n ard\u0131ndan T\u00fcrkiye\u2019ye \u2018tarihi (!) ziyarette bulunan Jokowi ve kendisine e\u015flik eden heyetle ne t\u00fcrden g\u00f6r\u00fc\u015fmeler yap\u0131laca\u011f\u0131 ve bunlara k\u0131sa ve orta vadede ne t\u00fcrden yan\u0131t bulunaca\u011f\u0131 meselesi tabii ki \u00f6nemlidir. Ancak unutulmamas\u0131 gereken T\u00fcrkiye\u2019nin neyi, ni\u00e7in, hangi yollarla ve nas\u0131l yapmak istedi\u011fi ve yapaca\u011f\u0131 meselesiyle al\u00e2kal\u0131d\u0131r. \u0130\u015fin bir yan\u0131nda birilerinin akl\u0131n\u0131n ucundan ge\u00e7ece\u011fi tahmin edilebilecek \u201cEndonezya \u2018kocaman\u2019 bir \u0130slam \u00fclkesidir\u201d s\u00f6yleminden hareketle bu devletin d\u0131\u015f politikas\u0131n\u0131n \u2018\u0130slami referanslarla\u2019 te\u015fkil edildi\u011fi gibi bir yan\u0131lsama i\u00e7ine girilmemelidir. Halk\u0131n\u0131n kahir ekseriyeti, \u2018yerli \u0130slam anlay\u0131\u015f\u0131n\u0131n\u2019 gayet g\u00fczel bir \u00f6rne\u011fini te\u015fkil etse de, devlet y\u00f6netimi, uluslararas\u0131 ba\u011flant\u0131lar bu \u00fclkenin kurulu\u015fundan g\u00fcn\u00fcm\u00fcze kadar \u0130slamc\u0131 bir tutum ve yakla\u015f\u0131m\u0131 ikili ili\u015fkilerde ortaya koymad\u0131\u011f\u0131n\u0131 g\u00f6stermektedir.<\/p>\n<p style=\"text-align: justify;\">Ortaya \u00e7ok b\u00fcy\u00fck bir sorumluluk alan\u0131n\u0131n \u00e7\u0131kt\u0131\u011f\u0131na ku\u015fku yok. Asl\u0131nda burada bir sorun da yok. B\u00fcy\u00fck devlet olma sorumlulu\u011fu ta\u015f\u0131yan ve bunu prati\u011fe d\u00f6kmek isteyen bir milletin a\u015fmas\u0131 gereken sorunlar aras\u0131nda bunlar da bulunuyor. Bunlar a\u015f\u0131labildi\u011fi \u00f6l\u00e7\u00fcde b\u00f6lgede var olabilirsiniz.<\/p>\n<p style=\"text-align: justify;\"><a href=\"http:\/\/www.haberiyat.com\/analiz\/endonezya-devlet-baskani-ziyareti-oncesinde-durus-meselesi\">http:\/\/www.haberiyat.com\/analiz\/endonezya-devlet-baskani-ziyareti-oncesinde-durus-meselesi<\/a><\/p>\n","protected":false},"excerpt":{"rendered":"<p>Mehmet \u00d6zay \u00a0 \u00a0 \u00a0 \u00a0 \u00a0 \u00a0 \u00a0 \u00a0 \u00a0 \u00a0 \u00a0 \u00a0 \u00a0 \u00a0 \u00a0 \u00a0 \u00a0 \u00a0 \u00a0 \u00a0 \u00a0 \u00a0 \u00a0 \u00a0 \u00a0 \u00a0 \u00a0 \u00a0 \u00a0 \u00a0 \u00a0 \u00a0 \u00a0 \u00a0 \u00a0 \u00a0 \u00a0 \u00a0 \u00a0 \u00a0 \u00a0 \u00a0 \u00a0 \u00a0 \u00a0 \u00a0 \u00a004.07.2017 Devlet Ba\u015fkan\u0131 Joko Widodo\u2019nun ya da [&hellip;]<\/p>\n","protected":false},"author":1,"featured_media":2052,"comment_status":"open","ping_status":"open","sticky":false,"template":"","format":"standard","meta":{"footnotes":""},"categories":[21,6],"tags":[],"class_list":["post-2051","post","type-post","status-publish","format-standard","has-post-thumbnail","hentry","category-endonezya","category-gunluk-yazilar"],"_links":{"self":[{"href":"https:\/\/guneydoguasyacalismalari.com\/tr_tr\/wp-json\/wp\/v2\/posts\/2051","targetHints":{"allow":["GET"]}}],"collection":[{"href":"https:\/\/guneydoguasyacalismalari.com\/tr_tr\/wp-json\/wp\/v2\/posts"}],"about":[{"href":"https:\/\/guneydoguasyacalismalari.com\/tr_tr\/wp-json\/wp\/v2\/types\/post"}],"author":[{"embeddable":true,"href":"https:\/\/guneydoguasyacalismalari.com\/tr_tr\/wp-json\/wp\/v2\/users\/1"}],"replies":[{"embeddable":true,"href":"https:\/\/guneydoguasyacalismalari.com\/tr_tr\/wp-json\/wp\/v2\/comments?post=2051"}],"version-history":[{"count":1,"href":"https:\/\/guneydoguasyacalismalari.com\/tr_tr\/wp-json\/wp\/v2\/posts\/2051\/revisions"}],"predecessor-version":[{"id":2053,"href":"https:\/\/guneydoguasyacalismalari.com\/tr_tr\/wp-json\/wp\/v2\/posts\/2051\/revisions\/2053"}],"wp:featuredmedia":[{"embeddable":true,"href":"https:\/\/guneydoguasyacalismalari.com\/tr_tr\/wp-json\/wp\/v2\/media\/2052"}],"wp:attachment":[{"href":"https:\/\/guneydoguasyacalismalari.com\/tr_tr\/wp-json\/wp\/v2\/media?parent=2051"}],"wp:term":[{"taxonomy":"category","embeddable":true,"href":"https:\/\/guneydoguasyacalismalari.com\/tr_tr\/wp-json\/wp\/v2\/categories?post=2051"},{"taxonomy":"post_tag","embeddable":true,"href":"https:\/\/guneydoguasyacalismalari.com\/tr_tr\/wp-json\/wp\/v2\/tags?post=2051"}],"curies":[{"name":"wp","href":"https:\/\/api.w.org\/{rel}","templated":true}]}}