{"id":1818,"date":"2016-11-05T08:54:10","date_gmt":"2016-11-05T08:54:10","guid":{"rendered":"http:\/\/guneydoguasyacalismalari.com\/?p=1818"},"modified":"2016-11-05T08:54:40","modified_gmt":"2016-11-05T08:54:40","slug":"cakartada-toplumsal-tepkinin-arka-plani-the-background-of-the-social-reaction-in-jakarta","status":"publish","type":"post","link":"https:\/\/guneydoguasyacalismalari.com\/tr_tr\/cakartada-toplumsal-tepkinin-arka-plani-the-background-of-the-social-reaction-in-jakarta\/","title":{"rendered":"Cakarta\u2019da Toplumsal Tepkinin Arka Plan\u0131 \/ The Background of the Social Reaction in Jakarta"},"content":{"rendered":"<p><strong>Cihan Kurtaran \u2013 Kuala Lumpur \u00a0 \u00a0 \u00a0 \u00a0 \u00a0 \u00a0 \u00a0 \u00a0 \u00a0 \u00a0 \u00a0 \u00a0 \u00a0 \u00a0 \u00a0 \u00a0 \u00a0 \u00a0 \u00a0 \u00a0 \u00a0 \u00a0 \u00a0 \u00a0 \u00a0 \u00a0 \u00a0 \u00a0 \u00a0 \u00a0 \u00a0 \u00a0 \u00a0 \u00a005.11.2016<\/strong><\/p>\n<p style=\"text-align: justify;\">\u00c7ok etnikli \u00e7ok dinli Endonezya\u2019da kamuoyu bir s\u00fcredir \u015eubat ay\u0131nda yap\u0131lacak yerel se\u00e7imlere kilitlendi. Her be\u015f y\u0131lda bir yap\u0131lan se\u00e7imler, halk\u0131n belediye ba\u015fkanlar\u0131n\u0131, yerel meclis \u00fcyelerini se\u00e7mesiyle \u00fclke demokrasisinin geli\u015fmesine katk\u0131da bulunuyor. Bu katk\u0131, \u00e7e\u015fitli siyasi ideolojilerden beslenen ulusal partilerin \u00e7ok etnikli ve \u00e7ok dinli toplumsal yap\u0131ya sahip bu Tak\u0131madalar co\u011frafyas\u0131nda \u2018yerelin sesini\u2019 dikkate ald\u0131klar\u0131 bir d\u00f6nem olarak da ortaya \u00e7\u0131k\u0131yor. \u00dclkenin d\u00f6rt bir yan\u0131ndaki etnik yap\u0131lara mensup topluluklar, \u00f6zellikle \u2018kendilerinden\u2019 olan yerel siyaset\u00e7ileri y\u00f6netimde g\u00f6rmek istiyor. Dolay\u0131s\u0131yla, Cava Adas\u0131 merkezli kurulan ve neredeyse t\u00fcm Tak\u0131madalar\u2019da faaliyet g\u00f6steren ulusal partiler yerel se\u00e7imlerde velev ki, aralar\u0131nda \u015fu veya bu \u015fekilde siyasi g\u00f6r\u00fc\u015f farkl\u0131l\u0131\u011f\u0131 olsa da, adaylar\u0131n\u0131 \u00f6ne \u00e7\u0131kan yerel siyasiler aras\u0131ndan se\u00e7iyor. Yerel se\u00e7imlerin oda\u011f\u0131nda ise hi\u00e7 ku\u015fku yok ki, ba\u015fkent Cakarta valili\u011fi \u00f6nem ta\u015f\u0131yor. Ulusal partiler taraf\u0131ndan sadece \u2018vali\u2019 se\u00e7imi olarak de\u011ferlendirilmeyen, aksine bir sonraki ba\u015fkanl\u0131k se\u00e7imleri i\u00e7in de bir de\u011ferlendirme ve s\u0131nama s\u00fcreci olarak i\u015flev g\u00f6r\u00fcyor.<\/p>\n<p style=\"text-align: justify;\">Bu ba\u011flamda, yakla\u015f\u0131k \u00fc\u00e7 ay sonra yap\u0131lacak ve \u00f6n\u00fcm\u00fczdeki be\u015f y\u0131ll\u0131k s\u00fcreyle ba\u015fkent Cakarta\u2019y\u0131 y\u00f6netecek valiyi belirleyecek se\u00e7imler \u00f6ncesinde adaylar ve onlar\u0131 destekleyen siyasi partiler aras\u0131ndaki tart\u0131\u015fma ba\u015fkentin trafik, toplu konut, sel, e\u011fitim vb. gibi her daim \u00f6ne \u00e7\u0131kan alt yap\u0131 sorunlar\u0131n\u0131n ne \u015fekilde halledilece\u011fi \u00fczerine yap\u0131lm\u0131yor. Yakla\u015f\u0131k bir ay \u00f6nce ba\u015flayan tart\u0131\u015fma, mevcut vali Basuki Tjahaja Purnama\u2019n\u0131n (Ahok) Eyl\u00fcl ay\u0131 sonunda yapt\u0131\u011f\u0131 bir konu\u015fmada Kur\u2019an-\u0131 Kerim\u2019e hakaret etti\u011fi iddialar\u0131 \u00fczerine, baz\u0131 \u00e7evrelerin tepkileri ve polisten valiyi tutuklayarak yarg\u0131lanmas\u0131 talebi \u00e7er\u00e7evesinde s\u00fcr\u00fcyor. Vali Ahok\u2019un ilgili ayetle ilgili yapt\u0131\u011f\u0131 a\u00e7\u0131klama sonras\u0131nda Kur\u2019an-\u0131 Kerim\u2019e hakaret etmedi\u011fini ve de ayr\u0131ca \u00f6z\u00fcr dilemesine ra\u011fmen, kimi gruplar bu \u00f6zr\u00fc kabul etmeyip yarg\u0131lanmas\u0131n\u0131 ileri s\u00fcr\u00fcyor. \u00d6te yandan, bug\u00fcne kadar ilgili devlet kurumlar\u0131n\u0131n valiyi yasal s\u00fcrece tabi tutmamas\u0131n\u0131n ard\u0131nda valinin konu\u015fmas\u0131n\u0131n farkl\u0131 yorumlanmas\u0131na dayan\u0131yor.<\/p>\n<p style=\"text-align: justify;\">Tabii s\u00fcre\u00e7 bununla da s\u0131n\u0131rl\u0131 de\u011fil. Ahok d\u0131\u015f\u0131nda valilik yar\u0131\u015f\u0131nda yer alacak di\u011fer iki aday ve onlar\u0131 destekleyen siyasi partilerin de \u015fu veya bu \u015fekilde m\u00fcdahil olduklar\u0131 bir s\u00fcrece tan\u0131kl\u0131k ediliyor. A\u015fa\u011f\u0131da de\u011finilecek ve bu s\u00fcrecin akt\u00f6rleri oldu\u011fu g\u00f6r\u00fclen \u00e7evreler dikkate al\u0131nd\u0131\u011f\u0131nda bu tart\u0131\u015fman\u0131n \u00f6n\u00fcm\u00fczdeki \u00fc\u00e7 ay boyunca da s\u00fcrece\u011fi anla\u015f\u0131l\u0131yor.<\/p>\n<p style=\"text-align: justify;\">Toplumsal g\u00fcvenlik-Etnik gerginlik<\/p>\n<p style=\"text-align: justify;\">Tart\u0131\u015fman\u0131n oda\u011f\u0131ndaki vali Ahok\u2019un \u201cKur\u2019an\u2019a hakaret etti\u011fi\u201dni ileri s\u00fcren bir grubun Ekim ay\u0131 ba\u015f\u0131nda ba\u015flatt\u0131\u011f\u0131 ve bug\u00fcne kadar giderek se\u00e7im g\u00fcndeminde tek konu haline gelen tepkileri ve g\u00f6sterisi bug\u00fcn farkl\u0131 bir noktaya evrilmi\u015f durumda. \u0130ki hafta \u00f6nceki g\u00f6steriden\u00a0 daha fazla say\u0131da ki\u015finin kat\u0131laca\u011f\u0131n\u0131n duyurulmas\u0131 Ba\u015fkan Jokowi, ordu komutan\u0131 ve emniyet genel m\u00fcd\u00fcr\u00fc, siyasi parti ba\u015fkanlar\u0131 dahil olmak \u00fczere \u00fclkenin \u00fcst d\u00fczey y\u00f6neticileri ve siyasilerinin de dahil oldu\u011fu bir s\u00fcrece konu oldu. G\u00f6sterilere Suriye ve Irak\u2019tan d\u00f6nd\u00fckleri ifade edilen bir grup ile bunlar\u0131n \u00fclkedeki sempatizanlar\u0131n\u0131n kar\u0131\u015fabilece\u011fi y\u00f6n\u00fcndeki endi\u015feler ile g\u00f6sterinin hedefinde sadece vali Ahok\u2019un ve onun yarg\u0131lanmas\u0131 talebi de\u011fil, toplumdaki etnik ili\u015fkileri ciddi anlamda zedeleyebilecek bir boyuta ula\u015fabilece\u011fi endi\u015fesi bulunuyor. Bu nedenle devlet ba\u015fkan\u0131 Jokowi hafta ba\u015f\u0131nda \u00fclkenin \u00f6nde gelen dini gruplar\u0131n\u0131n liderlerini sarayda toplad\u0131; ard\u0131ndan emniyet genel m\u00fcd\u00fcrl\u00fc\u011f\u00fc g\u00f6sterilerde g\u00f6rev yapaca\u011f\u0131n\u0131 a\u00e7\u0131klad\u0131\u011f\u0131 polis g\u00fcc\u00fc say\u0131s\u0131n\u0131 7500\u2019den 20 bin\u2019e \u00e7\u0131kard\u0131; ordu ise, ilk defa 500 ki\u015filik \u00f6zel birlikte sahada yer alaca\u011f\u0131n\u0131 a\u00e7\u0131klad\u0131. \u0130\u015fin \u00f6te yan\u0131nda, \u015eubat\u2019taki valilik se\u00e7iminin siyasi partiler i\u00e7in 2019 ba\u015fkanl\u0131k se\u00e7imlerinin provas\u0131 niteli\u011fi ta\u015f\u0131mas\u0131 da s\u00fcrecin farkl\u0131 bir ba\u011flama oturtulmas\u0131na hararetlenmesine neden oluyor.<\/p>\n<p style=\"text-align: justify;\">S\u00fcrecin ba\u015flang\u0131c\u0131<\/p>\n<p style=\"text-align: justify;\">Ba\u015fkent Cakarta\u2019daki bu geli\u015fmenin ve bunun ulusal politikaya etkisini sa\u011fl\u0131kl\u0131 de\u011ferlendirebilmek ve son bir ayd\u0131r ya\u015fananlar\u0131n sonunda buraya nas\u0131l gelindi\u011fini anlayabilmek i\u00e7in neler olup bitti\u011fine k\u0131saca bakmakta fayda var. \u00c7in k\u00f6kenli ve Protestan H\u0131ristiyan olan Vali Ahok, 27 Eyl\u00fcl\u2019de yapt\u0131\u011f\u0131 bir konu\u015fmada, baz\u0131 \u00e7evrelerin Kur\u2019an-\u0131 Kerim\u2019den Maide Suresi\u2019nin 51. Ayetini ileri s\u00fcrerek bir H\u0131ristiyan olan kendisinin adayl\u0131\u011f\u0131n\u0131n desteklenmemesi gerekti\u011fini s\u00f6ylediklerini belirtmi\u015f ve se\u00e7menlerin kendisine oy verip vermemekte h\u00fcr olduklar\u0131n\u0131 dile getirmi\u015fti. Gelen tepkiler \u00fczerine Ahok \u00f6z\u00fcr dilese de, \u00f6zellikle belirli bir grubun \u00f6nc\u00fcl\u00fc\u011f\u00fcnde iki hafta \u00f6nce yap\u0131lan ve yakla\u015f\u0131k be\u015f il\u00e2 on bin ki\u015finin kat\u0131ld\u0131\u011f\u0131 g\u00f6steriyle polisin Ahok\u2019u tutuklamas\u0131 ve yarg\u0131lanmas\u0131 talebi g\u00fcndeme getirilmi\u015fti. Asl\u0131nda baz\u0131 \u00e7evrelerin H\u0131ristiyan k\u00f6kenli valiye tepkileri ilk de\u011fil. 2012 y\u0131l\u0131nda vali se\u00e7ilen Joko Widodo\u2019nun (Jokowi), hemen iki y\u0131l sonra, yani 2014 y\u0131l\u0131nda yap\u0131lan ba\u015fkanl\u0131k se\u00e7imini kazanmas\u0131 ve b\u00f6ylece devlet ba\u015fkanl\u0131\u011f\u0131na oturmas\u0131n\u0131n ard\u0131ndan, do\u011fal bir s\u00fcre\u00e7 olarak yard\u0131mc\u0131s\u0131 Ahok yeni vali olarak atand\u0131. Bu geli\u015fme, elli y\u0131l aradan sonra M\u00fcsl\u00fcman olmayan bir valinin ilk defa Cakarta\u2019y\u0131 y\u00f6netmesi anlam\u0131 ta\u015f\u0131yordu.<\/p>\n<p style=\"text-align: justify;\">\u0130\u015fin bir yan\u0131nda da etnik boyutu var&#8230; O da, Ahok\u2019un \u00c7in k\u00f6kenli olmas\u0131. Ancak kahir ekseriyeti M\u00fcsl\u00fcmanlardan olu\u015fmakla birlikte, \u00e7ok etnikli ve dinli bir \u00fclke olan Endonezya\u2019da anayasa M\u00fcsl\u00fcman olmayanlar\u0131n belediye ba\u015fkanl\u0131\u011f\u0131, valilik veya siyasi parti ba\u015fkanl\u0131\u011f\u0131, devlet ba\u015fkan\u0131 olamayaca\u011f\u0131na dair bir madde i\u00e7ermiyor. Ola\u011fan siyasi yap\u0131 i\u00e7erisinde ve bu siyasi yap\u0131n\u0131n demokratik team\u00fcllerinin uygulanmas\u0131 \u00e7er\u00e7evesinde M\u00fcsl\u00fcman kitlelerin elinde \u00f6nemli bir avantaj oldu\u011funu daha \u00fclkenin kurucu babas\u0131 ile o d\u00f6nemin M\u00fcsl\u00fcman liderleri aras\u0131nda ba\u011f\u0131ms\u0131zl\u0131k \u00f6ncesi yap\u0131lan g\u00f6r\u00fc\u015fmelerden biliniyor. Bu ba\u011flamda, \u00e7e\u015fitli dini gruplar\u0131n liderleri de bunu destekler mahiyette a\u00e7\u0131klamalar yaparak son haftalarda giderek artan gerginli\u011fi engelleme \u00e7abas\u0131 sergilediler.<\/p>\n<p style=\"text-align: justify;\">Ba\u015fkent Valili\u011fi ve ulusal siyaset<\/p>\n<p style=\"text-align: justify;\">Yerel se\u00e7imler \u00e7er\u00e7evesinde ba\u015fkent Cakarta valili\u011finin farkl\u0131 bir y\u00f6n\u00fc bulunuyor. Cakarta se\u00e7im komisyonunun 2 Kas\u0131m\u2019da yapt\u0131\u011f\u0131 a\u00e7\u0131klamaya g\u00f6re, kozmopolit bir nitelik arz eden ba\u015fkentte toplam 7.132.756 se\u00e7men bulunuyor. Bunun yan\u0131 s\u0131ra, ba\u015fkent siyasi partilerin yap\u0131la\u015fma merkezi olmas\u0131yla siyasi rekabetin kayda de\u011fer bir art\u0131\u015f g\u00f6sterdi\u011fi yer olarak dikkat \u00e7ekiyor. Devlet ba\u015fkan\u0131 Suharto d\u00f6neminde (1966-1998) eyalet valileri kadar, ba\u015fkent valisi de merkezden atan\u0131yordu. Suharto sonras\u0131ndaki reform d\u00f6neminde siyasi hayattaki d\u00f6n\u00fc\u015f\u00fcmler ba\u011flam\u0131nda 2007 y\u0131l\u0131ndan ba\u015flayarak Cakarta valisinin belirlenmesinde halk oyuna ba\u015fvurulmaya ba\u015fland\u0131. Vali ile birlikte yard\u0131mc\u0131s\u0131 birlikte se\u00e7ime giriyor ve atan\u0131yor. Ancak bug\u00fcne kadar devam eden s\u00f6z konusu bu reform d\u00f6neminde belki de en \u00f6nemli geli\u015fme 2012 y\u0131l\u0131nda yap\u0131lan se\u00e7imde ya\u015fand\u0131. Merkez siyasetin d\u0131\u015f\u0131nda yer alan ve o d\u00f6neme kadar (2005-2012) Cava Adas\u0131\u2019n\u0131n do\u011fusunda tarihi Solo \u015fehri belediye ba\u015fkanl\u0131\u011f\u0131 yapm\u0131\u015f Joko Widodo (Jokowi) ba\u015fkent valili\u011fine aday oldu.<\/p>\n<p style=\"text-align: justify;\">Belediye ba\u015fkanl\u0131\u011f\u0131ndaki performans\u0131yla \u00fclke g\u00fcndemine oturan Jokowi\u2019yi destekleyen Endonezya M\u00fccadeleci Demokrasi Parti (PDI-P), hem de \u00c7in k\u00f6kenli yard\u0131mc\u0131s\u0131 ile sadece ba\u015fkent politikalar\u0131n\u0131 de\u011fil, \u00fclke siyasetinde belirleyici olacak bir s\u00fcrecin ba\u015flang\u0131c\u0131 oldu. Solo \u015fehrindeki ba\u015far\u0131l\u0131 yerel y\u00f6neticili\u011fi ba\u015fkentte yank\u0131 uyand\u0131ran Jokowi o d\u00f6nem Golkar, Demokrat Parti, PKS, PAN, gibi ulusal siyasette \u00f6ne \u00e7\u0131kan di\u011fer siyasi partilerin adaylar\u0131n\u0131n \u00f6n\u00fcnde yar\u0131\u015f\u0131 kazand\u0131. Yerel y\u00f6netimdeki \u2018hizmet\u2019 eksenli yakla\u015f\u0131m\u0131yla halk\u0131n g\u00f6nl\u00fcnde bir anlamda yer edinen Jokowi\u2019nin ba\u015far\u0131s\u0131, ulusal siyasette varl\u0131\u011f\u0131 sorgulan\u0131r hale gelen PDI-P i\u00e7in de bir kurtulu\u015f vesilesi oldu. Jokowi ile birlikte ba\u015fkent meclis y\u00f6netiminde \u00e7o\u011funlu\u011fu alan PDI-P bir anda ulusal siyasette belirleyici bir rol almaya ba\u015flad\u0131. PDI-P\u2019nin yerel se\u00e7imdeki bu ba\u015far\u0131s\u0131n\u0131n bir sonraki a\u015famada daha b\u00fcy\u00fck sonucunu 2014 y\u0131l\u0131 se\u00e7imlerinde yine aday g\u00f6sterdi\u011fi Jokowi\u2019nin devlet ba\u015fkanl\u0131\u011f\u0131n\u0131 kazanmas\u0131yla g\u00f6stermi\u015f oldu.<\/p>\n<p style=\"text-align: justify;\">Valilik se\u00e7iminden ulusal siyasette kazan\u0131ma<\/p>\n<p style=\"text-align: justify;\">Cakarta Valisi Ahok\u2019a kar\u015f\u0131 FPI \u00f6nc\u00fcl\u00fc\u011f\u00fcnde y\u00fcr\u00fct\u00fclen kampanya siyasi partiler aras\u0131nda s\u00f6z dala\u015f\u0131na d\u00f6n\u00fc\u015ft\u00fc. Uzun s\u00fcre ba\u011f\u0131ms\u0131z aday olma y\u00f6n\u00fcnde g\u00f6r\u00fc\u015f beyan eden Ahok sonunda PDI-P\u2019nin aday\u0131 oldu. Sadece PDI-P de\u011fil Ahok\u2019a destek veren. Golkar, Ulusal Demokrat (NasDem), Hanura da \u00c7in k\u00f6kenli H\u0131ristiyan adaya destek veriyor.<\/p>\n<p style=\"text-align: justify;\">Kimi gruplar\u0131n Ahok\u2019un yarg\u0131lanmas\u0131 talebine siyasilerden gelen tepkilerden biri \u00f6nemliydi. \u0130ki d\u00f6nem (2004-2014) devlet ba\u015fkanl\u0131\u011f\u0131 yapm\u0131\u015f olan ve halen Demokrat Parti genel ba\u015fkan\u0131 olan Susilo Bambang Yudhoyono\u2019nun ge\u00e7en \u00c7ar\u015famba g\u00fcn\u00fc Ahok\u2019un yarg\u0131lanmas\u0131 ve bu anlamda dolayl\u0131 da olsa bug\u00fcnk\u00fc g\u00f6steriye destek \u00e7\u0131k\u0131\u015f\u0131, PDI-P taraf\u0131ndan ele\u015ftirildi. PDI-P yetkilileri SBY\u2019\u0131n bu a\u00e7\u0131klamas\u0131n\u0131n ard\u0131nda \u015eubat ay\u0131nda yap\u0131lacak yerel se\u00e7imlerde Cakarta valili\u011fi i\u00e7in ordudaki g\u00f6revinden istifa eden o\u011flu Agus Harimurti Yudhoyono\u2019nun aday olmas\u0131n\u0131n \u00f6nemli rol oynad\u0131\u011f\u0131n\u0131 belirtti. Di\u011fer aday eski milli e\u011fitim bakan\u0131 Anis Baswedan ise, 2014 ba\u015fkanl\u0131k se\u00e7imlerini kaybeden eski general Prabowo Subianto\u2019nun partisi Gerindra\u2019n\u0131n deste\u011fini ald\u0131. Vali Ahok\u2019un devlet ba\u015fkan\u0131 Jokowi\u2019ye yak\u0131nl\u0131\u011f\u0131, 2014 ba\u015fkanl\u0131k se\u00e7imini Jokowi\u2019ye kar\u015f\u0131 kaybetmi\u015f olan Probowo\u2019yu yerel se\u00e7im yar\u0131\u015f\u0131nda yeni bir rekabete itti\u011fine ku\u015fku yok.<\/p>\n<p style=\"text-align: justify;\">1998 y\u0131l\u0131nda \u00e7\u0131kart\u0131lan bir kanunla g\u00f6sterilerin serbest oldu\u011fu \u00fclkede bug\u00fcn ya\u015fanan g\u00f6steri \u00fclkede \u00e7e\u015fitli gruplar\u0131n g\u00f6r\u00fc\u015flerini ortaya koyabilmelerinde ve bu anlamda bir t\u00fcr demokratik haklar\u0131n\u0131 kullanmalar\u0131nda kayda de\u011fer bir durum. Bununla birlikte, \u00e7ok etnikli ve dinli toplumda \u00fc\u00e7 ay sonra yap\u0131lacak yerel se\u00e7imlerin etnik ve din temeli \u00fczerine in\u015fa edilmemesi y\u00f6n\u00fcndeki hassasiyette toplumun \u00e7e\u015fitli \u00e7evrelerince dile getiriliyor. Vali Ahok\u2019un ilgili ayetle ilgili a\u00e7\u0131klamas\u0131n\u0131n nas\u0131l bir y\u00f6ne evrilece\u011fi ise ilgili devlet kurumlar\u0131n\u0131n de\u011ferlendirmelerine ba\u011fl\u0131 olacak.<\/p>\n<p><a href=\"http:\/\/www.dunyabulteni.net\/haber-analiz\/382975\/cakartada-toplumsal-tepkinin-arka-plani\">http:\/\/www.dunyabulteni.net\/haber-analiz\/382975\/cakartada-toplumsal-tepkinin-arka-plani<\/a><\/p>\n","protected":false},"excerpt":{"rendered":"<p>Cihan Kurtaran \u2013 Kuala Lumpur \u00a0 \u00a0 \u00a0 \u00a0 \u00a0 \u00a0 \u00a0 \u00a0 \u00a0 \u00a0 \u00a0 \u00a0 \u00a0 \u00a0 \u00a0 \u00a0 \u00a0 \u00a0 \u00a0 \u00a0 \u00a0 \u00a0 \u00a0 \u00a0 \u00a0 \u00a0 \u00a0 \u00a0 \u00a0 \u00a0 \u00a0 \u00a0 \u00a0 \u00a005.11.2016 \u00c7ok etnikli \u00e7ok dinli Endonezya\u2019da kamuoyu bir s\u00fcredir \u015eubat ay\u0131nda yap\u0131lacak yerel se\u00e7imlere kilitlendi. Her be\u015f [&hellip;]<\/p>\n","protected":false},"author":1,"featured_media":1819,"comment_status":"open","ping_status":"open","sticky":false,"template":"","format":"standard","meta":{"footnotes":""},"categories":[21,6],"tags":[],"class_list":["post-1818","post","type-post","status-publish","format-standard","has-post-thumbnail","hentry","category-endonezya","category-gunluk-yazilar"],"_links":{"self":[{"href":"https:\/\/guneydoguasyacalismalari.com\/tr_tr\/wp-json\/wp\/v2\/posts\/1818","targetHints":{"allow":["GET"]}}],"collection":[{"href":"https:\/\/guneydoguasyacalismalari.com\/tr_tr\/wp-json\/wp\/v2\/posts"}],"about":[{"href":"https:\/\/guneydoguasyacalismalari.com\/tr_tr\/wp-json\/wp\/v2\/types\/post"}],"author":[{"embeddable":true,"href":"https:\/\/guneydoguasyacalismalari.com\/tr_tr\/wp-json\/wp\/v2\/users\/1"}],"replies":[{"embeddable":true,"href":"https:\/\/guneydoguasyacalismalari.com\/tr_tr\/wp-json\/wp\/v2\/comments?post=1818"}],"version-history":[{"count":2,"href":"https:\/\/guneydoguasyacalismalari.com\/tr_tr\/wp-json\/wp\/v2\/posts\/1818\/revisions"}],"predecessor-version":[{"id":1821,"href":"https:\/\/guneydoguasyacalismalari.com\/tr_tr\/wp-json\/wp\/v2\/posts\/1818\/revisions\/1821"}],"wp:featuredmedia":[{"embeddable":true,"href":"https:\/\/guneydoguasyacalismalari.com\/tr_tr\/wp-json\/wp\/v2\/media\/1819"}],"wp:attachment":[{"href":"https:\/\/guneydoguasyacalismalari.com\/tr_tr\/wp-json\/wp\/v2\/media?parent=1818"}],"wp:term":[{"taxonomy":"category","embeddable":true,"href":"https:\/\/guneydoguasyacalismalari.com\/tr_tr\/wp-json\/wp\/v2\/categories?post=1818"},{"taxonomy":"post_tag","embeddable":true,"href":"https:\/\/guneydoguasyacalismalari.com\/tr_tr\/wp-json\/wp\/v2\/tags?post=1818"}],"curies":[{"name":"wp","href":"https:\/\/api.w.org\/{rel}","templated":true}]}}