{"id":1242,"date":"2013-08-22T12:18:00","date_gmt":"2013-08-22T12:18:00","guid":{"rendered":"http:\/\/localhost:8080\/ini\/?p=56"},"modified":"2013-08-22T12:18:00","modified_gmt":"2013-08-22T12:18:00","slug":"teskilatn-guneydogu-asya-boyutu","status":"publish","type":"post","link":"https:\/\/guneydoguasyacalismalari.com\/tr_tr\/teskilatn-guneydogu-asya-boyutu\/","title":{"rendered":"\u2018Te\u015fkilat\u2019\u0131n G\u00fcneydo\u011fu Asya Boyutu \/ Southeast Asian Scope of the Organization of Islamic Cooperation (OIC)"},"content":{"rendered":"<div class=\"MsoNormal\" style=\"text-align: justify;\"><b>Mehmet \u00d6zay &nbsp;&nbsp;&nbsp;&nbsp;&nbsp;&nbsp;&nbsp;&nbsp;&nbsp;&nbsp; &nbsp;&nbsp;&nbsp;&nbsp;&nbsp;&nbsp;&nbsp;&nbsp;&nbsp;&nbsp;&nbsp; &nbsp;&nbsp;&nbsp;&nbsp;&nbsp;&nbsp;&nbsp;&nbsp;&nbsp;&nbsp;&nbsp; &nbsp;&nbsp;&nbsp;&nbsp;&nbsp;&nbsp;&nbsp;&nbsp;&nbsp;&nbsp;&nbsp; &nbsp;&nbsp;&nbsp;&nbsp;&nbsp;&nbsp;&nbsp;&nbsp;&nbsp;&nbsp;&nbsp; &nbsp;&nbsp;&nbsp;&nbsp;&nbsp;&nbsp;&nbsp;&nbsp;&nbsp;&nbsp;&nbsp; &nbsp;&nbsp;&nbsp;&nbsp;&nbsp;&nbsp;&nbsp;&nbsp;&nbsp;&nbsp;&nbsp; &nbsp;&nbsp;&nbsp;&nbsp;&nbsp;&nbsp;&nbsp;&nbsp;&nbsp;&nbsp;&nbsp; &nbsp; &nbsp; &nbsp; &nbsp; &nbsp; &nbsp; &nbsp; &nbsp;22 A\u011fustos 2013<\/b><br \/><b><br \/><\/b><\/div>\n<div class=\"MsoNormal\" style=\"text-align: justify;\">\n<div class=\"separator\" style=\"clear: both; text-align: center;\"><a href=\"http:\/\/4.bp.blogspot.com\/-aHSdnWj0rbM\/UhYDM967tJI\/AAAAAAAAA8M\/x85q4ZZNkzI\/s1600\/oic.jpg\" imageanchor=\"1\" style=\"clear: left; float: left; margin-bottom: 1em; margin-right: 1em;\"><img loading=\"lazy\" decoding=\"async\" border=\"0\" height=\"200\" src=\"http:\/\/localhost:8080\/ini\/wp-content\/uploads\/2013\/08\/oic.jpg\" width=\"158\" \/><\/a><\/div>\n<p><b>The Secretary General of the OIC has been criticized because of his stand to the developments in the Middle East, particularly the latest military coup in Egypt. The variety circles particularly the highest level politicians such as deputy prime ministers in the AKP (Justice and Development Party) compared the political attitude of the Secretary General with some European leaders. Hence, nobody touches what this international organization has conducted in the last ten years during the leadership of the Secretary General in Southeast Asia. As he and his appointed ambassador for the tsunami orphan project in Aceh Province of Indonesia in 2006, 2007 and 2008 successively highlighted the project as the \u2018pilot\u2019 one which would become a sample for the organization of variety of similar programs in the socially, economically and materially devastated Islamic geographies from Africa and to Asia. Nobody knows what has happened the program. What sorts of \u2018pilotness\u2019 could be learnt from the efforts? Who headed and in which way conducted the project? Etc. In addition, whether the other problematic areas in Southeast Asia, such as Moro\/Mindanao, Patani, Papua, East Timor have been given enough attention by this organization? While the OIC is emulating the United Nations during the \u2018reform period\u2019 of the Secretary General, no any significant academic works have been conducted in relation to the organization\u2019s works, particularly the tsunami orphan project\u2026<\/b><\/p>\n<p>Bir s\u00fcredir Te\u015fkilat Genel Sekreteri\u2019nin konu oldu\u011fu tart\u0131\u015fmalar dikkat \u00e7ekiyor. \u0130slam co\u011frafyas\u0131n\u0131 temsil makam\u0131nda oldu\u011fu varsay\u0131lan bu kurumun varl\u0131\u011f\u0131 ve eylemlerini \u015fekillendiren ise ka\u00e7\u0131n\u0131lmaz olarak Ortado\u011fu ba\u011flam\u0131 olu\u015fturuyor. Ancak \u0130slam d\u00fcnyas\u0131 denilen b\u00fct\u00fcn\u00fcn Ortado\u011fu ile s\u0131n\u0131rl\u0131 olmad\u0131\u011f\u0131 da bir ger\u00e7ek. Bu ger\u00e7e\u011fi hat\u0131rlatma vesilesiyle konuyu \u2018merkez\u2019 alg\u0131s\u0131 olarak \u015fekillenen durumun d\u0131\u015f\u0131ndan bir de\u011ferlendirme \u00e7abas\u0131n\u0131n \u00f6nemli oldu\u011funa ku\u015fku yok. Bunun, ayn\u0131 zamanda bir \u2018ahl\u00e2ki\u2019 sorumluluk boyutu oldu\u011fu da ortada. Bu kurum \u00f6zelinde ve de sorumlular\u0131 ba\u011flam\u0131nda yap\u0131lacak de\u011ferlendirmelerde, kurumun \u00e7ok \u00f6nemli buldu\u011fu ve icraata ge\u00e7irme niyetini izhar etti\u011fi co\u011frafyalardaki insanlar\u0131n bak\u0131\u015f a\u00e7\u0131lar\u0131, sorunlar\u0131n\u0131n \u00e7\u00f6z\u00fcmlenme bi\u00e7imi ve de varsa ba\u015far\u0131s\u0131 veya ba\u015far\u0131s\u0131zl\u0131\u011f\u0131 elbette ki g\u00f6z ard\u0131 edilemez.<\/p><\/div>\n<div class=\"MsoNormal\" style=\"text-align: justify;\"><\/div>\n<div class=\"MsoNormal\" style=\"text-align: justify;\">S\u00f6z konusu Te\u015fkilat\u0131n uzunca bir s\u00fcredir ba\u015f\u0131nda bulunan genel sekreterinin politik duru\u015funu ve de icraatlar\u0131n\u0131, ge\u00e7mi\u015fte mensubu bulundu\u011fu \u00fcniversite ve de akademik \u00e7al\u0131\u015fmalar\u0131yla de\u011ferlendirmek yerine, mevcut kurumsal yap\u0131n\u0131n \u0130slam toplumlar\u0131na neler kazand\u0131rd\u0131\u011f\u0131yla ele al\u0131nmal\u0131. Yoksa, bu iki alan\u0131 kar\u0131\u015ft\u0131rmak ayn\u0131 s\u0131n\u0131flamaya girmeyecek olgular\u0131n birarada ele al\u0131nmas\u0131yla ortaya \u00e7\u0131kacak bir abs\u00fcrdl\u00fc\u011fe neden olabilir.<\/div>\n<div class=\"MsoNormal\" style=\"text-align: justify;\"><\/div>\n<div class=\"MsoNormal\" style=\"text-align: justify;\">Bu \u00e7er\u00e7evede Te\u015fkilat\u2019\u0131n G\u00fcneydo\u011fu Asya M\u00fcsl\u00fcman toplumlar\u0131na y\u00f6nelik yakla\u015f\u0131mlar\u0131, icraatlar\u0131 vb. konusu hi\u00e7 ku\u015fku yok ki, \u00f6nem arz ediyor. G\u00fcneydo\u011fu Asya, bug\u00fcn bile \u2018\u00e7eperde\u2019 b\u0131rak\u0131lm\u0131\u015f olmakla birlikte sadece istatistiki verilerle de\u011fil, bunu destekleyen \u2018anlamlar\u2019 ba\u011flam\u0131nda \u0130slam co\u011frafyas\u0131n\u0131n en \u00f6nemli sa\u00e7 ayaklar\u0131ndan biridir. Bu hususa dikkat \u00e7ekmek, Te\u015fkilat\u2019\u0131n ve ba\u015f\u0131ndaki \u00fcst d\u00fczey y\u00f6neticilerin G\u00fcneydo\u011fu Asya M\u00fcsl\u00fcman toplumlar\u0131n sorunlar\u0131n\u0131 ele al\u0131\u015f ve \u00e7\u00f6z\u00fcmleyi\u015fin \u00f6yle \u00fcst\u00fcn k\u00f6r\u00fc ge\u00e7ilecek bir mevzu olmad\u0131\u011f\u0131n\u0131 da ortaya koyacakt\u0131r. Bu ba\u011flamda pratik vak\u2019alara g\u00f6z atmakta fayda var. \u00c7ok \u00e7e\u015fitli do\u011fal afetlere, \u00e7at\u0131\u015fma s\u00fcre\u00e7lerine, insan haklar\u0131 ihl\u00e2llerine, ayr\u0131mc\u0131l\u0131klara epeyce konu olmu\u015f G\u00fcneydo\u011fu Asya M\u00fcsl\u00fcmanlar\u0131na bak\u0131\u015f ve alg\u0131lay\u0131\u015f Te\u015fkilat\u2019\u0131n sorumluluk alan\u0131nda kayda de\u011fer bir yer i\u015fgal etmesi beklenmiyor mu? <\/div>\n<div class=\"MsoNormal\" style=\"text-align: justify;\"><\/div>\n<div class=\"MsoNormal\" style=\"text-align: justify;\">Bu nedenledir ki, Te\u015fkilat\u2019\u0131n tsunami ve \u00e7at\u0131\u015fma d\u00f6nemlerini tecr\u00fcbe etmi\u015f bir toplumun -siz deyin M\u00fcsl\u00fcman hassasiyeti, ben diyeyim sosyo-ekonomik kalk\u0131nmas\u0131 i\u00e7in d\u00fcnyaya \u00f6rneklik te\u015fkil edece\u011fi vurgulanarak 2006 y\u0131l\u0131 Mart ay\u0131nda ba\u015flat\u0131lan projenin t\u00fcm boyutlar\u0131yla uygulan\u0131\u015f\/uygulanamay\u0131\u015f bi\u00e7imleri \u00fczerinde durulmal\u0131yd\u0131. Bir kez daha dikkat \u00e7ekelim ki, A\u00e7e\u2019deki bu projenin varl\u0131\u011f\u0131, daha \u00f6nce kimi yaz\u0131larda dile getirdi\u011fimiz \u00fczere, sadece A\u00e7e co\u011frafyas\u0131yla da s\u0131n\u0131rl\u0131 de\u011fildir. Zaten bu konuya dikkat \u00e7ekmemizin nedeni ve \u00f6nemi de buradan kaynaklan\u0131yor\u2026<\/div>\n<div class=\"MsoNormal\" style=\"text-align: justify;\"><\/div>\n<div class=\"MsoNormal\" style=\"text-align: justify;\">Bu \u00e7er\u00e7evede, \u00f6n\u00fcm\u00fczde devasa etkileriyle bir tsunami bulunuyor. Te\u015fkilat sekreterinin \u2018reform\u2019 d\u00f6nemi olarak adland\u0131rd\u0131\u011f\u0131 g\u00f6rev s\u00fcresi i\u00e7erisinde uygulamaya konulan projelerin belki de ba\u015f\u0131nda gelen \u2018yetim projesinin\u2019 ahvaline dair bug\u00fcne kadar \u2018uzman\u2019 gazeteci, akademisyen, insan haklar\u0131 hassasiyetine sahip olanlarla \u00f6zellikle il\u00e2hiyat ve ilgili \u00e7evrelerin ne t\u00fcr bir bak\u0131\u015fa sahip olduklar\u0131 g\u00fcndeme getirilebilmi\u015f de\u011fil. \u00d6rne\u011fin gerek \u2018i\u015fleri\u2019 gere\u011fi, gerekse \u2018inan\u00e7\u2019 unsurunun bir \u00f6zelli\u011fi olmas\u0131 hasebiyle \u2018yetim\u2019 olgusunu s\u0131k\u00e7a dillendirenlerden d\u00fcnyaya \u2018model\u2019 proje olarak lanse edilen \u00e7al\u0131\u015fma \u00fczerine s\u00f6z s\u00f6ylemelerini beklemenin hakk\u0131m\u0131z olmas\u0131 bir yana, i\u00e7inde bulunduklar\u0131 mevkiler itibar\u0131yla bir sorumluluktu(r). Bug\u00fcn d\u00fcnyan\u0131n herhangi bir k\u00f6\u015fesinde do\u011fal afetler gibi anl\u0131k veya \u00e7at\u0131\u015fma gibi k\u0131sa veya uzun s\u00fcre\u00e7lere yay\u0131lan hadiseler sonras\u0131nda ilgili toplumlar\u0131n \u2018normalle\u015ftirilmesine\u2019 matuf insani yard\u0131m, e\u011fitim, sa\u011fl\u0131k, ekonomik yeterlili\u011fin vb. sa\u011flanmas\u0131na d\u00f6n\u00fck \u00e7abalar \u00f6nemli akademik \u00e7al\u0131\u015fmalara konu olmaktad\u0131r. Bu minvalde, A\u00e7e\u2019de \u00e7ok\u00e7a kar\u015f\u0131la\u015ft\u0131\u011f\u0131m\u0131z \u00fczere, b\u0131rak\u0131n b\u00fct\u00fcn bir co\u011frafyay\u0131 i\u00e7ine alacak yard\u0131m, kalk\u0131nma odakl\u0131 projelerin bu ve benzeri \u00e7al\u0131\u015fmalara konu olmas\u0131n\u0131, k\u00fc\u00e7\u00fck yerle\u015fim yerleri, \u00f6rne\u011fin k\u00f6y odakl\u0131 projeleri konu alan az\u0131msanmayacak \u00e7al\u0131\u015fmalar oldu\u011funa bizzat \u015fahidiz.<\/div>\n<div class=\"MsoNormal\" style=\"text-align: justify;\"><\/div>\n<div class=\"MsoNormal\" style=\"text-align: justify;\">Oysa, Te\u015fkilat\u2019\u0131n tarihinde ilk defa el att\u0131\u011f\u0131 ve \u2018pilot\u2019 proje olarak lanse edilen programla ilgili bug\u00fcne kadar bir \u00e7al\u0131\u015fma yap\u0131labilmi\u015f de\u011fil. Aradan ge\u00e7en 8 y\u0131ll\u0131k s\u00fcre zarf\u0131nda bu projenin ma\u011fduriyete u\u011fram\u0131\u015f ilgili toplumda, yani A\u00e7e toplumunda ne t\u00fcr bir geli\u015fmeye tekab\u00fcl etti\u011fi \u00fczerine s\u00f6z s\u00f6yleyebilecek kurumsal bir \u00e7abadan s\u00f6z edilebilir mi? Sorun elbette sadece A\u00e7e toplumu da de\u011fil\u2026 \u00c7\u00fcnk\u00fc, burada \u00e7\u00f6z\u00fcme kavu\u015fturulmas\u0131 pl\u00e2nlanan<br \/>\nsorunun, do\u011fusundan bat\u0131s\u0131na \u0130slam d\u00fcnyas\u0131nda kar\u015f\u0131la\u015f\u0131lan benzer sorunlar\u0131n -ki bunun i\u00e7inde bug\u00fcn \u00e7ok\u00e7a can yakan \u00e7at\u0131\u015fma b\u00f6lgelerindeki yetimler kayda de\u011fer bir yer tutuyor- ele al\u0131n\u0131\u015f\u0131na \u2018\u00f6rneklik\u2019 te\u015fkil edece\u011fi tasarland\u0131\u011f\u0131na g\u00f6re, b\u00f6ylesi bir projenin akibetinin dikkate al\u0131nmamas\u0131 gibi bir husus s\u00f6z konusu olmamal\u0131\/yd\u0131. Te\u015fkilat\u2019\u0131n b\u00f6lgedeki icraatlar\u0131na dair b\u00f6lgeden ba\u015fka \u00f6rnekler de verilebilir elbette. Her biri \u00fczerinde farkl\u0131 yaz\u0131lar yaz\u0131lmay\u0131 hak eden bu \u00f6rnekleri \u015fimdilik sadece ismen zikretmekle iktifa edelim\u2026 <\/div>\n<div class=\"MsoNormal\" style=\"text-align: justify;\"><\/div>\n<div class=\"MsoNormal\" style=\"text-align: justify;\">\u00d6rne\u011fin, 2006 y\u0131l\u0131nda Cava Adas\u0131\u2019ndaki Cogcakarta Depremi\u2019nden sonra kimi benzer kurumlarla ger\u00e7ekle\u015ftirilen \u2018ortak\u2019 icraatlar\u0131n da ilgili kurumlar nezdinde ne gibi kurumsal etkileri oldu\u011fu ve ilgili toplumun k\u0131sa-orta ve uzun vadeli ihtiya\u00e7lar\u0131n\u0131n giderilmesi, yeni toplumsal s\u00fcre\u00e7lere konu olmas\u0131 hususlar\u0131 hi\u00e7 konu\u015fuldu mu veya k\u0131ymeti harbiyesi olan akademik \u00e7al\u0131\u015fmalara konu oldu mu? Ya da, MILF lideri Hac\u0131 Murad \u0130brahim\u2019in yapt\u0131\u011f\u0131m\u0131z m\u00fcl\u00e2katta dile getirdi\u011fi \u00fczere, \u2018Moro Bar\u0131\u015f S\u00fcrecine\u2019 \u0130slam \u00fclkelerinin ne kadar ilgisiz kald\u0131klar\u0131na dair vurgusunun Te\u015fkilat\u2019\u0131n politikalar\u0131yla ilgisi olup olmad\u0131\u011f\u0131 sorguland\u0131 m\u0131? \u00d6te yandan, Patani\u2019de kal\u0131c\u0131 Bar\u0131\u015f\u2019a yol a\u00e7acak s\u00fcre\u00e7te Te\u015fkilat taraf\u0131ndan Patani Malay M\u00fcsl\u00fcmanlar\u0131n sosyo-k\u00fclt\u00fcrel varl\u0131klar\u0131na \u2018tekab\u00fcl edecek\u2019 ne t\u00fcr bir inisiyatif geli\u015ftirilebilmi\u015ftir? Son d\u00f6nemde \u00f6ne \u2018\u00e7\u0131kart\u0131lan\u2019 Arakan M\u00fcsl\u00fcmanlar\u0131\u2019n\u0131n, hadi diyelim ki, -\u00e7e\u015fitli Arap \u00fclkelerindeki, Malezya ve Endonezya gibi di\u011fer \u00fclkelerdeki konumlar\u0131 bir yana- Bengalde\u015f\u2019teki varl\u0131klar\u0131n\u0131 ve de Bengalde\u015f H\u00fck\u00fcmetleri\u2019nin icraatlar\u0131n\u0131 olumlu y\u00f6nde etkileyecek, yap\u0131land\u0131racak, d\u00f6n\u00fc\u015ft\u00fcrecek kurumsal ne gibi bir performans sergilenebilmi\u015f ve bunlar hakk\u0131yla akademik dille ortaya konabilmi\u015ftir? Te\u015fkilat\u0131n, b\u00f6lgedeki diyelim ki, Papua, Do\u011fu Timor, Sri Lanka, Kambo\u00e7ya vb. co\u011frafyalardaki M\u00fcsl\u00fcman unsurlarla ilgili g\u00fcndemi de bir yana\u2026 <\/div>\n<div class=\"MsoNormal\" style=\"text-align: justify;\"><\/div>\n<div class=\"MsoNormal\" style=\"text-align: justify;\">Bu sorular\u0131 g\u00fcndeme getirmede gaye, diyelim ki \u00fcmmet bilinciyle hareket edenler i\u00e7in \u0130slami bir sorumlulu\u011fun ortaya konmas\u0131, di\u011fer bir kesim i\u00e7in salt \u2018sek\u00fcler\u2019 anlam\u0131yla ele al\u0131nd\u0131kta \u2018kurumsal\u2019 bir ciddiyet, don\u00f6rlere kar\u015f\u0131 da bir sorumluluk olarak de\u011ferlendirilmesini hat\u0131rlatmad\u0131r. Dikkate sundu\u011fumuz bu alanlar ve de di\u011ferlerini ele alan bilimsel \u00e7al\u0131\u015fmalar, kimilerinin ileri s\u00fcrd\u00fc\u011f\u00fc \u00fczere Te\u015fkilat\u2019\u0131n ba\u015f\u0131ndaki ki\u015finin akademik ba\u015far\u0131lar\u0131n\u0131n hi\u00e7 de\u011filse bir b\u00f6l\u00fcm\u00fcne tekab\u00fcl edecek bir boyutta sergilenip sergilenmedi\u011fi ni\u00e7in g\u00fcndeme getirilemiyor? Tam da burada vurgulayal\u0131m ki, bizzat genel sekreterinin \u2018inisiyatifiyle\u2019 ve \u2018dirayetiyle\u2019 bir t\u00fcr \u2018reform\u2019 s\u00fcrecini tecr\u00fcbe eden Te\u015fkilat\u2019\u0131n her t\u00fcr\u00fcyle yap\u0131lanmas\u0131na \u00f6yk\u00fcnd\u00fc\u011f\u00fc Birle\u015fmi\u015f Milletler\u2019e ba\u011fl\u0131 kurumlar\u0131n icraatlar\u0131na dair bilimsel \u00e7al\u0131\u015fmalar\u0131n hangi boyutlarda y\u00fcr\u00fct\u00fcld\u00fc\u011f\u00fcn\u00fc \u2018uzman\u2019 \u00e7evrelerin bilmemesine olanak yok&#8230; Nas\u0131l ki, bu reform s\u00fcrecinde hak etti\u011fi var say\u0131lan pay genel sekretere veriliyorsa, yukar\u0131da sayd\u0131\u011f\u0131m\u0131z ve sayamad\u0131\u011f\u0131m\u0131z icraatlar \u00f6zelinde de \u2018hak edilen sorumluluk\u2019 ayn\u0131 yakla\u015f\u0131ma konu olmal\u0131 de\u011fil midir?<\/div>\n<div class=\"MsoNormal\" style=\"text-align: justify;\"><\/div>\n<p><\/p>\n<div class=\"MsoNormal\" style=\"text-align: justify;\"><a href=\"http:\/\/www.dunyabulteni.net\/?aType=haber&amp;ArticleID=271677\">http:\/\/www.dunyabulteni.net\/?aType=haber&amp;ArticleID=271677<\/a><\/div>\n","protected":false},"excerpt":{"rendered":"<p>Mehmet \u00d6zay &nbsp;&nbsp;&nbsp;&nbsp;&nbsp;&nbsp;&nbsp;&nbsp;&nbsp;&nbsp; &nbsp;&nbsp;&nbsp;&nbsp;&nbsp;&nbsp;&nbsp;&nbsp;&nbsp;&nbsp;&nbsp; &nbsp;&nbsp;&nbsp;&nbsp;&nbsp;&nbsp;&nbsp;&nbsp;&nbsp;&nbsp;&nbsp; &nbsp;&nbsp;&nbsp;&nbsp;&nbsp;&nbsp;&nbsp;&nbsp;&nbsp;&nbsp;&nbsp; &nbsp;&nbsp;&nbsp;&nbsp;&nbsp;&nbsp;&nbsp;&nbsp;&nbsp;&nbsp;&nbsp; &nbsp;&nbsp;&nbsp;&nbsp;&nbsp;&nbsp;&nbsp;&nbsp;&nbsp;&nbsp;&nbsp; &nbsp;&nbsp;&nbsp;&nbsp;&nbsp;&nbsp;&nbsp;&nbsp;&nbsp;&nbsp;&nbsp; &nbsp;&nbsp;&nbsp;&nbsp;&nbsp;&nbsp;&nbsp;&nbsp;&nbsp;&nbsp;&nbsp; &nbsp; &nbsp; &nbsp; &nbsp; &nbsp; &nbsp; &nbsp; &nbsp;22 A\u011fustos 2013 The Secretary General of the OIC has been criticized because of his stand to the developments in the Middle East, particularly the latest military coup in Egypt. The variety circles particularly the highest level politicians [&hellip;]<\/p>\n","protected":false},"author":1,"featured_media":541,"comment_status":"open","ping_status":"open","sticky":false,"template":"","format":"standard","meta":{"footnotes":""},"categories":[7],"tags":[],"class_list":["post-1242","post","type-post","status-publish","format-standard","has-post-thumbnail","hentry","category-asean"],"_links":{"self":[{"href":"https:\/\/guneydoguasyacalismalari.com\/tr_tr\/wp-json\/wp\/v2\/posts\/1242","targetHints":{"allow":["GET"]}}],"collection":[{"href":"https:\/\/guneydoguasyacalismalari.com\/tr_tr\/wp-json\/wp\/v2\/posts"}],"about":[{"href":"https:\/\/guneydoguasyacalismalari.com\/tr_tr\/wp-json\/wp\/v2\/types\/post"}],"author":[{"embeddable":true,"href":"https:\/\/guneydoguasyacalismalari.com\/tr_tr\/wp-json\/wp\/v2\/users\/1"}],"replies":[{"embeddable":true,"href":"https:\/\/guneydoguasyacalismalari.com\/tr_tr\/wp-json\/wp\/v2\/comments?post=1242"}],"version-history":[{"count":0,"href":"https:\/\/guneydoguasyacalismalari.com\/tr_tr\/wp-json\/wp\/v2\/posts\/1242\/revisions"}],"wp:featuredmedia":[{"embeddable":true,"href":"https:\/\/guneydoguasyacalismalari.com\/tr_tr\/wp-json\/wp\/v2\/media\/541"}],"wp:attachment":[{"href":"https:\/\/guneydoguasyacalismalari.com\/tr_tr\/wp-json\/wp\/v2\/media?parent=1242"}],"wp:term":[{"taxonomy":"category","embeddable":true,"href":"https:\/\/guneydoguasyacalismalari.com\/tr_tr\/wp-json\/wp\/v2\/categories?post=1242"},{"taxonomy":"post_tag","embeddable":true,"href":"https:\/\/guneydoguasyacalismalari.com\/tr_tr\/wp-json\/wp\/v2\/tags?post=1242"}],"curies":[{"name":"wp","href":"https:\/\/api.w.org\/{rel}","templated":true}]}}