{"id":1209,"date":"2013-03-21T14:40:00","date_gmt":"2013-03-21T14:40:00","guid":{"rendered":"http:\/\/localhost:8080\/ini\/?p=151"},"modified":"2013-03-21T14:40:00","modified_gmt":"2013-03-21T14:40:00","slug":"cinde-yeni-donem-ve-beklentiler","status":"publish","type":"post","link":"https:\/\/guneydoguasyacalismalari.com\/tr_tr\/cinde-yeni-donem-ve-beklentiler\/","title":{"rendered":"\u00c7in\u2019de Yeni D\u00f6nem ve Beklentiler"},"content":{"rendered":"<p><\/p>\n<div class=\"MsoNormal\" style=\"background: white; line-height: 14.25pt; margin-bottom: .0001pt; margin-bottom: 0in; text-align: justify;\"><b>Mehmet \u00d6zay &nbsp; &nbsp; &nbsp; &nbsp; &nbsp; &nbsp; &nbsp; &nbsp; &nbsp; &nbsp; &nbsp; &nbsp; &nbsp; &nbsp; &nbsp; &nbsp; &nbsp; &nbsp; &nbsp; &nbsp; &nbsp; &nbsp; &nbsp; &nbsp; &nbsp; &nbsp; &nbsp; &nbsp; &nbsp; &nbsp; &nbsp; &nbsp; &nbsp; &nbsp; &nbsp; &nbsp; &nbsp; &nbsp; &nbsp; &nbsp; &nbsp; &nbsp; &nbsp; &nbsp; &nbsp; &nbsp; &nbsp; &nbsp; &nbsp; &nbsp; &nbsp; &nbsp; &nbsp; &nbsp; &nbsp; &nbsp; &nbsp; &nbsp;17 Mart 2013<\/b><\/div>\n<div class=\"MsoNormal\" style=\"background: white; line-height: 14.25pt; margin-bottom: .0001pt; margin-bottom: 0in; text-align: justify;\"><b><br \/><\/b><\/div>\n<div class=\"separator\" style=\"clear: both; text-align: center;\"><a href=\"http:\/\/2.bp.blogspot.com\/-VvylXtw-lfs\/UUsbnh3W7VI\/AAAAAAAAA4Q\/yAwRpZiQ8L4\/s1600\/cin-komunist-partisi.jpg\" imageanchor=\"1\" style=\"clear: left; float: left; margin-bottom: 1em; margin-right: 1em;\"><img loading=\"lazy\" decoding=\"async\" border=\"0\" height=\"161\" src=\"http:\/\/localhost:8080\/ini\/wp-content\/uploads\/2013\/03\/cin-komunist-partisi.jpg\" width=\"200\" \/><\/a><\/div>\n<div class=\"MsoNormal\" style=\"background: white; line-height: 14.25pt; margin-bottom: 4.9pt; margin-left: 0in; margin-right: 0in; margin-top: 4.9pt; text-align: justify;\">Xi Jinping, yakla\u015f\u0131k d\u00f6rt ay \u00f6nce Kom\u00fcnist Parti Ba\u015fkanl\u0131\u011f\u0131&#8217;na atand\u0131. 14 Mart&#8217;ta da Ulusal Halk Kongresi \u00fcyelerinin kat\u0131l\u0131m\u0131yla \u00c7in Parlamentosu&#8217;nda yap\u0131lan se\u00e7imin ard\u0131ndan resmen devlet ba\u015fkanl\u0131\u011f\u0131 g\u00f6revine ba\u015flad\u0131. Ge\u00e7en y\u0131l, \u00f6zellikle ABD&#8217;ye yapt\u0131\u011f\u0131 geziyle d\u00fcnyaya &#8216;g\u00fcler y\u00fczl\u00fc ba\u015fkan&#8217; modeli \u00e7izen Jinping de\u011fi\u015fim\/d\u00f6n\u00fc\u015f\u00fcm (reform) mesajlar\u0131 vermesiyle dikkat \u00e7ekiyor. D\u00f6rt ay \u00f6nceki atamalarda sadece Jinping de\u011fil, politb\u00fcro&#8217;nun \u00fcst d\u00fczey kadrolar\u0131 da yenilenmi\u015f ve adlar\u0131 &#8216;reformcu&#8217; s\u0131fat\u0131yla an\u0131lan isimlere dikkat \u00e7ekilmi\u015fti. Neredeyse her \u00fclkede hi\u00e7 de eksik olmayan bir pop\u00fclerli\u011fi olan &#8216;reform&#8217; s\u00f6zc\u00fc\u011f\u00fcn\u00fcn \u00c7in i\u00e7in ve b\u00fcnyesinde bar\u0131nd\u0131rd\u0131\u011f\u0131 \u00e7o\u011funluk ve az\u0131nl\u0131k halklar i\u00e7in de\u011fil, k\u00fcresel ba\u011flamda ka\u00e7\u0131n\u0131lmaz bir \u00f6nem ifade ediyor. A\u015fa\u011f\u0131da s\u00f6z konusu bu reform s\u00fcrecinin biri \u00c7in di\u011feri ABD olmak \u00fczere iki kanad\u0131 oldu\u011funu ileri s\u00fcrerek, reformu kim, ne i\u00e7in istiyor ba\u011flam\u0131na k\u0131saca de\u011finece\u011fim.<\/div>\n<div class=\"MsoNormal\" style=\"background: white; line-height: 14.25pt; margin-bottom: 4.9pt; margin-left: 0in; margin-right: 0in; margin-top: 4.9pt; text-align: justify;\"><\/div>\n<div class=\"MsoNormal\" style=\"background: white; line-height: 14.25pt; margin-bottom: 4.9pt; margin-left: 0in; margin-right: 0in; margin-top: 4.9pt; text-align: justify;\">Jinping, Kom\u00fcnist Parti Ba\u015fkanl\u0131\u011f\u0131&#8217;na atanmas\u0131ndan bu yana ge\u00e7en d\u00f6rt ayl\u0131k s\u00fcre zarf\u0131nda hen\u00fcz &#8216;elini ta\u015f\u0131n alt\u0131na&#8217; koymasa da, Devlet Ba\u015fkan\u0131 s\u0131fat\u0131yla yeni d\u00f6nemde nas\u0131l bir performans sergileyece\u011fi merak konusu. \u00c7in&#8217;de parti liderli\u011fi \u00fclkede neredeyse her \u015fey demek. Devlet Ba\u015fkanl\u0131\u011f\u0131 pozisyonu ise i\u00e7 politikadan ziyade uluslararas\u0131 arenada \u00c7in&#8217;i temsil makam\u0131nda kabul edilen bir kurum. Jinping&#8217;in g\u00fcc\u00fcn\u00fcn s\u0131n\u0131rlar\u0131na bakt\u0131\u011f\u0131m\u0131zda kar\u015f\u0131m\u0131za ordudan birinci dereceden sorumlu olmas\u0131 kadar -ki bu daha \u00f6nceki ba\u015fkanlar\u0131n da g\u00f6rev ve yetkileri i\u00e7erisindeydi-, selefi Hu Jintao&#8217;nun sorumluluk alan\u0131ndan radikal bir de\u011fi\u015fim olarak Merkezi Askeri Komisyon&#8217;un ba\u015fkanl\u0131\u011f\u0131n\u0131 da bir \u00fcst d\u00fczey askerden devralmas\u0131, onu \u00f6n\u00fcm\u00fczdeki s\u00fcre\u00e7te daha g\u00fc\u00e7l\u00fc bir lider k\u0131lacak fakt\u00f6rler aras\u0131nda say\u0131labilir. \u00c7\u00fcnk\u00fc bu ikinci sorumluluk alan\u0131n\u0131n, Jinping&#8217;i siyasi ve askeri karar mekanizmas\u0131n\u0131n oda\u011f\u0131na yerle\u015ftirdi\u011fini unutmamak gerekir. B\u00f6ylesi bir farkl\u0131l\u0131k, bir anlamda onu \u00fclkede yeg\u00e2ne s\u00f6z sahibi yapmaya aday nitelikler olarak dikkat \u00e7ekiyor.<\/div>\n<div class=\"MsoNormal\" style=\"background: white; line-height: 14.25pt; margin-bottom: 4.9pt; margin-left: 0in; margin-right: 0in; margin-top: 4.9pt; text-align: justify;\"><\/div>\n<div class=\"MsoNormal\" style=\"background: white; line-height: 14.25pt; margin-bottom: 4.9pt; margin-left: 0in; margin-right: 0in; margin-top: 4.9pt; text-align: justify;\">Jinping&#8217;in &#8216;kimdir&#8217; bir bakal\u0131m&#8230;&nbsp; Babas\u0131 devrim liderlerinden biri olmas\u0131 onun, di\u011fer \u00f6zelliklerinin yan\u0131 s\u0131ra dikkat \u00e7ekilen bir y\u00f6n\u00fc. Haddi zat\u0131nda, bu \u00f6zellik devrimci bir babayla, reform s\u00fcrecinin ba\u015flat\u0131c\u0131s\u0131 bir o\u011ful aras\u0131ndaki ilgin\u00e7li\u011fi ortaya koymas\u0131yla da \u00f6nemli. \u00c7in&#8217;de de\u011fi\u015fim\/d\u00f6n\u00fc\u015f\u00fcm (reform) derken tabii olarak ak\u0131llara 1989 Tiannenmen Meydan\u0131 g\u00f6sterileri ve sonu\u00e7lar\u0131 geliyor ilk olarak. Bununla birlikte, d\u00fcnyan\u0131n bu dev \u00fclkesinde geni\u015f halk kesimleri kadar uluslararas\u0131 kesimlerin de \u00f6n\u00fcm\u00fczdeki s\u00fcre\u00e7ten beklentileri b\u00fcy\u00fck.<\/div>\n<div class=\"MsoNormal\" style=\"background: white; line-height: 14.25pt; margin-bottom: 4.9pt; margin-left: 0in; margin-right: 0in; margin-top: 4.9pt; text-align: justify;\"><\/div>\n<div class=\"MsoNormal\" style=\"background: white; line-height: 14.25pt; margin-bottom: 4.9pt; margin-left: 0in; margin-right: 0in; margin-top: 4.9pt; text-align: justify;\">Jinping&#8217;den devrim ilkelerine -her neyse onlar- muhalif bir y\u00f6nelim beklenmiyor elbette. Ancak \u00f6zelde \u00fclkede ve b\u00f6lgede genelde ise k\u00fcresel anlamda de\u011fi\u015fen \u015fartlar, yeni talepler ve zorlamalar ekonomi alan\u0131ndaki &#8216;sa\u011fl\u0131ks\u0131z&#8217; geni\u015flemeden ba\u015flayarak bir dizi \u00f6nemli &#8216;kontrol&#8217; mekanizmalar\u0131n\u0131 hayata ge\u00e7irmeyi; toplumsal mobilitenin artmas\u0131yla kitlesel g\u00f6\u00e7\/\u015fehirle\u015fme dolay\u0131s\u0131yla orta s\u0131n\u0131fla\u015fman\u0131n ve bunun do\u011furdu\u011fu -\u00f6zellikle \u00fc\u00e7 d\u00f6rt b\u00fcy\u00fck \u015fehirde-&nbsp; siville\u015fme y\u00f6n\u00fcndeki &#8216;talepleri&#8217; g\u00f6z \u00f6n\u00fcnde bulundurmay\u0131 da gerektiriyor. \u0130\u00e7 \u00e7eli\u015fkiler ba\u011flam\u0131nda genel itibar\u0131yla Bat\u0131 standartlar\u0131nda &#8216;insan hak ve \u00f6zg\u00fcrl\u00fckleri&#8217; gelirken, bunun hem geni\u015f anlam\u0131yla \u00c7in vatanda\u015flar\u0131n\u0131 hem de Tibet ve Uygur gibi etnik az\u0131nl\u0131klar\u0131n taleplerini hat\u0131rlamak gerekir. Bu \u00e7er\u00e7evede Uygur T\u00fcrkleri, Budist Tibet i\u00e7erde reformun sonu\u00e7lar\u0131n\u0131 bir an \u00f6nce ger\u00e7ekle\u015fmesini arzulayan kesimler olarak dikkat \u00e7ekiyor.<\/div>\n<div class=\"MsoNormal\" style=\"background: white; line-height: 14.25pt; margin-bottom: 4.9pt; margin-left: 0in; margin-right: 0in; margin-top: 4.9pt; text-align: justify;\"><\/div>\n<div class=\"MsoNormal\" style=\"background: white; line-height: 14.25pt; margin-bottom: 4.9pt; margin-left: 0in; margin-right: 0in; margin-top: 4.9pt; text-align: justify;\">Sorunlar bununla bitmiyor tabii ki. T\u0131pk\u0131 Bat\u0131&#8217;n\u0131n tipik \u00f6rne\u011fini 19. y\u00fczy\u0131l ikinci yar\u0131s\u0131ndan itibaren tecr\u00fcbe etti\u011fi sorunlar, \u00c7in&#8217;in sanayile\u015fme ve kalk\u0131nma hamlelerine paralel olarak \u00f6zellikle ilerlemecilik yar\u0131\u015f\u0131nda liderli\u011fe oynayan \u015fehir ve b\u00f6lgelerinde n\u00fckseden ve son d\u00f6nemde art\u0131\u015f g\u00f6steren sorunlar silsilesi \u00e7\u00f6z\u00fcm bekliyor. Neler yok ki&#8230; Hava kirlili\u011fi, yo\u011fun trafik, do\u011fa katliam\u0131, ya\u015fl\u0131 n\u00fcfusun art\u0131\u015f\u0131, istihdam vb. Konu &#8216;milyarl\u0131k&#8217; bir \u00fclke olunca, kapitalist sistemin \u00fcretti\u011fi yukar\u0131da zikredilen sorunlar da o \u00f6l\u00e7\u00fcde &#8216;devasa&#8217; oluyor. Dikkatlerden ka\u00e7mas\u0131n, \u00c7in&#8217;in hen\u00fcz hakk\u0131yla y\u00fczle\u015fmedi\u011fi bu sorunlar &#8216;can yakacak&#8217; cinsten&#8230; Tabii, tam da bu noktada, kapitalist \u00fcretim ara\u00e7lar\u0131n\u0131 manip\u00fcle etmekle birlikte, nihayetinde &#8216;maddeyi&#8217; kullanma ba\u011flam\u0131nda &#8216;Bat\u0131l\u0131&#8217; y\u00f6ntemlerden pek de bir fark olmad\u0131\u011f\u0131na g\u00f6re ortada ciddi bir ideolojik sars\u0131nt\u0131 ihtimaline dair s\u00f6ylemler geli\u015ftirmeye m\u00fcsait bir alan do\u011fuyor. Bu \u00e7er\u00e7evede,&nbsp; &#8216;kom\u00fcnizmin&#8217; bu alanda ne s\u00f6yledi\u011fine dair ortada elle tutulur bir yol haritas\u0131 olmad\u0131\u011f\u0131na g\u00f6re, \u00e7\u00f6z\u00fcm\u00fcn gene &#8216;Bat\u0131 tandansl\u0131&#8217; ge\u00e7ici modellemelere endekslenece\u011fi \u00f6ng\u00f6r\u00fclebilir.<\/div>\n<div class=\"MsoNormal\" style=\"background: white; line-height: 14.25pt; margin-bottom: 4.9pt; margin-left: 0in; margin-right: 0in; margin-top: 4.9pt; text-align: justify;\"><\/div>\n<div class=\"MsoNormal\" style=\"background: white; line-height: 14.25pt; margin-bottom: 4.9pt; margin-left: 0in; margin-right: 0in; margin-top: 4.9pt; text-align: justify;\">Gelecek on y\u0131la damgas\u0131n\u0131 vuracak lider g\u00f6z\u00fcyle bak\u0131lan Jinping bu s\u00fcre\u00e7te yukar\u0131da zikredilen sorunlarla ba\u015f e<br \/>\ntmede oynayaca\u011f\u0131 rolde yaln\u0131z de\u011fil elbette. Parti kadrolar\u0131ndan s\u00fcz\u00fclerek gelen ve Ba\u015fbakan se\u00e7ilen, Li Keqiang ba\u015fta olmak \u00fczere 25 ki\u015filik \u00fcst d\u00fczey y\u00f6netimin at\u0131lacak her ad\u0131mda yak\u0131n dirsek temas\u0131 g\u00f6zlemlenece\u011fine kesin g\u00f6z\u00fcyle bakabiliriz.<\/div>\n<div class=\"MsoNormal\" style=\"background: white; line-height: 14.25pt; margin-bottom: 4.9pt; margin-left: 0in; margin-right: 0in; margin-top: 4.9pt; text-align: justify;\"><\/div>\n<div class=\"MsoNormal\" style=\"background: white; line-height: 14.25pt; margin-bottom: 4.9pt; margin-left: 0in; margin-right: 0in; margin-top: 4.9pt; text-align: justify;\">Peki, Bat\u0131&#8217;n\u0131n \u00c7in&#8217;e bak\u0131\u015f\u0131 ba\u011flam\u0131nda ne s\u00f6ylenebilir? Genel itibar\u0131yla bak\u0131ld\u0131\u011f\u0131nda, \u00c7in&#8217;in &#8216;geli\u015fmesinden&#8217; de\u011fil, &#8216;kontrols\u00fcz&#8217; geli\u015fmesinden rahats\u0131z olan Bat\u0131 i\u00e7in sorun yok. Sorun, &#8216;kontrol\u00fc&#8217; sa\u011flayacak mekanizman\u0131n &#8216;\u00c7in&#8217;de devreye sokulmas\u0131. \u0130\u015fte Amerika&#8217;n\u0131n \u00f6zellikle Jinping&#8217;den t\u00fcm beklentisi bu&#8230; \u00c7in siyasal yap\u0131s\u0131nda ve b\u00fcrokrasisinde bir &#8216;niyetin&#8217; has\u0131l olmas\u0131 safhas\u0131n\u0131, \u00fclke i\u00e7inde bir mekanizman\u0131n ve bu mekanizmay\u0131 destekleyecek ithal Bat\u0131l\u0131 kurumlar\u0131n varl\u0131\u011f\u0131 izleyecek. B\u00f6ylesi bir tedbir, Amerika i\u00e7in bir zorunluluk. Ocak ay\u0131nda Ankara&#8217;da yap\u0131lan &#8216;B\u00fcy\u00fckel\u00e7iler&#8217; toplant\u0131s\u0131na davetli olarak kat\u0131lan Singapur D\u0131\u015fi\u015fleri Bakan\u0131 K. Shanmugam&#8217;\u0131n konu\u015fmas\u0131nda \u00c7in-ABD ba\u011flam\u0131nda dile getirdi\u011fi hususiyetler bunu kaba hatlar\u0131yla ortaya koyuyor. Ekonominin merkezinin co\u011frafi s\u0131n\u0131r\u0131n\u0131 de\u011fi\u015ftirmesi ABD&#8217;yi pek etkilemez, \u00f6yle de\u011fil mi? K\u00fcresel ili\u015fkiler a\u011f\u0131nda, t\u00fcm mali i\u015flemlerin sanal alemde y\u00fcr\u00fct\u00fclmesi kadar, ulus-devletlerin de\u011fil, ulusa\u015f\u0131r\u0131 dev \u015firketlerin ba\u015fat varl\u0131\u011f\u0131 dikkate al\u0131nd\u0131\u011f\u0131nda merkez&#8217;in New York olmas\u0131yla Beijing olmas\u0131 aras\u0131nda pek de bir fark oldu\u011fu s\u00f6ylenemez. Sistemin varl\u0131\u011f\u0131na hayat kayna\u011f\u0131 olacak veya g\u00fc\u00e7 katacak ne t\u00fcrden &#8216;mali ili\u015fki&#8217; varsa -ki buna &#8216;\u0130slam Bankac\u0131l\u0131\u011f\u0131n\u0131 da eklemekte bir sak\u0131nca yok-, mevcut sistemin de\u011fil, geni\u015fletmesi anlam\u0131na gelir. Bu hususu, bir vesileyle Singapur Maliye Bakan\u0131&#8217;ndan kayda de\u011fer bir al\u0131nt\u0131yla g\u00fcndeme getirmi\u015ftik. Tekrara gerek yok&#8230;<\/div>\n<div class=\"MsoNormal\" style=\"background: white; line-height: 14.25pt; margin-bottom: 4.9pt; margin-left: 0in; margin-right: 0in; margin-top: 4.9pt; text-align: justify;\"><\/div>\n<div class=\"MsoNormal\" style=\"background: white; line-height: 14.25pt; margin-bottom: 4.9pt; margin-left: 0in; margin-right: 0in; margin-top: 4.9pt; text-align: justify;\">Ekonomisindeki geli\u015fmi\u015flik nedeniyle \u00e7o\u011funlukla dikkat \u00e7ekmese de, \u00c7in&#8217;in en \u00f6nemli toplumsal sorunu olarak dikkat \u00e7eken, parti y\u00f6nemitinin elinin uzand\u0131\u011f\u0131 hemen her alandaki yolsuzluklar bu d\u00f6nemde \u00fczerine gidilecek ve yeni bir &#8216;\u00c7in eti\u011fi&#8217; olu\u015fturulmas\u0131na zemin haz\u0131rlayacak politikalara gebe. \u00c7\u00fcnk\u00fc bu yolsuzluklar zinciri, \u00f6nceki Ba\u015fkan Hu Jintao&#8217;nun samimiyetle dillendirdi\u011fi \u00fczere &#8220;partinin ve de dolay\u0131s\u0131yla devletin \u00e7\u00f6k\u00fc\u015f\u00fc anlam\u0131na gelebilir&#8221;. Art\u0131k bu ba\u011flamda \u00fclkede &#8216;in\u015fa edilecek&#8217; bir &#8216;etik&#8217; sistem, Budizmden mi, Konf\u00fc\u00e7y\u00fcsc\u00fcl\u00fckten mi, ya da Bat\u0131&#8217;dan ithal &#8216;Protestan Ahlak\u0131&#8217;ndan m\u0131 beslenir veya &#8216;\u00fc\u00e7\u00fcnc\u00fc yol&#8217; olarak Lee Kuan Yew ve Dr.Mahathir Muhammed&#8217;in &#8216;Asyal\u0131l\u0131k De\u011ferleri&#8217; kavram\u0131ndan m\u0131 bir\u015feyler \u00fcretir bunu zamanla g\u00f6rece\u011fiz. \u00d6yle ya, bu arada kimseden &#8216;dini \u00f6zg\u00fcrl\u00fckler&#8217; sayfas\u0131n\u0131 a\u00e7t\u0131\u011f\u0131 hen\u00fcz duyulmu\u015f de\u011fil.<\/div>\n<div class=\"MsoNormal\" style=\"background: white; line-height: 14.25pt; margin-bottom: 4.9pt; margin-left: 0in; margin-right: 0in; margin-top: 4.9pt; text-align: justify;\"><\/div>\n<div class=\"MsoNormal\" style=\"background: white; line-height: 14.25pt; margin-bottom: 4.9pt; margin-left: 0in; margin-right: 0in; margin-top: 4.9pt; text-align: justify;\">T\u00fcm bu i\u00e7 ve d\u0131\u015f taleplerin olu\u015fturdu\u011fu perspektifin \u00f6tesinde, acaba \u00c7in &#8216;devlet akl\u0131&#8217; d\u00f6n\u00fc\u015f\u00fcm\u00fc kendisi i\u00e7in istiyor olamaz m\u0131? \u00d6yle bir ak\u0131l k\u0131, Mao Zedong&#8217;un &#8216;K\u00fclt\u00fcr Devrimi&#8217;nden sonra ideolojik olarak Bat\u0131 sistemine kafa tuttu, Sovyet Bloku&#8217;nun da\u011f\u0131lmas\u0131 ve So\u011fuk Sava\u015f sona ermesiyle k\u00fcresel sistem i\u00e7erisinde varl\u0131\u011f\u0131n\u0131 s\u00fcrd\u00fcrmenin &#8216;pragmatik&#8217; yolunu &#8216;ekonomide liberalle\u015ferek&#8217; buldu. \u015eimdi \u00c7in Devlet Akl\u0131, aradan ge\u00e7en \u00e7eyrek y\u00fczy\u0131l sonras\u0131nda &#8216;Asya \u00c7a\u011f\u0131&#8217; sinyallerinin kuvvetle g\u00fcndemde tutuldu\u011fu g\u00fcn\u00fcm\u00fczde yeni bir \u00e7\u0131k\u0131\u015fla, devlet ideolojisinde bulaca\u011f\u0131 uygun kanallarla &#8216;liberal&#8217; a\u00e7\u0131l\u0131mlar\u0131n\u0131 zamana yayarak ortaya koymaya \u00e7al\u0131\u015facakt\u0131r. Bu noktada ba\u015fka bir \u015fans\u0131 var m\u0131 diye sorulabilir?<\/div>\n<div class=\"MsoNormal\" style=\"background: white; line-height: 14.25pt; margin-bottom: 4.9pt; margin-left: 0in; margin-right: 0in; margin-top: 4.9pt; text-align: justify;\"><\/div>\n<div class=\"MsoNormal\" style=\"background: white; line-height: 14.25pt; margin-bottom: 4.9pt; margin-left: 0in; margin-right: 0in; margin-top: 4.9pt; text-align: justify;\">\u00c7in&#8217;de ba\u015flayan yeni d\u00f6nemin Do\u011fu ve G\u00fcneydo\u011fu Asya ili\u015fkilerinde rol\u00fc ne olur k\u0131saca bakal\u0131m. Bu s\u00fcre\u00e7te hemen yan\u0131 ba\u015f\u0131ndaki tarihi rakibi Japonya ve g\u00fcneye do\u011fru geni\u015fleyen co\u011frafyadaki kom\u015fu ve b\u00f6lge \u00fclkeleri de farkl\u0131 bir heyecana b\u00fcr\u00fcnd\u00fckleri s\u00f6ylenebilir. \u00c7in milliyet\u00e7ilerinin s\u0131\u011f\u0131na\u011f\u0131 olan, ancak her daim \u00c7in&#8217;in solu\u011funu ensesinde hisseden Tayvan ile, ASEAN ba\u011flam\u0131nda \u00c7in&#8217;le ba\u015f\u0131 dertte olan \u00fclkeler s\u0131ralamas\u0131nda ba\u015f\u0131 \u00e7eken Vietnam&#8217;la ya\u015fananlar So\u011fuk Sava\u015f d\u00f6neminin eseri. Jinping&#8217;li d\u00f6nem, asl\u0131nda \u00c7in&#8217;in bizatihi kendi halk\u0131yla ve b\u00f6lge \u00fclkeleriyle olan &#8216;So\u011fuk Sava\u015f\u0131&#8217;n\u0131n bitip bitmeyece\u011fi anlam\u0131na geliyor. Peki Japonya&#8217;yla sorun nedir dendi\u011finde sadece birka\u00e7 k\u00fc\u00e7\u00fck adadan ibaret s\u00fcrt\u00fc\u015fmeyle s\u0131n\u0131rland\u0131rmak hata olur. Adalar krizi, iki ulus aras\u0131nda var olan husumeti g\u00f6r\u00fcn\u00fcr k\u0131lan ara\u00e7lar konumunda b\u00fcy\u00fck \u00f6l\u00e7\u00fcde. Bu s\u00fcre\u00e7 \u00f6zellikle \u00c7in&#8217;de \u00f6nemli yat\u0131r\u0131mlar\u0131 olan Japon firmalar\u0131n\u0131 etkileyece\u011fi dikkate al\u0131nd\u0131\u011f\u0131nda, -a\u015fa\u011f\u0131da de\u011finilece\u011fi \u00fczere- \u00c7in&#8217;den beklenen reform \u00e7abalar\u0131n\u0131n liberal sisteme endekslemeye matuf oldu\u011fu g\u00f6r\u00fclecektir. Milliyet\u00e7i damar\u0131 a\u011f\u0131r basan \u00c7in&#8217;in, ba\u015fta Japonya olmak \u00fczere b\u00f6lge \u00fclkeleriyle ili\u015fkisinde &#8216;t\u00f6rp\u00fclenmesi&#8217; gereken bir t\u00fcr &#8216;ur&#8217; mesabesinde.<\/div>\n<div class=\"MsoNormal\" style=\"background: white; line-height: 14.25pt; margin-bottom: 4.9pt; margin-left: 0in; margin-right: 0in; margin-top: 4.9pt; text-align: justify;\"><\/div>\n<div class=\"MsoNormal\" style=\"background: white; line-height: 14.25pt; margin-bottom: 4.9pt; margin-left: 0in; margin-right: 0in; margin-top: 4.9pt; text-align: justify;\">Bu, elbette ki Pasifik&#8217;in \u00f6te yakas\u0131ndaki \u00fclke, yani ABD&#8217;nin beklentilerinin ne kadar kar\u015f\u0131lan\u0131p kar\u015f\u0131lanmayaca\u011f\u0131n\u0131n da s\u0131nanaca\u011f\u0131 bir s\u00fcre\u00e7 olaca\u011f\u0131na ku\u015fku yok. Bu &#8216;beklentilerin&#8217; \u00f6nemli bir b\u00f6l\u00fcm\u00fcn\u00fc sadece kapitalizmin de\u011ferleriyle de\u011fil, &#8216;Bat\u0131&#8217;n\u0131n \u00fcretti\u011fi siyasi ve sosyal de\u011ferleri de i\u00e7ine alacak bir kapsam geni\u015fli\u011fi sundu\u011fu g\u00f6zlerden ka\u00e7m\u0131yor. Ba\u015fta ABD olmak \u00fczere genelde Bat\u0131&#8217;n\u0131n \u00c7in&#8217;e y\u00f6nelik &#8216;konsep dayatmas\u0131&#8217;n\u0131n oda\u011f\u0131nda &#8220;k\u00fcresel sisteme&#8221; t\u00fcm\u00fcyle entegrasyonu geliyor. Bu entegrasyonun sa\u011flanamamas\u0131, kolay olmasa da, \u00c7in&#8217;le \u015fu veya bu \u015fekilde &#8216;y\u00fczle\u015fmeyi&#8217; gerektiriyor.<\/div>\n<div class=\"MsoNormal\" style=\"background: white; line-height: 14.25pt; margin-bottom: 4.9pt; margin-left: 0in; margin-right: 0in; margin-top: 4.9pt; text-align: justify;\"><\/div>\n<p><a href=\"http:\/\/www.dunyabulteni.net\/?aType=haber&amp;ArticleID=251928\">http:\/\/www.dunyabulteni.net\/?aType=haber&amp;ArticleID=251928<\/a><\/p>\n","protected":false},"excerpt":{"rendered":"<p>Mehmet \u00d6zay &nbsp; &nbsp; &nbsp; &nbsp; &nbsp; &nbsp; &nbsp; &nbsp; &nbsp; &nbsp; &nbsp; &nbsp; &nbsp; &nbsp; &nbsp; &nbsp; &nbsp; &nbsp; &nbsp; &nbsp; &nbsp; &nbsp; &nbsp; &nbsp; &nbsp; &nbsp; &nbsp; &nbsp; &nbsp; &nbsp; &nbsp; &nbsp; &nbsp; &nbsp; &nbsp; &nbsp; &nbsp; &nbsp; &nbsp; &nbsp; &nbsp; &nbsp; &nbsp; &nbsp; &nbsp; &nbsp; &nbsp; &nbsp; &nbsp; &nbsp; &nbsp; &nbsp; &nbsp; [&hellip;]<\/p>\n","protected":false},"author":1,"featured_media":650,"comment_status":"open","ping_status":"open","sticky":false,"template":"","format":"standard","meta":{"footnotes":""},"categories":[7],"tags":[],"class_list":["post-1209","post","type-post","status-publish","format-standard","has-post-thumbnail","hentry","category-asean"],"_links":{"self":[{"href":"https:\/\/guneydoguasyacalismalari.com\/tr_tr\/wp-json\/wp\/v2\/posts\/1209","targetHints":{"allow":["GET"]}}],"collection":[{"href":"https:\/\/guneydoguasyacalismalari.com\/tr_tr\/wp-json\/wp\/v2\/posts"}],"about":[{"href":"https:\/\/guneydoguasyacalismalari.com\/tr_tr\/wp-json\/wp\/v2\/types\/post"}],"author":[{"embeddable":true,"href":"https:\/\/guneydoguasyacalismalari.com\/tr_tr\/wp-json\/wp\/v2\/users\/1"}],"replies":[{"embeddable":true,"href":"https:\/\/guneydoguasyacalismalari.com\/tr_tr\/wp-json\/wp\/v2\/comments?post=1209"}],"version-history":[{"count":0,"href":"https:\/\/guneydoguasyacalismalari.com\/tr_tr\/wp-json\/wp\/v2\/posts\/1209\/revisions"}],"wp:featuredmedia":[{"embeddable":true,"href":"https:\/\/guneydoguasyacalismalari.com\/tr_tr\/wp-json\/"}],"wp:attachment":[{"href":"https:\/\/guneydoguasyacalismalari.com\/tr_tr\/wp-json\/wp\/v2\/media?parent=1209"}],"wp:term":[{"taxonomy":"category","embeddable":true,"href":"https:\/\/guneydoguasyacalismalari.com\/tr_tr\/wp-json\/wp\/v2\/categories?post=1209"},{"taxonomy":"post_tag","embeddable":true,"href":"https:\/\/guneydoguasyacalismalari.com\/tr_tr\/wp-json\/wp\/v2\/tags?post=1209"}],"curies":[{"name":"wp","href":"https:\/\/api.w.org\/{rel}","templated":true}]}}