{"id":1180,"date":"2012-11-15T12:05:00","date_gmt":"2012-11-15T12:05:00","guid":{"rendered":"http:\/\/localhost:8080\/ini\/?p=199"},"modified":"2012-11-15T12:05:00","modified_gmt":"2012-11-15T12:05:00","slug":"aseandan-aseme","status":"publish","type":"post","link":"https:\/\/guneydoguasyacalismalari.com\/tr_tr\/aseandan-aseme\/","title":{"rendered":"ASEAN\u2019dan ASEM\u2019e"},"content":{"rendered":"<p><\/p>\n<div class=\"MsoNormal\" style=\"text-align: justify;\"><b>Mehmet \u00d6zay &nbsp;&nbsp;&nbsp;&nbsp;&nbsp;&nbsp;&nbsp;&nbsp;&nbsp;&nbsp; &nbsp;&nbsp;&nbsp;&nbsp;&nbsp;&nbsp;&nbsp;&nbsp;&nbsp;&nbsp;&nbsp; &nbsp;&nbsp;&nbsp;&nbsp;&nbsp;&nbsp;&nbsp;&nbsp;&nbsp;&nbsp;&nbsp; &nbsp; &nbsp; &nbsp; &nbsp; &nbsp; &nbsp; &nbsp; &nbsp; &nbsp; &nbsp; &nbsp;&nbsp;&nbsp;&nbsp;&nbsp;&nbsp;&nbsp;&nbsp;&nbsp;&nbsp;&nbsp;&nbsp; &nbsp;&nbsp;&nbsp;&nbsp;&nbsp;&nbsp;&nbsp;&nbsp;&nbsp;&nbsp;&nbsp; &nbsp;&nbsp;&nbsp;&nbsp;&nbsp;&nbsp;&nbsp;&nbsp;&nbsp;&nbsp;&nbsp; &nbsp;&nbsp;&nbsp;&nbsp;&nbsp;&nbsp;&nbsp;&nbsp;&nbsp;&nbsp;&nbsp;&nbsp;&nbsp;&nbsp;&nbsp;&nbsp;&nbsp;&nbsp;&nbsp;&nbsp;&nbsp;12 Kas\u0131m 2012<\/b><\/div>\n<div class=\"MsoNormal\" style=\"text-align: justify;\"><\/div>\n<div class=\"MsoNormal\" style=\"text-align: justify;\">Ge\u00e7en hafta ba\u015f\u0131nda Laos\u2019da \u00f6nemli bir toplant\u0131 ger\u00e7ekle\u015fti. ASEAN ile Avrupa Birli\u011fi\u2019nin olu\u015fturdu\u011fu ASEM ad\u0131yla bilinen olu\u015fumun 9. toplant\u0131s\u0131 49 \u00fclkenin ve \u00fc\u00e7 kurumun (Avrupa Komisyonu, Avrupa Birli\u011fi ve ASEAN) kat\u0131l\u0131m\u0131yla, ASEAN d\u00f6nem ba\u015fkanl\u0131\u011f\u0131n\u0131 y\u00fcr\u00fcten Laos\u2019un ba\u015fkenti yap\u0131ld\u0131. Bildik simalar\u0131n d\u0131\u015f\u0131nda, toplant\u0131ya kat\u0131lan liderler aras\u0131nda Avustralya Ba\u015fbakan\u0131 Julia Gillard ve Fransa Devlet Ba\u015fkan\u0131&nbsp; Francois Hollande gibi \u00f6nemli isimler dikkat \u00e7ekiyordu. <\/div>\n<div class=\"MsoNormal\" style=\"text-align: justify;\"><\/div>\n<div class=\"MsoNormal\" style=\"text-align: justify;\">Bu toplant\u0131yla birlikte, ASEAN ba\u011flam\u0131nda s\u0131k aral\u0131kla yap\u0131lan toplant\u0131lar serisinin bir yenisi ortaya konurken, Avrupa Birli\u011fi ve Asya\u2019dan yeni \u00fcyelerin olu\u015fuma davet edilmesi G\u00fcneydo\u011fu Asya topraklar\u0131nda s\u00fcre giden siyasi, ekonomik ili\u015fkilerin boyutlar\u0131n\u0131n umulan\u0131n \u00f6tesine ta\u015f\u0131nabilece\u011fi sinyalini veriyordu. Asl\u0131nda yar\u0131m y\u00fczy\u0131l \u00f6ncesine kadar g\u00fcndemde olan s\u00f6m\u00fcrgecilik ili\u015fkileri dikkate al\u0131nd\u0131\u011f\u0131nda kimi Avrupa \u00fclkelerinin b\u00f6lgeye yabanc\u0131 olmad\u0131\u011f\u0131 hat\u0131rlan\u0131rsa, bu \u00fclkelerin d\u0131\u015f\u0131nda bug\u00fcn teknolojik geli\u015fmi\u015flikleri, \u2018know-how\u2019 alan\u0131ndaki \u00fcst\u00fcnl\u00fckleriyle dikkat \u00e7eken Kuzey Avrupa \u00fclkelerinin de b\u00f6lgeyle fl\u00f6rt\u00fc devam ediyor. Bu \u00e7er\u00e7evede Norve\u00e7 ve \u0130svi\u00e7re\u2019nin yan\u0131 s\u0131ra, Bengalde\u015f\u2019in ASEM\u2019e \u00fcyeli\u011fi yap\u0131lan t\u00f6renle kabul edildi. Bu yeni geli\u015fme \u00fczerinde k\u0131saca durmak gerekir. Norve\u00e7\u2019in G\u00fcneydo\u011fu Asya\u2019ya ilgisi \u00f6zellikle insan haklar\u0131, bar\u0131\u015f g\u00f6r\u00fc\u015fmeleri, iklim de\u011fi\u015fikli\u011fi gibi alanlarda kat\u0131l\u0131m\u0131 ve katk\u0131s\u0131 biliniyor. \u00d6rne\u011fin, Endonezya\u2019da 2007 y\u0131l\u0131ndan bu yana faaliyet g\u00f6steren Statoil petrol firmas\u0131n\u0131n milyar Dolarl\u0131k \u00f6nemli yat\u0131r\u0131mlar\u0131 kap\u0131da bekledi\u011fini hat\u0131rlatal\u0131m.<\/div>\n<div class=\"MsoNormal\" style=\"text-align: justify;\"><\/div>\n<div class=\"MsoNormal\" style=\"text-align: justify;\">Ancak \u0130svi\u00e7re gibi AB i\u00e7inde dahi g\u00f6r\u00fcn\u00fcrl\u00fc\u011f\u00fc az olan bir \u00fclkenin ASEAN ile ili\u015fkilere y\u00f6nelmi\u015f olmas\u0131 ilgin\u00e7 bir geli\u015fme. Bengalde\u015f i\u00e7in de ayn\u0131 d\u00fc\u015f\u00fcnceler dile getirilebilir. Ancak Bengalde\u015f gerek s\u00f6zde bir \u0130slam \u00fclkesi olmas\u0131, yo\u011fun n\u00fcfusu, ekonomik geri kalm\u0131\u015fl\u0131\u011f\u0131, co\u011frafi konumu ile de di\u011fer \u00fcyeler i\u00e7inde farkl\u0131 bir konum ta\u015f\u0131yor. Bununla birlikte, Bengalde\u015f \u00fczerinden G\u00fcney Asya\u2019ya bir kap\u0131 araland\u0131\u011f\u0131 d\u00fc\u015f\u00fcn\u00fclebilir. Ancak ekonomik ve sosyal yoksunluk nedeniyle s\u00fcrekli d\u0131\u015fa g\u00f6\u00e7 veren bir \u00fclke olan Bengalde\u015f\u2019in \u015fimdilik ASEAN\u2019a katk\u0131s\u0131n\u0131n olsa olsa ucuz emek g\u00fcc\u00fc ta\u015f\u0131yaca\u011f\u0131 d\u00fc\u015f\u00fcn\u00fclebilir. Bengalde\u015f Ba\u015fbakan\u0131 Hasina yapt\u0131\u011f\u0131 konu\u015fmada k\u00fcresel sorunlar\u0131n \u00e7\u00f6z\u00fcm\u00fcnde \u2018Avrupal\u0131 dostlar\u0131m\u0131zla ortak \u00e7al\u0131\u015fma\u2019 gibi bir s\u00f6ylemi dile getirmesi, evinin i\u00e7ini temizleyememi\u015f bir ev han\u0131m\u0131n\u0131n mahalleye muhtarl\u0131\u011fa soyunmas\u0131 gibi abs\u00fcrd bir g\u00f6r\u00fcnt\u00fc ortaya \u00e7\u0131kar\u0131yor. <\/div>\n<div class=\"MsoNormal\" style=\"text-align: justify;\"><\/div>\n<div class=\"MsoNormal\" style=\"text-align: justify;\">Bu minvalde, Avrupa\u2019n\u0131n b\u00f6lgeye ilgisine biraz daha detaylar\u0131yla g\u00f6z atal\u0131m. Genelde k\u00fcresel \u00e7apta faaliyet g\u00f6steren \u015firketlerin yat\u0131r\u0131mlar\u0131 ile g\u00fcndeme gelen G\u00fcneydo\u011fu Asya topraklar\u0131, b\u00f6lgenin Do\u011fu-Bat\u0131 aras\u0131nda ili\u015fkilerin neredeyse t\u00fcm se\u00e7enekleri ile ortaya \u00e7\u0131kmas\u0131yla tek tek devletlerin de rol almak istedikleri bir alana d\u00f6n\u00fc\u015f\u00fcyor. \u00d6rne\u011fin, sadece g\u0131da, tekstil ba\u011flam\u0131nda de\u011fil, petrol ve do\u011fal gaz sondaj \u00e7al\u0131\u015fmalar\u0131, denizcilik, savunma sanayii gibi alanlar\u0131n b\u00f6lgede son d\u00f6nemde giderek artan bir \u015fekilde kendini hissettiren s\u0131n\u0131r sorunlar\u0131na dayal\u0131 g\u00fcvenlik ihtiya\u00e7lar\u0131na cevap olarak alg\u0131lanabilir. Ya da b\u00f6yle bir ihtiya\u00e7 zorunlu hale getirilebilir. Bununla birlikte, farkl\u0131 bir bak\u0131\u015f a\u00e7\u0131s\u0131 geli\u015ftirmekte m\u00fcmk\u00fcn elbette. O da, Avrupa\u2019n\u0131n ge\u00e7irmi\u015f oldu\u011fu s\u00fcre\u00e7leri d\u00fcnyan\u0131n di\u011fer b\u00f6lgelerine \u2018ihra\u00e7 etme\u2019 konusundaki ihtirasl\u0131 yakla\u015f\u0131m\u0131ndan va\u00e7ge\u00e7memi\u015f olmas\u0131. Bu anlamda Fransa ve Norve\u00e7\u2019in \u00f6zellikle savunma sanayii konusunda, \u00f6rne\u011fin Malezya\u2019ya \u2018cazip tekliflerle\u2019 gelmeleri \u00f6rnek g\u00f6sterilebilir.&nbsp;<\/div>\n<div class=\"MsoNormal\" style=\"text-align: justify;\"><\/div>\n<div class=\"MsoNormal\" style=\"text-align: justify;\">Genel anlamda Avrupa\u2019n\u0131n bak\u0131\u015f a\u00e7\u0131s\u0131n\u0131 yans\u0131tmas\u0131 a\u00e7\u0131s\u0131ndan Avrupa Birli\u011fi Ba\u015fkan\u0131 Jose Barroso\u2019nun konu\u015fmas\u0131 dikkat \u00e7ekiciydi. Barroso, Asya\u2019n\u0131n Avrupa i\u00e7in giderek artan \u00f6nemine vurgu yaparken, asl\u0131nda Avrupa\u2019n\u0131n s\u00f6m\u00fcrgecilik d\u00f6neminden emperyalizme ve ulus-devletlere evrilen ili\u015fkiler a\u011f\u0131n\u0131n post-modern d\u00f6nemde yeniden farkl\u0131 bir dille g\u00fcndeme getirilmesinden ba\u015fka bir anlam ta\u015f\u0131m\u0131yor. Bu ba\u011flamda, d\u00fcn\u00fcn hammaddeleri, ucuz emek cenneti \u00fclkelerinin bug\u00fcn Bat\u0131\u2019n\u0131n ekonomik krizle bo\u011fu\u015ftu\u011fu d\u00f6nemde y\u00fczde alt\u0131 ile onluk ekonomik b\u00fcy\u00fcke skalas\u0131n\u0131 tutturmas\u0131d\u0131r Avrupa\u2019ya cazip gelen. Bu arada, yukar\u0131da zikredilen s\u00fcre\u00e7lerde yerli halklar\u0131n ve siyasi elitlerinin kaderlerinde ne kadar belirleyici rol oynad\u0131\u011f\u0131 da bir ba\u015fka tart\u0131\u015fma konusu. Baroso, a\u011fz\u0131ndaki baklay\u0131 \u00e7\u0131karmakta gecikmeyerek, sar\u0131 derili liderler \u00f6n\u00fcnde \u201ckazan-kazan\u201d s\u00f6ylemini dillendirirken ge\u00e7mi\u015fin \u2018tek y\u00f6nl\u00fc kaza\u2019n\u0131ndan Avrupa\u2019n\u0131n payla\u015f\u0131mc\u0131 bir etik anlay\u0131\u015fa evrildi\u011fi d\u00fc\u015f\u00fcncesini ak\u0131llara getiriyordu. \u2018S\u00fcrd\u00fcr\u00fclebilir k\u00fcresel kalk\u0131nma\u2019 ifadesi de, Eski K\u0131ta\u2019da ger\u00e7ekle\u015ftirilememi\u015f bir \u2018s\u00fcrd\u00fcr\u00fclebilirli\u011fi\u2019 eski s\u00f6m\u00fcrge topraklar\u0131nda d\u00fcnyaya il\u00e2n anlam\u0131 ta\u015f\u0131yordu. <\/p>\n<\/div>\n<div class=\"MsoNormal\" style=\"text-align: justify;\">Zaman zaman dile getirdi\u011fimiz \u00fczere, ASEAN\u2019\u0131n AB\u2019yi kendine model alma \u00e7abas\u0131 \u00f6zellikle ekonomik birliktelik ba\u011flam\u0131nda g\u00fcndeme geliyor. Bug\u00fcne kadar serbest dola\u015f\u0131m, ortak dil vb. AB\u2019de i\u015flevsel hale getirilen alanlar\u0131 bir kenara b\u0131rakma e\u011filimindeki ASEAN y\u00f6netimi i\u015f ekonomiye geldi\u011finde b\u00f6lge i\u00e7erisinde \u00e7at\u0131\u015fmac\u0131 y\u00f6nelimleri ortadan kald\u0131racak ekonomik y\u00f6netim \u00e7at\u0131s\u0131 olu\u015fturma konusunda olduk\u00e7a istekli g\u00f6r\u00fcn\u00fcyor. Bu giri\u015fim, bir yandan \u00c7in \u00f6te yandan Hindistan\u2019\u0131n ekonomik g\u00fcc\u00fc kar\u015f\u0131s\u0131nda bir \u00f6nleyici tedbir olarak da varl\u0131\u011f\u0131n\u0131 koruyor. Bu iki g\u00fc\u00e7 kar\u015f\u0131s\u0131nda ASEAN\u2019a \u00fcye \u00fclkeler, ekonomik rekabet ve b\u00fcy\u00fcmenin ancak birlikten ge\u00e7ti\u011finin fark\u0131ndalar. Her ne kadar son birka\u00e7 y\u0131lda \u2018avro kriz b\u00f6lgesi\u2019 olgusu ortaya \u00e7\u0131ksa da, Avrupa \u00fclkelerinin aralar\u0131nda ger\u00e7ekle\u015ftirdikleri birli\u011fin son yar\u0131m y\u00fczy\u0131lda \u00f6zellikle ABD kar\u015f\u0131s\u0131ndaki \u2018ba\u011f\u0131ms\u0131zl\u0131\u011f\u0131n\u2019 re\u00e7etesi oldu\u011fu ve bunun arac\u0131n\u0131n da mal, hizmet ve i\u015f g\u00fcc\u00fc dola\u015f\u0131m\u0131ndan ge\u00e7ti\u011fi g\u00f6z ard\u0131 edilemez. Bu nedenle bir s\u00fcredir dile getirilen ekonomik birlik yap\u0131s\u0131n\u0131n 2015 y\u0131l\u0131nda ASEAN Ekonomik Birli\u011fi (AEB) \u00e7at\u0131\u015f\u0131 alt\u0131nda hayata ge\u00e7irilecek. Birlik sayesinde b\u00f6lgenin kendi insan\u0131n\u0131n \u00fcr\u00fcn\u00fc olan \u015firketlerin dayan\u0131kl\u0131l\u0131k g\u00fcc\u00fcne ivme kazand\u0131r\u0131laca\u011f\u0131 gibi, muadilleri i\u00e7inde zamanla uluslararas\u0131 bir g\u00fc\u00e7 olarak ortaya \u00e7\u0131kmalar\u0131 da \u00f6ng\u00f6r\u00fcl\u00fcyor. Bu ba\u011flamda, \u2018Asya Kaplanlar\u0131\u2019ndan \u2018ASEAN Kaplan\u0131\u2019na do\u011fru bir y\u00f6nelim oldu\u011fu izlenimi edinmek m\u00fcmk\u00fcn. Ancak b\u00f6lge siyasi b\u00fct\u00fcnl\u00fc\u011f\u00fcn\u00fcn ulus-devletten ulus-\u00f6tesi siyasi birlikteli\u011fe evrilme ba\u015far\u0131<br \/>\n g\u00f6sterip g\u00f6stermeyece\u011fini zaman g\u00f6sterecek. B\u00f6ylesi bir ulus-\u00f6tesi birli\u011fin siyasi ve ekonomik hedefleri ku\u015fkusuz ki sadece yukar\u0131da ile getirdi\u011fimiz \u00c7in ve Hindistan\u2019\u0131 hedef alan rekabetten de ibaret olmayacakt\u0131r.&nbsp;<\/div>\n<div class=\"MsoNormal\" style=\"text-align: justify;\"><\/div>\n<div class=\"MsoNormal\" style=\"text-align: justify;\">\u00d6te yandan, b\u00f6lge \u00fclkelerinin ekonomi alan\u0131ndaki g\u00f6stergeleri \u2018pozitif de\u011fer\u2019 olarak yans\u0131rken, bireylerin, sosyal z\u00fcmrelerin, etnik unsurlar\u0131n haklar\u0131 ve \u00f6zg\u00fcrl\u00fckleri \u00e7er\u00e7evesinde daha al\u0131nmas\u0131 gereken epeyce yolun oldu\u011fu da bir ba\u015fka ger\u00e7ek. Burada salt Bat\u0131\u2019n\u0131n koymu\u015f oldu\u011fu standartlar\u0131 \u00f6ng\u00f6rmedi\u011fimizi de hemen belirteyim. Bunun son d\u00f6nemdeki g\u00f6stergelerinden birini Bat\u0131l\u0131 unsurlar\u0131n Myanmar\u2019a kar\u015f\u0131 politikalar\u0131nda g\u00f6rmek m\u00fcmk\u00fcn. Daha birka\u00e7 on y\u0131l \u00f6ncesine kadar, tekil ekonomik ve siyasi \u00e7\u0131karlar\u0131 do\u011frultusunda diktat\u00f6rleri desteklemekten geri kalmayan kimi Bat\u0131l\u0131 \u00f6nc\u00fc \u00fclkeler ba\u011flam\u0131nda \u2018Bat\u0131l\u0131 de\u011ferlerin\u2019 uygulamadaki g\u00f6recelili\u011fiyle \u00e7oktan tan\u0131\u015f\u0131kl\u0131\u011f\u0131m\u0131z oldu\u011funu unutmayal\u0131m. Demokratik a\u00e7\u0131l\u0131mlar konusunda ASEAN i\u00e7erisinde hangi \u00fclke veya \u00fclkelerin di\u011ferlerine model te\u015fkil edebilece\u011fi ve olu\u015fturulabilecek birlik eti\u011fi ba\u011flam\u0131nda bask\u0131 mekanizmas\u0131n\u0131n kurulup kurulamayaca\u011f\u0131 \u015fimdilik mu\u011flakl\u0131\u011f\u0131n\u0131 koruyor. Myanmar \u00f6rne\u011finde g\u00f6r\u00fcld\u00fc\u011f\u00fc \u00fczere demokratik \u00f6rneklikten de\u011fil de, b\u00f6lge \u00fclkelerinin Myanmar\u2019a y\u00f6nelik \u015fu ana kadarki yat\u0131r\u0131mlar\u0131n\u0131n ve gelece\u011fe matuf kayda de\u011fer yat\u0131r\u0131m pl\u00e2nlar\u0131n\u0131n yapt\u0131r\u0131m unsuru olarak ara\u00e7salla\u015ft\u0131r\u0131lmas\u0131 s\u00f6z konusu. Asl\u0131nda bu paragrafta tart\u0131\u015ft\u0131\u011f\u0131m\u0131z hususlar, demokrasi olgusu \u00e7er\u00e7evesinde bir s\u00fcredir devam eden teorik g\u00f6r\u00fc\u015f farkl\u0131l\u0131klar\u0131yla al\u00e2kal\u0131. Bir yanda, demokrasiyi \u00f6ncellemi\u015f bir AB ve Bat\u0131 \u00f6te yandan ekonomiyi ilk s\u0131raya koymu\u015f ve \u2018Asyal\u0131l\u0131k de\u011ferleriyle m\u00fccehhez\u2019 bir anlay\u0131\u015f\u0131n hakim oldu\u011fu Do\u011fu ve G\u00fcneydo\u011fu Asya a\u00e7\u0131l\u0131m\u0131.<\/div>\n<div class=\"MsoNormal\" style=\"text-align: justify;\"><\/div>\n<div class=\"MsoNormal\" style=\"text-align: justify;\">Tam da burada bu senaryo \u00f6n\u00fcnde potansiyel \u2018tehdit\u2019 veya \u2018tehlike\u2019 olarak ne\u015fet edebilecek birka\u00e7 hususa dikkat \u00e7ekelim. Son otuz y\u0131l\u0131ndaki ekonomik geli\u015fmi\u015fli\u011fini otokrat hatta ve hatta diktat\u00f6rl\u00fck y\u00f6netimleri ile elde etti\u011fi a\u015fik\u00e2r olan b\u00f6lge \u00fclkelerinin AB gibi model bir projeyi hayata ge\u00e7irmede nas\u0131l bir ortak de\u011ferler silsilesi ortaya koyacaklar\u0131 merak konusu. S\u00f6z konusu bu model t\u0131pat\u0131p Avrupa\/Bat\u0131 siyasi ve ekonomik de\u011ferleri \u00fczerine mi in\u015fa edilecek, yoksa \u00f6zellikle demokratikle\u015fme, insan haklar\u0131 gibi sahalarda Bat\u0131n\u0131n \u00e7ok\u00e7a ele\u015ftirilerine maruz kalan Singapur, Malezya gibi \u00fclke liderlerinin dillendirdikleri \u2018Asyal\u0131 de\u011ferler\u2019 muvacehesinde ASEAN\u2019a rengini verecek bir de\u011ferler silsilesini mi hayata ge\u00e7irilecek? \u00d6te yandan, Ekonomik kazan\u0131mlar\u0131n b\u00f6lgenin yar\u0131m milyar\u0131 a\u015fk\u0131n n\u00fcfusu i\u00e7inde nas\u0131l bir da\u011f\u0131l\u0131ma konu olacak? Avrupa \u00f6rne\u011finde, k\u0131r-kent ayr\u0131m\u0131n\u0131n ve bu ayr\u0131m\u0131n kent lehine de\u011fi\u015fiminin 19. y\u00fczy\u0131l i\u00e7erisinde geli\u015fme g\u00f6stermeye ba\u015flad\u0131\u011f\u0131, oysa bug\u00fcn bile G\u00fcneydo\u011fu Asya toplumlar\u0131n\u0131n \u00f6nemli bir b\u00f6l\u00fcm\u00fcn\u00fcn k\u0131rsal ya\u015fam \u015fartlar\u0131nda varl\u0131k s\u00fcrd\u00fc\u011f\u00fc hat\u0131rlanacak olursa, k\u00fcreselle\u015fmenin kataliz\u00f6rl\u00fc\u011f\u00fcnde h\u0131zl\u0131 kalk\u0131nma s\u00fcre\u00e7lerinin bu halklar \u00fczerinde salt ekonomik de\u011fil, siyasi, k\u00fclt\u00fcrel ve dini y\u00f6nelimleri noktas\u0131nda da \u00f6nemli sonu\u00e7lar do\u011furacakt\u0131r. Peki bu b\u00f6lgede ya\u015fayan halklar bu sanc\u0131l\u0131 de\u011fi\u015fimlere haz\u0131rl\u0131klar m\u0131? Bu ve benzeri sorular s\u00fcre\u00e7te cevab\u0131n\u0131 bulacakt\u0131r.<\/div>\n<div class=\"MsoNormal\" style=\"text-align: justify;\"><\/div>\n<div class=\"MsoNormal\" style=\"text-align: justify;\"><a href=\"http:\/\/www.dunyabulteni.net\/?aType=haber&amp;ArticleID=234600\">http:\/\/www.dunyabulteni.net\/?aType=haber&amp;ArticleID=234600<\/a><\/div>\n","protected":false},"excerpt":{"rendered":"<p>Mehmet \u00d6zay &nbsp;&nbsp;&nbsp;&nbsp;&nbsp;&nbsp;&nbsp;&nbsp;&nbsp;&nbsp; &nbsp;&nbsp;&nbsp;&nbsp;&nbsp;&nbsp;&nbsp;&nbsp;&nbsp;&nbsp;&nbsp; &nbsp;&nbsp;&nbsp;&nbsp;&nbsp;&nbsp;&nbsp;&nbsp;&nbsp;&nbsp;&nbsp; &nbsp; &nbsp; &nbsp; &nbsp; &nbsp; &nbsp; &nbsp; &nbsp; &nbsp; &nbsp; &nbsp;&nbsp;&nbsp;&nbsp;&nbsp;&nbsp;&nbsp;&nbsp;&nbsp;&nbsp;&nbsp;&nbsp; &nbsp;&nbsp;&nbsp;&nbsp;&nbsp;&nbsp;&nbsp;&nbsp;&nbsp;&nbsp;&nbsp; &nbsp;&nbsp;&nbsp;&nbsp;&nbsp;&nbsp;&nbsp;&nbsp;&nbsp;&nbsp;&nbsp; &nbsp;&nbsp;&nbsp;&nbsp;&nbsp;&nbsp;&nbsp;&nbsp;&nbsp;&nbsp;&nbsp;&nbsp;&nbsp;&nbsp;&nbsp;&nbsp;&nbsp;&nbsp;&nbsp;&nbsp;&nbsp;12 Kas\u0131m 2012 Ge\u00e7en hafta ba\u015f\u0131nda Laos\u2019da \u00f6nemli bir toplant\u0131 ger\u00e7ekle\u015fti. ASEAN ile Avrupa Birli\u011fi\u2019nin olu\u015fturdu\u011fu ASEM ad\u0131yla bilinen olu\u015fumun 9. toplant\u0131s\u0131 49 \u00fclkenin ve \u00fc\u00e7 kurumun (Avrupa Komisyonu, Avrupa Birli\u011fi ve ASEAN) kat\u0131l\u0131m\u0131yla, ASEAN d\u00f6nem ba\u015fkanl\u0131\u011f\u0131n\u0131 [&hellip;]<\/p>\n","protected":false},"author":1,"featured_media":0,"comment_status":"open","ping_status":"open","sticky":false,"template":"","format":"standard","meta":{"footnotes":""},"categories":[7],"tags":[],"class_list":["post-1180","post","type-post","status-publish","format-standard","hentry","category-asean"],"_links":{"self":[{"href":"https:\/\/guneydoguasyacalismalari.com\/tr_tr\/wp-json\/wp\/v2\/posts\/1180","targetHints":{"allow":["GET"]}}],"collection":[{"href":"https:\/\/guneydoguasyacalismalari.com\/tr_tr\/wp-json\/wp\/v2\/posts"}],"about":[{"href":"https:\/\/guneydoguasyacalismalari.com\/tr_tr\/wp-json\/wp\/v2\/types\/post"}],"author":[{"embeddable":true,"href":"https:\/\/guneydoguasyacalismalari.com\/tr_tr\/wp-json\/wp\/v2\/users\/1"}],"replies":[{"embeddable":true,"href":"https:\/\/guneydoguasyacalismalari.com\/tr_tr\/wp-json\/wp\/v2\/comments?post=1180"}],"version-history":[{"count":0,"href":"https:\/\/guneydoguasyacalismalari.com\/tr_tr\/wp-json\/wp\/v2\/posts\/1180\/revisions"}],"wp:attachment":[{"href":"https:\/\/guneydoguasyacalismalari.com\/tr_tr\/wp-json\/wp\/v2\/media?parent=1180"}],"wp:term":[{"taxonomy":"category","embeddable":true,"href":"https:\/\/guneydoguasyacalismalari.com\/tr_tr\/wp-json\/wp\/v2\/categories?post=1180"},{"taxonomy":"post_tag","embeddable":true,"href":"https:\/\/guneydoguasyacalismalari.com\/tr_tr\/wp-json\/wp\/v2\/tags?post=1180"}],"curies":[{"name":"wp","href":"https:\/\/api.w.org\/{rel}","templated":true}]}}