{"id":1091,"date":"2012-05-11T02:32:00","date_gmt":"2012-05-11T02:32:00","guid":{"rendered":"http:\/\/localhost:8080\/ini\/?p=301"},"modified":"2012-05-11T02:32:00","modified_gmt":"2012-05-11T02:32:00","slug":"erken-donemde-ace","status":"publish","type":"post","link":"https:\/\/guneydoguasyacalismalari.com\/tr_tr\/erken-donemde-ace\/","title":{"rendered":"ERKEN D\u00d6NEMDE A\u00c7E"},"content":{"rendered":"<p><\/p>\n<h1 align=\"center\" style=\"margin-bottom: .0001pt; margin: 0in; text-align: center; text-indent: .5in;\"><\/h1>\n<div class=\"MsoBodyText\" style=\"margin-bottom: .0001pt; margin-bottom: 0in; text-align: justify; text-indent: .5in;\">A\u00e7e\u2019ye ilk yerle\u015fim konusunda pek fazla bilgi olmamakla birlikte, \u00f6ne s\u00fcr\u00fclen birka\u00e7 olas\u0131l\u0131ktan bahsetmek m\u00fcmk\u00fcnd\u00fcr. Birinci iddiaya g\u00f6re, Vietnam\u2019\u0131n g\u00fcneyinden, Kambo\u00e7ya\u2019dan gelen denizcilerin A\u00e7elilerin atalar\u0131 oldu\u011fu tahmin edilmektedir. \u0130lk A\u00e7eliler Malaylar\u0131n b\u00f6lgeye gelmesiyle da\u011flara \u00e7ekilerek g\u00fcn\u00fcm\u00fczdeki Gayo ve Alas etnik gruplar\u0131n\u0131 olu\u015fturdu.<a href=\"file:\/\/\/G:\/MEHMET\/BELGELERIM%202008%20AUGUST\/IHH%202008\/%C3%B6rnek\/A%C3%87E%20II.%20BASKI%202008%20AUGUST.doc#_ftn1\" name=\"_ftnref1\" title=\"\">[1]<\/a>\u0130kinci iddiaya g\u00f6re ise, G\u00fcneydo\u011fu Asya\u2019ya ilk g\u00f6\u00e7lerin 25 bin y\u0131l \u00f6nce, <i>Negroid Pygmie<\/i> topluluklar\u0131nca ger\u00e7ekle\u015ftirildi\u011fi ve bunu <i>Australoid<\/i>, <i>Melanesian Negrito<\/i> ve <i>Papual\u0131lar<\/i>\u0131n takip etti\u011fi tahmin edilmektedir.<a href=\"file:\/\/\/G:\/MEHMET\/BELGELERIM%202008%20AUGUST\/IHH%202008\/%C3%B6rnek\/A%C3%87E%20II.%20BASKI%202008%20AUGUST.doc#_ftn2\" name=\"_ftnref2\" title=\"\">[2]<\/a><\/div>\n<div class=\"MsoBodyText\" style=\"margin-bottom: .0001pt; margin-bottom: 0in; text-align: justify; text-indent: .5in;\">B\u00f6lgenin \u00c7in ve Hint medeniyetinin etkisi alt\u0131na girmesinden \u00f6nce pirin\u00e7 ekiminin yap\u0131ld\u0131\u011f\u0131, bufalo gibi hayvanlar\u0131n evcille\u015ftirildi\u011fi, demir ve di\u011fer madenlerin kullan\u0131ld\u0131\u011f\u0131 ve denizcilik faaliyetleri bulunuyordu. Bu ilk topluluklarda soyun kad\u0131ndan ge\u00e7mesi ba\u011flam\u0131nda kad\u0131n \u00f6nemli bir mevkiye sahipti. \u0130lk topluluklar aras\u0131nda dini inan\u00e7 noktas\u0131nda ise her nesnenin ruhu oldu\u011fu y\u00f6n\u00fcnde bir kanaat yayg\u0131nd\u0131. Atalara tap\u0131nma k\u00fclt\u00fcn\u00fcn yan\u0131 s\u0131ra, toprak tanr\u0131s\u0131na tap\u0131n\u0131l\u0131rd\u0131; ayr\u0131ca y\u00fcksek yerlere tap\u0131naklar in\u015fa edilirdi.&nbsp; <\/div>\n<div class=\"MsoBodyText\" style=\"margin-bottom: .0001pt; margin-bottom: 0in; text-align: justify; text-indent: .5in;\">\u0130.\u00d6. 3000 y\u0131l\u0131nda A\u00e7e\u2019ye g\u00f6\u00e7 yoluyla gelen insanlar Endonezya halklar\u0131n\u0131n k\u00f6kenini te\u015fkil eder. Eski\u00e7a\u011flarda Asya k\u0131tas\u0131nda ya\u015fayan Malay halk\u0131n\u0131n g\u00fcneye g\u00f6\u00e7 etti\u011fi biliniyor. \u0130lk gelen grup Proto Malay, ikinci gelen grup Detro Malay olarak adland\u0131r\u0131l\u0131r. \u0130lk grup ikincilerle kayna\u015fmay\u0131 reddetti\u011finden, merkezden uzak b\u00f6lgelerde ya\u015famaya ba\u015flam\u0131\u015flard\u0131r. Bunlar g\u00fcn\u00fcm\u00fczdeki Bataklar\u0131n ve Nias Adas\u0131 sakinlerinin atas\u0131 olarak kabul edilir. <\/div>\n<div><br clear=\"all\" \/>    <\/p>\n<div id=\"ftn1\">\n<div class=\"MsoFootnoteText\" style=\"text-align: justify;\"><a href=\"file:\/\/\/G:\/MEHMET\/BELGELERIM%202008%20AUGUST\/IHH%202008\/%C3%B6rnek\/A%C3%87E%20II.%20BASKI%202008%20AUGUST.doc#_ftnref1\" name=\"_ftn1\" title=\"\">[1]<\/a>Bangkaru, s. 14.<\/div>\n<\/div>\n<div id=\"ftn2\">\n<div class=\"MsoFootnoteText\" style=\"text-align: justify;\"><a href=\"file:\/\/\/G:\/MEHMET\/BELGELERIM%202008%20AUGUST\/IHH%202008\/%C3%B6rnek\/A%C3%87E%20II.%20BASKI%202008%20AUGUST.doc#_ftnref2\" name=\"_ftn2\" title=\"\">[2]<\/a> Timor, s. 8.<\/div>\n<\/div>\n<\/div>\n","protected":false},"excerpt":{"rendered":"<p>A\u00e7e\u2019ye ilk yerle\u015fim konusunda pek fazla bilgi olmamakla birlikte, \u00f6ne s\u00fcr\u00fclen birka\u00e7 olas\u0131l\u0131ktan bahsetmek m\u00fcmk\u00fcnd\u00fcr. Birinci iddiaya g\u00f6re, Vietnam\u2019\u0131n g\u00fcneyinden, Kambo\u00e7ya\u2019dan gelen denizcilerin A\u00e7elilerin atalar\u0131 oldu\u011fu tahmin edilmektedir. \u0130lk A\u00e7eliler Malaylar\u0131n b\u00f6lgeye gelmesiyle da\u011flara \u00e7ekilerek g\u00fcn\u00fcm\u00fczdeki Gayo ve Alas etnik gruplar\u0131n\u0131 olu\u015fturdu.[1]\u0130kinci iddiaya g\u00f6re ise, G\u00fcneydo\u011fu Asya\u2019ya ilk g\u00f6\u00e7lerin 25 bin y\u0131l \u00f6nce, Negroid Pygmie [&hellip;]<\/p>\n","protected":false},"author":1,"featured_media":0,"comment_status":"open","ping_status":"open","sticky":false,"template":"","format":"standard","meta":{"footnotes":""},"categories":[10],"tags":[],"class_list":["post-1091","post","type-post","status-publish","format-standard","hentry","category-ace"],"_links":{"self":[{"href":"https:\/\/guneydoguasyacalismalari.com\/tr_tr\/wp-json\/wp\/v2\/posts\/1091","targetHints":{"allow":["GET"]}}],"collection":[{"href":"https:\/\/guneydoguasyacalismalari.com\/tr_tr\/wp-json\/wp\/v2\/posts"}],"about":[{"href":"https:\/\/guneydoguasyacalismalari.com\/tr_tr\/wp-json\/wp\/v2\/types\/post"}],"author":[{"embeddable":true,"href":"https:\/\/guneydoguasyacalismalari.com\/tr_tr\/wp-json\/wp\/v2\/users\/1"}],"replies":[{"embeddable":true,"href":"https:\/\/guneydoguasyacalismalari.com\/tr_tr\/wp-json\/wp\/v2\/comments?post=1091"}],"version-history":[{"count":0,"href":"https:\/\/guneydoguasyacalismalari.com\/tr_tr\/wp-json\/wp\/v2\/posts\/1091\/revisions"}],"wp:attachment":[{"href":"https:\/\/guneydoguasyacalismalari.com\/tr_tr\/wp-json\/wp\/v2\/media?parent=1091"}],"wp:term":[{"taxonomy":"category","embeddable":true,"href":"https:\/\/guneydoguasyacalismalari.com\/tr_tr\/wp-json\/wp\/v2\/categories?post=1091"},{"taxonomy":"post_tag","embeddable":true,"href":"https:\/\/guneydoguasyacalismalari.com\/tr_tr\/wp-json\/wp\/v2\/tags?post=1091"}],"curies":[{"name":"wp","href":"https:\/\/api.w.org\/{rel}","templated":true}]}}