{"id":1078,"date":"2012-05-11T02:43:00","date_gmt":"2012-05-11T02:43:00","guid":{"rendered":"http:\/\/localhost:8080\/ini\/?p=288"},"modified":"2012-05-11T02:43:00","modified_gmt":"2012-05-11T02:43:00","slug":"onsoz","status":"publish","type":"post","link":"https:\/\/guneydoguasyacalismalari.com\/tr_tr\/onsoz\/","title":{"rendered":"\u00d6NS\u00d6Z"},"content":{"rendered":"<p><\/p>\n<div class=\"MsoNormal\" style=\"text-align: justify; text-indent: 35.4pt;\"><b><br \/><\/b><\/div>\n<div class=\"MsoNormal\" style=\"text-align: justify; text-indent: 35.4pt;\"><b>\u201c\u0130\u00e7inde ya\u015fan\u0131lan an\u0131 anlamak ve gelece\u011fi \u00f6ng\u00f6rmek i\u00e7in ge\u00e7mi\u015fe bak\u0131p tarihten ders almak bir zorunluluktur.\u201d<\/b><\/div>\n<div class=\"MsoNormal\" style=\"text-align: justify; text-indent: 35.4pt;\">\u2018A\u00e7e\u2019 ad\u0131n\u0131 ge\u00e7en birka\u00e7 y\u0131l i\u00e7erisinde i\u015fitmeye ba\u015flad\u0131k. \u0130\u015fitmeye devam edece\u011fiz, etmeliyiz. Bunu s\u00f6ylerken, mazinin g\u00fczel hat\u0131ralar\u0131n\u0131 yad etmekten ibaret bir anlay\u0131\u015fla tarihsel romantizme d\u00fc\u015fmeden, ayr\u0131ca T\u00fcrklerle A\u00e7eliler aras\u0131nda tarihte ya\u015fananlar\u0131 unutmadan da, g\u00fcn\u00fcm\u00fczde A\u00e7e\u2019deki geli\u015fmelere T\u00fcrkiye\u2019nin seyirci kalmamas\u0131n\u0131 ifade etmek istiyorum.<\/div>\n<div class=\"MsoNormal\" style=\"text-align: justify; text-indent: 35.4pt;\">Bu eserin ilk bask\u0131s\u0131 i\u00e7in \u00e7al\u0131\u015fmalar yaparken, \u00f6nceli\u011fi A\u00e7e\u2019nin co\u011frafi ve k\u00fclt\u00fcrel konumuna k\u0131saca de\u011finmi\u015ftim. \u00c7\u00fcnk\u00fc, zaman ve mek\u00e2nsal konumunu ortaya koymadan bir \u00fclkeyi ve halk\u0131 tan\u0131mak elbetteki imk\u00e2ns\u0131z. Buna il\u00e2ve olarak, o d\u00f6nem \u00f6ne \u00e7\u0131kan tsuami ve son otuz y\u0131lda ya\u015fayan \u00e7at\u0131\u015fma ortam\u0131n\u0131n ka\u00e7\u0131n\u0131lmaz sonucu olarak ortaya \u00e7\u0131kan insan haklar\u0131 ihl\u00e2llerine de\u011finmi\u015ftim. Bu bask\u0131da, baz\u0131 b\u00f6l\u00fcmleri \u00e7\u0131kar\u0131p, \u00f6zellikle son iki y\u0131lda A\u00e7e\u2019de ya\u015fanan siyasi, toplumsal ve ekonomik geli\u015fmelere yer vermeye \u00e7al\u0131\u015ft\u0131m. Bu arada, aradan ge\u00e7en iki y\u0131l zarf\u0131nda, A\u00e7e\u2019nin giderek T\u00fcrkiye i\u00e7in ne kadar \u00f6nemli bir yer oldu\u011funu daha iyi g\u00f6rme ve anlama olana\u011f\u0131 buldum. Bunu s\u00f6ylerken, herhangi bir zorlamaya i\u00e7erisinde olmad\u0131\u011f\u0131m\u0131 a\u00e7\u0131k\u00e7a ifade etmeliyim. \u00c7\u00fcnk\u00fc A\u00e7e\u2019nin \u00f6nemine dair veriler ve ger\u00e7ekler \u00f6n\u00fcm\u00fczde duruyor. Onlarca devletin teknik yard\u0131m kurulu\u015flar\u0131n\u0131n ve \u00f6zel \u015firketlerinin gerek ticari gerek yard\u0131m kapsam\u0131nda A\u00e7e\u2019de bulunuyor olmalar\u0131 bir ba\u015fka kan\u0131t olarak okunabilir. <\/div>\n<div class=\"MsoNormal\" style=\"text-align: justify; text-indent: 35.4pt;\">A\u00e7e\u2019de tarih yeniden tekerr\u00fcr ediyor. A\u00e7e\u2019ye y\u00f6nelen bu ilginin ard\u0131nda elbette b\u00f6lgenin sahip oldu\u011fu yeralt\u0131 ve yer\u00fcst\u00fc do\u011fal kaynaklar\u0131n\u0131n b\u00fcy\u00fck \u00f6nemi var. A\u00e7e, \u00f6ylesine cazip bir toprak par\u00e7as\u0131 ki, te\u015fbihte hata olmayaca\u011f\u0131 arg\u00fcman\u0131ndan yola \u00e7\u0131karak, A\u00e7e y\u00f6netimine yak\u0131n \u00e7evrelerin dile getirdi\u011fi gibi A\u00e7e yabanc\u0131lar\u0131n g\u00f6z\u00fcnde \u201cbir cinsel obje\u201d konumunda oldu\u011funu ifade etmeliyim. Yap\u0131lmas\u0131 gereken, bu verilerin ve ger\u00e7eklerin genel toplum kesimleriyle ve de siyasi kurumlarla payla\u015fmak. Bu ba\u011flamda, elinizdeki ikinci bask\u0131n\u0131n daha net g\u00f6r\u00fc\u015fler ortaya koyaca\u011f\u0131n\u0131 umuyorum.&nbsp;<\/div>\n","protected":false},"excerpt":{"rendered":"<p>\u201c\u0130\u00e7inde ya\u015fan\u0131lan an\u0131 anlamak ve gelece\u011fi \u00f6ng\u00f6rmek i\u00e7in ge\u00e7mi\u015fe bak\u0131p tarihten ders almak bir zorunluluktur.\u201d \u2018A\u00e7e\u2019 ad\u0131n\u0131 ge\u00e7en birka\u00e7 y\u0131l i\u00e7erisinde i\u015fitmeye ba\u015flad\u0131k. \u0130\u015fitmeye devam edece\u011fiz, etmeliyiz. Bunu s\u00f6ylerken, mazinin g\u00fczel hat\u0131ralar\u0131n\u0131 yad etmekten ibaret bir anlay\u0131\u015fla tarihsel romantizme d\u00fc\u015fmeden, ayr\u0131ca T\u00fcrklerle A\u00e7eliler aras\u0131nda tarihte ya\u015fananlar\u0131 unutmadan da, g\u00fcn\u00fcm\u00fczde A\u00e7e\u2019deki geli\u015fmelere T\u00fcrkiye\u2019nin seyirci kalmamas\u0131n\u0131 ifade [&hellip;]<\/p>\n","protected":false},"author":1,"featured_media":0,"comment_status":"open","ping_status":"open","sticky":false,"template":"","format":"standard","meta":{"footnotes":""},"categories":[10],"tags":[],"class_list":["post-1078","post","type-post","status-publish","format-standard","hentry","category-ace"],"_links":{"self":[{"href":"https:\/\/guneydoguasyacalismalari.com\/tr_tr\/wp-json\/wp\/v2\/posts\/1078","targetHints":{"allow":["GET"]}}],"collection":[{"href":"https:\/\/guneydoguasyacalismalari.com\/tr_tr\/wp-json\/wp\/v2\/posts"}],"about":[{"href":"https:\/\/guneydoguasyacalismalari.com\/tr_tr\/wp-json\/wp\/v2\/types\/post"}],"author":[{"embeddable":true,"href":"https:\/\/guneydoguasyacalismalari.com\/tr_tr\/wp-json\/wp\/v2\/users\/1"}],"replies":[{"embeddable":true,"href":"https:\/\/guneydoguasyacalismalari.com\/tr_tr\/wp-json\/wp\/v2\/comments?post=1078"}],"version-history":[{"count":0,"href":"https:\/\/guneydoguasyacalismalari.com\/tr_tr\/wp-json\/wp\/v2\/posts\/1078\/revisions"}],"wp:attachment":[{"href":"https:\/\/guneydoguasyacalismalari.com\/tr_tr\/wp-json\/wp\/v2\/media?parent=1078"}],"wp:term":[{"taxonomy":"category","embeddable":true,"href":"https:\/\/guneydoguasyacalismalari.com\/tr_tr\/wp-json\/wp\/v2\/categories?post=1078"},{"taxonomy":"post_tag","embeddable":true,"href":"https:\/\/guneydoguasyacalismalari.com\/tr_tr\/wp-json\/wp\/v2\/tags?post=1078"}],"curies":[{"name":"wp","href":"https:\/\/api.w.org\/{rel}","templated":true}]}}