{"id":1054,"date":"2012-04-09T13:57:00","date_gmt":"2012-04-09T13:57:00","guid":{"rendered":"http:\/\/localhost:8080\/ini\/?p=339"},"modified":"2012-04-09T13:57:00","modified_gmt":"2012-04-09T13:57:00","slug":"ace-valisini-seciyor","status":"publish","type":"post","link":"https:\/\/guneydoguasyacalismalari.com\/tr_tr\/ace-valisini-seciyor\/","title":{"rendered":"A\u00e7e Valisini Se\u00e7iyor"},"content":{"rendered":"<p><\/p>\n<div class=\"MsoNormal\"><b>Mehmet \u00d6zay&nbsp;&nbsp;&nbsp;&nbsp;&nbsp;&nbsp;&nbsp;&nbsp;&nbsp;&nbsp;&nbsp;&nbsp;&nbsp;&nbsp;&nbsp;&nbsp;&nbsp;&nbsp;&nbsp;&nbsp;&nbsp;&nbsp;&nbsp;&nbsp;&nbsp;&nbsp;&nbsp;&nbsp;&nbsp;&nbsp;&nbsp;&nbsp;&nbsp;&nbsp;&nbsp;&nbsp;&nbsp;&nbsp;&nbsp;&nbsp;&nbsp;&nbsp;&nbsp;&nbsp;&nbsp;&nbsp;&nbsp;&nbsp;&nbsp;&nbsp;&nbsp;&nbsp;&nbsp;&nbsp;&nbsp;&nbsp;&nbsp;&nbsp;&nbsp;&nbsp;&nbsp;&nbsp;&nbsp;&nbsp;&nbsp;&nbsp;&nbsp;&nbsp;&nbsp;&nbsp;&nbsp;&nbsp;&nbsp;&nbsp;&nbsp;&nbsp;&nbsp;&nbsp;&nbsp;&nbsp;&nbsp;&nbsp;&nbsp;&nbsp;&nbsp;&nbsp;&nbsp;&nbsp;&nbsp;&nbsp;&nbsp;&nbsp;&nbsp;&nbsp;&nbsp; &nbsp;&nbsp;&nbsp;&nbsp;&nbsp;&nbsp; &nbsp; &nbsp; &nbsp; &nbsp; &nbsp; &nbsp; &nbsp;&nbsp;9 Nisan 2012<\/b><\/div>\n<div class=\"MsoNormal\"><b><br \/><\/b><\/div>\n<div class=\"separator\" style=\"clear: both; text-align: center;\"><a href=\"http:\/\/2.bp.blogspot.com\/-QUmEJZr6ol4\/T4Lqe0Zk0wI\/AAAAAAAAAYc\/G6_RK9y5ECk\/s1600\/Pasangan_Muzakkir_Zaini-300x200.jpg\" imageanchor=\"1\" style=\"clear: left; float: left; margin-bottom: 1em; margin-right: 1em;\"><img loading=\"lazy\" decoding=\"async\" border=\"0\" height=\"133\" src=\"http:\/\/localhost:8080\/ini\/wp-content\/uploads\/2012\/04\/Pasangan_Muzakkir_Zaini-300x2001.jpg\" width=\"200\" \/><\/a><\/div>\n<div align=\"center\" class=\"MsoNormal\" style=\"text-align: center;\"><b><br \/><\/b><\/div>\n<div class=\"MsoNormal\" style=\"text-align: justify;\">A\u00e7e\u2019de uzun s\u00fcredir beklenen A\u00e7e\u2019de eyalet valili\u011fi ve 17 belde belediye ba\u015fkanl\u0131\u011f\u0131 se\u00e7imleri 9 Nisan Pazartesi, yani bug\u00fcn yap\u0131ld\u0131. A\u00e7e siyaseti bug\u00fcne kadar de\u011fi\u015fik s\u00fcre\u00e7lerin ve akt\u00f6rlerin m\u00fcdahalesine konu olmu\u015f ve bu ba\u011flamda se\u00e7im s\u00fcrecine d\u00f6rt kez m\u00fcdahale edilmi\u015fti. Bu hususlarla ilgili detaylar\u0131 ve g\u00f6r\u00fc\u015flerimizi 2011 y\u0131l\u0131 Haziran ay\u0131ndan itibaren sizinle payla\u015f\u0131yoruz.<\/div>\n<div class=\"MsoNormal\" style=\"text-align: justify;\"><\/div>\n<div class=\"MsoNormal\" style=\"text-align: justify;\">A\u00e7e\u2019deki bu se\u00e7imlerin ne ifade ediyor ve yar\u0131\u015fan adaylar Eyalet\u2019e nas\u0131l bir katk\u0131da bulunacak sorular\u0131 \u00f6nemli. Bu hususa de\u011finmeden \u00f6nce, valilik se\u00e7imlerinde kimler yar\u0131\u015f\u0131yor bir bakal\u0131m. Valilik se\u00e7imine ba\u015fkan ve ba\u015fkan yard\u0131mc\u0131s\u0131 adaylar\u0131 kat\u0131l\u0131m\u0131 s\u00f6z konusu. Bu ba\u011flamda gerek yerel partiler, gerekse ulusal siyasi partilerin adaylar\u0131 veya ba\u011f\u0131ms\u0131z adaylar \u015feklinde zuhur etti\u011fini g\u00f6r\u00fcyoruz. Ba\u015fta A\u00e7e Partisi adaylar\u0131 Dr. Zeyni Abdullah-M\u00fczekkir Manaf, ba\u011f\u0131ms\u0131z aday \u0130rvandi Yusuf-Muhyan Yunan, Demokrat Parti ve SIRA\u2019n\u0131n destekledi\u011fi Muhammed Nazar-Nova Irian\u015fah, ba\u011f\u0131ms\u0131z aday Prof. Dr. Darni Davud-Ahmad Fauzi ve alimler \u00e7evresinden Teungku Ahmad Tacuddin-Teuku Surian\u015fah.<\/div>\n<div class=\"MsoNormal\" style=\"text-align: justify;\"><\/div>\n<div class=\"MsoNormal\" style=\"text-align: justify;\">Daha \u00f6nce aday olaca\u011f\u0131n\u0131 a\u00e7\u0131klayan Tarmizi Kerim ise adayl\u0131ktan \u00e7ekildi. Daha \u00f6nce adayl\u0131\u011f\u0131 konusunda g\u00f6r\u00fc\u015flerimizi a\u00e7\u0131klad\u0131\u011f\u0131m\u0131z Tarmizi Bey\u2019in adayl\u0131ktan \u00e7ekili\u015fi bizim i\u00e7in s\u00fcpriz olmad\u0131. Ancak merkez g\u00fc\u00e7lerin Tarmizi Bey\u2019e verdikleri s\u00f6zlerin en az\u0131ndan bir k\u0131sm\u0131n\u0131 yerine getirerek se\u00e7im s\u00fcrecinin ba\u015flad\u0131\u011f\u0131 ge\u00e7en aydan itibaren ge\u00e7ici valilik makam\u0131n\u0131 \u2018takdir ettiler\u2019. Yeni vali atanana kadar da bu g\u00f6revini s\u00fcrd\u00fcrecek. <\/div>\n<div class=\"MsoNormal\" style=\"text-align: justify;\"><\/div>\n<div class=\"MsoNormal\" style=\"text-align: justify;\">Se\u00e7imlerin en \u00f6nemli aya\u011f\u0131n\u0131 elbetteki Valilik se\u00e7imi olu\u015fturuyor. Vali, A\u00e7e idari mekanizmas\u0131nda en \u00fcst d\u00fczeyde yetkili olmas\u0131 dolay\u0131s\u0131yla A\u00e7e\u2019nin gelecek be\u015f y\u0131l\u0131nda nas\u0131l bir yap\u0131lanma izlenece\u011fi konusunda \u00f6nemli rol oynayacak. Elbette bu rol\u00fcn A\u00e7e Eyalet Parlamentosu ile e\u015fg\u00fcd\u00fcml\u00fc olaca\u011f\u0131na ku\u015fku yok. \u0130\u015fte tam da bu noktada, se\u00e7imlerin \u00f6nemi bir kat daha art\u0131yor. Ge\u00e7en bir bu\u00e7uk y\u0131l boyunca, yani Hasan di Tiro\u2019nun 3 Haziran\u2019da vefat\u0131n\u0131n ard\u0131ndan A\u00e7e \u00d6zg\u00fcrl\u00fck Hareketi\u2019nin siyasi kanad\u0131n\u0131 te\u015fkil eden A\u00e7e Partisi\u2019nde ya\u015fanan b\u00f6l\u00fcnme o g\u00fcnden bu yana \u015fiddetini art\u0131rarak s\u00fcrd\u00fcrd\u00fc. Bir yanda son be\u015f y\u0131l\u0131n valisi \u0130rvandi Yusuf, \u00f6te yanda hareketin ileri gelen kadrosu aras\u0131ndaki kopma se\u00e7im s\u00fcrecine damgas\u0131n\u0131 vurdu. Tabii, \u00f6nceki yaz\u0131lar\u0131m\u0131z\u0131 takip edenler hat\u0131rlayacakt\u0131r. 15 A\u011fustos 2005 tarihinde ba\u015flayan A\u00e7e Bar\u0131\u015f s\u00fcreci salt Eyalet i\u00e7i akt\u00f6rlerin stratejilerine konu olmuyor. Olmas\u0131n\u0131 beklemek de zaten A\u00e7e tarihine \u201cFrans\u0131z\u201d kalanlar\u0131n ve kalmakta \u0131srar edenlerin i\u015fi oldu\u011funu s\u00fcrekli vurguluyoruz. <\/div>\n<div class=\"MsoNormal\" style=\"text-align: justify;\"><\/div>\n<div class=\"MsoNormal\" style=\"text-align: justify;\">Oy say\u0131m\u0131n\u0131n s\u00fcrd\u00fc\u011f\u00fc A\u00e7e\u2019de g\u00f6zlemci raporlar\u0131, A\u00e7e genelinde valilik oylar\u0131n\u0131n yakla\u015f\u0131k %54\u2019\u00fcn\u00fcn A\u00e7e Partisi aday\u0131 Dr. Zeyni ve M\u00fczekkir Manaf\u2019a gitti\u011fini g\u00f6steriyor. Bu oy oran\u0131n\u0131n kesinle\u015fmesi halinde A\u00e7e\u2019de yeni bir s\u00fcre\u00e7 ba\u015flayacak. <\/div>\n<div class=\"MsoNormal\" style=\"text-align: justify;\"><\/div>\n<div class=\"MsoNormal\" style=\"text-align: justify;\">Gerek bu b\u00f6l\u00fcnme, gerekse hen\u00fcz \u015fartlar\u0131n\u0131n tamam\u0131n\u0131n hayata ge\u00e7irilemedi\u011fi bar\u0131\u015f s\u00fcrecinin akibetini yak\u0131ndan etkileyecek bu se\u00e7imlerin sonu\u00e7lar\u0131n\u0131 sizler i\u00e7in takip etmeye devam edece\u011fiz. <\/div>\n<div class=\"MsoNormal\"><\/div>\n<div class=\"MsoNormal\"><a href=\"http:\/\/www.dunyabulteni.net\/?aType=haber&amp;ArticleID=205267\">http:\/\/www.dunyabulteni.net\/?aType=haber&amp;ArticleID=205267<\/a><b><\/b><\/div>\n","protected":false},"excerpt":{"rendered":"<p>Mehmet \u00d6zay&nbsp;&nbsp;&nbsp;&nbsp;&nbsp;&nbsp;&nbsp;&nbsp;&nbsp;&nbsp;&nbsp;&nbsp;&nbsp;&nbsp;&nbsp;&nbsp;&nbsp;&nbsp;&nbsp;&nbsp;&nbsp;&nbsp;&nbsp;&nbsp;&nbsp;&nbsp;&nbsp;&nbsp;&nbsp;&nbsp;&nbsp;&nbsp;&nbsp;&nbsp;&nbsp;&nbsp;&nbsp;&nbsp;&nbsp;&nbsp;&nbsp;&nbsp;&nbsp;&nbsp;&nbsp;&nbsp;&nbsp;&nbsp;&nbsp;&nbsp;&nbsp;&nbsp;&nbsp;&nbsp;&nbsp;&nbsp;&nbsp;&nbsp;&nbsp;&nbsp;&nbsp;&nbsp;&nbsp;&nbsp;&nbsp;&nbsp;&nbsp;&nbsp;&nbsp;&nbsp;&nbsp;&nbsp;&nbsp;&nbsp;&nbsp;&nbsp;&nbsp;&nbsp;&nbsp;&nbsp;&nbsp;&nbsp;&nbsp;&nbsp;&nbsp;&nbsp;&nbsp;&nbsp;&nbsp;&nbsp;&nbsp;&nbsp;&nbsp;&nbsp;&nbsp; &nbsp;&nbsp;&nbsp;&nbsp;&nbsp;&nbsp; &nbsp; &nbsp; &nbsp; &nbsp; &nbsp; &nbsp; &nbsp;&nbsp;9 Nisan 2012 A\u00e7e\u2019de uzun s\u00fcredir beklenen A\u00e7e\u2019de eyalet valili\u011fi ve 17 belde belediye ba\u015fkanl\u0131\u011f\u0131 se\u00e7imleri 9 Nisan Pazartesi, yani bug\u00fcn yap\u0131ld\u0131. A\u00e7e siyaseti bug\u00fcne kadar de\u011fi\u015fik s\u00fcre\u00e7lerin ve akt\u00f6rlerin m\u00fcdahalesine konu olmu\u015f ve bu ba\u011flamda se\u00e7im s\u00fcrecine d\u00f6rt kez m\u00fcdahale edilmi\u015fti. Bu hususlarla ilgili detaylar\u0131 [&hellip;]<\/p>\n","protected":false},"author":1,"featured_media":954,"comment_status":"open","ping_status":"open","sticky":false,"template":"","format":"standard","meta":{"footnotes":""},"categories":[10],"tags":[],"class_list":["post-1054","post","type-post","status-publish","format-standard","has-post-thumbnail","hentry","category-ace"],"_links":{"self":[{"href":"https:\/\/guneydoguasyacalismalari.com\/tr_tr\/wp-json\/wp\/v2\/posts\/1054","targetHints":{"allow":["GET"]}}],"collection":[{"href":"https:\/\/guneydoguasyacalismalari.com\/tr_tr\/wp-json\/wp\/v2\/posts"}],"about":[{"href":"https:\/\/guneydoguasyacalismalari.com\/tr_tr\/wp-json\/wp\/v2\/types\/post"}],"author":[{"embeddable":true,"href":"https:\/\/guneydoguasyacalismalari.com\/tr_tr\/wp-json\/wp\/v2\/users\/1"}],"replies":[{"embeddable":true,"href":"https:\/\/guneydoguasyacalismalari.com\/tr_tr\/wp-json\/wp\/v2\/comments?post=1054"}],"version-history":[{"count":0,"href":"https:\/\/guneydoguasyacalismalari.com\/tr_tr\/wp-json\/wp\/v2\/posts\/1054\/revisions"}],"wp:featuredmedia":[{"embeddable":true,"href":"https:\/\/guneydoguasyacalismalari.com\/tr_tr\/wp-json\/"}],"wp:attachment":[{"href":"https:\/\/guneydoguasyacalismalari.com\/tr_tr\/wp-json\/wp\/v2\/media?parent=1054"}],"wp:term":[{"taxonomy":"category","embeddable":true,"href":"https:\/\/guneydoguasyacalismalari.com\/tr_tr\/wp-json\/wp\/v2\/categories?post=1054"},{"taxonomy":"post_tag","embeddable":true,"href":"https:\/\/guneydoguasyacalismalari.com\/tr_tr\/wp-json\/wp\/v2\/tags?post=1054"}],"curies":[{"name":"wp","href":"https:\/\/api.w.org\/{rel}","templated":true}]}}