{"id":1050,"date":"2012-04-12T04:46:00","date_gmt":"2012-04-12T04:46:00","guid":{"rendered":"http:\/\/localhost:8080\/ini\/?p=334"},"modified":"2012-04-12T04:46:00","modified_gmt":"2012-04-12T04:46:00","slug":"acede-deprem-ve-yanklar","status":"publish","type":"post","link":"https:\/\/guneydoguasyacalismalari.com\/tr_tr\/acede-deprem-ve-yanklar\/","title":{"rendered":"A\u00e7e\u2019de Deprem ve Yank\u0131lar\u0131"},"content":{"rendered":"<p><\/p>\n<table cellpadding=\"0\" cellspacing=\"0\" class=\"tr-caption-container\" style=\"float: left; margin-right: 1em; text-align: left;\">\n<tbody>\n<tr>\n<td style=\"text-align: center;\"><a href=\"http:\/\/1.bp.blogspot.com\/-birFuyA53Ok\/T4ZdwIshj-I\/AAAAAAAAAZU\/FoAQOPq4-Ck\/s1600\/aceh+gempa.jpg\" imageanchor=\"1\" style=\"clear: left; margin-bottom: 1em; margin-left: auto; margin-right: auto;\"><img loading=\"lazy\" decoding=\"async\" border=\"0\" height=\"108\" src=\"http:\/\/localhost:8080\/ini\/wp-content\/uploads\/2012\/04\/aceh-gempa.jpg\" width=\"200\" \/><\/a><\/td>\n<\/tr>\n<tr>\n<td class=\"tr-caption\" style=\"text-align: center;\">Depremin merkez \u00fcss\u00fc haritada k\u0131rm\u0131z\u0131<br \/>nokta ile g\u00f6sterilmi\u015ftir.<\/td>\n<\/tr>\n<\/tbody>\n<\/table>\n<p><\/p>\n<div class=\"MsoNormal\" style=\"background: white; text-align: justify; text-justify: inter-ideograph;\">A\u00e7e\u2019de d\u00fcn saat 15.30 civar\u0131nda meydana gelen depremin ard\u0131ndan bug\u00fcn resmi dairelerin ve i\u015f merkezlerinin \u00f6nemli \u00f6l\u00e7\u00fcde kapal\u0131 oldu\u011fu belirtiliyor. <\/div>\n<div class=\"MsoNormal\" style=\"background: white; text-align: justify; text-justify: inter-ideograph;\"><\/div>\n<div class=\"MsoNormal\" style=\"background: white; text-align: justify; text-justify: inter-ideograph;\">Halk\u0131n bir b\u00f6l\u00fcm\u00fc evlerine geri d\u00f6nerken, \u00f6zellikle sahil \u015feridinde ya\u015fayanlar depremin \u015foku ve \u00f6zellikle de tsunami tehlikesinin yaratt\u0131\u011f\u0131 \u015fokun etkisindeler. <\/div>\n<p>A\u00e7e\u2019den birinci elden ald\u0131\u011f\u0131m\u0131z haberler do\u011frultusunda herhangi bir y\u0131k\u0131m olmad\u0131\u011f\u0131 gibi, do\u011frudan depremin yol a\u00e7t\u0131\u011f\u0131 \u00f6l\u00fc ve yaral\u0131 haberi de gelmedi.<\/p>\n<p>\u015eimdiye kadar yerel ve merkezi h\u00fck\u00fcmetten depreme dair haberlerin yans\u0131mam\u0131\u015f olmas\u0131 da dikkat \u00e7ekici.&nbsp;<\/p>\n<p>A\u00e7e&#8217;den haber ald\u0131k\u00e7a geli\u015fmeleri sitemizden duyurmaya devam edece\u011fiz.&nbsp;<\/p>\n","protected":false},"excerpt":{"rendered":"<p>Depremin merkez \u00fcss\u00fc haritada k\u0131rm\u0131z\u0131nokta ile g\u00f6sterilmi\u015ftir. A\u00e7e\u2019de d\u00fcn saat 15.30 civar\u0131nda meydana gelen depremin ard\u0131ndan bug\u00fcn resmi dairelerin ve i\u015f merkezlerinin \u00f6nemli \u00f6l\u00e7\u00fcde kapal\u0131 oldu\u011fu belirtiliyor. Halk\u0131n bir b\u00f6l\u00fcm\u00fc evlerine geri d\u00f6nerken, \u00f6zellikle sahil \u015feridinde ya\u015fayanlar depremin \u015foku ve \u00f6zellikle de tsunami tehlikesinin yaratt\u0131\u011f\u0131 \u015fokun etkisindeler. A\u00e7e\u2019den birinci elden ald\u0131\u011f\u0131m\u0131z haberler do\u011frultusunda herhangi bir [&hellip;]<\/p>\n","protected":false},"author":1,"featured_media":943,"comment_status":"open","ping_status":"open","sticky":false,"template":"","format":"standard","meta":{"footnotes":""},"categories":[10],"tags":[],"class_list":["post-1050","post","type-post","status-publish","format-standard","has-post-thumbnail","hentry","category-ace"],"_links":{"self":[{"href":"https:\/\/guneydoguasyacalismalari.com\/tr_tr\/wp-json\/wp\/v2\/posts\/1050","targetHints":{"allow":["GET"]}}],"collection":[{"href":"https:\/\/guneydoguasyacalismalari.com\/tr_tr\/wp-json\/wp\/v2\/posts"}],"about":[{"href":"https:\/\/guneydoguasyacalismalari.com\/tr_tr\/wp-json\/wp\/v2\/types\/post"}],"author":[{"embeddable":true,"href":"https:\/\/guneydoguasyacalismalari.com\/tr_tr\/wp-json\/wp\/v2\/users\/1"}],"replies":[{"embeddable":true,"href":"https:\/\/guneydoguasyacalismalari.com\/tr_tr\/wp-json\/wp\/v2\/comments?post=1050"}],"version-history":[{"count":0,"href":"https:\/\/guneydoguasyacalismalari.com\/tr_tr\/wp-json\/wp\/v2\/posts\/1050\/revisions"}],"wp:featuredmedia":[{"embeddable":true,"href":"https:\/\/guneydoguasyacalismalari.com\/tr_tr\/wp-json\/"}],"wp:attachment":[{"href":"https:\/\/guneydoguasyacalismalari.com\/tr_tr\/wp-json\/wp\/v2\/media?parent=1050"}],"wp:term":[{"taxonomy":"category","embeddable":true,"href":"https:\/\/guneydoguasyacalismalari.com\/tr_tr\/wp-json\/wp\/v2\/categories?post=1050"},{"taxonomy":"post_tag","embeddable":true,"href":"https:\/\/guneydoguasyacalismalari.com\/tr_tr\/wp-json\/wp\/v2\/tags?post=1050"}],"curies":[{"name":"wp","href":"https:\/\/api.w.org\/{rel}","templated":true}]}}