{"id":1018,"date":"2012-03-12T04:46:00","date_gmt":"2012-03-12T04:46:00","guid":{"rendered":"http:\/\/localhost:8080\/ini\/?p=380"},"modified":"2012-03-12T04:46:00","modified_gmt":"2012-03-12T04:46:00","slug":"gulun-endonezya-ziyaretinin-boyutlar","status":"publish","type":"post","link":"https:\/\/guneydoguasyacalismalari.com\/tr_tr\/gulun-endonezya-ziyaretinin-boyutlar\/","title":{"rendered":"G\u00fcl\u2019\u00fcn Endonezya Ziyaretinin Boyutlar\u0131"},"content":{"rendered":"<p><\/p>\n<div class=\"MsoNormal\" style=\"line-height: normal; text-align: justify;\"><\/div>\n<div class=\"MsoNormal\" style=\"line-height: normal; mso-margin-bottom-alt: auto; mso-margin-top-alt: auto; mso-outline-level: 2;\"><b>Mehmet \u00d6zay<\/b><\/div>\n<div class=\"MsoNormal\" style=\"line-height: normal; margin-left: 5.0in; mso-margin-bottom-alt: auto; mso-margin-top-alt: auto; mso-outline-level: 2; text-indent: .5in;\"><b>&nbsp;&nbsp;&nbsp;&nbsp;&nbsp;&nbsp;&nbsp; 4 Nisan 2011<\/b><\/div>\n<div class=\"MsoNormal\" style=\"line-height: normal; mso-margin-bottom-alt: auto; mso-margin-top-alt: auto; text-align: justify;\">\n<div class=\"MsoNormal\" style=\"line-height: normal; mso-margin-bottom-alt: auto; mso-margin-top-alt: auto; text-align: justify;\">Cumhurba\u015fkan\u0131 Abdullah G\u00fcl resmi ziyaret amac\u0131yla Endonezya&#8217;da. 3 Nisan Pazar g\u00fcn\u00fc ba\u015flayan resmi ziyaret, Endonezya Devlet Ba\u015fkan\u0131 Susilo Bambang Yudhoyono&#8217;nun (SBY) daveti \u00fczerine ger\u00e7ekle\u015fiyor. 16 y\u0131l aradan sonra T\u00fcrkiye&#8217;den Cumhurba\u015fkanl\u0131\u011f\u0131 d\u00fczeyinde yap\u0131lan ilk ziyaret olma \u00f6zelli\u011fi ta\u015f\u0131yor. Bu ziyaretin en \u00f6nemli aya\u011f\u0131n\u0131 Say\u0131n G\u00fcl&#8217;\u00fcn A\u00e7e&#8217;ye yapaca\u011f\u0131 ziyaretin olu\u015fturaca\u011f\u0131 kesin.<\/div>\n<div class=\"MsoNormal\" style=\"line-height: normal; text-align: justify;\"><\/div>\n<div class=\"MsoNormal\" style=\"line-height: normal; mso-margin-bottom-alt: auto; mso-margin-top-alt: auto; text-align: justify;\"><a href=\"http:\/\/3.bp.blogspot.com\/-XVI1RVuVrQI\/T12CDXw_CxI\/AAAAAAAAAVc\/PpSQa4N5ASk\/s1600\/abg%C3%BCl.jpg\" imageanchor=\"1\" style=\"clear: left; float: left; margin-bottom: 1em; margin-right: 1em;\"><img loading=\"lazy\" decoding=\"async\" border=\"0\" height=\"163\" src=\"http:\/\/localhost:8080\/ini\/wp-content\/uploads\/2012\/03\/abg\u00fcl.jpg\" width=\"200\" \/><\/a>Abdullah G\u00fcl&#8217;\u00fcn Endonezya ziyareti ve \u0130slam d\u00fcnyas\u0131n\u0131n Do\u011fu&#8217;su ve Bat\u0131&#8217;s\u0131n\u0131n potansiyel g\u00fc\u00e7 birli\u011fini temsil etmesi ba\u011flam\u0131nda dikkat \u00e7ekici bir \u00f6neme sahip. 2010 y\u0131l\u0131 Haziran sonu Temmuz ba\u015f\u0131nda SBY&#8217;\u0131n T\u00fcrkiye ziyareti ile \u00f6nemli bir geli\u015fme s\u00fcrecine giren T\u00fcrkiye-Endonezya ili\u015fkilerinde G\u00fcl&#8217;\u00fcn ziyaretinin yap\u0131c\u0131 olaca\u011f\u0131na ku\u015fku yok. Endonezya ile T\u00fcrkiye aras\u0131ndaki ili\u015fkiler bir anlamda \u0130slam d\u00fcnyas\u0131n\u0131n, tarihsel \u00f6neme sahip Hint Okyanusu&#8217;nun do\u011fusunda ve bat\u0131s\u0131ndaki iki g\u00fcc\u00fcn yak\u0131nla\u015fmas\u0131 anlam\u0131na geliyor. Tarihte Osmanl\u0131-A\u00e7e ili\u015fkileri ba\u011flam\u0131nda geli\u015fme g\u00f6steren bu okyanus a\u015f\u0131r\u0131 ili\u015fkiler bug\u00fcn farkl\u0131 boyutlarda mesafe katetmeye elveri\u015fli. T\u00fcrkiye&#8217;nin bir yandan kendi asli tarihinden dev\u015firdi\u011fi \u00f6te yandan Avrupa ile ya\u015fad\u0131\u011f\u0131 ili\u015fkilerden kaynaklanan tecr\u00fcbelerin birikimi sonucu ortaya \u00e7\u0131kan bug\u00fcnk\u00fc sosyo-politik ger\u00e7ekli\u011finin \u0130slam d\u00fcnyas\u0131nda olumlu alg\u0131lar\u0131n art\u0131\u015f\u0131n\u0131 sa\u011flamas\u0131n\u0131n pratik d\u00fczlemde M\u00fcsl\u00fcman halklar\u0131n ya\u015fad\u0131\u011f\u0131 co\u011frafyalarla ili\u015fkilere yans\u0131mas\u0131 \u00f6nemli bir s\u00fcreci gerektiriyor.<\/div>\n<div class=\"MsoNormal\" style=\"line-height: normal; mso-margin-bottom-alt: auto; mso-margin-top-alt: auto; text-align: justify;\">Endonezya&#8217;n\u0131n da son d\u00f6nemde makro ekonomik dengeler a\u00e7\u0131s\u0131ndan istikrarl\u0131 bir ekonomik y\u00f6netim sergiledi\u011fi d\u00fcnya ekonomi \u00e7evrelerinin kabul etti\u011fi bir ger\u00e7ek. 2008-2009 k\u00fcresel ekonomik kriz s\u00fcrecinde G\u00fcneydo\u011fu Asya \u00fclkelerinde tabiri caizse ayakta kalabilen tek \u00fclke konumundaki Endonezya ekonomisi sergiledi\u011fi b\u00fcy\u00fcme oran\u0131 ile gelece\u011fe d\u00f6n\u00fck beklentileri art\u0131r\u0131yor. Her iki \u00fclkedeki pozitif ekonomik veriler masaya oturacak taraflar\u0131n pozitif enerji ile hareket etmelerini sa\u011flayacakt\u0131r. SBY ba\u015fkanl\u0131\u011f\u0131 d\u00f6neminde genelde \u00fclkede genel anlamda esen reform s\u00fcrecine paralel olarak, d\u00fcnyaya&nbsp; a\u00e7\u0131lma politikas\u0131 ile dikkat \u00e7eken Endonezya, Ortado\u011fu ve \u0130slam \u00fclkelerindeki geli\u015fmelere bigane kalmamaya \u00e7al\u0131\u015f\u0131yor. T\u00fcrkiye gibi son d\u00f6nem d\u00fcnyan\u0131n g\u00fcndemindeki bir \u00fclke ile \u00e7e\u015fitli alanlarda i\u015fbirli\u011finin art\u0131r\u0131larak devam ettirilmesi SBY&#8217;nin \u00fclke i\u00e7erisindeki siyasi imaj\u0131na pozitif katk\u0131 yapaca\u011f\u0131na ve kimi \u00e7evrelere kar\u015f\u0131 elini g\u00fc\u00e7lendirece\u011fine ku\u015fku yok.&nbsp;<\/div>\n<div class=\"MsoNormal\" style=\"line-height: normal; mso-margin-bottom-alt: auto; mso-margin-top-alt: auto; text-align: justify;\">Bu ba\u011flamda iki \u00fclke aras\u0131ndaki potansiyel ili\u015fkilerin \u015fu genel ba\u015fl\u0131klar alt\u0131nda de\u011ferlendirilmesinin aciliyet ta\u015f\u0131d\u0131\u011f\u0131n\u0131 vurgulayal\u0131m:<\/div>\n<div class=\"MsoNormal\" style=\"line-height: normal; mso-margin-bottom-alt: auto; mso-margin-top-alt: auto; text-align: justify;\">-Endonezya, Malezya, Singapur, G\u00fcney Filipinleri i\u00e7ine alan Malay d\u00fcnyas\u0131 ile ili\u015fkilerin her alanda geli\u015ftirilmesi;<\/div>\n<div class=\"MsoNormal\" style=\"line-height: normal; mso-margin-bottom-alt: auto; mso-margin-top-alt: auto; text-align: justify;\">-ASEAN dolay\u0131m\u0131ndaki siyasi etkinli\u011fi dolay\u0131s\u0131yla T\u00fcrkiye&#8217;nin ASEAN&#8217;la ile i\u015fbirli\u011finde Endonezya&#8217;n\u0131n kataliz\u00f6r rol\u00fcn\u00fcn \u00f6ne \u00e7\u0131kart\u0131lmas\u0131;<\/div>\n<div class=\"MsoNormal\" style=\"line-height: normal; mso-margin-bottom-alt: auto; mso-margin-top-alt: auto; text-align: justify;\">-Susilo Bambang Yudhoyono&#8217;nun b\u00fcy\u00fck destek verdi\u011fi A\u00e7e Bar\u0131\u015f\u0131&#8217;n\u0131n kal\u0131c\u0131l\u0131\u011f\u0131n\u0131n tesisi hususunda azami giri\u015fimlerin acilen ba\u015flat\u0131lmas\u0131 ve A\u00e7e Eyaleti&#8217;nin sahip oldu\u011fu \u00f6zel stat\u00fcn\u00fcn hak etti\u011fi \u015fekilde A\u00e7e&#8217;yle her alanda ili\u015fkilerin geli\u015ftirilmesi;<\/div>\n<div class=\"MsoNormal\" style=\"line-height: normal; mso-margin-bottom-alt: auto; mso-margin-top-alt: auto; text-align: justify;\">-Ba\u015fta Myanmar&#8217;\u0131n zulm\u00fc alt\u0131nda ya\u015fayan Rohingyal\u0131 M\u00fcsl\u00fcmanlar olmak \u00fczere G\u00fcneydo\u011fu Asya Budist toplumlar\u0131nda az\u0131nl\u0131k konumundaki M\u00fcsl\u00fcmanlar\u0131n haklar\u0131n\u0131n korunmas\u0131 konusundaki giri\u015fimlere ba\u015flanmas\u0131;<\/div>\n<div class=\"MsoNormal\" style=\"line-height: normal; mso-margin-bottom-alt: auto; mso-margin-top-alt: auto; text-align: justify;\">-Kurulu\u015funda Malezya&#8217;n\u0131n ilk ba\u015fbakan\u0131 Tunku Abdul Rahman&#8217;\u0131n b\u00fcy\u00fck rol ald\u0131\u011f\u0131 \u0130slam \u00d6rg\u00fct\u00fc Te\u015fkilat\u0131 b\u00fcnyesinde Malay d\u00fcnyas\u0131n\u0131n (Malezya ve Endonezya) kat\u0131l\u0131m\u0131n\u0131n reaktive edilmesi, karar mekanizmalar\u0131na do\u011frudan kat\u0131l\u0131m\u0131n\u0131n sa\u011flanmas\u0131;<\/div>\n<div class=\"MsoNormal\" style=\"line-height: normal; mso-margin-bottom-alt: auto; mso-margin-top-alt: auto; text-align: justify;\">-Endonezya&#8217;da s\u0131k s\u0131k g\u00fcndeme gelen do\u011fal afetler konusunda &#8220;\u00f6nleyici tedbir&#8221; olarak iki \u00fclke aras\u0131nda profesyonel i\u015fbirli\u011fini geli\u015ftirici kurumsal yap\u0131lanmalar\u0131n hayata ge\u00e7irilmesi.<\/div>\n<div class=\"MsoNormal\" style=\"line-height: normal; mso-margin-bottom-alt: auto; mso-margin-top-alt: auto; text-align: justify;\">-Bat\u0131l\u0131 devletlerin zaman zaman g\u00fcndeme getirdikleri ve Endonezya bas\u0131n\u0131nda yer bulan s\u00f6zde \u0130slamc\u0131 ter\u00f6r ve fundamentalist yap\u0131lanmalar\u0131 konu alan giri\u015fimlere kar\u015f\u0131 uluslararas\u0131 arenada yak\u0131n i\u015fbirli\u011fi yap\u0131lmas\u0131.<\/div>\n<div class=\"MsoNormal\" style=\"line-height: normal; mso-margin-bottom-alt: auto; mso-margin-top-alt: auto; text-align: justify;\">G\u00fcn\u00fcm\u00fczde \u00fclkeler aras\u0131 ili\u015fkilerin oda\u011f\u0131n\u0131 ekonomi te\u015fkil ediyor. Bu ziyarette de ka\u00e7\u0131n\u0131lmaz olarak ekonomik i\u015fbirli\u011finin \u00f6ne \u00e7\u0131kaca\u011f\u0131na ku\u015fku yok. Ge\u00e7en hafta a\u00e7\u0131klanan 2010 y\u0131l\u0131ndaki 8.9&#8217;luk b\u00fcy\u00fcme rakam\u0131 T\u00fcrkiye&#8217;nin cazibe merkezi olmas\u0131n\u0131 sa\u011flayan \u00f6nemli fakt\u00f6rlerin ba\u015f\u0131nda geliyor. Bu geli\u015fme, \u00f6zellikle son d\u00f6nemde sergilenen siyasi kararl\u0131l\u0131k, uluslararas\u0131 ili\u015fkilerde giri\u015fimci ve yap\u0131c\u0131 politikalara e\u015flik ederek, \u00f6zellikle M\u00fcsl\u00fcman d\u00fcnyas\u0131nda T\u00fcrkiye&#8217;nin rol\u00fcn\u00fc daha da \u00f6n pl\u00e2na \u00e7\u0131kar\u0131yor. Ancak bu geli\u015fmelerin halk\u0131 M\u00fcsl\u00fcman olan \u00fclkelere aktar\u0131lmas\u0131nda T\u00fcrk devletinin hangi ara\u00e7lar\u0131 devreye soktu\u011fu da incelenmeye de\u011fer. Bu hususa \u015fu ba\u011flamlarda a\u00e7\u0131mlayabiliriz. \u00d6rne\u011fin T\u00fcrkiye&#8217;yi temsil eden resmi kurulu\u015flar olarak sadece Cakarta&#8217;daki T\u00fcrk B\u00fcy\u00fckel\u00e7ili\u011fi&#8217;nin varl\u0131\u011f\u0131, her zaman vurgulad\u0131\u011f\u0131m\u0131z \u00fczere, bu devasa \u00fclkede T\u00fcrk Devleti&#8217;ni temsile kafi de\u011fil. \u00d6te yandan, kimi g\u00f6zlemciler, \u00fclkenin \u00fc\u00e7\u00fcnc\u00fc b\u00fcy\u00fck kenti ve Sumatra&#8217;n\u0131n en \u00f6nemli ticaret arteri olma \u00f6zelli\u011fi g\u00f6steren Medan&#8217;daki s\u00f6zde &#8220;Fahri Konsolos&#8221;un varl\u0131\u011f\u0131 ise \u015faibeleri \u00fczerinde ta\u015f\u0131yor. A\u00e7e Eyaleti ise hassasiyetini korumaya devam ediyor. Bu y\u0131l sonunda yap\u0131lmas\u0131 pl\u00e2nlanan se\u00e7imlere uluslararas\u0131 \u00e7evreler g\u00f6zlemci g\u00f6nderirken, T\u00fcrkiye<br \/>\n&#8216;nin bigane kalmamas\u0131 A\u00e7e y\u00f6netim ve elit \u00e7evrelerinin arzular\u0131 aras\u0131nda. Elbette A\u00e7e derken, Eyalet&#8217;in Endonezya Cumhuriyeti siyasal yap\u0131lanmas\u0131nda sahip oldu\u011fu &#8220;\u00f6zel stat\u00fcs\u00fc&#8221;ne de de\u011finmekte fayda var. Bu ba\u011flamda, A\u00e7e Eyalet y\u00f6netimi uluslararas\u0131 arenada do\u011frudan ili\u015fkiler kurma ve geli\u015ftirme imk\u00e2nlar\u0131na sahip. Yani art\u0131k, A\u00e7e&#8217;yi &#8220;duygusal ba\u011flamlar yerine&#8221; g\u00fcn\u00fcn ger\u00e7ek\u00e7i geli\u015fmeleri \u00e7er\u00e7evesinde ele alman\u0131n zaman\u0131 \u00e7oktan geldi. Bununla beraber, bug\u00fcne kadar, A\u00e7e&#8217;nin T\u00fcrk H\u00fck\u00fcmetleri nezdinde hak etti\u011fi ilgiyi ne kadar g\u00f6rd\u00fc\u011f\u00fc yay\u0131nlanacak raporlarla ortaya konmal\u0131d\u0131r. Tsunaminin hemen ard\u0131ndan g\u00f6zlemlerimiz ve tecr\u00fcbelerimiz neticesinde T\u00fcrkiye&#8217;nin A\u00e7e&#8217;de T\u0130KA ile temsilinin \u00f6nemine vurgu yapageldik. T\u00fcrkiye&#8217;nin G\u00fcneydo\u011fu a\u00e7\u0131l\u0131mlar\u0131n\u0131n konu\u015fuldu\u011fu \u015fu g\u00fcnlerde T\u0130KA&#8217;n\u0131n A\u00e7e&#8217;de a\u00e7aca\u011f\u0131 ofis t\u00fcm b\u00f6lgeye bir giri\u015f olana\u011f\u0131 do\u011furacakt\u0131r. Uzmanlar, t\u00fcm bu hususlarda D\u0131\u015fi\u015fleri Bakanl\u0131\u011f\u0131 yetkililerinin acil giri\u015fimlerinin T\u00fcrkiye&#8217;nin, do\u011fusu ve bat\u0131s\u0131 ile Endonezya&#8217;daki temsiliyetini art\u0131raca\u011f\u0131na hi\u00e7 ku\u015fku olmad\u0131\u011f\u0131 g\u00f6r\u00fc\u015f\u00fcndeler. Bununla beraber, bug\u00fcne kadar T\u00fcrkiye&#8217;nin resmi ba\u011flamlarda A\u00e7e ile ili\u015fkilerini geli\u015ftirmemesinin temel nedenlerinden birini, Cakarta Merkezi h\u00fck\u00fcmetinde ve b\u00fcrokrasisinde halen varl\u0131\u011f\u0131n\u0131 s\u00fcrd\u00fcren &#8220;ultra milliyet\u00e7i&#8221; \u00e7evrelerin A\u00e7e &#8220;allerjisi&#8221; olu\u015fturuyor. Bu sorunun a\u015f\u0131lmas\u0131nda T\u00fcrk D\u0131\u015fi\u015fleri Bakanl\u0131\u011f\u0131 yetkililerinin gerekli \u00e7abay\u0131 g\u00f6stermeleri halinde dillere pelesenk olan tarihsel A\u00e7e ili\u015fkilerinin \u2013pek de s\u00f6ylendi\u011fi boyutta olmasa da- yeniden ancak farkl\u0131 a\u00e7\u0131l\u0131mlarla yeniden g\u00fcndeme gelmesi m\u00fcmk\u00fcn. Bir di\u011fer \u00f6nemli neden ise, A\u00e7e&#8217;ye dair T\u00fcrk makamlar\u0131n\u0131n &#8220;\u00f6zel bir politikas\u0131&#8221; olmamas\u0131 te\u015fkil ediyor. Kimi \u00fclkeler vard\u0131r ki, sahip olduklar\u0131 sosyo-ekonomik ve co\u011frafi \u00e7o\u011fulluklar\u0131 itibar\u0131yla farkl\u0131 \u015fekilde de\u011ferlendirilmeyi hak eder. A\u00e7e Eyaleti de Endonezya Cumhuriyeti i\u00e7erisinde b\u00f6ylesi bir mekan. Daha bir hafta \u00f6nce Kuala Lumpur&#8217;da ger\u00e7ekle\u015ftirlien &#8220;Uluslararas\u0131 A\u00e7e Kalk\u0131nma Konferans\u0131&#8221; bunun en yeni somut g\u00f6stergelerinden biri. T\u00fcrkiyeli ka\u00e7 akademisyen bu konferansa ilgi g\u00f6steriyor, ka\u00e7 kurum bu t\u00fcrden geli\u015fmeleri takip ediyor t\u00fcr\u00fcnden sorular ilgililerce cevapland\u0131r\u0131may\u0131 bekliyor.&nbsp; Avrupa Birli\u011fi&#8217;nin ofis a\u00e7maya de\u011fer g\u00f6rd\u00fc\u011f\u00fc bir co\u011frafya olan A\u00e7e, Endonezya Cumhuriyeti i\u00e7erisindeki \u00f6nemli politikalar\u0131n hayata ge\u00e7irilmesindeki lokomotif rol\u00fc ile di\u011fer Eyaletlere \u00f6rnek g\u00f6sterilirken, sa\u011flanan bar\u0131\u015f ortam\u0131 ve akabindeki ekonomik kalk\u0131nma potansiyeli nedeniyle de uluslararas\u0131 \u00e7evrelerin ilgiyle takip etti\u011fi bir b\u00f6lge.<\/div>\n<div class=\"MsoNormal\" style=\"line-height: normal; mso-margin-bottom-alt: auto; mso-margin-top-alt: auto; text-align: justify;\">Say\u0131n Cumhurba\u015fkan\u0131 G\u00fcl&#8217;\u00fcn A\u00e7e&#8217;ye de yapaca\u011f\u0131 ifade edilen ziyaretinde, bir &#8220;IV. Murat&#8221; tavr\u0131 sergilemesi takdire \u015fayan bir yakla\u015f\u0131m olacakt\u0131r. Bununla birlikte, bu ziyareti kimin organize etti\u011fi de \u00e7ok \u00f6nemlidir. Bilindi\u011fi \u00fczere, bu t\u00fcr organizasyonlarda &#8220;kimi \u00e7\u0131kar gruplar\u0131n\u0131n kendini \u00f6ne \u00e7\u0131karma arzusu&#8221; depre\u015fmekte ve yetkililerin geli\u015fmeleri ve olaylar\u0131 obektif olarak de\u011ferlendirmesine mani olmaktad\u0131r. Umar\u0131z G\u00fcl&#8217;\u00fcn siyasi dan\u0131\u015fmanlar\u0131 b\u00f6ylesi aymazl\u0131klara pirim vermezler ve A\u00e7e ziyareti s\u0131ras\u0131nda hak edilen g\u00f6r\u00fc\u015fmeler ve toplant\u0131lar ger\u00e7ekle\u015ftirilir. Say\u0131n G\u00fcl&#8217;\u00fcn Vali \u0130rvandi Yusuf, Parlamento Ba\u015fkan\u0131 Hasbi Abdullah&#8217;\u0131n yan\u0131 s\u0131ra, uzun y\u0131llar hareketin i\u00e7inde yer alm\u0131\u015f Malik Mahmud ve gelecek d\u00f6nem vailik adayl\u0131\u011f\u0131 s\u00f6z konusu olan Dr. Zeyni Abdullah ile g\u00f6r\u00fc\u015fmesinin A\u00e7e&#8217;de son alt\u0131 y\u0131lda ya\u015fanan geli\u015fmelerin birinci elden aktar\u0131lmas\u0131nda, bu geli\u015fmelere anlam bi\u00e7mede ve A\u00e7elilerin geleceklerini in\u015fa etmede yap\u0131c\u0131 bir etkisi olacakt\u0131r. Say\u0131n G\u00fcl&#8217;\u00fcn Bu isimlerle yap\u0131lacak g\u00f6r\u00fc\u015fmelerde yukar\u0131da dile getirdi\u011fimiz kimi \u00e7\u0131kar gruplar\u0131n\u0131n etkisi ve n\u00fcfuzu olmadan ger\u00e7ekle\u015ftirilmesi \u00e7ok \u00f6nemlidir. Bu anlamda Cumhurba\u015fkan\u0131 G\u00fcl&#8217;\u00fcn bug\u00fcne kadar olu\u015fturdu\u011funu tahmin etti\u011fimiz bir A\u00e7e dosyas\u0131n\u0131 yan\u0131nda g\u00f6t\u00fcrmesini temenni ediyoruz. Yoksa kendi haline terk edilmi\u015f bir T\u00fcrk mezarl\u0131\u011f\u0131 ziyareti ile &#8220;duygulan\u0131msal&#8221; bir etkile\u015fimle s\u0131n\u0131rl\u0131 kalacak bir A\u00e7e ziyareti kimseye bir \u015fey kazand\u0131rmayacakt\u0131r. Her ne kadar vakit darl\u0131\u011f\u0131 s\u00f6z konusu olsa da, Say\u0131n G\u00fcl&#8217;\u00fcn A\u00e7e ziyaretinin, t\u0131pk\u0131 2007 y\u0131l\u0131nda mentor\u00fc Say\u0131n Korkut \u00d6zal&#8217;\u0131n ziyareti gibi dolu dolu ge\u00e7er.<\/div>\n<div class=\"MsoNormal\" style=\"line-height: normal; mso-margin-bottom-alt: auto; mso-margin-top-alt: auto; text-align: justify;\">G\u00fcl&#8217;\u00fcn ziyareti s\u0131ras\u0131nda Endonezya makamlar\u0131nca ve medyas\u0131nca g\u00fcndeme getirilecek baz\u0131 olas\u0131 konulara da de\u011finelim. \u00d6zellikle, T\u00fcrkiye&#8217;deki Ergenekon Davas\u0131 s\u00fcreci kimi \u00e7evrelerce yak\u0131ndan izlendi\u011fini s\u00f6ylemeliyiz. Bununla beraber, T\u00fcrkiye&#8217;deki demokratikle\u015fme s\u00fcrecine ra\u011fmen, medya \u00fcyelerine ve son d\u00f6nemde \u00fcniversite mensuplar\u0131na y\u00f6nelik operasyonlar ele\u015ftiri konusu olmaya devam ediyor.<\/div>\n<div class=\"MsoNormal\" style=\"line-height: normal; mso-margin-bottom-alt: auto; mso-margin-top-alt: auto; text-align: justify;\">Endonezya boyutunda \u015fu hususlar dikkat \u00e7ekici. Sahip oldu\u011fu M\u00fcsl\u00fcman n\u00fcfusu itibar\u0131yla sadece \u0130slam \u00fclkeleri aras\u0131nda de\u011fil, Bat\u0131n\u0131n da yak\u0131ndan takip etti\u011fi ve &#8220;s\u0131n\u0131rlar\u0131&#8221; i\u00e7erisinde tutma stratejisi izledi\u011fi Endonezya Ortado\u011fu&#8217;daki geli\u015fmelere bigane kalm\u0131yor. Ancak tarihsel olarak merkez-\u00e7evre ili\u015fkilerinde daima belirleyici konumunda olmu\u015f bir Ortado\u011fu \u0130slam\u0131 ger\u00e7e\u011fi kar\u015f\u0131s\u0131nda Malay d\u00fcnyas\u0131n\u0131n bu \u00f6nemli \u00fclkesinin katk\u0131s\u0131n\u0131n ne kadar dikkate al\u0131nd\u0131\u011f\u0131 sorgulanmaya de\u011fer. \u00d6rne\u011fin, \u0130slam Konferans\u0131 \u00d6rg\u00fct\u00fc (\u0130K\u00d6) nezdindeki politika yap\u0131c\u0131 unsurlar\u0131n Ortado\u011fu merkezli olmas\u0131, petro-dolar ve siyasi karar mekanizmas\u0131 aras\u0131nda belirleyici oldu\u011fu a\u015fik\u00e2r. Bir anlamda, ne kadar maddi katk\u0131, o kadar politika s\u00f6z sahibi olma form\u00fcl\u00fc hayata ge\u00e7irilmeye devam ediyor. Oysa, uzmanlar yeti\u015fmi\u015f kadrolar\u0131 ile Endonezya&#8217;n\u0131n \u0130K\u00d6 gibi \u0130slami kurulu\u015flar i\u00e7erisinde \u00e7ok daha aktif rol oynamas\u0131 potansiyeline sahip oldu\u011funu zaman zaman g\u00fcndeme getiriyorlar.<\/div>\n<p>Cumhurba\u015fkan\u0131 G\u00fcl&#8217;\u00fcn Endonezya&#8217;n\u0131n sayg\u0131n \u00fcniversitelerinden University of Indonesia&#8217;ya da Ortado\u011fu&#8217;daki geli\u015fmeler ba\u011flam\u0131nda yapaca\u011f\u0131 konu\u015fma T\u00fcrkiye&#8217;nin b\u00f6lgeye dair politikalar\u0131n\u0131 aktarmas\u0131 ve Endonezya bas\u0131n\u0131 ve kamuoyunun birinci elden bilgilendirilmesi anlam\u0131nda \u00f6nemli. Son birka\u00e7 ayd\u0131r Kuzey Afrika ve Ortado\u011fu&#8217;yu saran, bir anlamda kimi k\u00fcresel politika yap\u0131c\u0131lar\u0131nca B\u00fcy\u00fck Ortado\u011fu olarak adland\u0131r\u0131lan co\u011frafyadaki geli\u015fmeler, 1998 y\u0131l\u0131 May\u0131s ay\u0131nda Suharto rejiminin devrilmesine yol a\u00e7an sosyal ayaklanmalar\u0131 hat\u0131rlatmas\u0131 nedeniyle, Endonezyal\u0131lar\u0131n sosyal haf\u0131zas\u0131n\u0131n bir kez daha canlanmas\u0131na neden oldu. Say\u0131n Cumhurba\u015fkan\u0131&#8217;n\u0131n ziyaretinin her a\u00e7\u0131dan ilgin\u00e7 olaca\u011f\u0131na ku\u015fku yok.<a href=\"http:\/\/www.dunyabulteni.net\/index.php?aType=haber&amp;ArticleID=154093&amp;q=mehmet+%C3%B6zay\">http:\/\/www.dunyabulteni.net\/index.php?aType=haber&amp;ArticleID=154093&amp;q=mehmet+%C3%B6zay<\/a><\/div>\n","protected":false},"excerpt":{"rendered":"<p>Mehmet \u00d6zay &nbsp;&nbsp;&nbsp;&nbsp;&nbsp;&nbsp;&nbsp; 4 Nisan 2011 Cumhurba\u015fkan\u0131 Abdullah G\u00fcl resmi ziyaret amac\u0131yla Endonezya&#8217;da. 3 Nisan Pazar g\u00fcn\u00fc ba\u015flayan resmi ziyaret, Endonezya Devlet Ba\u015fkan\u0131 Susilo Bambang Yudhoyono&#8217;nun (SBY) daveti \u00fczerine ger\u00e7ekle\u015fiyor. 16 y\u0131l aradan sonra T\u00fcrkiye&#8217;den Cumhurba\u015fkanl\u0131\u011f\u0131 d\u00fczeyinde yap\u0131lan ilk ziyaret olma \u00f6zelli\u011fi ta\u015f\u0131yor. Bu ziyaretin en \u00f6nemli aya\u011f\u0131n\u0131 Say\u0131n G\u00fcl&#8217;\u00fcn A\u00e7e&#8217;ye yapaca\u011f\u0131 ziyaretin olu\u015fturaca\u011f\u0131 kesin. [&hellip;]<\/p>\n","protected":false},"author":1,"featured_media":1013,"comment_status":"open","ping_status":"open","sticky":false,"template":"","format":"standard","meta":{"footnotes":""},"categories":[21],"tags":[],"class_list":["post-1018","post","type-post","status-publish","format-standard","has-post-thumbnail","hentry","category-endonezya"],"_links":{"self":[{"href":"https:\/\/guneydoguasyacalismalari.com\/tr_tr\/wp-json\/wp\/v2\/posts\/1018","targetHints":{"allow":["GET"]}}],"collection":[{"href":"https:\/\/guneydoguasyacalismalari.com\/tr_tr\/wp-json\/wp\/v2\/posts"}],"about":[{"href":"https:\/\/guneydoguasyacalismalari.com\/tr_tr\/wp-json\/wp\/v2\/types\/post"}],"author":[{"embeddable":true,"href":"https:\/\/guneydoguasyacalismalari.com\/tr_tr\/wp-json\/wp\/v2\/users\/1"}],"replies":[{"embeddable":true,"href":"https:\/\/guneydoguasyacalismalari.com\/tr_tr\/wp-json\/wp\/v2\/comments?post=1018"}],"version-history":[{"count":0,"href":"https:\/\/guneydoguasyacalismalari.com\/tr_tr\/wp-json\/wp\/v2\/posts\/1018\/revisions"}],"wp:featuredmedia":[{"embeddable":true,"href":"https:\/\/guneydoguasyacalismalari.com\/tr_tr\/wp-json\/wp\/v2\/posts\/1013"}],"wp:attachment":[{"href":"https:\/\/guneydoguasyacalismalari.com\/tr_tr\/wp-json\/wp\/v2\/media?parent=1018"}],"wp:term":[{"taxonomy":"category","embeddable":true,"href":"https:\/\/guneydoguasyacalismalari.com\/tr_tr\/wp-json\/wp\/v2\/categories?post=1018"},{"taxonomy":"post_tag","embeddable":true,"href":"https:\/\/guneydoguasyacalismalari.com\/tr_tr\/wp-json\/wp\/v2\/tags?post=1018"}],"curies":[{"name":"wp","href":"https:\/\/api.w.org\/{rel}","templated":true}]}}