{"id":971,"date":"2011-12-06T05:46:00","date_gmt":"2011-12-06T05:46:00","guid":{"rendered":"http:\/\/localhost:8080\/ini\/?p=442"},"modified":"2011-12-06T05:46:00","modified_gmt":"2011-12-06T05:46:00","slug":"mekke-kaps-ramazan-gunleri","status":"publish","type":"post","link":"https:\/\/guneydoguasyacalismalari.com\/indonesia\/mekke-kaps-ramazan-gunleri\/","title":{"rendered":"Mekke Kap\u0131s\u0131&#039;nda Ramazan g\u00fcnleri"},"content":{"rendered":"<div class=\"separator\" style=\"clear: both; text-align: center;\"><a href=\"http:\/\/2.bp.blogspot.com\/-pR8Omv2JluE\/Tt2rywFlFSI\/AAAAAAAAAO4\/aNYkBeVCQo0\/s1600\/mekke+kapisi.jpg\" imageanchor=\"1\" style=\"margin-left: 1em; margin-right: 1em;\"><img loading=\"lazy\" decoding=\"async\" border=\"0\" height=\"178\" src=\"http:\/\/localhost:8080\/ini\/wp-content\/uploads\/2011\/12\/mekke-kapisi.jpg\" width=\"400\" \/>&nbsp;<\/a><\/div>\n<div class=\"separator\" style=\"clear: both; text-align: center;\"><\/div>\n<div class=\"separator\" style=\"clear: both; text-align: center;\"><\/div>\n<p><\/p>\n<div align=\"center\" class=\"MsoNormal\" style=\"line-height: normal; mso-margin-bottom-alt: auto; mso-margin-top-alt: auto; text-align: center;\"><\/div>\n<div class=\"MsoNormal\" style=\"line-height: normal; margin-bottom: 0.0001pt; text-align: left;\">&nbsp;&nbsp;&nbsp;&nbsp; Farkl\u0131 din ve k\u00fclt\u00fcr merkezleri ile \u00e7evrili olan G\u00fcneydo\u011fu Asya&#8217;da bulunan A\u00e7e, \u0130slam<\/div>\n<div class=\"MsoNormal\" style=\"line-height: normal; margin-bottom: 0.0001pt; text-align: left;\">d\u00fcnyas\u0131n\u0131n di\u011fer yerlerinden ayr\u0131 bir yap\u0131 arzetmektedir. <\/div>\n<div class=\"MsoNormal\" style=\"line-height: normal; margin-bottom: .0001pt; margin-bottom: 0cm;\"><\/div>\n<div class=\"MsoNormal\" style=\"line-height: normal; margin-bottom: .0001pt; margin-bottom: 0cm;\"><a href=\"http:\/\/yenisafak.com.tr\/arsiv\/2005\/ekim\/27\/ramazan.html\">http:\/\/yenisafak.com.tr\/arsiv\/2005\/ekim\/27\/ramazan.html<\/a><\/div>\n<div class=\"MsoNormal\" style=\"line-height: normal; margin-bottom: .0001pt; margin-bottom: 0cm;\"><\/div>\n<div align=\"center\" class=\"MsoNormal\" style=\"line-height: normal; margin-bottom: .0001pt; margin-bottom: 0cm; margin-left: 252.0pt; margin-right: 0cm; margin-top: 0cm; text-align: center; text-indent: 36.0pt;\">27 Ekim 2005 (Yeni \u015eafak)<\/div>\n<div class=\"MsoNormal\" style=\"line-height: normal; margin-bottom: .0001pt; margin-bottom: 0cm;\"><\/div>\n<div class=\"MsoNormal\" style=\"line-height: normal; margin-bottom: .0001pt; margin-bottom: 0cm;\"><b style=\"mso-bidi-font-weight: normal;\">MEHMET \u00d6ZAY \/ A\u00c7E <\/b><br \/>\u0130slam d\u00fcnyas\u0131n\u0131n ba\u015fka y\u00f6relerinde rastlanmas\u0131 m\u00fcmk\u00fcn olmayan, sadece A\u00e7e&#8217;ye \u00f6zg\u00fc bir gelenek var. Halk Ramazan ay\u0131na daha girmeden iki g\u00fcn \u00f6nce aileleri ile ya da ya\u015fad\u0131klar\u0131 k\u00f6ylerdeki insanlarla biraraya gelerek kurban kesiyor. &#8216;Meugang&#8217; olarak adland\u0131r\u0131lan bu gelenek ayn\u0131 zamanda, Ramazan Bayram\u0131 \u00f6ncesinde de ger\u00e7ekle\u015ftiriliyor. &#8216;\u015eirbu&#8217; denilen et yeme\u011fi b\u00fcy\u00fck kazanlarda pi\u015firilir ve yan\u0131nda pilav ile b\u00fcy\u00fck topluluklara ikram ediliyor. K\u0131rsal yerlerde k\u00f6y halk\u0131 yiyeceklerini camiye getirerek orada b\u00fct\u00fcn k\u00f6y halk\u0131 ile payla\u015f\u0131l\u0131yor. B\u00f6ylece Ramazan \u00f6ncesinde birlik ve beraberlik ruhunun ya\u015fanmas\u0131 bu \u015fekilde ger\u00e7ekle\u015ftiriliyor. Ramazan yemekleri aras\u0131nda &#8216;kanji&#8217;, &#8216;buromrom&#8217; ve &#8216;srikaya&#8217;y\u0131 da saymak m\u00fcmk\u00fcn. Ayr\u0131ca, &#8216;\u015furup&#8217; Ramazan m\u00f6n\u00fcs\u00fcn\u00fcn vazge\u00e7ilmez bir i\u00e7ece\u011fidir. <\/div>\n<div class=\"MsoNormal\" style=\"line-height: normal; mso-margin-bottom-alt: auto; mso-margin-top-alt: auto;\">Bu sene de tsunami fel\u00e2ketinden etkilenmelerine ra\u011fmen, insanlar bir \u015fekilde bu geleneklerini s\u00fcrd\u00fcr\u00fcyorlar. Hayvan kesemeyenler ise kasaplardan ald\u0131klar\u0131 etle aile bireylerini bu gelenekten mahrum etmemeye \u00e7al\u0131\u015f\u0131yorlar. \u015eehirlerin g\u00f6r\u00fcn\u00fcr yerlerine &#8220;Merhaban Ya Ramadhan&#8221; yaz\u0131l\u0131 pankartlar as\u0131larak kamusal alanda halk\u0131n Ramazan&#8217;\u0131 kutlan\u0131yor. <\/div>\n<div class=\"MsoNormal\" style=\"line-height: normal; mso-margin-bottom-alt: auto; mso-margin-top-alt: auto;\"><b>\u0130ftar heyecan\u0131 <\/b><\/div>\n<div class=\"MsoNormal\" style=\"line-height: normal; mso-margin-bottom-alt: auto; mso-margin-top-alt: auto;\">G\u00fcn boyu a\u00e7\u0131k lokanta bulmak zor. Asl\u0131nda A\u00e7e&#8217;de lokanta kavram\u0131 biraz farkl\u0131. Ramazan ay\u0131 d\u0131\u015f\u0131nda da g\u00f6r\u00fclen ancak de Ramazan&#8217;la birlikte say\u0131lar\u0131 artan, yol kenarlar\u0131nda kurulan, b\u00fcfe denilebilecek, \u00f6n\u00fcnde masa sandalye konulan a\u00e7\u0131k mek\u00e2nlarda insanlar iftarlar\u0131n\u0131 a\u00e7abildikleri gibi, buradan ald\u0131klar\u0131 yiyecekleri evlerine de g\u00f6t\u00fcrebilmektedirler. <\/div>\n<div class=\"MsoNormal\" style=\"line-height: normal; mso-margin-bottom-alt: auto; mso-margin-top-alt: auto;\">S\u00f6z konusu mek\u00e2nlar \u00f6\u011fleden sonra hareketlenmeye ba\u015fl\u0131yor. \u00d6zellikle Ramazan&#8217;la birlikte, yol kenarlar\u0131na kurulan k\u00fc\u00e7\u00fck tezg\u00e2hlarda, \u00e7e\u015fitli yerel yiyecek sat\u0131\u015f\u0131 yap\u0131l\u0131r. Kimi aileler ya da gen\u00e7ler bu tezg\u00e2hlar\u0131n \u00f6n\u00fcne yerle\u015ftirilmi\u015f olan masalarda oturarak iftarlar\u0131n\u0131 burada a\u00e7\u0131yorlar. <\/div>\n<div class=\"MsoNormal\" style=\"line-height: normal; mso-margin-bottom-alt: auto; mso-margin-top-alt: auto;\">Camiye giden halk ise, ak\u015fam ezan\u0131n\u0131n okunmas\u0131yla oru\u00e7lar\u0131n\u0131 a\u00e7\u0131yor. Camilerde halka ya cami sorumlular\u0131 taraf\u0131ndan ya da zengin ki\u015filer taraf\u0131ndan iftarl\u0131k ikram ediliyor. K\u0131l\u0131nan ak\u015fam namaz\u0131n\u0131n ard\u0131ndan cemaat evlerine da\u011f\u0131larak aileleri ile birlikte iftar yeme\u011fine devam ediyorlar. Camideki iftar yeme\u011fine, cami cemaati kadar, evlerine yeti\u015fememi\u015f olanlar da i\u015ftirak ediyor. \u0130nsanlar Ramazan ay\u0131 boyunca ibadet ve taatlerine daha fazla \u00f6zen g\u00f6stermeye \u00e7al\u0131\u015farak bu ay\u0131 en iyi bir \u015fekilde de\u011ferlendiriyorlar. <\/div>\n<div class=\"MsoNormal\" style=\"line-height: normal; mso-margin-bottom-alt: auto; mso-margin-top-alt: auto;\"><b>Ramazan&#8217;da \u00e7ocuklar <\/b><\/div>\n<div class=\"MsoNormal\" style=\"line-height: normal; mso-margin-bottom-alt: auto; mso-margin-top-alt: auto;\">Okullar\u0131n tatil olmas\u0131yla birlikte, \u00e7ocuklar Ramazan&#8217;\u0131 doyas\u0131ya ya\u015famaya ba\u015fl\u0131yorlar. Temel dini e\u011fitimlerini evlerinde alan \u00e7ocuklar camilerde d\u00fczenlenen ve heyecana yol a\u00e7an bir tak\u0131m yar\u0131\u015flarla dini bilgilerini geli\u015ftirme f\u0131rsat\u0131 da yakalam\u0131\u015f oluyorlar. <\/div>\n<div class=\"MsoNormal\" style=\"line-height: normal; mso-margin-bottom-alt: auto; mso-margin-top-alt: auto;\"><b>Toplumsal ya\u015fam ve ibadet <\/b><\/div>\n<div class=\"MsoNormal\" style=\"line-height: normal; mso-margin-bottom-alt: auto; mso-margin-top-alt: auto;\">Ramazan ay\u0131nda toplumsal ya\u015famda \u00e7al\u0131\u015fma hayat\u0131 da yava\u015flama s\u00fcrecine giriyor. \u0130nsanlar \u00e7al\u0131\u015fma performanslar\u0131ndan bir \u015fey kaybetmemekle birlikte, mesai saatlerini k\u0131saltarak Ramazan&#8217;\u0131 ibadet ve taatle ge\u00e7irme e\u011filimindeler. A\u00e7e halk\u0131n\u0131n \u0130slam&#8217;\u0131 ya\u015fama arzusu eyalet y\u00f6netimince de payla\u015f\u0131ld\u0131\u011f\u0131ndan A\u00e7e&#8217;de okullar Ramazan boyunca kapan\u0131yor. Resmi dairelerde ise mesai \u00f6\u011fleden sonra ikide sona eriyor. Halk b\u00fct\u00fcn bir y\u0131l\u0131 Ramazan&#8217;a haz\u0131rl\u0131k olarak de\u011ferlendiriyor. \u00d6yle ki, insanlar y\u0131l boyunca yapm\u0131\u015f olduklar\u0131 maddi birikimlerini bu ayda ailelerine ve \u00e7evrelerindeki insanlara ikramlarda bulunarak de\u011ferlendiriyorlar. \u0130ftar zaman\u0131n\u0131n geldi\u011fi camilerin mikrofonlar\u0131ndan yay\u0131lan sirenlerle il\u00e2n edili-yor. Sahurda ise \u00f6zellikle k\u00f6ylerde gen\u00e7ler biraraya gelerek ellerinde davullarla halk\u0131 sahura kald\u0131r\u0131yorlar. <\/div>\n<div class=\"MsoNormal\" style=\"line-height: normal; mso-margin-bottom-alt: auto; mso-margin-top-alt: auto;\">A\u00e7e&#8217;de teravih namaz\u0131 sekiz ve yirmi rekat k\u0131l\u0131n\u0131yor. Sekiz rekat k\u0131lmay\u0131 tercih edenler sekiz rekat\u0131n ard\u0131ndan camiden ayr\u0131l\u0131rken, kalanlar namaz\u0131 yirmi rekata tamaml\u0131yor. Bu konuda cemaat aras\u0131nda herhangi bir s\u0131k\u0131nt\u0131n\u0131n ya\u015fanmamas\u0131 halk aras\u0131ndaki dini anlay\u0131\u015flar\u0131n \u00e7e\u015fitlili\u011finin bir g\u00f6stergesi olarak alg\u0131lanmal\u0131d\u0131r. <\/div>\n<div class=\"MsoNormal\"><\/div>","protected":false},"excerpt":{"rendered":"<p>&nbsp; &nbsp;&nbsp;&nbsp;&nbsp; Farkl\u0131 din ve k\u00fclt\u00fcr merkezleri ile \u00e7evrili olan G\u00fcneydo\u011fu Asya&#8217;da bulunan A\u00e7e, \u0130slam d\u00fcnyas\u0131n\u0131n di\u011fer yerlerinden ayr\u0131 bir yap\u0131 arzetmektedir. http:\/\/yenisafak.com.tr\/arsiv\/2005\/ekim\/27\/ramazan.html 27 Ekim 2005 (Yeni \u015eafak) MEHMET \u00d6ZAY \/ A\u00c7E \u0130slam d\u00fcnyas\u0131n\u0131n ba\u015fka y\u00f6relerinde rastlanmas\u0131 m\u00fcmk\u00fcn olmayan, sadece A\u00e7e&#8217;ye \u00f6zg\u00fc bir gelenek var. Halk Ramazan ay\u0131na daha girmeden iki g\u00fcn \u00f6nce aileleri ile [&hellip;]<\/p>","protected":false},"author":1,"featured_media":1115,"comment_status":"open","ping_status":"open","sticky":false,"template":"","format":"standard","meta":{"footnotes":""},"categories":[10],"tags":[],"class_list":["post-971","post","type-post","status-publish","format-standard","has-post-thumbnail","hentry","category-ace"],"_links":{"self":[{"href":"https:\/\/guneydoguasyacalismalari.com\/indonesia\/wp-json\/wp\/v2\/posts\/971","targetHints":{"allow":["GET"]}}],"collection":[{"href":"https:\/\/guneydoguasyacalismalari.com\/indonesia\/wp-json\/wp\/v2\/posts"}],"about":[{"href":"https:\/\/guneydoguasyacalismalari.com\/indonesia\/wp-json\/wp\/v2\/types\/post"}],"author":[{"embeddable":true,"href":"https:\/\/guneydoguasyacalismalari.com\/indonesia\/wp-json\/wp\/v2\/users\/1"}],"replies":[{"embeddable":true,"href":"https:\/\/guneydoguasyacalismalari.com\/indonesia\/wp-json\/wp\/v2\/comments?post=971"}],"version-history":[{"count":0,"href":"https:\/\/guneydoguasyacalismalari.com\/indonesia\/wp-json\/wp\/v2\/posts\/971\/revisions"}],"wp:featuredmedia":[{"embeddable":true,"href":"https:\/\/guneydoguasyacalismalari.com\/indonesia\/wp-json\/wp\/v2\/posts\/1115"}],"wp:attachment":[{"href":"https:\/\/guneydoguasyacalismalari.com\/indonesia\/wp-json\/wp\/v2\/media?parent=971"}],"wp:term":[{"taxonomy":"category","embeddable":true,"href":"https:\/\/guneydoguasyacalismalari.com\/indonesia\/wp-json\/wp\/v2\/categories?post=971"},{"taxonomy":"post_tag","embeddable":true,"href":"https:\/\/guneydoguasyacalismalari.com\/indonesia\/wp-json\/wp\/v2\/tags?post=971"}],"curies":[{"name":"wp","href":"https:\/\/api.w.org\/{rel}","templated":true}]}}