{"id":824,"date":"2016-10-05T13:59:40","date_gmt":"2016-10-05T13:59:40","guid":{"rendered":"http:\/\/guneydoguasyacalismalari.com\/?p=824"},"modified":"2016-10-10T10:07:29","modified_gmt":"2016-10-10T10:07:29","slug":"dutertenin-tartismali-politikalari-ve-asya-pasifik-dengeleri-controversial-policies-of-duterte-and-balance-of-asia-pacific-3","status":"publish","type":"post","link":"https:\/\/guneydoguasyacalismalari.com\/indonesia\/dutertenin-tartismali-politikalari-ve-asya-pasifik-dengeleri-controversial-policies-of-duterte-and-balance-of-asia-pacific-3\/","title":{"rendered":"Duterte\u2019nin Tart\u0131\u015fmal\u0131 Politikalar\u0131 ve Asya-Pasifik Dengeleri \/ Controversial Policies of Duterte and Balance of Asia-Pacific"},"content":{"rendered":"<p><strong>Mehmet Ozay <\/strong><\/p>\n<p>Filipinler\u2019de ge\u00e7en May\u0131s ay\u0131nda yap\u0131lan ba\u015fkanl\u0131k se\u00e7imleri sonras\u0131nda \u00fclkenin 16. Devlet ba\u015fkan\u0131 olarak 30 Haziran\u2019da koltu\u011fa oturan Rodrigo Duterte, y\u00fcz g\u00fcnl\u00fck icraatlar\u0131yla sadece ulusal bas\u0131nda de\u011fil, b\u00f6lge ve k\u00fcresel bas\u0131nda da yer ald\u0131 ve almaya devam ediyor.<\/p>\n<p><strong>Duterte: Yeni bir lider tipi<\/strong><\/p>\n<p>Uzun y\u0131llar yerel y\u00f6neticilik yapmas\u0131, Filipinler modern siyasetine ad\u0131n\u0131 yazd\u0131rm\u0131\u015f \u2018k\u00f6kl\u00fc\u2019 ailelerden birine mensup olmamas\u0131 ve \u00fclkeyi bug\u00fcne kadar y\u00f6netmi\u015f siyasi elitin \u00e7\u0131kt\u0131\u011f\u0131 Luzon Adas\u0131\u2019dan gelmemesi gibi \u00f6zellikler nedeniyle, ilk etapta bu yeni ba\u015fkan\u0131n nas\u0131l bir performans sergileyece\u011fi, merkez siyaset\u00e7ilerle nas\u0131l etkile\u015fim kuraca\u011f\u0131 ve merkez siyaset i\u00e7erisinde nas\u0131l rol alaca\u011f\u0131, son d\u00f6nemde ekonomik kalk\u0131nma ile dikkat \u00e7eken \u00fclkede yeni d\u00f6nemde bu ivmenin nas\u0131l devam ettirilece\u011fi vb. konularda ilgiye mazhar olacak diye bekleniyordu. Duterte, \u015fu veya bu \u015fekilde t\u00fcm bunlar\u0131n dahil oldu\u011fu ve belki bunlar\u0131 da a\u015fan bir d\u00fczeyde \u00e7e\u015fitli ki\u015fi ve kurumlara y\u00f6nelik sergiledi\u011fi k\u00fcf\u00fcrl\u00fc s\u00f6ylemle sadece ulusal de\u011fil, b\u00f6lgesel ve uluslararas\u0131 platformda medyan\u0131n \u00fcst s\u0131ralar\u0131nda yer ald\u0131. Ba\u015fkan Duterte\u2019nin daha ge\u00e7en y\u0131l se\u00e7im kampanyas\u0131ndan ba\u015flayarak d\u00fcne kadar k\u00fcf\u00fcrl\u00fc a\u011f\u0131r ifadeler y\u00f6neltti\u011fi ki\u015filer aras\u0131nda, en az\u0131ndan geni\u015f kamuoyuna yans\u0131d\u0131\u011f\u0131 \u015fekliyle, ilk s\u0131rada Papa Francis bulunuyor.<\/p>\n<p>Papa\u2019n\u0131n 2015 y\u0131l\u0131 Ocak yan\u0131nda Manila\u2019y\u0131 ziyaretinde be\u015f saat trafikte mahsur kald\u0131\u011f\u0131n\u0131 s\u00f6yleyerek olmad\u0131k ifadeyi kullanan Duterte, ba\u015fkanl\u0131k se\u00e7imlerinden birka\u00e7 g\u00fcn sonra Papa\u2019dan \u00f6z\u00fcr dileyerek bu \u00f6zr\u00fcn\u00fc en k\u0131sa s\u00fcrede Vatikan\u2019a yapaca\u011f\u0131 ziyaretle bizzat iletece\u011fini belirtmi\u015fti. Ayn\u0131 g\u00fcn yard\u0131mc\u0131s\u0131, \u201cFilipinler\u2019de se\u00e7im atmosferinde olur b\u00f6yle \u015feyler. Ancak y\u00f6neticiler koltu\u011fa oturduktan sonra b\u00f6yle bir yakla\u015f\u0131m olmayacakt\u0131r.\u201d a\u00e7\u0131klamas\u0131yla belki de ola\u011fand\u0131\u015f\u0131 bir durumla kar\u015f\u0131 kar\u015f\u0131ya kal\u0131nd\u0131\u011f\u0131n\u0131 ve bunun tekrar etmeyece\u011fini geni\u015f kamuoyunu inand\u0131rmaya \u00e7al\u0131\u015f\u0131yordu. Ancak Duterte\u2019nin resmen g\u00f6revine ba\u015flamas\u0131ndan bug\u00fcne kadar ge\u00e7en s\u00fcrede k\u00fcf\u00fcrl\u00fc ve agresif yakla\u015f\u0131m\u0131n Ba\u015fkan\u2019\u0131n ola\u011fan bir s\u00f6ylem ve davran\u0131\u015f \u015fekli oldu\u011funa tan\u0131k olunuyor.<\/p>\n<p>Bu s\u00fcre\u00e7te, ulusal siyaset\u00e7iler, gazeteciler, Birle\u015fmi\u015f Milletler, Avrupa Birli\u011fi ve ABD y\u00f6netimi ve y\u00f6neticileri hemen hemen benzer vesilelerle ayn\u0131 s\u00f6ylemin hedefi haline geldiler. Duterte\u2019nin siyasette \u00e7at\u0131\u015fmac\u0131 s\u00f6ylem i\u00e7erisinde ele al\u0131nmak yerine, patalojik bir durum olarak de\u011ferlendirilebilecek bir duru\u015fu oldu\u011fu g\u00f6zlemleniyor. Ba\u015fkan\u2019\u0131n, zikredilen ki\u015fi ve kurumlara y\u00f6nelik k\u00fcf\u00fcrl\u00fc s\u00f6yleminden k\u0131sa bir s\u00fcre sonra, ya kendisi veya bir bakan veya s\u00f6zc\u00fcs\u00fc \u2018\u00f6z\u00fcr dilerim. Kast\u0131m o de\u011fildi\u2019 veya \u2018Ba\u015fkan \u00f6yle s\u00f6ylemek istememi\u015fti\u2019 teviline gidilmesi, d\u00fcnya kamuoyu taraf\u0131ndan mazur g\u00f6r\u00fclemeyecek bir boyuta vard\u0131\u011f\u0131 da ortada.<\/p>\n<p><strong>Uyu\u015fturucu \u00e7eteleri ve \u0130nsan Haklar\u0131 \u0130hlali<\/strong><\/p>\n<p>Duterte\u2019yi b\u00f6ylesi \u2018s\u0131ra d\u0131\u015f\u0131\u2019 yani, \u2018a\u011f\u0131r haraket ve k\u00fcf\u00fcrl\u00fc\u2019 ifadeler ba\u011flam\u0131nda medyatik k\u0131lan hususun arka pl\u00e2n\u0131nda ise, Filipinler geni\u015f kamuoyuna \u00e7ok \u00e7ektirmi\u015f adi su\u00e7lar\u0131n ba\u015f\u0131nda gelen uyu\u015fturucu \u00e7eteleri ve belki de bunlar\u0131n \u2018ma\u011fdurlar\u0131\u2019 kabul edilebilecek kullan\u0131c\u0131lar\u0131na y\u00f6nelik uygulad\u0131\u011f\u0131 politikaya verilen tepkiler geliyor. Temelde, Duterte\u2019nin ilk 100 g\u00fcnl\u00fck icraat\u0131nda ilk s\u0131ray\u0131 alan bu uygulamas\u0131nda \u015fa\u015f\u0131rt\u0131c\u0131 bir y\u00f6n bulunmuyor. \u00c7\u00fcnk\u00fc Duterte, Davao gibi ayn\u0131 sorunla \u00e7alkalanan bir \u015fehri bu \u2018beladan\u2019 kurtarmas\u0131yla sadece ulusal pl\u00e2nda \u00fcn yapmakla kalmam\u0131\u015f, bu \u00fcn\u00fc lay\u0131k g\u00f6r\u00fcld\u00fc\u011f\u00fc \u00e7e\u015fitli \u00f6d\u00fcllerle uluslararas\u0131 platforma ta\u015f\u0131nm\u0131\u015ft\u0131. Ancak o d\u00f6nem merkezin d\u0131\u015f\u0131nda bir orta \u00f6l\u00e7ekli \u015fehrin belediye ba\u015fkan\u0131 olarak sergiledi\u011fi ba\u015far\u0131 d\u00fcnya kamuoyu nezdinde belki de hak etti\u011fi yeri almam\u0131\u015ft\u0131. \u00d6te yandan, ge\u00e7en y\u0131l Kas\u0131m ay\u0131nda ba\u015flayan se\u00e7im kampanyas\u0131 boyunca \u2018Davao ba\u015far\u0131s\u0131n\u0131\u2019 ulusal d\u00fczeye ta\u015f\u0131ma iddias\u0131n\u0131 yineleyen ve s\u00fcre\u00e7te bu iddias\u0131yla belki de di\u011fer \u00f6nemli adaylar aras\u0131nda pek de \u015fans tan\u0131nmayan Duterte bir anda kamuoyu yoklamalar\u0131n\u0131 alt \u00fcst ederek nihayetinde ba\u015fkan se\u00e7ildi.<\/p>\n<p>Duterte\u2019nin emniyet g\u00fc\u00e7lerinin uyu\u015fturucu \u00e7eteleriyle m\u00fccadelede \u2018vur emri\u2019 gibi bir uygulamaya kap\u0131 aralamas\u0131, emniyet g\u00fc\u00e7lerinin hareket alan\u0131n\u0131 \u2018geni\u015fletme\u2019 imk\u00e2n\u0131 tan\u0131mas\u0131yla \u015fu ana kadar yakla\u015f\u0131k 3000 ki\u015finin \u00f6ld\u00fcr\u00fclmesi ve y\u00fczbinlerce ki\u015finin teslim olmas\u0131yla dikkat \u00e7ekti. Duterte\u2019nin bu y\u00f6ndeki icraat\u0131n\u0131n yasalarla ne denli \u00f6rt\u00fc\u015f\u00fcp \u00f6rt\u00fc\u015fmedi\u011fi noktas\u0131nda \u00fclke muhalefetince ele\u015ftirilse de, halk\u0131n verdi\u011fi b\u00fcy\u00fck destek nedeniyle Duterte\u2019yi y\u0131pratacak bir geli\u015fmeye yol a\u00e7t\u0131\u011f\u0131n\u0131 s\u00f6ylemek g\u00fc\u00e7. Duterte\u2019nin bu s\u00fcre\u00e7te Hitler\u2019in icraat\u0131yla benzerlik kurarak \u201c3 milyon ki\u015fini ortadan kald\u0131rmaktan memnuniyet duyaca\u011f\u0131m\u201d a\u00e7\u0131klamas\u0131n\u0131 yapmas\u0131, bu m\u00fccadeledeki kararl\u0131l\u0131\u011f\u0131n\u0131n bir ifadesidir.<\/p>\n<p><strong>Ulusal \u00a0politikadan Pasifik politikalar\u0131na<\/strong><\/p>\n<p>Ancak Filipinler\u2019de uyu\u015fturucuyla m\u00fccadele bir t\u00fcr \u2018yarg\u0131s\u0131z infaz\u2019 h\u00fckm\u00fcnde alg\u0131lanan bu uygulamaya Birle\u015fmi\u015f Milletler, ABD y\u00f6netiminden sokak infazlar\u0131na verilen \u2018insan haklar\u0131 duyarl\u0131l\u0131\u011f\u0131yla\u2019 \u00f6r\u00fcl\u00fc tepkiler sonras\u0131nda Duterte\u2019nin a\u00e7\u0131klamalar\u0131, \u00fclke i\u00e7erisinde halk\u0131 belirli y\u00f6nlere kanalize edebilme ihtimali kadar, b\u00f6lgesel ve k\u00fcresel ili\u015fkileri farkl\u0131 mecralara ta\u015f\u0131yabilecek yans\u0131malar\u0131yla dikkat \u00e7ekiyor. Bu ba\u011flamda, Birle\u015fmi\u015f Milletler \u00fcyeli\u011finden ayr\u0131lma, ABD ile askeri i\u015fbirli\u011fine s\u0131n\u0131rland\u0131rma veya baz\u0131 alanlarda sonland\u0131rma kadar, \u00c7in ve Rusya ile ili\u015fkilere a\u011f\u0131rl\u0131k verece\u011fi s\u00f6ylemi de \u00f6nemliydi.<\/p>\n<p>2. D\u00fcnya Sava\u015f\u0131 sonras\u0131nda ABD\u2019nin b\u00f6lgedeki \u00f6nemli m\u00fcttefiklerinden biri olan ve deniz \u00fcsleriyle \u00f6nemli bir i\u015flev g\u00f6ren Filipinler\u2019de ba\u015fkan\u0131n yukar\u0131da dile getirilen s\u00f6yleminin ABD y\u00f6netimini rahats\u0131z etti\u011fine ku\u015fku yok. Bu noktada, ABD\u2019nin Asya Y\u00fczy\u0131l\u0131 projesinde Asya-Pasifik b\u00f6lgesinde \u00c7in\u2019in siyasi ve askeri geli\u015fmesi ve geni\u015flemesine kar\u015f\u0131l\u0131k g\u00fc\u00e7 dengeleme giri\u015fiminin zedelenebilece\u011fi d\u00fc\u015f\u00fcn\u00fclebilir. Ticari ve ekonomik yat\u0131r\u0131mlar ba\u011flam\u0131nda \u00c7in ve Rusya ile yak\u0131nla\u015fman\u0131n salt bir ticari \u2018y\u00f6n de\u011fi\u015ftirme\u2019 de\u011fil, bunun g\u00fcvenlik ve savunma politikalar\u0131 ile askeri yap\u0131la\u015fma noktas\u0131ndaki etkile\u015fimlerini de g\u00f6z ard\u0131 etmemek gerekir. \u00c7in\u2019in G\u00fcney \u00c7in Denizi\u2019nde hak iddialar\u0131 kar\u015f\u0131s\u0131nda b\u00f6lgedeki baz\u0131 \u00fclkelerle askeri i\u015fbirliklerini art\u0131rma e\u011filimi g\u00f6steren ve askeri kararl\u0131l\u0131\u011f\u0131n g\u00f6stergesi olarak deniz tatbikatlar\u0131 yapan ABD\u2019nin, s\u00f6z konusu denizin do\u011fusunda uzun bir s\u0131n\u0131r\u0131 te\u015fkil eden Filipinler\u2019le askeri i\u015fbirli\u011fi zafiyetinin belirmesi, b\u00f6lgede yeni askeri ve g\u00fcvenlik denklemlerine kap\u0131 aralayacakt\u0131r.<\/p>\n<p>Halbuki, \u00c7in\u2019in bu hak iddias\u0131nda di\u011fer \u00fclkelerle k\u0131yaslamayacak \u00f6l\u00e7\u00fcde kar\u015f\u0131 duran \u00fclke Filipinler\u2019di. Bunu da 2013 y\u0131l\u0131nda o d\u00f6nemki y\u00f6netim vas\u0131tas\u0131yla Uluslararas\u0131 Tahkim Mahkemesi\u2019ne a\u00e7t\u0131\u011f\u0131 dava ile g\u00f6stermi\u015fti. Mahkemenin 12 Temmuz 2016 tarihinde verdi\u011fi karar, sadece Filipinler\u2019in iddias\u0131ndaki hakl\u0131l\u0131\u011f\u0131 de\u011fil, ABD\u2019nin b\u00f6lgede elini g\u00fc\u00e7lendirebilecek bir unsur haline gelmi\u015fti. Duterte\u2019nin uyu\u015fturucu politikas\u0131na ele\u015ftiriler gelmesini, G\u00fcney \u00c7in Denizi sorunu kar\u015f\u0131s\u0131nda \u201cABD\u2019siz \u00e7\u00f6z\u00fcm aray\u0131\u015flar\u0131nda olunaca\u011f\u0131\u201d mesaj\u0131 izledi.<\/p>\n<p><strong>Filipinler ordusu izlemede<\/strong><\/p>\n<p>Ancak burada Filipinler siyasetinde belirleyici olabilecek kurumlar\u0131n ba\u015f\u0131nda gelen ordunun geli\u015fmeler kar\u015f\u0131s\u0131nda nas\u0131l bir tutum tak\u0131nd\u0131\u011f\u0131 \u015fu ana kadar bas\u0131na yans\u0131m\u0131\u015f de\u011fil. Ordu i\u00e7erisinde ABD e\u011filiminin varl\u0131\u011f\u0131 sivil y\u00f6netim \u00fczerinde bir bask\u0131 unsuru olarak kendini ortaya koyabilir. Bu s\u00f6ylemlere il\u00e2ve olarak Duterte\u2019nin kendisini \u2018sol e\u011filimli bir siyaset\u00e7i\u2019 olarak tan\u0131mlamas\u0131 da ABD y\u00f6netimi kadar, Filipinler ordusunca da dikkatle izlenmeyi gerektirece\u011fine ku\u015fku yok.<\/p>\n<p>Duterte\u2019nin, \u00fclkesini \u00fc\u00e7 il\u00e2 alt\u0131 ay gibi k\u0131sa s\u00fcrede uyu\u015fturucu \u00e7etelerinden ve kullan\u0131c\u0131lar\u0131ndan temizleme s\u00f6z\u00fc vermesine ra\u011fmen, aradan ge\u00e7en s\u00fcre zarf\u0131nda bu m\u00fccadelenin bitme emaresi g\u00f6stermesi bir yana, kullan\u0131c\u0131 say\u0131s\u0131n\u0131n 3 milyonu buldu\u011funun a\u00e7\u0131klanmas\u0131yla ne denli derin bir toplumsal sorunla kar\u015f\u0131 kar\u015f\u0131ya oldu\u011fu ortaya \u00e7\u0131kt\u0131. Bunun \u00fczerine, Ba\u015fkan\u2019\u0131n m\u00fccadelede ek s\u00fcre \u2018talebi\u2019, orduya yapt\u0131\u011f\u0131 bir ziyaret s\u0131ras\u0131nda g\u00fcndeme geldi. \u2018\u00dclkeyi bu beladan kurtarmak i\u00e7in bana biraz daha s\u00fcre tan\u0131y\u0131n.\u201d diyen Ba\u015fkan Duterte\u2019nin, bu \u2018talebini\u2019, sadece \u00fclke kamuoyuna yap\u0131lan bir deme\u00e7 olarak almak hatal\u0131 olur. Tam tersine, geli\u015fmeler kar\u015f\u0131s\u0131nda \u2018aktif\u2019 rol alma e\u011filiminde oldu\u011funu sezinledi\u011fi ordu mensuplar\u0131n\u0131 iknaya y\u00f6nelik bir a\u00e7\u0131l\u0131md\u0131.<\/p>\n<p>Filipinler devlet ba\u015fkan\u0131 Duterte hi\u00e7 beklenmedi\u011fi oranda denklem d\u0131\u015f\u0131 bir akt\u00f6r olarak, Pasifik ve dolay\u0131s\u0131yla k\u00fcresel ili\u015fkilerde \u015fu veya bu \u015fekilde rol almaya devam edecektir. Duterte s\u00f6z konusu politikay\u0131 uygularken, arkas\u0131na s\u0131\u011f\u0131nd\u0131\u011f\u0131 \u201cBen gelecek nesiller i\u00e7in bu politikay\u0131\u201d uyguluyorum s\u00f6ylemi, sahip oldu\u011fu halk deste\u011fi devam etti\u011fi m\u00fcddet\u00e7e rasyonel bir de\u011fer olacakt\u0131r. Ancak Filipinler kadar, b\u00f6lgesel ve k\u00fcresel \u00f6l\u00e7ekte bu politikalara cephe alabilecek ba\u015fka akt\u00f6rlerin de oldu\u011funu unutmamak gerekir.<\/p>\n<p><a href=\"http:\/\/aa.com.tr\/tr\/analiz-haber\/dutertenin-tartismali-politikalari-ve-asya-pasifik-dengeleri\/658772\">http:\/\/aa.com.tr\/tr\/analiz-haber\/dutertenin-tartismali-politikalari-ve-asya-pasifik-dengeleri\/658772<\/a><\/p>","protected":false},"excerpt":{"rendered":"<p>Mehmet \u00d6zay Filipinler\u2019de ge\u00e7en May\u0131s ay\u0131nda yap\u0131lan ba\u015fkanl\u0131k se\u00e7imleri sonras\u0131nda \u00fclkenin 16. Devlet ba\u015fkan\u0131 olarak 30 Haziran\u2019da koltu\u011fa oturan Rodrigo Duterte, y\u00fcz g\u00fcnl\u00fck icraatlar\u0131yla sadece ulusal bas\u0131nda de\u011fil, b\u00f6lge ve k\u00fcresel bas\u0131nda da yer ald\u0131 ve almaya devam ediyor. Duterte: Yeni bir lider tipi Uzun y\u0131llar yerel y\u00f6neticilik yapmas\u0131, Filipinler modern siyasetine ad\u0131n\u0131 yazd\u0131rm\u0131\u015f \u2018k\u00f6kl\u00fc\u2019 [&hellip;]<\/p>","protected":false},"author":1,"featured_media":828,"comment_status":"open","ping_status":"open","sticky":false,"template":"","format":"standard","meta":{"footnotes":""},"categories":[62,2,6],"tags":[],"class_list":["post-824","post","type-post","status-publish","format-standard","has-post-thumbnail","hentry","category-bangsamoro-filipinler","category-featured","category-gunluk-yazilar"],"_links":{"self":[{"href":"https:\/\/guneydoguasyacalismalari.com\/indonesia\/wp-json\/wp\/v2\/posts\/824","targetHints":{"allow":["GET"]}}],"collection":[{"href":"https:\/\/guneydoguasyacalismalari.com\/indonesia\/wp-json\/wp\/v2\/posts"}],"about":[{"href":"https:\/\/guneydoguasyacalismalari.com\/indonesia\/wp-json\/wp\/v2\/types\/post"}],"author":[{"embeddable":true,"href":"https:\/\/guneydoguasyacalismalari.com\/indonesia\/wp-json\/wp\/v2\/users\/1"}],"replies":[{"embeddable":true,"href":"https:\/\/guneydoguasyacalismalari.com\/indonesia\/wp-json\/wp\/v2\/comments?post=824"}],"version-history":[{"count":0,"href":"https:\/\/guneydoguasyacalismalari.com\/indonesia\/wp-json\/wp\/v2\/posts\/824\/revisions"}],"wp:featuredmedia":[{"embeddable":true,"href":"https:\/\/guneydoguasyacalismalari.com\/indonesia\/wp-json\/wp\/v2\/media\/828"}],"wp:attachment":[{"href":"https:\/\/guneydoguasyacalismalari.com\/indonesia\/wp-json\/wp\/v2\/media?parent=824"}],"wp:term":[{"taxonomy":"category","embeddable":true,"href":"https:\/\/guneydoguasyacalismalari.com\/indonesia\/wp-json\/wp\/v2\/categories?post=824"},{"taxonomy":"post_tag","embeddable":true,"href":"https:\/\/guneydoguasyacalismalari.com\/indonesia\/wp-json\/wp\/v2\/tags?post=824"}],"curies":[{"name":"wp","href":"https:\/\/api.w.org\/{rel}","templated":true}]}}