{"id":706,"date":"2016-09-29T09:27:50","date_gmt":"2016-09-29T09:27:50","guid":{"rendered":"http:\/\/guneydoguasyacalismalari.com\/?p=706"},"modified":"2016-10-04T09:29:24","modified_gmt":"2016-10-04T09:29:24","slug":"malezya-basbakani-almanyada-malaysian-pm-in-germany","status":"publish","type":"post","link":"https:\/\/guneydoguasyacalismalari.com\/indonesia\/malezya-basbakani-almanyada-malaysian-pm-in-germany\/","title":{"rendered":"Malezya Ba\u015fbakan\u0131 Almanya\u2019da \/ Malaysian PM in Germany"},"content":{"rendered":"<p>Malezya ba\u015fbakan\u0131 Necib bin Rezak, Almanya ba\u015fbakan\u0131 Angela Merkel\u2019in davetlisi olarak Almanya\u2019ya resmi ziyarette bulundu. Ba\u015fbakan\u2019\u0131n bu ziyaretinde hedef iki \u00fclke aras\u0131nda ticaret ve yat\u0131r\u0131m hacmini art\u0131rma konular\u0131 g\u00fcndeme geldi.<\/p>\n<p>Ba\u015fbakan Necib bin Rezak, Almanya ba\u015fbakan\u0131 Angela Merkel\u2019in davetlisi olarak Almanya\u2019ya resmi ziyarette bulundu. Heyetler aras\u0131 g\u00f6r\u00fc\u015fmelerde iki \u00fclke aras\u0131nda ticaret ve yat\u0131r\u0131mlar\u0131 art\u0131r\u0131lmas\u0131 konusu g\u00fcndeme geldi.<\/p>\n<p>Almanya Avrupa Birli\u011fi i\u00e7erisinde Malezya\u2019ya en b\u00fcy\u00fck yat\u0131r\u0131m yapan \u00fclke konumunda. 400 Alman \u015firketi, 2016 y\u0131l\u0131 ilk yar\u0131s\u0131nda yakla\u015f\u0131k 1.6 milyar dolar yat\u0131r\u0131m yapt\u0131. Ge\u00e7en on y\u0131l zarf\u0131nda ise Almanya\u2019dan Malezya\u2019ya yap\u0131lan yat\u0131r\u0131mlar 8.7 milyar dolara ula\u015ft\u0131.<\/p>\n<p>Necib bin Rezak\u2019\u0131n Ba\u015fbakan olarak Almanya\u2019y\u0131 bu ilk ziyaretinde kendisine ekonomi ve yat\u0131r\u0131m bakanlar\u0131 ve ilgili b\u00fcrokratlar e\u015flik etti.<\/p>\n<p>Ba\u015fbakan Necib bin Rezak yapt\u0131\u011f\u0131 a\u00e7\u0131klamada, Almanya yat\u0131r\u0131m \u015firketleriyle yapt\u0131\u011f\u0131 g\u00f6r\u00fc\u015fmede Malezya\u2019ya yat\u0131r\u0131mlar\u0131n 375 milyon dolarl\u0131k ilave yat\u0131r\u0131m\u0131n pl\u00e2nland\u0131\u011f\u0131n\u0131 s\u00f6yledi.\u00a0 Ba\u015fbakan g\u00f6r\u00fc\u015fmelerde uluslararas\u0131 \u015firketlerin yan\u0131 s\u0131ra, orta \u00f6l\u00e7ekli Alman end\u00fcstri ve imalat sanayiinin de yat\u0131r\u0131mlar\u0131n\u0131 beklediklerini ifade etti.<\/p>\n<p>G\u00f6r\u00fc\u015fmelerde ayr\u0131ca 16. Almanya \u0130\u015f D\u00fcnyas\u0131 Asya-Pasifik Konferans\u0131\u2019n\u0131n 2018 y\u0131l\u0131nda Kuala Lumpur\u2019da yap\u0131lmas\u0131n\u0131n g\u00fcndeme geldi\u011fi belirtiliyor.<\/p>\n<p>Almanya AB i\u00e7inde Malezya\u2019ya en b\u00fcy\u00fck yat\u0131r\u0131m yapan \u00fclke olmas\u0131n\u0131n yan\u0131 s\u0131ra, Malezya\u2019n\u0131n \u00f6nc\u00fc ticaret orta\u011f\u0131 konumunda bulunuyor.<\/p>\n<p>\u0130ki \u00fclke aras\u0131nda 2015 y\u0131l\u0131 ticaret hacmi 11.8 milyar Avro olarak ger\u00e7ekle\u015fti.<\/p>\n<p>Almanya\u2019n\u0131n ithal \u00fcr\u00fcnleri aras\u0131nda elektrik ve elektronik aksam, end\u00fcstriyel ya\u011f, kau\u00e7uk ve kimyasal \u00fcr\u00fcnler gelirken, ihracat\u0131nda makine, motor ve eczac\u0131l\u0131k \u00fcr\u00fcnleri ba\u015f\u0131 \u00e7ekiyor.<\/p>\n<p>\u0130ki \u00fclke aras\u0131nda Ticaret ve End\u00fcstri Birli\u011fi ile Malezyal\u0131 \u00f6\u011frencilere mesleki e\u011fitim vermeyi hedefleyen Almanya-Malezya Enstit\u00fcs\u00fc 1992 y\u0131l\u0131ndan bu yana hizmet veriyor. \u0130ki \u00fclke aras\u0131nda Sermaye Koruma Anla\u015fmas\u0131 1960 y\u0131l\u0131nda, \u00c7ifte Vergilendirme Anla\u015fmas\u0131 ise 1980 y\u0131l\u0131nda imzaland\u0131. Malezya, Singapur\u2019la birlike ASEAN i\u00e7inde Almanya\u2019ya ticaret te ilk s\u0131rada yer al\u0131rken, Alman \u00fcr\u00fcnlerinin ra\u011fbet g\u00f6rd\u00fc\u011f\u00fc \u00fclkeler aras\u0131nda da ba\u015fta geliyor.<\/p>","protected":false},"excerpt":{"rendered":"<p>Malezya ba\u015fbakan\u0131 Necib bin Rezak, Almanya ba\u015fbakan\u0131 Angela Merkel\u2019in davetlisi olarak Almanya\u2019ya resmi ziyarette bulundu. Ba\u015fbakan\u2019\u0131n bu ziyaretinde hedef iki \u00fclke aras\u0131nda ticaret ve yat\u0131r\u0131m hacmini art\u0131rma konular\u0131 g\u00fcndeme geldi. Ba\u015fbakan Necib bin Rezak, Almanya ba\u015fbakan\u0131 Angela Merkel\u2019in davetlisi olarak Almanya\u2019ya resmi ziyarette bulundu. Heyetler aras\u0131 g\u00f6r\u00fc\u015fmelerde iki \u00fclke aras\u0131nda ticaret ve yat\u0131r\u0131mlar\u0131 art\u0131r\u0131lmas\u0131 konusu [&hellip;]<\/p>","protected":false},"author":1,"featured_media":707,"comment_status":"open","ping_status":"open","sticky":false,"template":"","format":"standard","meta":{"footnotes":""},"categories":[2,6,27],"tags":[],"class_list":["post-706","post","type-post","status-publish","format-standard","has-post-thumbnail","hentry","category-featured","category-gunluk-yazilar","category-malezya"],"_links":{"self":[{"href":"https:\/\/guneydoguasyacalismalari.com\/indonesia\/wp-json\/wp\/v2\/posts\/706","targetHints":{"allow":["GET"]}}],"collection":[{"href":"https:\/\/guneydoguasyacalismalari.com\/indonesia\/wp-json\/wp\/v2\/posts"}],"about":[{"href":"https:\/\/guneydoguasyacalismalari.com\/indonesia\/wp-json\/wp\/v2\/types\/post"}],"author":[{"embeddable":true,"href":"https:\/\/guneydoguasyacalismalari.com\/indonesia\/wp-json\/wp\/v2\/users\/1"}],"replies":[{"embeddable":true,"href":"https:\/\/guneydoguasyacalismalari.com\/indonesia\/wp-json\/wp\/v2\/comments?post=706"}],"version-history":[{"count":0,"href":"https:\/\/guneydoguasyacalismalari.com\/indonesia\/wp-json\/wp\/v2\/posts\/706\/revisions"}],"wp:featuredmedia":[{"embeddable":true,"href":"https:\/\/guneydoguasyacalismalari.com\/indonesia\/wp-json\/wp\/v2\/media\/707"}],"wp:attachment":[{"href":"https:\/\/guneydoguasyacalismalari.com\/indonesia\/wp-json\/wp\/v2\/media?parent=706"}],"wp:term":[{"taxonomy":"category","embeddable":true,"href":"https:\/\/guneydoguasyacalismalari.com\/indonesia\/wp-json\/wp\/v2\/categories?post=706"},{"taxonomy":"post_tag","embeddable":true,"href":"https:\/\/guneydoguasyacalismalari.com\/indonesia\/wp-json\/wp\/v2\/tags?post=706"}],"curies":[{"name":"wp","href":"https:\/\/api.w.org\/{rel}","templated":true}]}}