{"id":6681,"date":"2026-09-03T20:43:11","date_gmt":"2026-09-03T20:43:11","guid":{"rendered":"https:\/\/guneydoguasyacalismalari.com\/?p=6681"},"modified":"2026-09-03T20:43:12","modified_gmt":"2026-09-03T20:43:12","slug":"izlanda-halkindan-cesur-karar-a-bold-decision-from-the-icelandic-nation","status":"publish","type":"post","link":"https:\/\/guneydoguasyacalismalari.com\/indonesia\/izlanda-halkindan-cesur-karar-a-bold-decision-from-the-icelandic-nation\/","title":{"rendered":"\u0130zlanda halk\u0131ndan cesur karar \/ A bold decision from the Icelandic nation"},"content":{"rendered":"<p class=\"wp-block-paragraph\"><strong>Mehmet \u00d6zay &nbsp;&nbsp;&nbsp;&nbsp;&nbsp;&nbsp;&nbsp;&nbsp;&nbsp;&nbsp;&nbsp;&nbsp;&nbsp;&nbsp;&nbsp;&nbsp;&nbsp;&nbsp;&nbsp;&nbsp;&nbsp;&nbsp;&nbsp;&nbsp;&nbsp;&nbsp;&nbsp;&nbsp;&nbsp;&nbsp;&nbsp;&nbsp;&nbsp;&nbsp;&nbsp;&nbsp;&nbsp;&nbsp;&nbsp;&nbsp;&nbsp;&nbsp;&nbsp;&nbsp;&nbsp;&nbsp;&nbsp;&nbsp;&nbsp;&nbsp;&nbsp;&nbsp;&nbsp;&nbsp;&nbsp;&nbsp;&nbsp;&nbsp;&nbsp;&nbsp;&nbsp;&nbsp;&nbsp;&nbsp;&nbsp;&nbsp;&nbsp;&nbsp;&nbsp;&nbsp;&nbsp;&nbsp;&nbsp;&nbsp;&nbsp;&nbsp;&nbsp;&nbsp;&nbsp;&nbsp;&nbsp;&nbsp;&nbsp;&nbsp;&nbsp;&nbsp;&nbsp;&nbsp;&nbsp;&nbsp;&nbsp;&nbsp;&nbsp;&nbsp; &nbsp;&nbsp;&nbsp;&nbsp;&nbsp;&nbsp;&nbsp;&nbsp;&nbsp;&nbsp;&nbsp; 04.09.2026<\/strong><\/p>\n\n\n\n<p class=\"wp-block-paragraph\">\u0130zlanda halk\u0131, Avrupa Birli\u011fi\u2019ne \u00fcyelik konusunda ret karar\u0131 verdi&#8230;<\/p>\n\n\n\n<p class=\"wp-block-paragraph\">Son d\u00f6nemde, k\u00fcresel jeopolitik geli\u015fmelerin belirleyicili\u011fini hisseden \u00fclkelerin ba\u015f\u0131nda gelen, Avrupa\u2019n\u0131n kuzey ucundaki ada \u00fclkesi \u0130zlanda\u2019da halk g\u00fcvenlik mi, yerel olgular m\u0131 \u00e7at\u0131\u015fmas\u0131nda karar\u0131n\u0131 ikincisinden yana verdi.<\/p>\n\n\n\n<p class=\"wp-block-paragraph\">Ge\u00e7ti\u011fimiz Cumartesi g\u00fcn\u00fc yani 29 A\u011fustos\u2019da yap\u0131lan referandum, AB\u2019ye kat\u0131lmamay\u0131 isteyenlerin, Birli\u011fe kat\u0131lmay\u0131 isteyenlerden y\u00fczde 5.6 fazla olmas\u0131, Ada halk\u0131n\u0131n AB ile g\u00f6r\u00fc\u015fmelere yeniden ba\u015flama konusunda isteksiz oldu\u011funu ortaya koyuyor.<\/p>\n\n\n\n<p class=\"wp-block-paragraph\">Ada\u2019da referandum karar\u0131nda, bal\u0131k\u00e7\u0131 ve tar\u0131m sekt\u00f6r\u00fcnde yer alan kitlelerin belirleyici oldu\u011fu y\u00f6n\u00fcndeki yorumlar, yerelli\u011fin k\u00fcresel jeo-politik olgu ve tart\u0131\u015fmalar\u0131n \u00f6n\u00fcnde oldu\u011funu g\u00f6steriyor.<\/p>\n\n\n\n<p class=\"wp-block-paragraph\">\u00d6zellikle, denizcilik ve bal\u0131k\u00e7\u0131l\u0131k ile \u00f6zde\u015fle\u015fen Ada toplumu ve ekonomisinin AB&#8217;nin bal\u0131k\u00e7\u0131l\u0131k alan\u0131ndaki s\u0131n\u0131rland\u0131r\u0131c\u0131 politikalar\u0131na \u2018hay\u0131r\u2019 olarak da de\u011ferlendirmek m\u00fcmk\u00fcn.<\/p>\n\n\n\n<p class=\"wp-block-paragraph\"><strong>K\u00fcresel bask\u0131<\/strong><\/p>\n\n\n\n<p class=\"wp-block-paragraph\">D\u00fcnya denizleri ve adalar olgusunun bir kez daha k\u00fcresel sistemin g\u00fcndemine girdi\u011fine tan\u0131k oldu\u011fumuzu g\u00f6steren \u00f6nemli geli\u015fmelerden biri, \u0130zlanda\u2019n\u0131n bir yandan ABD, \u00f6te yandan Rusya taraf\u0131ndan siyasi ve daha \u00e7ok g\u00fcvenlik merce\u011fi alt\u0131nda ele al\u0131nmas\u0131nda ortaya \u00e7\u0131k\u0131yor.<\/p>\n\n\n\n<p class=\"wp-block-paragraph\">Bu durum, referandum sonu\u00e7lar\u0131n\u0131n a\u00e7\u0131klanmas\u0131n\u0131n hemen ard\u0131ndan, \u0130zlanda Ba\u015fbakan\u0131 Kristr\u00fan Fr\u00f3std\u00f3ttir ile D\u0131\u015fi\u015fleri Bakan\u0131 \u00de\u00f3rd\u00eds Geir\u00fe\u00fans Gunnarsd\u00f3ttir\u2019in yapt\u0131klar\u0131 a\u00e7\u0131klamalarda da belirgin bir \u015fekilde yer al\u0131yordu.<\/p>\n\n\n\n<p class=\"wp-block-paragraph\">\u00d6zellikle, Ba\u015fbakan Fr\u00f3std\u00f3ttir referandum kampanyas\u0131 s\u00fcrecinin, Ada\u2019n\u0131n k\u00fcresel jeopolitik konumunu \u00f6ne \u00e7\u0131kartt\u0131\u011f\u0131n\u0131 dile getiriyordu.<\/p>\n\n\n\n<p class=\"wp-block-paragraph\"><strong>Demokrasi prati\u011fi<\/strong><\/p>\n\n\n\n<p class=\"wp-block-paragraph\">Benzeri geli\u015fmelerde oldu\u011fu gibi \u201caz bir farkla\u201d belirlenen karar\u0131n, Ada \u00fclkesinde \u2018kutupla\u015fma\u2019 olarak yorumlanmas\u0131na elverecek bir ifadeyi i\u00e7inde bar\u0131nd\u0131r\u0131yor.<\/p>\n\n\n\n<p class=\"wp-block-paragraph\">Bununla birlikte, ayn\u0131 yakla\u015f\u0131m\u0131n \u2018demokratik toplum ve uygulamalar\u0131\u2019 ba\u011flam\u0131na da rahatl\u0131kla oturtulabilece\u011fini s\u00f6ylemek m\u00fcmk\u00fcn g\u00f6r\u00fcn\u00fcyor.<\/p>\n\n\n\n<p class=\"wp-block-paragraph\">Bunu destekleyen -en az\u0131ndan g\u00f6r\u00fcn\u00fcrde- birka\u00e7 husus var.<\/p>\n\n\n\n<p class=\"wp-block-paragraph\">\u0130lki, referanduma Ada halk\u0131n\u0131n y\u00fczde 82.5\u2019inin i\u015ftirak etmesidir&#8230;<\/p>\n\n\n\n<p class=\"wp-block-paragraph\">Bu husus, hi\u00e7 ku\u015fku yok ki, D\u0131\u015fi\u015fleri Bakan\u0131 Porgerdur Katrin Gunnarsdottir\u2019in g\u00fcndemindeydi. Ve bakan, kat\u0131l\u0131m oran\u0131na vurgu yaparak, Ada halk\u0131n\u0131n uluslararas\u0131 geli\u015fmelere ilgisindeki art\u0131\u015fa dikkat \u00e7ekti.<\/p>\n\n\n\n<p class=\"wp-block-paragraph\">\u0130kincisi ise, Ba\u015fbakan Kristr\u00fan Frostad\u00f3ttir\u2019in referandumun sonu\u00e7lar\u0131n\u0131n il\u00e2n edilmesinin ard\u0131ndan yapt\u0131\u011f\u0131 a\u00e7\u0131klamad\u0131r.<\/p>\n\n\n\n<p class=\"wp-block-paragraph\">\u00d6yle ki, Ba\u015fbakan Fostadottir\u2019in a\u00e7\u0131klamas\u0131nda siyasi olgunlu\u011funu, ada toplumunda demokratik de\u011ferlere olan inanc\u0131n\u0131 ve prati\u011fini ortaya koymas\u0131 dikkat \u00e7ekiyordu.<\/p>\n\n\n\n<p class=\"wp-block-paragraph\">Ba\u015fbakan\u0131n, \u00f6nce kazanan taraf\u0131 de\u011fil, kaybedenleri i\u015faret ederek, \u201cAda halk\u0131n\u0131n AB g\u00f6r\u00fc\u015fmelerinden yana olan se\u00e7menlere sayg\u0131 g\u00f6stermeleri\u201d y\u00f6n\u00fcndeki ifadesi kadar, g\u00f6rev s\u00fcresi i\u00e7inde referandum sonucuna sayg\u0131 g\u00f6sterece\u011fini ifade eden yakla\u015f\u0131m\u0131 gayet \u00f6nemliydi.<\/p>\n\n\n\n<p class=\"wp-block-paragraph\">Ba\u015fbakan\u2019\u0131n bu yakla\u015f\u0131m\u0131nda kendisinin de, AB yanl\u0131s\u0131 g\u00f6r\u00fc\u015f\u00fc desteklemesinin pay\u0131 oldu\u011funu unutmamak gerekiyor.<\/p>\n\n\n\n<p class=\"wp-block-paragraph\"><strong>Yinelenen karar (m\u0131?)<\/strong><\/p>\n\n\n\n<p class=\"wp-block-paragraph\">Asl\u0131nda yap\u0131lan bu referandum, 2009 y\u0131l\u0131ndan bu yana, \u0130zlanda-AB ili\u015fkileri s\u00fcrecinin bir t\u00fcr tekrar\u0131 h\u00fckm\u00fcnde.<\/p>\n\n\n\n<p class=\"wp-block-paragraph\">Yani, 2008 y\u0131l\u0131 k\u00fcresel ekonomi krizi sonras\u0131nda ba\u015flayan AB\u2019ye dahil olma -veya olmama- s\u00fcreci, Rusya ve ABD\u2019nin k\u00fcresel g\u00fcvenli\u011fi sadece s\u00f6ylemleriyle de\u011fil, siyasi pratikleriyle ne denli belirlenebilece\u011fini ortaya koyuyor. &nbsp;<\/p>\n\n\n\n<p class=\"wp-block-paragraph\">AB ile ilgili s\u00fcrecin sadece, 27 \u00fcyeli Avrupa Birli\u011fi\u2019ne ve de dolay\u0131s\u0131yla, t\u00fcm de\u011ferlerine kat\u0131l\u0131m\u0131n yan\u0131 s\u0131ra, ya\u015fanan k\u00fcresel belirsizlikler ve \u00e7at\u0131\u015fmac\u0131 uluslararas\u0131 ili\u015fkiler boyutu Ada\u2019n\u0131n g\u00fcvenli\u011finin \u00f6ne \u00e7\u0131kart\u0131lmas\u0131n\u0131 sa\u011flad\u0131.<\/p>\n\n\n\n<p class=\"wp-block-paragraph\">Bununla birlikte, yine t\u0131pk\u0131 benzeri k\u00fc\u00e7\u00fck \u00fclkelerde g\u00f6zlemlendi\u011fi \u00fczere, AB \u00fcyeli\u011fi s\u00fcre\u00e7lerinde belirleyici k\u0131staslardan biri, \u201cyerlilik\u201d ve bu anlamda, \u201cyerli ekonomi\u201d olgular\u0131 \u00f6ne \u00e7\u0131k\u0131yor.<\/p>\n\n\n\n<p class=\"wp-block-paragraph\">Ada politikas\u0131nda \u00f6ne \u00e7\u0131kan siyasi g\u00f6r\u00fc\u015flerden ve de AB ile ili\u015fkili s\u00fcrece olumsuz bakan ve \u2018\u015f\u00fcpheciler\u2019 olarak adland\u0131r\u0131lan \u00e7evrelerin arg\u00fcman\u0131, \u201czaten AB ticaret yasalar\u0131n\u0131n y\u00fczde 75\u2019ine yak\u0131n\u0131n\u0131 uyguluyoruz\u201d olmas\u0131yd\u0131.<\/p>\n\n\n\n<p class=\"wp-block-paragraph\">Yakla\u015f\u0131k d\u00f6rt y\u00fcz bin n\u00fcfuslu Ada\u2019da halk\u0131n \u00f6nemli bir b\u00f6l\u00fcm\u00fcn\u00fcn ge\u00e7im kayna\u011f\u0131 olan bal\u0131k\u00e7\u0131l\u0131k ve tar\u0131m olu\u015fturmas\u0131 bu iki sekt\u00f6r\u00fcn varl\u0131\u011f\u0131n\u0131 AB s\u00fcrecinde \u00f6ne \u00e7\u0131kt\u0131\u011f\u0131n\u0131 ortaya koyuyor.<\/p>\n\n\n\n<p class=\"wp-block-paragraph\">Zaten, Cumartesi g\u00fcn\u00fc yap\u0131lan referandumda, g\u00f6zlemcilerin dile getirdi\u011fi \u00fczere, bu fakt\u00f6r\u00fcn \u00f6ne \u00e7\u0131kmas\u0131na pek de \u015fa\u015f\u0131rmamak gerekiyor.<\/p>\n\n\n\n<p class=\"wp-block-paragraph\">Ortaya \u00e7\u0131kan sonu\u00e7, Ada toplumunda giderek varolu\u015fsal bir h\u00e2l alan g\u00fcvenlik olgusu ile AB yanl\u0131s\u0131 g\u00f6r\u00fc\u015flerin siyaset d\u00fcnyas\u0131nda kazand\u0131\u011f\u0131 yer ile halk\u0131n ekonomik vars\u0131ll\u0131\u011f\u0131 aras\u0131nda bir u\u00e7urumun olu\u015fmu\u015f olmas\u0131.<\/p>\n\n\n\n<p class=\"wp-block-paragraph\">Belki de bu u\u00e7urum, bug\u00fcn\u00fcn\u00fc d\u00fc\u015f\u00fcnen geni\u015f \u00fcretici kitleler ile uzun erimli g\u00fcvenlik politikalar\u0131n\u0131 \u00f6ncelleyen ana ak\u0131m siyasi yakla\u015f\u0131m\u0131n ayr\u0131\u015fmas\u0131 olarak da de\u011ferlendirilebilir.<\/p>","protected":false},"excerpt":{"rendered":"<p>Mehmet \u00d6zay &nbsp;&nbsp;&nbsp;&nbsp;&nbsp;&nbsp;&nbsp;&nbsp;&nbsp;&nbsp;&nbsp;&nbsp;&nbsp;&nbsp;&nbsp;&nbsp;&nbsp;&nbsp;&nbsp;&nbsp;&nbsp;&nbsp;&nbsp;&nbsp;&nbsp;&nbsp;&nbsp;&nbsp;&nbsp;&nbsp;&nbsp;&nbsp;&nbsp;&nbsp;&nbsp;&nbsp;&nbsp;&nbsp;&nbsp;&nbsp;&nbsp;&nbsp;&nbsp;&nbsp;&nbsp;&nbsp;&nbsp;&nbsp;&nbsp;&nbsp;&nbsp;&nbsp;&nbsp;&nbsp;&nbsp;&nbsp;&nbsp;&nbsp;&nbsp;&nbsp;&nbsp;&nbsp;&nbsp;&nbsp;&nbsp;&nbsp;&nbsp;&nbsp;&nbsp;&nbsp;&nbsp;&nbsp;&nbsp;&nbsp;&nbsp;&nbsp;&nbsp;&nbsp;&nbsp;&nbsp;&nbsp;&nbsp;&nbsp;&nbsp;&nbsp;&nbsp;&nbsp;&nbsp;&nbsp;&nbsp;&nbsp;&nbsp;&nbsp;&nbsp; &nbsp;&nbsp;&nbsp;&nbsp;&nbsp;&nbsp;&nbsp;&nbsp;&nbsp;&nbsp;&nbsp; 04.09.2026 \u0130zlanda halk\u0131, Avrupa Birli\u011fi\u2019ne \u00fcyelik konusunda ret karar\u0131 verdi&#8230; Son d\u00f6nemde, k\u00fcresel jeopolitik geli\u015fmelerin belirleyicili\u011fini hisseden \u00fclkelerin ba\u015f\u0131nda gelen, Avrupa\u2019n\u0131n kuzey ucundaki ada \u00fclkesi \u0130zlanda\u2019da halk g\u00fcvenlik mi, yerel olgular m\u0131 \u00e7at\u0131\u015fmas\u0131nda karar\u0131n\u0131 ikincisinden yana verdi. Ge\u00e7ti\u011fimiz Cumartesi g\u00fcn\u00fc yani 29 A\u011fustos\u2019da yap\u0131lan referandum, AB\u2019ye kat\u0131lmamay\u0131 isteyenlerin, Birli\u011fe kat\u0131lmay\u0131 isteyenlerden [&hellip;]<\/p>","protected":false},"author":3,"featured_media":6682,"comment_status":"open","ping_status":"open","sticky":false,"template":"","format":"standard","meta":{"footnotes":""},"categories":[9,6],"tags":[],"class_list":["post-6681","post","type-post","status-publish","format-standard","has-post-thumbnail","hentry","category-asya-pasifik","category-gunluk-yazilar"],"_links":{"self":[{"href":"https:\/\/guneydoguasyacalismalari.com\/indonesia\/wp-json\/wp\/v2\/posts\/6681","targetHints":{"allow":["GET"]}}],"collection":[{"href":"https:\/\/guneydoguasyacalismalari.com\/indonesia\/wp-json\/wp\/v2\/posts"}],"about":[{"href":"https:\/\/guneydoguasyacalismalari.com\/indonesia\/wp-json\/wp\/v2\/types\/post"}],"author":[{"embeddable":true,"href":"https:\/\/guneydoguasyacalismalari.com\/indonesia\/wp-json\/wp\/v2\/users\/3"}],"replies":[{"embeddable":true,"href":"https:\/\/guneydoguasyacalismalari.com\/indonesia\/wp-json\/wp\/v2\/comments?post=6681"}],"version-history":[{"count":0,"href":"https:\/\/guneydoguasyacalismalari.com\/indonesia\/wp-json\/wp\/v2\/posts\/6681\/revisions"}],"wp:featuredmedia":[{"embeddable":true,"href":"https:\/\/guneydoguasyacalismalari.com\/indonesia\/wp-json\/wp\/v2\/media\/6682"}],"wp:attachment":[{"href":"https:\/\/guneydoguasyacalismalari.com\/indonesia\/wp-json\/wp\/v2\/media?parent=6681"}],"wp:term":[{"taxonomy":"category","embeddable":true,"href":"https:\/\/guneydoguasyacalismalari.com\/indonesia\/wp-json\/wp\/v2\/categories?post=6681"},{"taxonomy":"post_tag","embeddable":true,"href":"https:\/\/guneydoguasyacalismalari.com\/indonesia\/wp-json\/wp\/v2\/tags?post=6681"}],"curies":[{"name":"wp","href":"https:\/\/api.w.org\/{rel}","templated":true}]}}