{"id":6231,"date":"2025-12-07T13:51:30","date_gmt":"2025-12-07T13:51:30","guid":{"rendered":"https:\/\/guneydoguasyacalismalari.com\/?p=6231"},"modified":"2025-12-07T13:51:32","modified_gmt":"2025-12-07T13:51:32","slug":"ukraynada-savas-ve-baris-ab-devreye-giriyor-war-and-peeace-in-ukraine-eu-steps-in","status":"publish","type":"post","link":"https:\/\/guneydoguasyacalismalari.com\/indonesia\/ukraynada-savas-ve-baris-ab-devreye-giriyor-war-and-peeace-in-ukraine-eu-steps-in\/","title":{"rendered":"Ukrayna\u2019da sava\u015f ve bar\u0131\u015f: AB devreye giriyor \/ War and peeace in Ukraine: EU steps in"},"content":{"rendered":"<p><strong>Mehmet \u00d6zay &nbsp;&nbsp;&nbsp;&nbsp;&nbsp;&nbsp;&nbsp;&nbsp;&nbsp;&nbsp;&nbsp;&nbsp;&nbsp;&nbsp;&nbsp;&nbsp;&nbsp;&nbsp;&nbsp;&nbsp;&nbsp;&nbsp;&nbsp;&nbsp;&nbsp;&nbsp;&nbsp;&nbsp;&nbsp;&nbsp;&nbsp;&nbsp;&nbsp;&nbsp;&nbsp;&nbsp;&nbsp;&nbsp;&nbsp;&nbsp;&nbsp;&nbsp;&nbsp;&nbsp;&nbsp;&nbsp;&nbsp;&nbsp;&nbsp;&nbsp;&nbsp;&nbsp;&nbsp;&nbsp;&nbsp;&nbsp;&nbsp;&nbsp;&nbsp;&nbsp;&nbsp;&nbsp;&nbsp;&nbsp;&nbsp;&nbsp;&nbsp;&nbsp;&nbsp;&nbsp;&nbsp;&nbsp;&nbsp;&nbsp;&nbsp;&nbsp;&nbsp;&nbsp;&nbsp;&nbsp;&nbsp;&nbsp;&nbsp;&nbsp;&nbsp;&nbsp;&nbsp;&nbsp;&nbsp;&nbsp;&nbsp;&nbsp;&nbsp;&nbsp;&nbsp;&nbsp;&nbsp;&nbsp;&nbsp;&nbsp;&nbsp;&nbsp;&nbsp;&nbsp;&nbsp;&nbsp; &nbsp;&nbsp;&nbsp;&nbsp;&nbsp;&nbsp;07.12.2025<\/strong><\/p>\n\n\n\n<p>ABD ba\u015fkan\u0131 Donald Trump\u2019\u0131n Avrupa\u2019ya bar\u0131\u015f getirme projesinin ba\u015far\u0131s\u0131zl\u0131\u011f\u0131 sonras\u0131nda, Ukrayna\u2019da ne gibi bir geli\u015fme olaca\u011f\u0131 \u00e7e\u015fitli senaryolarla g\u00fcndeme getiriliyor.<\/p>\n\n\n\n<p>Ge\u00e7ti\u011fimiz \u015eubat ay\u0131nda, Trump taraf\u0131ndan ba\u015flat\u0131lan ve bu Kas\u0131m ay\u0131 ile bu ay\u0131n ba\u015flar\u0131ndaki h\u0131zlanan g\u00f6r\u00fc\u015fme trafi\u011fine ra\u011fmen, Ukrayna ve Rusya aras\u0131nda bar\u0131\u015f anla\u015fmas\u0131 imlazanamam\u0131\u015f olmas\u0131n\u0131n sadece Ukrayna i\u00e7in tehlikeli bir y\u00f6n\u00fc bulunmuyor.<\/p>\n\n\n\n<p><strong>Rusya pes etmedi<\/strong><\/p>\n\n\n\n<p>Ge\u00e7ti\u011fimiz Per\u015fembe g\u00fcn\u00fc Trump\u2019\u0131n \u00f6zel temsilcisi Steve Witkoff ile Rusya devlet ba\u015fkan\u0131 Vladimir Putin aras\u0131nda, 2 Aral\u0131k\u2019ta yap\u0131lan g\u00f6r\u00fc\u015fme sonras\u0131nda ekranlara \u2018bar\u0131\u015f\u2019\u0131n yans\u0131mamas\u0131, g\u00f6zlerin Avrupa Birli\u011fi\u2019ne \u00e7evrilmesine neden oldu.<\/p>\n\n\n\n<p>Putin\u2019in, ayn\u0131 g\u00fcn yani, 2 Aral\u0131k\u2019ta yapt\u0131\u011f\u0131 bas\u0131n a\u00e7\u0131klamas\u0131nda bar\u0131\u015fa engel koyan taraf olarak \u2018AB\u2019yi su\u00e7lamas\u0131, sava\u015f ve bar\u0131\u015f geli\u015fmelerinin sadece, Ukrayna ile s\u0131n\u0131rl\u0131 olmad\u0131\u011f\u0131n\u0131 bir kez daha a\u00e7\u0131k ve net bir \u015fekilde ortaya koymu\u015ftur.<\/p>\n\n\n\n<p>Putin\u2019i a\u00e7\u0131klamas\u0131n\u0131n bize sundu\u011fu verilerden biri, bar\u0131\u015f anla\u015fmas\u0131 s\u00fcrecinde sadece, ABD merkezli bir geli\u015fmenin olmad\u0131\u011f\u0131d\u0131r.<\/p>\n\n\n\n<p><strong>Faktor Eropa<\/strong><\/p>\n\n\n\n<p>Aksine, AB\u2019nin kapal\u0131 kap\u0131lar ard\u0131nda, g\u00fc\u00e7l\u00fc bir akt\u00f6r oldu\u011funu ortaya koymas\u0131 a\u00e7\u0131s\u0131ndan dikkat \u00e7ekicidir.<\/p>\n\n\n\n<p>Bu durumda, \u201c\u00f6n\u00fcm\u00fczdeki s\u00fcre\u00e7te ne t\u00fcr bir geli\u015fme olacakt\u0131r?\u201d sorusu g\u00fcndemde.<\/p>\n\n\n\n<p>Ukrayna devlet ba\u015fkan\u0131 Zelensky\u2019nin AB liderleriyle yapt\u0131\u011f\u0131 g\u00f6r\u00fc\u015fmelerin kesintisiz s\u00fcrd\u00fc\u011f\u00fc anla\u015f\u0131l\u0131yor.<\/p>\n\n\n\n<p>Bu s\u00fcreci, Zelensky\u2019den ziyade, AB liderlerinin y\u00fcr\u00fct\u00fcyor olmas\u0131nda \u015fa\u015f\u0131lacak bir \u015fey yok. Nihayetinde, Avrupa bir birlik olarak kendisini Rusya\u2019n\u0131n potansiyel istilac\u0131l\u0131\u011f\u0131 ile y\u00fcz y\u00fcze g\u00f6r\u00fcyor&#8230;<\/p>\n\n\n\n<p>AB\u2019nin daha i\u015fin ba\u015f\u0131ndan bu yana, Trump\u2019\u0131n y\u00f6netmekte oldu\u011fu bar\u0131\u015f s\u00fcrecinde merkeze, Rusya devlet ba\u015fkan\u0131 Putin\u2019in al\u0131nmas\u0131ndan duydu\u011fu rahats\u0131zl\u0131k hafta i\u00e7inde ya\u015fanan geli\u015fmelerde de kendini g\u00f6sterdi.<\/p>\n\n\n\n<p>Putin\u2019in \u00f6n\u00fcne konulan bar\u0131\u015f pl\u00e2n\u0131n\u0131 kabul etmemesi, \u00fcst\u00fcne \u00fcstl\u00fck bar\u0131\u015f\u2019a ula\u015fmada engel olarak AB\u2019yi hedef tahtas\u0131na koymas\u0131, AB ve Rusya aras\u0131nda ili\u015fkilerin geldi\u011fi noktas\u0131 g\u00f6stermesi a\u00e7\u0131s\u0131ndan gayet \u00f6nemli.<\/p>\n\n\n\n<p><strong>Trump nerede yanl\u0131\u015f yapt\u0131?<\/strong><\/p>\n\n\n\n<p>Belki de, burada durup, \u201cAcaba Trump ve y\u00f6netimi, Ukrayna\u2019da bar\u0131\u015f\u0131 sa\u011flamadan \u00f6nce, Rusya ve AB ili\u015fkilerinin yeniden onar\u0131lmas\u0131 y\u00f6n\u00fcnde mi gayret g\u00f6stermeli? sorusunu g\u00fcndeme getirmekte yarar var.<\/p>\n\n\n\n<p>Ancak, bu soruyu zikrederken dahi gayet \u00f6nemli bir \u015f\u00fcphenin zihnimizde uyand\u0131\u011f\u0131n\u0131 da fark etmiyor de\u011filiz.<\/p>\n\n\n\n<p>Bunun temel nedeni, AB ve ABD ili\u015fkilerinin de a\u00e7\u0131k\u00e7as\u0131, belki o derece olmasa da, AB-Rusya ili\u015fkilerindeki gerilemeden farkl\u0131 bir yan\u0131 olmamas\u0131d\u0131r.<\/p>\n\n\n\n<p><strong>K\u00fcresel sistem aray\u0131\u015f\u0131<\/strong><\/p>\n\n\n\n<p>Asl\u0131nda, Avrupa-merkezli bir geli\u015fme olarak kar\u015f\u0131m\u0131za \u00e7\u0131kan bu durum, k\u00fcresel sistem denilen olgunun ne denli tahrip edildi\u011fini ve bu d\u00fczenin yerine neyin getirilece\u011fi konusund kafalar\u0131n gayet kar\u0131\u015f\u0131k oldu\u011funu da ortaya koyuyor.<\/p>\n\n\n\n<p>Bunu s\u00f6ylerken, k\u00fcrenin \u00f6te yakas\u0131nda \u00c7in gibi bir geli\u015fmi\u015f g\u00fcc\u00fc, taleplerini ve ABD ile olan \u00e7ok y\u00f6nl\u00fc \u00e7at\u0131\u015fmac\u0131 evrenini g\u00f6z ard\u0131 ediyor de\u011filim.<\/p>\n\n\n\n<p>Bununla birlikte, d\u00fcnya sistemi veya k\u00fcresel sistem s\u00f6z konusu oldu\u011funda, hamen ba\u015fat akt\u00f6rlerin \u2018Bat\u0131\u2019da yerle\u015fik yap\u0131lar olmas\u0131n\u0131 kabul etmek gerekiyor.<\/p>\n\n\n\n<p>Bu durum, bug\u00fcn AB d\u0131\u015fi\u015fleri sorumlusu Kaja Kallas d\u00fcn yapt\u0131\u011f\u0131 a\u00e7\u0131klamada, AB ve ABD ili\u015fkilerinin geldi\u011fi noktaya y\u00f6nelik ele\u015ftirel yakla\u015f\u0131m kar\u015f\u0131s\u0131nda g\u00fcndeme getirdi\u011fi, \u2018ortakl\u0131k\u2019 vurgusunu g\u00f6zlerden uzak tutmamak gerekir.<\/p>\n\n\n\n<p>Kallas, a\u00e7\u0131klamas\u0131nda Trump y\u00f6netiminin AB\u2019ye y\u00f6nelik a\u011f\u0131r ele\u015ftirilerine ra\u011fmen, ABD\u2019nin AB\u2019nin en b\u00fcy\u00fck ittifak g\u00fcc\u00fc oldu\u011funa dikkat \u00e7ekti.<\/p>\n\n\n\n<p>ABD\u2019de daha birinci Trump d\u00f6neminden ba\u015flayarak, AB\u2019ye y\u00f6nelik \u00f6zellikle, NATO ba\u011flam\u0131nda AB\u2019ye y\u00f6nelik ele\u015ftiriler ve taleplerin bug\u00fcn, giderek daha \u00e7ok medeniyet boyutuna ta\u015f\u0131nm\u0131\u015f olmas\u0131, Atlantik\u2019in iki yakas\u0131 aras\u0131ndaki tarihsel ve geleneksel siyasal i\u015fbirliklerinin sorgulanabilirli\u011fini g\u00fcndeme getiriyor.<\/p>\n\n\n\n<p>ABD ulusal g\u00fcvenlik strateji belgesinde, Avrupa\u2019n\u0131n medeniyet erozyonuna do\u011fru gitmekte oldu\u011fu y\u00f6n\u00fcndeki yakla\u015f\u0131m, hi\u00e7 ku\u015fku yok ki, AB taraf\u0131ndan kabul edilebilir bir olgu de\u011fil.<\/p>\n\n\n\n<p>Bu belgede yer alan iddialar ve kar\u015f\u0131l\u0131klar\u0131n\u0131, bir ba\u015fka yaz\u0131da detayl\u0131 bir \u015fekilde ele almakta yarar var.<\/p>\n\n\n\n<p><strong>Bat\u0131 ittifak\u0131nda sorgulama<\/strong><\/p>\n\n\n\n<p>Bununla birlikte, bu metne at\u0131f yapmama sebep, Kallas, t\u00fcm a\u011f\u0131r ele\u015ftirilere ra\u011fmen, AB ve ABD geleneksel ittifak\u0131na vurgu yaparak bu ittifak\u0131n kendi i\u00e7indeki sorunlara y\u0131k\u0131c\u0131 ba\u011flamda y\u00f6nelmekten ziyade, bu ittifak\u0131n muhalifi olan k\u00fcresel geli\u015fmelere odaklan\u0131lmas\u0131 y\u00f6n\u00fcnde bir tavsiyesi \u00f6ne \u00e7\u0131kt\u0131. &nbsp;<\/p>\n\n\n\n<p>K\u00fcresel geli\u015fmelerin en ba\u015f\u0131nda da hi\u00e7 ku\u015fku yok ki, Ukrayna\u2019daki sava\u015f bulunuyor.<\/p>\n\n\n\n<p>Ya da Ukrayna \u00fczerinden, Avrupa Birli\u011fini ve olu\u015fturdu\u011fu siyasi ve ekonomik sisteme y\u00f6nelik ciddi bir tehdit unsuru olan Rusya demek daha do\u011fru olacakt\u0131r.<\/p>\n\n\n\n<p>Kallas\u2019\u0131n, s\u0131raya koydu\u011fu di\u011fer k\u00fcresel sorunlar aras\u0131nda, \u00c7in\u2019den gelen ve k\u00fcresel ekonomi-politi\u011fi zorlay\u0131c\u0131 talepler ve politikalar ile \u0130ran da yerini al\u0131yor&#8230;<\/p>\n\n\n\n<p><strong>Avrupa karar a\u015famas\u0131nda<\/strong><\/p>\n\n\n\n<p>Ge\u00e7ti\u011fimiz hafta Trump\u2019\u0131n \u00f6nce Rusya taraf\u0131yla ve ard\u0131ndan, Florida\u2019da Ukrayna heyetiyle yap\u0131lan g\u00f6r\u00fc\u015fmeler sonras\u0131nda ABD-Rusya g\u00f6r\u00fc\u015fmeleri \u00f6ncesinde yapt\u0131\u011f\u0131, \u201cNoel\u2019e bar\u0131\u015fla gireriz!\u201d y\u00f6n\u00fcndeki \u00fcmitvar yakla\u015f\u0131m\u0131ndan geriye kocaman bir bara\u015f\u0131sz\u0131l\u0131k \u00e7\u0131km\u0131\u015f bulunuyor.<\/p>\n\n\n\n<p>Ya\u015fanan o s\u00fcre\u00e7te, AB makamlar\u0131 g\u00f6r\u00fc\u015fmelerden AB\u2019nin d\u0131\u015fland\u0131\u011f\u0131 y\u00f6n\u00fcndeki iddialar\u0131 ve ard\u0131ndan, Trump\u2019\u0131n temsilcisi &nbsp;Witkoff\u2019un, Moskowa\u2019dan Washington\u2019a eli bo\u015f d\u00f6nmesi, AB\u2019nin elini g\u00fc\u00e7lendiren bir geli\u015fme olarak de\u011ferlendirmek gerekiyor.<\/p>\n\n\n\n<p>Bunun somut g\u00f6stergelerinden biri, AB\u2019nin \u00fc\u00e7 \u00f6nemli \u00fclkesi Fransa, Almanya ve \u0130ngiltere liderleri<br>\u015eans\u00f6lye Merz, ba\u015fkan Macron ve ba\u015fbakan Starmer\u2019in Ukrayna devlet ba\u015fkan\u0131 Zelensky ile Londra\u2019da, zirve toplant\u0131s\u0131nda bir araya gelecek olmalar\u0131d\u0131r.<\/p>\n\n\n\n<p>Bu zirvenin, ya\u015fanmakta olan soruna \u00e7ok y\u00f6nl\u00fc yakla\u015fma ve sorun bulma konusunda \u00f6nemli bir ad\u0131m oldu\u011funu s\u00f6ylemekte yarar var.<\/p>\n\n\n\n<p>Nihayetinde, hafta i\u00e7erisinde AB \u00fcye \u00fclkeleri savunma ve d\u0131\u015fi\u015fleri bakanlar\u0131n\u0131 Br\u00fcksel toplant\u0131lar\u0131n\u0131 bir \u00f6n g\u00f6r\u00fc\u015fme s\u00fcreci olarak kabul edebiliriz.<\/p>\n\n\n\n<p>Yar\u0131nki g\u00f6r\u00fc\u015fmede, Ukrayna\u2019da sava\u015f\u0131n durdurulmas\u0131ndan, Rusya devlet ba\u015fkan\u0131 Putin\u2019in \u201cAvrupa\u2019yla sava\u015fa haz\u0131r\u0131z\u2019 s\u00f6ylemine verilecek kar\u015f\u0131l\u0131k ile Ukrayna topraklar\u0131nda s\u00fcrmesi muhtemel g\u00f6z\u00fcken sava\u015f boyunca, bu \u00fclke savunmas\u0131na deste\u011fin ne denli art\u0131r\u0131laca\u011f\u0131 ve Rusya\u2019ya daha ne t\u00fcrden ekonomik bask\u0131lar\u0131n g\u00fcndeme getirilece\u011fi gibi konular\u0131n ele al\u0131nmas\u0131 muhtemel g\u00f6z\u00fck\u00fcyor.<\/p>\n\n\n\n<p>Gelinen bu noktada, \u2018Bat\u0131 ittifak\u0131nda de\u011fi\u015fen ne? sorusunu bir kez daha sormakta yarar var. \u015eayet Atlantik\u2019in iki yan\u0131nda geleneksel ittifak \u00e7at\u0131rd\u0131yor ise, bunun yank\u0131lar\u0131n\u0131 ilk etapta duymas\u0131 gerekenin Avrupa olaca\u011f\u0131na ku\u015fku yok.<\/p>\n\n\n\n<p>Kan\u0131mca, AB liderleri, Ukrayna sorununa salt bir sava\u015f-bar\u0131\u015f s\u00fcreci olarak bakmaktan ziyade, daha b\u00fct\u00fcnc\u00fcl bir perspektiften, Bat\u0131\u2019da olan bitene y\u00f6nelik bir \u00e7\u00f6z\u00fcm aray\u0131\u015f\u0131 i\u00e7erisinde olacaklard\u0131r.<\/p>","protected":false},"excerpt":{"rendered":"<p>Mehmet \u00d6zay &nbsp;&nbsp;&nbsp;&nbsp;&nbsp;&nbsp;&nbsp;&nbsp;&nbsp;&nbsp;&nbsp;&nbsp;&nbsp;&nbsp;&nbsp;&nbsp;&nbsp;&nbsp;&nbsp;&nbsp;&nbsp;&nbsp;&nbsp;&nbsp;&nbsp;&nbsp;&nbsp;&nbsp;&nbsp;&nbsp;&nbsp;&nbsp;&nbsp;&nbsp;&nbsp;&nbsp;&nbsp;&nbsp;&nbsp;&nbsp;&nbsp;&nbsp;&nbsp;&nbsp;&nbsp;&nbsp;&nbsp;&nbsp;&nbsp;&nbsp;&nbsp;&nbsp;&nbsp;&nbsp;&nbsp;&nbsp;&nbsp;&nbsp;&nbsp;&nbsp;&nbsp;&nbsp;&nbsp;&nbsp;&nbsp;&nbsp;&nbsp;&nbsp;&nbsp;&nbsp;&nbsp;&nbsp;&nbsp;&nbsp;&nbsp;&nbsp;&nbsp;&nbsp;&nbsp;&nbsp;&nbsp;&nbsp;&nbsp;&nbsp;&nbsp;&nbsp;&nbsp;&nbsp;&nbsp;&nbsp;&nbsp;&nbsp;&nbsp;&nbsp;&nbsp;&nbsp;&nbsp;&nbsp;&nbsp;&nbsp;&nbsp;&nbsp;&nbsp;&nbsp;&nbsp;&nbsp; &nbsp;&nbsp;&nbsp;&nbsp;&nbsp;&nbsp;07.12.2025 ABD ba\u015fkan\u0131 Donald Trump\u2019\u0131n Avrupa\u2019ya bar\u0131\u015f getirme projesinin ba\u015far\u0131s\u0131zl\u0131\u011f\u0131 sonras\u0131nda, Ukrayna\u2019da ne gibi bir geli\u015fme olaca\u011f\u0131 \u00e7e\u015fitli senaryolarla g\u00fcndeme getiriliyor. Ge\u00e7ti\u011fimiz \u015eubat ay\u0131nda, Trump taraf\u0131ndan ba\u015flat\u0131lan ve bu Kas\u0131m ay\u0131 ile bu ay\u0131n ba\u015flar\u0131ndaki h\u0131zlanan g\u00f6r\u00fc\u015fme trafi\u011fine ra\u011fmen, Ukrayna ve Rusya aras\u0131nda bar\u0131\u015f anla\u015fmas\u0131 imlazanamam\u0131\u015f olmas\u0131n\u0131n sadece Ukrayna i\u00e7in tehlikeli bir [&hellip;]<\/p>","protected":false},"author":3,"featured_media":6232,"comment_status":"open","ping_status":"open","sticky":false,"template":"","format":"standard","meta":{"footnotes":""},"categories":[9,6],"tags":[],"class_list":["post-6231","post","type-post","status-publish","format-standard","has-post-thumbnail","hentry","category-asya-pasifik","category-gunluk-yazilar"],"_links":{"self":[{"href":"https:\/\/guneydoguasyacalismalari.com\/indonesia\/wp-json\/wp\/v2\/posts\/6231","targetHints":{"allow":["GET"]}}],"collection":[{"href":"https:\/\/guneydoguasyacalismalari.com\/indonesia\/wp-json\/wp\/v2\/posts"}],"about":[{"href":"https:\/\/guneydoguasyacalismalari.com\/indonesia\/wp-json\/wp\/v2\/types\/post"}],"author":[{"embeddable":true,"href":"https:\/\/guneydoguasyacalismalari.com\/indonesia\/wp-json\/wp\/v2\/users\/3"}],"replies":[{"embeddable":true,"href":"https:\/\/guneydoguasyacalismalari.com\/indonesia\/wp-json\/wp\/v2\/comments?post=6231"}],"version-history":[{"count":0,"href":"https:\/\/guneydoguasyacalismalari.com\/indonesia\/wp-json\/wp\/v2\/posts\/6231\/revisions"}],"wp:featuredmedia":[{"embeddable":true,"href":"https:\/\/guneydoguasyacalismalari.com\/indonesia\/wp-json\/wp\/v2\/media\/6232"}],"wp:attachment":[{"href":"https:\/\/guneydoguasyacalismalari.com\/indonesia\/wp-json\/wp\/v2\/media?parent=6231"}],"wp:term":[{"taxonomy":"category","embeddable":true,"href":"https:\/\/guneydoguasyacalismalari.com\/indonesia\/wp-json\/wp\/v2\/categories?post=6231"},{"taxonomy":"post_tag","embeddable":true,"href":"https:\/\/guneydoguasyacalismalari.com\/indonesia\/wp-json\/wp\/v2\/tags?post=6231"}],"curies":[{"name":"wp","href":"https:\/\/api.w.org\/{rel}","templated":true}]}}