{"id":6219,"date":"2025-12-01T13:35:16","date_gmt":"2025-12-01T13:35:16","guid":{"rendered":"https:\/\/guneydoguasyacalismalari.com\/?p=6219"},"modified":"2025-12-01T13:35:18","modified_gmt":"2025-12-01T13:35:18","slug":"ukraynaya-baris-geliyor-mu-peace-coming-to-ukraine","status":"publish","type":"post","link":"https:\/\/guneydoguasyacalismalari.com\/indonesia\/ukraynaya-baris-geliyor-mu-peace-coming-to-ukraine\/","title":{"rendered":"Ukrayna\u2019ya bar\u0131\u015f geliyor (mu?) \/ Peace coming to Ukraine (?)"},"content":{"rendered":"<p><strong>Mehmet \u00d6zay &nbsp;&nbsp;&nbsp;&nbsp;&nbsp;&nbsp;&nbsp;&nbsp;&nbsp;&nbsp;&nbsp;&nbsp;&nbsp;&nbsp;&nbsp;&nbsp;&nbsp;&nbsp;&nbsp;&nbsp;&nbsp;&nbsp;&nbsp;&nbsp;&nbsp;&nbsp;&nbsp;&nbsp;&nbsp;&nbsp;&nbsp;&nbsp;&nbsp;&nbsp;&nbsp;&nbsp;&nbsp;&nbsp;&nbsp;&nbsp;&nbsp;&nbsp;&nbsp;&nbsp;&nbsp;&nbsp;&nbsp;&nbsp;&nbsp;&nbsp;&nbsp;&nbsp;&nbsp;&nbsp;&nbsp;&nbsp;&nbsp;&nbsp;&nbsp;&nbsp;&nbsp;&nbsp;&nbsp;&nbsp;&nbsp;&nbsp;&nbsp;&nbsp;&nbsp;&nbsp;&nbsp;&nbsp;&nbsp;&nbsp;&nbsp;&nbsp;&nbsp;&nbsp;&nbsp;&nbsp;&nbsp;&nbsp;&nbsp;&nbsp;&nbsp;&nbsp;&nbsp;&nbsp;&nbsp;&nbsp;&nbsp;&nbsp;&nbsp;&nbsp;&nbsp;&nbsp;&nbsp;&nbsp;&nbsp;&nbsp;&nbsp;&nbsp;&nbsp;&nbsp;&nbsp;&nbsp; &nbsp;&nbsp;&nbsp;&nbsp;&nbsp;&nbsp;01.12.2025<\/strong><\/p>\n\n\n\n<p>Rusya\u2019n\u0131n Ukrayna i\u015fgalini sona erdirme konusundaki giri\u015fimler h\u0131z kazand\u0131.<\/p>\n\n\n\n<p>Noel\u2019e kadar bar\u0131\u015f\u0131 ortaya koymaya \u00e7al\u0131\u015fan ABD y\u00f6netimi \u00e7ok y\u00f6nl\u00fc olarak bar\u0131\u015f s\u00fcrecini y\u00f6netmeye \u00e7al\u0131\u015f\u0131yor.<\/p>\n\n\n\n<p>Yak\u0131n ge\u00e7mi\u015fte Putinle g\u00f6r\u00fc\u015fmeler yapan ABD taraf\u0131, d\u00fcn Florida\u2019da Ukrayna heyetiyle biraraya geldi.<\/p>\n\n\n\n<p>Avrupa Birli\u011fi\u2019nde ise bug\u00fcn Br\u00fcksel, \u00fcye \u00fclkeler d\u0131\u015fi\u015fleri ve savunma bakanlar\u0131 toplant\u0131s\u0131na tan\u0131k oldu.<\/p>\n\n\n\n<p>Bu \u00e7er\u00e7evede, Avrupa Birli\u011fi\u2019nden d\u0131\u015f ili\u015fkiler politikalar\u0131ndan sorumlu Kaja Kallas\u2019\u0131n a\u00e7\u0131klamalar\u0131 da, Avrupa\u2019da bar\u0131\u015f konusunda \u00e7abalar\u0131n, bu hafta boyunca gayet \u00f6nemli boyutta s\u00fcrece\u011fine g\u00f6nderme yap\u0131yor.<\/p>\n\n\n\n<p><strong>\u00c7oklu ad\u0131m<\/strong><\/p>\n\n\n\n<p>Ukrayna topraklar\u0131nda s\u00fcren sava\u015f\u0131 sona erdirme konusunda, ABD\u2019de Trump\u2019\u0131n giri\u015fiminde son a\u015famaya gelindi\u011fi y\u00f6n\u00fcndeki yakla\u015f\u0131m \u00f6ne \u00e7\u0131k\u0131yor.<\/p>\n\n\n\n<p>ABD merkezli y\u00fcr\u00fct\u00fclen bar\u0131\u015f g\u00f6r\u00fc\u015fmelerinin, \u00e7ok y\u00f6nl\u00fc oldu\u011fu ortada.<\/p>\n\n\n\n<p>\u00d6zellikle d\u00fcn, ABD ve Ukrayna heyetleri aras\u0131nda Florida\u2019da yap\u0131lan g\u00f6r\u00fc\u015fme, g\u00fcn\u00fcn en \u00f6nemli konusunu olu\u015fturuyor. &nbsp;<\/p>\n\n\n\n<p>Hedef, bu g\u00f6r\u00fc\u015fmeler sonras\u0131nda, anla\u015fma maddelerinin Putin\u2019e sunuluca\u011f\u0131 belirtiliyor.<\/p>\n\n\n\n<p>Oysa, \u00f6nceki g\u00fcnlerde yap\u0131lan a\u00e7\u0131klamalarda, Trump-Putin aras\u0131nda el\u00e7iler vas\u0131tas\u0131yla ger\u00e7ekle\u015fen g\u00f6r\u00fc\u015fmeler \u00f6ne \u00e7\u0131km\u0131\u015ft\u0131.<\/p>\n\n\n\n<p><strong>Hangi maddeler?<\/strong><\/p>\n\n\n\n<p>S\u00f6z konusu g\u00f6r\u00fc\u015fmelerin, \u00f6nce 28 ve sonras\u0131nda 19 oldu\u011fu belirtilen maddelerle ilgili bug\u00fcne de\u011fin herhangi bir a\u00e7\u0131klama yap\u0131lm\u0131\u015f de\u011fil.<\/p>\n\n\n\n<p>\u00d6te yandan, ABD\u2019de Cumhuriyet\u00e7i senat\u00f6rlerin de &nbsp;i\u00e7inde bulundu\u011fu kesimler ile Avrupa Birli\u011fi kurumlar\u0131ndan bu anla\u015fma metninin Rusya yanl\u0131s\u0131 olu\u015funa ve Ukrayna taraf\u0131n\u0131n bir anlamda, kenara itildi\u011fine y\u00f6nelik ele\u015ftiriler g\u00fcndeme getirilmi\u015fti.<\/p>\n\n\n\n<p>Bu \u00e7er\u00e7evede, d\u00fcn yani, Pazar g\u00fcn\u00fc Florida\u2019da, ABD-Ukrayna heyetleri aras\u0131nda yap\u0131lan g\u00f6r\u00fc\u015fmelerin gayet \u00f6nemli oldu\u011funa ku\u015fku yok.<\/p>\n\n\n\n<p>Burada dikkat \u00e7eken husus, ABD taraf\u0131n\u0131n Putin\u2019le yap\u0131lan g\u00f6r\u00fc\u015fmelerde ortaya \u00e7\u0131kan maddeleri bir kenara koyup, Ukrayna heyetiyle yeni maddeler \u00fczerinde mi g\u00f6r\u00fc\u015ft\u00fc\u011f\u00fcd\u00fcr.<\/p>\n\n\n\n<p>A\u00e7\u0131k\u00e7as\u0131, bug\u00fcn yap\u0131lan a\u00e7\u0131klamalar bu mu\u011flakl\u0131\u011f\u0131n ortaya \u00e7\u0131kmas\u0131na yetiyor.<\/p>\n\n\n\n<p>\u00d6yle ki, Trump-Putin aras\u0131nda mekik dokuyan \u2018\u00f6zel el\u00e7i\u2019 Steve Witkoff\u2019un yar\u0131n, Moskova\u2019da Putin\u2019le g\u00f6r\u00fc\u015fecek olmas\u0131, yukar\u0131da dikkat \u00e7ekti\u011fim g\u00f6r\u00fc\u015fe teyit mahiyetindedir.<\/p>\n\n\n\n<p><strong>Ukrayna\u2019n\u0131n egemenli\u011fi<\/strong><\/p>\n\n\n\n<p>Bununla birlikte, ABD d\u0131\u015fi\u015fleri bakan\u0131 Marco Rubio\u2019nun yapt\u0131\u011f\u0131 a\u00e7\u0131klamada, g\u00f6r\u00fc\u015fmelerin gayet zorlu\u011fu ge\u00e7ti\u011fi ve bug\u00fcn itibar\u0131yla, nihayete ermedi\u011fini ortaya koyuyor.<\/p>\n\n\n\n<p>Rubio\u2019nun a\u00e7\u0131klamas\u0131nda ilgi \u00e7eken bir y\u00f6n var ki, o da, bar\u0131\u015f g\u00f6r\u00fc\u015fmelerinde Ukrayna\u2019n\u0131n egemenli\u011fi ve ba\u011f\u0131ms\u0131zl\u0131\u011f\u0131 konusu.<\/p>\n\n\n\n<p>Temelde, b\u00fct\u00fcnc\u00fcl anlamda bak\u0131ld\u0131\u011f\u0131nda, Rusya\u2019n\u0131n Ukrayna\u2019n\u0131n egemenli\u011fi ve ba\u011f\u0131ms\u0131zl\u0131\u011f\u0131na d\u00f6n\u00fck bir tehdidi bulundu\u011funu s\u00f6ylemek g\u00fc\u00e7.<\/p>\n\n\n\n<p>En az\u0131ndan, bug\u00fcn i\u00e7in b\u00f6yle bir tehditin varl\u0131\u011f\u0131 s\u00f6z konusu de\u011fil.<\/p>\n\n\n\n<p>Kald\u0131 ki, Rusya\u2019n\u0131n 2022 y\u0131l\u0131 \u015eubat ay\u0131nda i\u015fgale ba\u015flad\u0131\u011f\u0131 d\u00f6nemde de, Ukrayna\u2019n\u0131n egemenlik ve ba\u011f\u0131ms\u0131zl\u0131\u011f\u0131na y\u00f6nelik kapsaml\u0131 bir hedef ve amac\u0131 bulunmuyordu.<\/p>\n\n\n\n<p>G\u00f6r\u00fc\u015fmelerin ard\u0131ndan, bar\u0131\u015f pl\u00e2n\u0131na dair, Rubio\u2019nun \u201cverimli ge\u00e7ti\u201d c\u00fcmlesinin d\u0131\u015f\u0131nda, bir a\u00e7\u0131klama yap\u0131lmad\u0131.<\/p>\n\n\n\n<p><strong>Bl\u00f6f politikas\u0131 m\u0131?<\/strong><\/p>\n\n\n\n<p>Oysa, Rubio\u2019nun a\u00e7\u0131klamalar\u0131 Florida g\u00f6r\u00fc\u015fmelerinde, a\u00e7\u0131k\u00e7as\u0131 konunun bu y\u00f6ne do\u011fru evrildi\u011fini ortaya koyuyor.<\/p>\n\n\n\n<p>Burada, iki durumun dikkat \u00e7ekti\u011fini s\u00f6ylemek m\u00fcmk\u00fcn&#8230;<\/p>\n\n\n\n<p>\u0130lki, b\u00f6ylesi bir s\u00f6ylem ile Ukrayna taraf\u0131na g\u00f6z da\u011f\u0131 vererek, Putin\u2019le yap\u0131lan anla\u015fma maddelerinin kabul\u00fcn\u00fcn sa\u011flanmas\u0131d\u0131r.<\/p>\n\n\n\n<p>\u0130kincisi, hakikaten Ukrayna\u2019n\u0131n egemenlik ve ba\u011f\u0131ms\u0131zl\u0131\u011f\u0131na y\u00f6nelik b\u00f6ylesi, burada korunmas\u0131 \u00f6ng\u00f6r\u00fclen \u00f6ncelikli hedef Ukrayna iken, b\u00fcy\u00fck foto\u011frafda kar\u015f\u0131m\u0131za Avrupa\u2019n\u0131n b\u00fct\u00fcnl\u00fc\u011f\u00fcn\u00fcn \u00e7\u0131kt\u0131\u011f\u0131n\u0131 s\u00f6ylemek olduk\u00e7a m\u00fcmk\u00fcn.<\/p>\n\n\n\n<p>Ancak, ABD-AB ili\u015fkilerindeki s\u00fcrgit devam eden gerginlik, en az\u0131ndan ABD makamlar\u0131 nezdinde AB\u2019ye d\u00f6n\u00fck bir a\u00e7\u0131klaman\u0131n en az\u0131ndan \u015fu g\u00fcne de\u011fin ortaya \u00e7\u0131kmas\u0131na mani oluyor&#8230;<\/p>\n\n\n\n<p><strong>Avrupa ne diyor?<\/strong><\/p>\n\n\n\n<p>Avrupa Birli\u011fi\u2019nin \u00f6tedenberi, Putin\u2019e y\u00f6nelik g\u00fcvensizli\u011finin devam etti\u011fine ku\u015fku yok.<\/p>\n\n\n\n<p>AB d\u0131\u015f ili\u015fkilerden sorumlu Kaja Kallas, \u201cPutin bar\u0131\u015f istemiyor\u201d diyerek, Rusya devlet ba\u015fkan\u0131na &nbsp;g\u00fcvenmediklerini bug\u00fcn bir kez yinelemi\u015f oldu.<\/p>\n\n\n\n<p>Bununla birlikte, AB\u2019nin g\u00f6r\u00fc\u015flerinin etkin bir y\u00f6nelim kazanmamas\u0131nda ve Rusya tehditinin sadece Ukrayna ile s\u0131n\u0131rl\u0131 olmayacak \u015fekilde K\u0131ta\u2019da hissedilmesinde, ABD-AB ili\u015fkilerinin gayet belirleyici oldu\u011fu ortada.<\/p>\n\n\n\n<p>Bu durum, AB\u2019nin kendi ba\u015f\u0131na hareket edemeyece\u011fini, bir ba\u015fka ifadeyle ABD\u2019siz bir s\u00fcrece girmesinin m\u00fcmk\u00fcn olmad\u0131\u011f\u0131n\u0131 da bize g\u00f6steriyor.<\/p>\n\n\n\n<p>ABD-AB aras\u0131nda Ukrayna konusunda g\u00f6r\u00fc\u015f al\u0131\u015fveri\u015flerinin Zelensky \u00fczerinden ger\u00e7ekle\u015fmekte oldu\u011funu s\u00f6ylemek ise yanl\u0131\u015f olmayacakt\u0131r.<\/p>\n\n\n\n<p>\u00d6yle ki, Florida\u2019daki d\u00fcnk\u00fc g\u00f6r\u00fc\u015fmenin ard\u0131ndan, Zelensky\u2019nin bug\u00fcn ABD\u2019den Paris\u2019e ge\u00e7i\u015fini bu y\u00f6nde bir geli\u015fme olarak yorumlamak m\u00fcmk\u00fcn.<\/p>\n\n\n\n<p>Bununla birlikte, sava\u015f\u0131 sona erdirmeye matuf giri\u015fimlere ra\u011fmen, Rusya taraf\u0131ndan, Ukrayna\u2019ya y\u00f6nelik sald\u0131r\u0131lar\u0131n en \u015fiddetlilerinden birinin ya\u015fanmakta olu\u015fu da, kafalarda soru i\u015fareti olu\u015fmas\u0131na neden oluyor.<\/p>\n\n\n\n<p>Ukrayna\u2019ya bar\u0131\u015f getirme \u00e7abalar\u0131nda bu haftan\u0131n gayet kritik oldu\u011fu g\u00f6r\u00fcl\u00fcyor. Bat\u0131 \u00fclkelerinde Noel haz\u0131rl\u0131klar\u0131 s\u00fcrerken, ABD y\u00f6netimi, Noel \u00f6ncesinde bar\u0131\u015f s\u00fcrecini nihayete erdirme amac\u0131nda.<\/p>\n\n\n\n<p>Bu hafta yap\u0131lacak g\u00f6r\u00fc\u015fmelerin, Avrupa a\u00e7\u0131s\u0131ndan da gayet \u00f6nemli oldu\u011funu s\u00f6ylemek gerekiyor.<\/p>","protected":false},"excerpt":{"rendered":"<p>Mehmet \u00d6zay &nbsp;&nbsp;&nbsp;&nbsp;&nbsp;&nbsp;&nbsp;&nbsp;&nbsp;&nbsp;&nbsp;&nbsp;&nbsp;&nbsp;&nbsp;&nbsp;&nbsp;&nbsp;&nbsp;&nbsp;&nbsp;&nbsp;&nbsp;&nbsp;&nbsp;&nbsp;&nbsp;&nbsp;&nbsp;&nbsp;&nbsp;&nbsp;&nbsp;&nbsp;&nbsp;&nbsp;&nbsp;&nbsp;&nbsp;&nbsp;&nbsp;&nbsp;&nbsp;&nbsp;&nbsp;&nbsp;&nbsp;&nbsp;&nbsp;&nbsp;&nbsp;&nbsp;&nbsp;&nbsp;&nbsp;&nbsp;&nbsp;&nbsp;&nbsp;&nbsp;&nbsp;&nbsp;&nbsp;&nbsp;&nbsp;&nbsp;&nbsp;&nbsp;&nbsp;&nbsp;&nbsp;&nbsp;&nbsp;&nbsp;&nbsp;&nbsp;&nbsp;&nbsp;&nbsp;&nbsp;&nbsp;&nbsp;&nbsp;&nbsp;&nbsp;&nbsp;&nbsp;&nbsp;&nbsp;&nbsp;&nbsp;&nbsp;&nbsp;&nbsp;&nbsp;&nbsp;&nbsp;&nbsp;&nbsp;&nbsp;&nbsp;&nbsp;&nbsp;&nbsp;&nbsp;&nbsp; &nbsp;&nbsp;&nbsp;&nbsp;&nbsp;&nbsp;01.12.2025 Rusya\u2019n\u0131n Ukrayna i\u015fgalini sona erdirme konusundaki giri\u015fimler h\u0131z kazand\u0131. Noel\u2019e kadar bar\u0131\u015f\u0131 ortaya koymaya \u00e7al\u0131\u015fan ABD y\u00f6netimi \u00e7ok y\u00f6nl\u00fc olarak bar\u0131\u015f s\u00fcrecini y\u00f6netmeye \u00e7al\u0131\u015f\u0131yor. Yak\u0131n ge\u00e7mi\u015fte Putinle g\u00f6r\u00fc\u015fmeler yapan ABD taraf\u0131, d\u00fcn Florida\u2019da Ukrayna heyetiyle biraraya geldi. Avrupa Birli\u011fi\u2019nde ise bug\u00fcn Br\u00fcksel, \u00fcye \u00fclkeler d\u0131\u015fi\u015fleri ve savunma bakanlar\u0131 toplant\u0131s\u0131na tan\u0131k oldu. [&hellip;]<\/p>","protected":false},"author":3,"featured_media":6220,"comment_status":"open","ping_status":"open","sticky":false,"template":"","format":"standard","meta":{"footnotes":""},"categories":[9,6],"tags":[],"class_list":["post-6219","post","type-post","status-publish","format-standard","has-post-thumbnail","hentry","category-asya-pasifik","category-gunluk-yazilar"],"_links":{"self":[{"href":"https:\/\/guneydoguasyacalismalari.com\/indonesia\/wp-json\/wp\/v2\/posts\/6219","targetHints":{"allow":["GET"]}}],"collection":[{"href":"https:\/\/guneydoguasyacalismalari.com\/indonesia\/wp-json\/wp\/v2\/posts"}],"about":[{"href":"https:\/\/guneydoguasyacalismalari.com\/indonesia\/wp-json\/wp\/v2\/types\/post"}],"author":[{"embeddable":true,"href":"https:\/\/guneydoguasyacalismalari.com\/indonesia\/wp-json\/wp\/v2\/users\/3"}],"replies":[{"embeddable":true,"href":"https:\/\/guneydoguasyacalismalari.com\/indonesia\/wp-json\/wp\/v2\/comments?post=6219"}],"version-history":[{"count":0,"href":"https:\/\/guneydoguasyacalismalari.com\/indonesia\/wp-json\/wp\/v2\/posts\/6219\/revisions"}],"wp:featuredmedia":[{"embeddable":true,"href":"https:\/\/guneydoguasyacalismalari.com\/indonesia\/wp-json\/wp\/v2\/media\/6220"}],"wp:attachment":[{"href":"https:\/\/guneydoguasyacalismalari.com\/indonesia\/wp-json\/wp\/v2\/media?parent=6219"}],"wp:term":[{"taxonomy":"category","embeddable":true,"href":"https:\/\/guneydoguasyacalismalari.com\/indonesia\/wp-json\/wp\/v2\/categories?post=6219"},{"taxonomy":"post_tag","embeddable":true,"href":"https:\/\/guneydoguasyacalismalari.com\/indonesia\/wp-json\/wp\/v2\/tags?post=6219"}],"curies":[{"name":"wp","href":"https:\/\/api.w.org\/{rel}","templated":true}]}}