{"id":620,"date":"2015-01-27T04:27:10","date_gmt":"2015-01-27T04:27:10","guid":{"rendered":"http:\/\/guneydoguasyacalismalari.com\/?p=620"},"modified":"2016-10-03T04:33:42","modified_gmt":"2016-10-03T04:33:42","slug":"yetim-projesi-ve-yolsuzlukla-boyutuna-dair-kisa-bir-degini-an-orphanage-project-and-a-short-narration-of-its-corruption-dimension","status":"publish","type":"post","link":"https:\/\/guneydoguasyacalismalari.com\/indonesia\/yetim-projesi-ve-yolsuzlukla-boyutuna-dair-kisa-bir-degini-an-orphanage-project-and-a-short-narration-of-its-corruption-dimension\/","title":{"rendered":"Yetim Projesi ve Yolsuzlukla Boyutuna Dair K\u0131sa Bir De\u011fini \/ An Orphanage Project and A Short Narration of Its Corruption Dimension"},"content":{"rendered":"<p>Bir s\u00fcredir Endonezya\u2019da Ba\u015fkan Joko Widodo (Jokowi), Yolsuzlukla M\u00fccadele Kurumu ve Emniyet Genel M\u00fcd\u00fcrl\u00fc\u011f\u00fc ba\u015fta olmak \u00fczere bir dizi kurum aras\u0131nda s\u00fcren yolsuzluk tart\u0131\u015fmalar\u0131 giderek farkl\u0131 boyutlar kazan\u0131yor. Bu geli\u015fmeleri ele almay\u0131 bir sonraki yaz\u0131ya b\u0131rakarak, ya\u015fanan bu geli\u015fmelerden hi\u00e7 de ba\u011f\u0131ms\u0131z olmayan, hatta tastamam ilintili ve uluslararas\u0131 boyutu olan bir hadisenin baz\u0131 detaylar\u0131n\u0131 g\u00fcndeme getirmekte fayda var. Bu yaz\u0131ya konu olacak vak\u0131a 26 Aral\u0131k 2004 tarihinde ya\u015fanan deprem ve ard\u0131ndan meydana gelen tsunami sonras\u0131nda Endonezya Cumhuriyeti A\u00e7e Eyaleti\u2019nde 2006 y\u0131l\u0131nda resmen ba\u015flat\u0131lan \u2018Tsunami Yetimleri Pilot Projesi\u2019yle ilgili. O zamanki ad\u0131yla \u0130slam Konferans\u0131 Te\u015fkilat\u0131, bug\u00fcnk\u00fc ad\u0131yla \u0130slam \u0130\u015fbirli\u011fi Te\u015fkilat\u0131\u2019n\u0131n bu projeden gayesi, sadece A\u00e7e Eyalet\u2019tindeki 25.000 yetimin 15 y\u0131l boyunca bak\u0131m\u0131n\u0131 \u00fcstlenecek olmas\u0131yla s\u0131n\u0131rl\u0131 de\u011fildi. (Bu arada A\u00e7e\u2019de 115.000 yetim oldu\u011funu bir kez daha hat\u0131rlatay\u0131m). Proje\u2019nin \u2018pilot\u2019 olarak adland\u0131r\u0131lmas\u0131 kurumun en ba\u015f\u0131ndaki yetkiliden ba\u015flayarak A\u00e7e\u2019deki projeden sorumlu olanlar\u0131n defaatle dile getirdikleri \u00fczere \u0130slam co\u011frafyas\u0131n\u0131n de\u011fi\u015fik b\u00f6lgelerinde s\u00fcren \u00e7at\u0131\u015fmalarda nedeniyle \u2018yetim\u2019 kalanlar\u0131 kapsayacak farkl\u0131 projelere modelli\u011fiydi.<\/p>\n<p>Bu k\u0131sa giri\u015fin ard\u0131ndan, bir s\u00fcredir ba\u015fkent Cakarta\u2019n\u0131n g\u00fcndemine oturan ve \u00f6yle kolay kolay da bitece\u011fe benzemeyen yolsuzluk soru\u015fturmalar\u0131nn nesnesi konumundaki emniyet\/polis \u015fefleri ba\u011flam\u0131nda yukar\u0131da zikredilen projenin y\u00fcr\u00fct\u00fcc\u00fclerinin kar\u0131\u015ft\u0131\u011f\u0131 yolsuzluk iddias\u0131 ve kriminal vak\u2019an\u0131n nas\u0131l ele al\u0131nd\u0131\u011f\u0131ndan bahsedeyim. 7 ve 31 Aral\u0131k 2009 tarihlerinde ba\u015fta Eyalet\u2019in \u00f6nde gelen yay\u0131n organ\u0131 \u201cSerambi Indonesia\u201d olmak \u00fczere \u00e7e\u015fitli bas\u0131n organlar\u0131nda \u00e7\u0131kan ve yolsuzlukla m\u00fccadele derne\u011finin y\u00f6neticilerince g\u00fcndeme ta\u015f\u0131nan haberler konunun g\u00fcndemde nas\u0131l yer etti\u011fini a\u00e7\u0131k\u00e7a ortaya koyuyor. Bu ciddi iddialar g\u00fcndeme ta\u015f\u0131nd\u0131\u011f\u0131nda, \u0130slam \u0130\u015fbirli\u011fi Te\u015fkilat\u0131\u2019n\u0131n o d\u00f6nemki genel sekreterinin, Sudanl\u0131 genel sekreter asistan\u0131n\u0131n emriyle merkezden, yani Cidde\u2019den A\u00e7e\u2019ye g\u00f6nderilen \u0130dari ve Mali \u0130\u015fler M\u00fcd\u00fcr Yard\u0131mc\u0131s\u0131 T\u00fcrk vatanda\u015f\u0131 MD ile \u0130nsani Yard\u0131m B\u00f6l\u00fcm M\u00fcd\u00fcr\u00fc Senegalli AK, ofis \u00e7al\u0131\u015fanlar\u0131yla \u2018g\u00f6r\u00fc\u015fmeler\u2019 yapmakla kalmam\u0131\u015f, o d\u00f6nem s\u00fcrecin i\u00e7erisinde olmam\u0131z nedeniyle \u00fc\u00e7 kez Hermes Palace Oteli\u2019nde bizimle de g\u00f6r\u00fc\u015fm\u00fc\u015flerdir.<\/p>\n<p>Bu g\u00f6r\u00fc\u015fmelerde bu iki \u2018yetkili\u2019, ortaya konulan verilerden hareketle \u201cgere\u011fini yapaca\u011f\u0131z\u201d t\u00fcr\u00fcnden manip\u00fclatif yakla\u015f\u0131mlar\u0131n\u0131n ard\u0131ndan, gere\u011finin yap\u0131lmamas\u0131ndan duyulan rahats\u0131zl\u0131\u011f\u0131n belirtilmesiyle MD\u2019in, tehditvari bir yakla\u015f\u0131m\u0131 i\u00e7inde bar\u0131nd\u0131ran \u201cBen bu i\u015fi nas\u0131l \u00e7\u00f6zece\u011fimi size g\u00f6sterece\u011fim\u201d yollu c\u00fcmlesi dikkat \u00e7ekiciydi. Ayn\u0131 g\u00fcnlerde bu iki \u2018yetkilinin\u2019 yolsuzluk iddialar\u0131n\u0131 soru\u015fturmakta olan A\u00e7e Eyaleti Emniyet Genel M\u00fcd\u00fcrl\u00fc\u011f\u00fc ile kriminal vaka \u00fczerinde \u00e7al\u0131\u015fan Banda A\u00e7e Emniyet M\u00fcd\u00fcrl\u00fc\u011f\u00fc\u2019ye temaslar\u0131n\u0131n ard\u0131ndan her iki vakan\u0131n \u00fczerinin \u00f6rt\u00fcld\u00fc\u011f\u00fc g\u00f6zlendi. Yolsuzluk iddialar\u0131na konu olan tan\u0131klar ve belgeler A\u00e7e Eyaleti Emniyet Genel M\u00fcd\u00fcrl\u00fc\u011f\u00fc\u2019ne sunulmas\u0131, s\u00fcrecin Cakarta boyutuna ta\u015f\u0131nmas\u0131na neden oldu. Bu anlamda, sadece merkez Emniyet M\u00fcd\u00fcrl\u00fc\u011f\u00fc bilgilendirilmekle kalmam\u0131\u015f, \u2018yetim projesini\u2019 y\u00fcr\u00fcten kurumun \u2018uluslararas\u0131\u2019 olu\u015fu nedeniyle \u2018D\u0131\u015fi\u015fleri Bakanl\u0131\u011f\u0131\u2019 da s\u00fcrece kat\u0131lma a\u015famas\u0131na gelmi\u015fti. Ancak ne olduysa, bu iki \u2018yetkilinin\u2019 Eyalet emniyetindeki g\u00f6r\u00fc\u015fmeleriyle her iki soru\u015fturma da sonland\u0131r\u0131lmad\u0131. Yolsuzluk iddias\u0131 ile kriminal su\u00e7tan daval\u0131 olunan projenin ba\u015f\u0131ndaki ki\u015fi -ki h\u00e2l\u00e2 projenin ba\u015f\u0131nda bulunuyor- hakk\u0131nda t\u00fcm iddialar a\u00e7\u0131k-se\u00e7ik ortaya konmas\u0131na, tutulan avukat\u0131n \u00e7al\u0131\u015fmalar\u0131 sonucu bu ki\u015finin sadece kriminal vak\u2019adan iki y\u0131la varan hapis cezas\u0131 almas\u0131 g\u00fcndemdeyken, yalanc\u0131 \u015fahidin g\u00fcndeme getirilmesi ve sorgulama s\u00fcrecinin yava\u015ftan al\u0131nmas\u0131 gibi nedenlerle s\u00fcre\u00e7 akamete u\u011frad\u0131.<\/p>\n<p>Yukar\u0131da dile getirdi\u011fim \u00fczere k\u0131saca bahsetti\u011fim bu hadisenin \u00e7ok boyutlu ili\u015fkileri i\u00e7inde bar\u0131nd\u0131rd\u0131\u011f\u0131n\u0131 belirtmeliyim. MD\u2019in \u201cBu i\u015fi nas\u0131l \u00e7\u00f6zece\u011fimi size g\u00f6sterece\u011fim\u201d c\u00fcmlesi bu noktada anahtar konumunda. Daha \u00f6nce de benzer konularla kar\u015f\u0131la\u015ft\u0131\u011f\u0131n\u0131 s\u00f6yleyen MD, anla\u015f\u0131lan o ki, polis ba\u015fta olmak \u00fczere \u00e7e\u015fitli kurumlarla nas\u0131l \u2018ileti\u015fim kurulaca\u011f\u0131n\u0131\u2019 iyi \u00f6\u011frenmi\u015f oldu\u011fu anla\u015f\u0131l\u0131yor. Herhalde ayn\u0131 yakla\u015f\u0131m\u0131n\u0131 genel sekreter de\u011fi\u015fiminden sonra Avrupa\u2019da bir havac\u0131l\u0131k kurumundaki g\u00f6revi s\u00fcrecinde de ger\u00e7ekle\u015ftirme kabiliyetini sergileyece\u011fine \u015f\u00fcphe yok. Tabii burada, ne genel sekreterlikten sonra cumhurba\u015fkanl\u0131\u011f\u0131 s\u00fcrecine konu olan ki\u015finin T\u00fcrkiye Cumhuriyeti Devleti y\u00f6neticileriyle \u2018ili\u015fkileri\u2019nde ger\u00e7ek profilinin ortaya \u00e7\u0131kmas\u0131 veya yetim projesinin ba\u015f\u0131na kondurulan ki\u015finin f\u0131k\u0131h\u00e7\u0131 babas\u0131yla olan ili\u015fkisi; ne de bu ki\u015finin \u00fcniversiteden ba\u015far\u0131s\u0131zl\u0131\u011f\u0131 dolay\u0131s\u0131yla at\u0131lm\u0131\u015fl\u0131\u011f\u0131yla yetim projesi gibi son derece \u00f6nemli bir konudaki ehliyetsizli\u011fi gibi \u2018yolsuzluk\u2019 olgusunun sadece maddi yani parasal (tangible) ili\u015fkilerle ilintili olmad\u0131\u011f\u0131, manevi (intangible) boyutlar\u0131n\u0131n da bulundu\u011funu g\u00fcndeme getirme gibi bir niyet i\u00e7erisindeyiz. Burada konu, bir \u00fclkenin ulusal g\u00fcvenli\u011fini sadece silahl\u0131 sald\u0131r\u0131lar de\u011fil, halk\u0131n\u0131 zarara u\u011fratacak t\u00fcm giri\u015fimlerden korumakla g\u00f6revi birimlerinin nas\u0131l olup da b\u00f6ylesi \u00f6nemli bir konuda s\u00fcre\u00e7leri de\u011fi\u015ftirebilecek yakla\u015f\u0131mlara tabi olduklar\u0131d\u0131r.<\/p>\n<p>&nbsp;<\/p>\n<p>Bug\u00fcn, Emniyet Genel M\u00fcd\u00fcr\u00fc atamas\u0131 ba\u011flam\u0131nda ba\u015fkent Cakarta\u2019y\u0131 sarsan geli\u015fmeler, polis \u015feflerinin bir orkestra halinde \u00fclkenin en sayg\u0131n kurumlar\u0131ndan olan ve Suhartolu y\u0131llar\u0131n sonras\u0131nda \u00fclke siyasal ve toplumsal ya\u015fam\u0131nda \u2018reform\u2019 \u00e7a\u011fr\u0131lar\u0131na bir cevap olarak, t\u00fcm yolsuzluk s\u00fcre\u00e7leriyle m\u00fccadelede kurumsalla\u015fman\u0131n ad\u0131 olan \u2018Yolsuzlukla M\u00fccadele Kurumu\u2019 (KPK)\u2019y\u0131 itibars\u0131zla\u015ft\u0131rma ve neredeyse etkisizle\u015ftirme \u00e7abalar\u0131 ortada son derece hukuki, ahlaki dejenerasyonlar\u0131n oldu\u011funu kan\u0131tlamaktad\u0131r. Bu kurumsalla\u015fm\u0131\u015f yolsuzluk olgusunun A\u00e7e gibi hem \u00fclkenin \u0130slami ya\u015fam\u0131 ile dikkat \u00e7eken hem tsunami gibi d\u00fcnyan\u0131n g\u00f6rd\u00fc\u011f\u00fc en b\u00fcy\u00fck afetlere konu olmu\u015f bir k\u00f6\u015fesinde ad\u0131nda \u2018\u0130slam\u2019 kelimesinin ge\u00e7ti\u011fi bir uluslararas\u0131 kurumun icraatlar\u0131yla ilgili ciddi iddialar\u0131 \u2018es\u2019 ge\u00e7ebilece\u011fini 2009 y\u0131l\u0131ndan bu yana tan\u0131k olunmaktad\u0131r. Cakarta\u2019da ba\u015f g\u00f6steren ve \u00fclkenin en \u00f6nemli kurumlar\u0131 aras\u0131nda \u00e7at\u0131\u015fmalar\u0131n giderek artmakta oldu\u011fu bir d\u00f6nemde, s\u00f6z konusu kurumlar\u0131n, yukar\u0131da k\u0131smen zikredilen vak\u0131aya konu olan kurum \u00f6zelinden hareketle, uluslararas\u0131\u00a0 kurumlarla olan ba\u011flant\u0131lar\u0131, \u00e7\u0131kar ili\u015fkileri, manip\u00fclatif yakla\u015f\u0131mlar\u0131 da sadece gazetecilik anlam\u0131nda de\u011fil, akademik ve de dini boyutlar\u0131yla incelenmeye de\u011ferdir.<\/p>","protected":false},"excerpt":{"rendered":"<p>Bir s\u00fcredir Endonezya\u2019da Ba\u015fkan Joko Widodo (Jokowi), Yolsuzlukla M\u00fccadele Kurumu ve Emniyet Genel M\u00fcd\u00fcrl\u00fc\u011f\u00fc ba\u015fta olmak \u00fczere bir dizi kurum aras\u0131nda s\u00fcren yolsuzluk tart\u0131\u015fmalar\u0131 giderek farkl\u0131 boyutlar kazan\u0131yor. Bu geli\u015fmeleri ele almay\u0131 bir sonraki yaz\u0131ya b\u0131rakarak, ya\u015fanan bu geli\u015fmelerden hi\u00e7 de ba\u011f\u0131ms\u0131z olmayan, hatta tastamam ilintili ve uluslararas\u0131 boyutu olan bir hadisenin baz\u0131 detaylar\u0131n\u0131 g\u00fcndeme [&hellip;]<\/p>","protected":false},"author":1,"featured_media":621,"comment_status":"open","ping_status":"open","sticky":false,"template":"","format":"standard","meta":{"footnotes":""},"categories":[21,6],"tags":[],"class_list":["post-620","post","type-post","status-publish","format-standard","has-post-thumbnail","hentry","category-endonezya","category-gunluk-yazilar"],"_links":{"self":[{"href":"https:\/\/guneydoguasyacalismalari.com\/indonesia\/wp-json\/wp\/v2\/posts\/620","targetHints":{"allow":["GET"]}}],"collection":[{"href":"https:\/\/guneydoguasyacalismalari.com\/indonesia\/wp-json\/wp\/v2\/posts"}],"about":[{"href":"https:\/\/guneydoguasyacalismalari.com\/indonesia\/wp-json\/wp\/v2\/types\/post"}],"author":[{"embeddable":true,"href":"https:\/\/guneydoguasyacalismalari.com\/indonesia\/wp-json\/wp\/v2\/users\/1"}],"replies":[{"embeddable":true,"href":"https:\/\/guneydoguasyacalismalari.com\/indonesia\/wp-json\/wp\/v2\/comments?post=620"}],"version-history":[{"count":0,"href":"https:\/\/guneydoguasyacalismalari.com\/indonesia\/wp-json\/wp\/v2\/posts\/620\/revisions"}],"wp:featuredmedia":[{"embeddable":true,"href":"https:\/\/guneydoguasyacalismalari.com\/indonesia\/wp-json\/wp\/v2\/media\/621"}],"wp:attachment":[{"href":"https:\/\/guneydoguasyacalismalari.com\/indonesia\/wp-json\/wp\/v2\/media?parent=620"}],"wp:term":[{"taxonomy":"category","embeddable":true,"href":"https:\/\/guneydoguasyacalismalari.com\/indonesia\/wp-json\/wp\/v2\/categories?post=620"},{"taxonomy":"post_tag","embeddable":true,"href":"https:\/\/guneydoguasyacalismalari.com\/indonesia\/wp-json\/wp\/v2\/tags?post=620"}],"curies":[{"name":"wp","href":"https:\/\/api.w.org\/{rel}","templated":true}]}}