{"id":5618,"date":"2025-01-03T04:50:41","date_gmt":"2025-01-03T04:50:41","guid":{"rendered":"https:\/\/guneydoguasyacalismalari.com\/?p=5618"},"modified":"2025-01-03T04:50:41","modified_gmt":"2025-01-03T04:50:41","slug":"bangsamoroda-secim-sureci-election-process-in-bangsamoro","status":"publish","type":"post","link":"https:\/\/guneydoguasyacalismalari.com\/indonesia\/bangsamoroda-secim-sureci-election-process-in-bangsamoro\/","title":{"rendered":"Proses pemilihan umum di Bangsamoro... \/ Proses pemilihan umum di Bangsamoro..."},"content":{"rendered":"<p><strong>Mehmet \u00d6zay &nbsp;&nbsp;&nbsp;&nbsp;&nbsp;&nbsp;&nbsp;&nbsp;&nbsp;&nbsp;&nbsp;&nbsp;&nbsp;&nbsp;&nbsp;&nbsp;&nbsp;&nbsp;&nbsp;&nbsp;&nbsp;&nbsp;&nbsp;&nbsp;&nbsp;&nbsp;&nbsp;&nbsp;&nbsp;&nbsp;&nbsp;&nbsp;&nbsp;&nbsp;&nbsp;&nbsp;&nbsp;&nbsp;&nbsp;&nbsp;&nbsp;&nbsp;&nbsp;&nbsp;&nbsp;&nbsp;&nbsp;&nbsp;&nbsp;&nbsp;&nbsp;&nbsp;&nbsp;&nbsp;&nbsp;&nbsp;&nbsp;&nbsp;&nbsp;&nbsp;&nbsp;&nbsp;&nbsp;&nbsp;&nbsp;&nbsp;&nbsp;&nbsp;&nbsp;&nbsp;&nbsp;&nbsp;&nbsp;&nbsp;&nbsp;&nbsp;&nbsp;&nbsp;&nbsp;&nbsp;&nbsp;&nbsp;&nbsp;&nbsp;&nbsp;&nbsp;&nbsp;&nbsp;&nbsp;&nbsp;&nbsp;&nbsp;&nbsp;&nbsp;&nbsp;&nbsp;&nbsp;&nbsp;&nbsp;&nbsp;&nbsp;&nbsp;&nbsp;&nbsp;&nbsp;&nbsp; 03.01.2025<\/strong><\/p>\n\n\n\n<p>Bangsamoro halk\u0131, May\u0131s ay\u0131nda yap\u0131lacak olan yerel parlamento se\u00e7imlerine haz\u0131rlan\u0131yor.<\/p>\n\n\n\n<p>Filipinler\u2019in g\u00fcneyinde Mindanao\u2019nun belirli b\u00f6lgelerini kapsayan, Bangsamoro bar\u0131\u015f anla\u015fmas\u0131\u2019n\u0131n nihai sonucu kabul edilen, Moro Halk\u0131\u2019n\u0131n otonom y\u00f6netime ge\u00e7i\u015fe aylar kald\u0131.<\/p>\n\n\n\n<p>2014 y\u0131l\u0131 Mart ay\u0131nda, Moro \u0130slami Kurtulu Cephesi (<em>Moro Islamic Liberation Front<\/em>-MILF) ile Filipinler merkezi y\u00f6netimi aras\u0131nda imzalanan kapsaml\u0131 bar\u0131\u015f anla\u015fmas\u0131 (<em>Comprehensive Agreement on the Bangsomoro<\/em>) ve 26 \u015eubat 2019 bu yana uygulanan Bangsamoro Ge\u00e7i\u015f Y\u00f6netimi\u2019nin (<em>Bangsamoro Transition Authority<\/em>-BTA) ard\u0131ndan, \u015fimdi s\u0131ra yerel parlamento se\u00e7imlerinde&#8230;<\/p>\n\n\n\n<p><strong>8 parti<\/strong><\/p>\n\n\n\n<p>May\u0131s ay\u0131nda yap\u0131lacak se\u00e7imler i\u00e7in, Bangsamoro Se\u00e7im Komisyonu, ge\u00e7ti\u011fimiz Ekim ay\u0131ndan bu yana se\u00e7im haz\u0131rl\u0131klar\u0131n\u0131 s\u00fcrd\u00fcr\u00fcyor.<\/p>\n\n\n\n<p>Se\u00e7imlere 8 partinin kat\u0131lmas\u0131 bekleniyor.<\/p>\n\n\n\n<p>MILF, geli\u015fmekte olan siyasi hayata adapte olurken, se\u00e7imlere, \u201cBirle\u015fik Bangsamoro Adalet Partisi\u201d (<em>United Bangsamoro Justice Party<\/em>-UBJP) ad\u0131yla kat\u0131lacak.<\/p>\n\n\n\n<p>Ancak, UBJP se\u00e7imlerde yanl\u0131z olmayacak\u2026<\/p>\n\n\n\n<p>Yerel parlamento se\u00e7imlerine kat\u0131lacak partiler \u015funlar: Bangsamoro \u00d6zerk Y\u00f6netim B\u00f6lgesi B\u00fcy\u00fck Koalisyonu (BGC), Birle\u015fik Bangsamoro Partisi (al-Ittihad-UKB), \u0130lerici \u0130ttifak (<em>I<\/em><em>nclusive Services Progressive Alliance<\/em>-SIAP), \u0130lerici Bangsamoro Partisi (Progressive Bangsamoro Party), Moro Ako, Bangsamoro Partisi (BAPA), Bangsamoro Halk Partisi (BPP), Bangsamoro Halklar\u0131 Demokratik Partisi (BPDP), Mahardika Partisi.<\/p>\n\n\n\n<p>Bu geni\u015f da\u011f\u0131l\u0131ma ra\u011fmen, baz\u0131 ittifak olu\u015fumlar\u0131n\u0131n ortaya kondu\u011fu g\u00f6zlemleniyor. \u00d6rne\u011fin,<\/p>\n\n\n\n<p>Bangsamoro \u00d6zerk Y\u00f6netim B\u00f6lgesi B\u00fcy\u00fck Koalisyonu (BGC) b\u00fcnyesinde Al-Ittihad, BPP, ve SIAP yer al\u0131yor.<\/p>\n\n\n\n<p>Bunun yan\u0131 s\u0131ra, b\u00f6lgede ba\u011f\u0131ms\u0131zl\u0131k s\u00fcre\u00e7lerini ba\u015flatan isim olarak da bilinen Nur Misuari\u2019ye ba\u011fl\u0131 gruplar Mahardika Partisi\u2019nde biraraya geliyor.<\/p>\n\n\n\n<p><strong>Bangsamoro se\u00e7ime nas\u0131l haz\u0131rlan\u0131yor?<\/strong><\/p>\n\n\n\n<p>Se\u00e7im s\u00fcrecinde istikrar ve g\u00fcvenli\u011fin sa\u011flanmas\u0131 dikkate al\u0131nd\u0131\u011f\u0131nda, Se\u00e7im Komisyonu\u2019nun kamuoyunu bilgilendirme faaliyeti b\u00fcy\u00fck \u00f6nem ta\u015f\u0131d\u0131\u011f\u0131na ku\u015fku yok.<\/p>\n\n\n\n<p>Bu s\u00fcre\u00e7te, \u00f6zellikle Avrupa Birli\u011fi, Birle\u015fmi\u015f Milletler Proje Hizmetleri ve Asya Vakf\u0131 gibi uluslararas\u0131 \u00f6rg\u00fctler kayda de\u011fer rol oynuyor.<\/p>\n\n\n\n<p>Se\u00e7imlere kat\u0131lacak parti say\u0131s\u0131n\u0131n fazlal\u0131\u011f\u0131, Bangsamoro\u2019da demokratik rekabet anlam\u0131na gelmesi kadar, bir t\u00fcr i\u00e7 m\u00fccadele anlam\u0131 da ta\u015f\u0131yor.<\/p>\n\n\n\n<p>B\u00f6lgede faaliyet g\u00f6steren ve baz\u0131lar\u0131na yukarda de\u011findi\u011fimiz uluslararas\u0131 \u00f6rg\u00fctler, se\u00e7im s\u00fcrei \u00f6ncesinde b\u00f6lge halk\u0131n\u0131 \u2018demokratik pratikler\u2019 ve \u2018yasal ko\u015fullara\u2019 haz\u0131rlama g\u00f6revini \u00fcstlenirken, bunun b\u00f6lge halk\u0131 aras\u0131nda ne t\u00fcr yans\u0131malar\u0131 olaca\u011f\u0131n\u0131 May\u0131s ay\u0131nda yap\u0131lan se\u00e7imlerde g\u00f6rece\u011fiz.<\/p>\n\n\n\n<p>\u0130lgili yap\u0131lar\u0131n b\u00f6lgedeki se\u00e7imlere kad\u0131nlar, gen\u00e7ler gibi kategorilerle yumu\u015fak m\u00fcdahalelerde bulunuyor olmalar\u0131n\u0131, b\u00f6lgede ya\u015fanan toplumsal de\u011fi\u015fimler \u00e7er\u00e7evesinde de\u011ferlendirmek m\u00fcmk\u00fcn.<\/p>\n\n\n\n<p>Bununla birlikte, bu yap\u0131la\u015fmalar\u0131n Bangsamoro Ge\u00e7i\u015f Parlamentosu\u2019nun hakimiyetinin May\u0131s se\u00e7imleri sonras\u0131nda, ne t\u00fcr bir devaml\u0131l\u0131k sa\u011flayaca\u011f\u0131 ise \u00fczerinde durulmas\u0131 gereken bir konu.<\/p>\n\n\n\n<p>Bu s\u00f6ylemi g\u00fcndeme getirmemizin nedeni, s\u00f6z konusu yabanc\u0131 sivil toplum olu\u015fumlar\u0131n\u0131n belirli partileri ve adaylar\u0131 destekleme konusunda a\u00e7\u0131k \u00e7abalar\u0131n\u0131n olmas\u0131.<\/p>\n\n\n\n<p>Bangsamoro toplumuna \u2018demokrasi\u2019 pratiklerini getirme iddias\u0131yla g\u00f6n\u00fcll\u00fc faaliyetlerde bulunan bu yap\u0131lar\u0131n, Bangsamoro siyasal yap\u0131la\u015fmas\u0131n\u0131 y\u00f6nlendirme, manip\u00fcle etme vb. s\u00fcre\u00e7leri tetikleyip tetiklemeyecekleri ise izlenmeye de\u011fer bir hususu olu\u015fturuyor.<\/p>\n\n\n\n<p><strong>G\u00fcvenlik olgusu<\/strong><\/p>\n\n\n\n<p>B\u00f6lgede h\u00e2l\u00e2 varl\u0131\u011f\u0131n\u0131 s\u00fcrd\u00fcren temel sorunlardan bir di\u011ferini ise, silahl\u0131 gruplar olu\u015fturuyor.<\/p>\n\n\n\n<p>Bu gruplar\u0131n, kendi ba\u015f\u0131na hareket eden da\u011f\u0131n\u0131k grup \u00f6zellikler g\u00f6stermek yerine, belirli b\u00f6lgelerde \u2018hanedan\u2019 olarak adland\u0131r\u0131lan geni\u015f aile gruplar\u0131na ba\u011fl\u0131 yap\u0131lar olarak dikkat \u00e7ekiyor.<\/p>\n\n\n\n<p>Sadece Mindanao\u2019nun de\u011fil, Filipinler\u2019in temel sorunu olarak dikkat \u00e7eken bu husus, Mindanaou b\u00f6lgesinde de ge\u00e7erli.<\/p>\n\n\n\n<p>\u00d6yle ki, \u00fclke genelinde on b\u00f6lgeden sekizinde yerel y\u00f6netimlerin s\u00f6z konusu bu yap\u0131lar\u0131n y\u00f6netime hakim olduklar\u0131 d\u00fc\u015f\u00fcn\u00fcld\u00fc\u011f\u00fcnde \u2018demokrasi\u2019 pratikleri ba\u011flam\u0131nda kar\u015f\u0131m\u0131zda farkl\u0131 bir olgunun ve s\u00fcrecin oldu\u011fu g\u00f6r\u00fcl\u00fcyor.<\/p>\n\n\n\n<p>Bangsamoro Ge\u00e7i\u015f D\u00f6nemi Parlamentosu lideri Murat \u0130brahim, benzer bir duruma, yakla\u015f\u0131k bir y\u0131l \u00f6nce verdi\u011fi bir m\u00fcl\u00e2katta dikkat \u00e7ekmi\u015fti.<\/p>\n\n\n\n<p>T\u00fcm bu a\u00e7\u0131klamalara bak\u0131ld\u0131\u011f\u0131nda, silahlar\u0131n b\u0131rak\u0131lmas\u0131n\u0131n ard\u0131ndan, sava\u015f\u00e7\u0131lar\u0131n silahlar\u0131 iadesi s\u00fcrecinin, tam anlam\u0131yla hayata ge\u00e7irildi\u011fini s\u00f6ylemek g\u00fc\u00e7.<\/p>\n\n\n\n<p>Bu durum, sadece, MILF i\u00e7inde farkl\u0131 gruplar\u0131n kendi ba\u015flar\u0131na hareket edebilme olas\u0131l\u0131\u011f\u0131ndan kaynaklanm\u0131yor.<\/p>\n\n\n\n<p>Yukar\u0131da dikkat \u00e7ekildi\u011fi \u00fczere, belirli toplumsal liderler etraf\u0131nda \u00f6r\u00fcnt\u00fclenen sosyal yap\u0131n\u0131n da, temel bir neden olu\u015fturdu\u011fu ortada.<\/p>\n\n\n\n<p><strong>Ge\u00e7i\u015f d\u00f6nemi \u2013 kal\u0131c\u0131 bar\u0131\u015f<\/strong><\/p>\n\n\n\n<p>2014 y\u0131l\u0131nda imzalanan bar\u0131\u015f antla\u015fmas\u0131n\u0131n ard\u0131ndan, 2019-2022 y\u0131llar\u0131 aras\u0131nda, uygulamaya konulan \u2018Bangsamoro Ge\u00e7i\u015f D\u00f6nemi Parlamentosu\u2019 uygulamas\u0131yla, \u2018ge\u00e7i\u015f y\u00f6netimi\u2019 tecr\u00fcbe edildi.<\/p>\n\n\n\n<p>2022\u2019de yap\u0131lmas\u0131 beklenen parlamento se\u00e7imleri, kovid-19 s\u00fcrecinde ya\u015fanan sorunlar nedeniyle \u00fc\u00e7 y\u0131l s\u00fcreyle ertelenmi\u015fti.<\/p>\n\n\n\n<p>\u2018Normalle\u015fme s\u00fcreci\u2019 olarak da adland\u0131r\u0131lan bug\u00fcne kadarki s\u00fcre\u00e7, Filipinler merkezi h\u00fck\u00fcmeti, MILF ve \u2018Ortak Normalle\u015fme Komitesi\u2019 taraf\u0131ndan y\u00fcr\u00fct\u00fclen programlarla ortaya kondu.<\/p>\n\n\n\n<p>Bu s\u00fcrecin en \u00f6nemli b\u00f6l\u00fcm\u00fc ise, hi\u00e7 ku\u015fku yok ki, silahlar\u0131n b\u0131rak\u0131lmas\u0131 ve sava\u015f\u00e7\u0131lar\u0131n sivil hayata adaptasyonu olu\u015fturdu.<\/p>\n\n\n\n<p>S\u00f6z konusu bu gecikmenin ard\u0131nda, bu y\u0131l yerel parlamento se\u00e7imleri ger\u00e7ekle\u015ftirilecek.<\/p>\n\n\n\n<p>Devlet ba\u015fkan\u0131 Junior Marcos\u2019un babas\u0131 Marcos d\u00f6neminde yani, 1970\u2019lerde ba\u015flayan ba\u011f\u0131ms\u0131zl\u0131k m\u00fccadelesi, 2000\u2019li y\u0131llar\u0131n ba\u015flar\u0131nda bar\u0131\u015f g\u00f6r\u00fc\u015fmelerine konu oldu.<\/p>\n\n\n\n<p>Filipinler\u2019de, farkl\u0131 devlet ba\u015fkanlar\u0131 ve iktidarlar\u0131 d\u00f6neminlerinde s\u00fcrd\u00fcr\u00fclmeye \u00e7al\u0131\u015f\u0131lan bar\u0131\u015f g\u00f6r\u00fc\u015fmeleri nihayet, 2014 y\u0131l\u0131nda at\u0131lan imzalarla kesinlik kazand\u0131.<\/p>\n\n\n\n<p>2010\u2019lu y\u0131llarda devlet ba\u015fkan\u0131 olan Benigno Aquino d\u00f6neminin en \u00f6nemli ba\u015far\u0131lar\u0131ndan biri olarak tarihe ge\u00e7en Bangsamoro Bar\u0131\u015f Anla\u015fmas\u0131, Moro Halk\u0131\u2019na ba\u015fta Mindanao Adas\u0131\u2019n\u0131n belli b\u00f6lgeleri ile Sulu ve Palawan adalar\u0131nda \u00f6zerk y\u00f6netim imk\u00e2n\u0131 tan\u0131yor.<\/p>\n\n\n\n<p>\u00d6zellikle, Kovid-19\u2019da ya\u015fanan gecikmelerle sab\u0131k devlet ba\u015fkan\u0131 Roberto Duterde d\u00f6neminde hayata ge\u00e7irilemeyen parlamento se\u00e7imleri, ge\u00e7i\u015f s\u00fcrecinin \u00fc\u00e7 y\u0131l daha uzat\u0131lmas\u0131n\u0131 gerektirmi\u015fti.<\/p>\n\n\n\n<p>Aradan ge\u00e7en s\u00fcre zarf\u0131nda, merkezi y\u00f6neimde \u00f6nemli bir de\u011fi\u015fiklik ya\u015fan\u0131p Filipinler tarihine \u2018diktat\u00f6r\u2019 lakab\u0131yla ge\u00e7en Ferdinand Marcos\u2019un o\u011flu \u2018Junior Marcos\u2019 devlet ba\u015fkanl\u0131\u011f\u0131na gelmesiyle baz\u0131 \u00e7evrelerde s\u00f6z konusu anla\u015fman\u0131n hayata ge\u00e7irilmesiyle ilgili kayg\u0131lar\u0131n da ortaya \u00e7\u0131kmas\u0131na neden oldu.<\/p>\n\n\n\n<p>Bununla irtibatl\u0131 olup olmad\u0131\u011f\u0131 tart\u0131\u015fmal\u0131 olsa da, bu s\u00fcrecin bir anlamda g\u00fcndeme gelmesine tan\u0131k olunuyor.<\/p>\n\n\n\n<p>\u00d6yle ki, ge\u00e7ti\u011fimiz 9 Eyl\u00fcl tarihinde, Ulusal Kongre Y\u00fcksek Mahkeme\u2019nin verdi\u011fi karara dayanarak, Sulu Adalar\u0131\u2019n\u0131n Mindanao \u00d6zerk Y\u00f6netim b\u00f6lgesinden \u00e7\u0131kart\u0131ld\u0131\u011f\u0131n\u0131 a\u00e7\u0131klad\u0131.<\/p>\n\n\n\n<p>Karara gerek\u00e7e olarak ise, Sulu b\u00f6lgesinde yap\u0131lan referandumda, halk\u0131n y\u00fczde 54\u2019n\u00fcn Mindanao \u00d6zerk Y\u00f6netim b\u00f6lgesi i\u00e7erisinde yer almama y\u00f6n\u00fcnde oy kullanmas\u0131na dayan\u0131yor.<\/p>\n\n\n\n<p>May\u0131s ay\u0131nda yap\u0131lacak yerel se\u00e7imlerin ard\u0131ndan, \u00d6zerk Y\u00f6netim Parlamentosu olu\u015fmas\u0131yla Mindanao Adas\u0131\u2019n\u0131n belirli b\u00f6lgelerinde yeni y\u00f6netim s\u00fcrecine ba\u015flanacak.<\/p>\n\n\n\n<p>Bu geli\u015fmenin izlenmeye de\u011fer ve \u00f6\u011fretici oldu\u011funa ku\u015fku yok. \u00d6n\u00fcm\u00fczdeki s\u00fcre\u00e7te geli\u015fmeleri yak\u0131ndan takip edece\u011fiz\u2026<\/p>","protected":false},"excerpt":{"rendered":"<p>Mehmet \u00d6zay &nbsp;&nbsp;&nbsp;&nbsp;&nbsp;&nbsp;&nbsp;&nbsp;&nbsp;&nbsp;&nbsp;&nbsp;&nbsp;&nbsp;&nbsp;&nbsp;&nbsp;&nbsp;&nbsp;&nbsp;&nbsp;&nbsp;&nbsp;&nbsp;&nbsp;&nbsp;&nbsp;&nbsp;&nbsp;&nbsp;&nbsp;&nbsp;&nbsp;&nbsp;&nbsp;&nbsp;&nbsp;&nbsp;&nbsp;&nbsp;&nbsp;&nbsp;&nbsp;&nbsp;&nbsp;&nbsp;&nbsp;&nbsp;&nbsp;&nbsp;&nbsp;&nbsp;&nbsp;&nbsp;&nbsp;&nbsp;&nbsp;&nbsp;&nbsp;&nbsp;&nbsp;&nbsp;&nbsp;&nbsp;&nbsp;&nbsp;&nbsp;&nbsp;&nbsp;&nbsp;&nbsp;&nbsp;&nbsp;&nbsp;&nbsp;&nbsp;&nbsp;&nbsp;&nbsp;&nbsp;&nbsp;&nbsp;&nbsp;&nbsp;&nbsp;&nbsp;&nbsp;&nbsp;&nbsp;&nbsp;&nbsp;&nbsp;&nbsp;&nbsp;&nbsp;&nbsp;&nbsp;&nbsp;&nbsp;&nbsp;&nbsp;&nbsp;&nbsp;&nbsp;&nbsp;&nbsp; 03.01.2025 Bangsamoro halk\u0131, May\u0131s ay\u0131nda yap\u0131lacak olan yerel parlamento se\u00e7imlerine haz\u0131rlan\u0131yor. Filipinler\u2019in g\u00fcneyinde Mindanao\u2019nun belirli b\u00f6lgelerini kapsayan, Bangsamoro bar\u0131\u015f anla\u015fmas\u0131\u2019n\u0131n nihai sonucu kabul edilen, Moro Halk\u0131\u2019n\u0131n otonom y\u00f6netime ge\u00e7i\u015fe aylar kald\u0131. 2014 y\u0131l\u0131 Mart ay\u0131nda, Moro \u0130slami Kurtulu Cephesi (Moro Islamic Liberation Front-MILF) ile Filipinler merkezi y\u00f6netimi aras\u0131nda imzalanan kapsaml\u0131 bar\u0131\u015f anla\u015fmas\u0131 [&hellip;]<\/p>","protected":false},"author":3,"featured_media":5619,"comment_status":"open","ping_status":"open","sticky":false,"template":"","format":"standard","meta":{"footnotes":""},"categories":[62,6],"tags":[],"class_list":["post-5618","post","type-post","status-publish","format-standard","has-post-thumbnail","hentry","category-bangsamoro-filipinler","category-gunluk-yazilar"],"_links":{"self":[{"href":"https:\/\/guneydoguasyacalismalari.com\/indonesia\/wp-json\/wp\/v2\/posts\/5618","targetHints":{"allow":["GET"]}}],"collection":[{"href":"https:\/\/guneydoguasyacalismalari.com\/indonesia\/wp-json\/wp\/v2\/posts"}],"about":[{"href":"https:\/\/guneydoguasyacalismalari.com\/indonesia\/wp-json\/wp\/v2\/types\/post"}],"author":[{"embeddable":true,"href":"https:\/\/guneydoguasyacalismalari.com\/indonesia\/wp-json\/wp\/v2\/users\/3"}],"replies":[{"embeddable":true,"href":"https:\/\/guneydoguasyacalismalari.com\/indonesia\/wp-json\/wp\/v2\/comments?post=5618"}],"version-history":[{"count":0,"href":"https:\/\/guneydoguasyacalismalari.com\/indonesia\/wp-json\/wp\/v2\/posts\/5618\/revisions"}],"wp:featuredmedia":[{"embeddable":true,"href":"https:\/\/guneydoguasyacalismalari.com\/indonesia\/wp-json\/wp\/v2\/media\/5619"}],"wp:attachment":[{"href":"https:\/\/guneydoguasyacalismalari.com\/indonesia\/wp-json\/wp\/v2\/media?parent=5618"}],"wp:term":[{"taxonomy":"category","embeddable":true,"href":"https:\/\/guneydoguasyacalismalari.com\/indonesia\/wp-json\/wp\/v2\/categories?post=5618"},{"taxonomy":"post_tag","embeddable":true,"href":"https:\/\/guneydoguasyacalismalari.com\/indonesia\/wp-json\/wp\/v2\/tags?post=5618"}],"curies":[{"name":"wp","href":"https:\/\/api.w.org\/{rel}","templated":true}]}}