{"id":546,"date":"2015-06-25T03:21:46","date_gmt":"2015-06-25T03:21:46","guid":{"rendered":"http:\/\/guneydoguasyacalismalari.com\/?p=546"},"modified":"2016-10-03T03:22:35","modified_gmt":"2016-10-03T03:22:35","slug":"malezya-siyasetinde-sular-durulmuyor-i-political-hassles-not-settled-down-in-malaysia-i","status":"publish","type":"post","link":"https:\/\/guneydoguasyacalismalari.com\/indonesia\/malezya-siyasetinde-sular-durulmuyor-i-political-hassles-not-settled-down-in-malaysia-i\/","title":{"rendered":"Malezya Siyasetinde Sular Durulmuyor (I) \/ Political Hassles Not Settled Down in Malaysia (I)"},"content":{"rendered":"<p>Malezya\u2019da Ba\u015fbakan Necib bin Razak y\u00f6netimine kar\u015f\u0131 muhalefet hareketi giderek geni\u015fleme g\u00f6sterirken, h\u00fck\u00fcmetin bu s\u00fcre\u00e7te tatmink\u00e2r politikalar geli\u015ftirememesi \u00fclke siyasal g\u00fcndemini giderek daha da dar ve kaotik bir ortama evrilmesine neden oluyor. Muhalefet saflar\u0131n\u0131 olu\u015fturan ve 1999 y\u0131l\u0131ndan bug\u00fcne de\u011fin \u00fclkede \u2018reform\u2019 hareketinin \u00f6nc\u00fcs\u00fc konumundaki \u2018Halk Cephesi Koalisyonu\u2019 Enver \u0130brahim\u2019in yeniden hapsedilmesi ve ard\u0131ndan Malezya \u0130slam Partisi\u2019nin (PAS) koalisyon ortaklar\u0131nca ele\u015ftirilere neden olan yakla\u015f\u0131mlar\u0131ndan sonra yeni bir safhaya evrilirken, Ba\u015fbakan\u2019\u0131n karde\u015fi ve \u00fclkenin en \u00f6nemli finans kurumlar\u0131ndan biri olan CIMB Grubu Ba\u015fkan\u0131 Nazri bin Razak yeni bir parti kurma \u00e7al\u0131\u015fmalar\u0131na ba\u015flamas\u0131 g\u00fcndemde \u00f6nemli bir yer i\u015fgal ediyor. T\u00fcm muhalefet \u00e7e\u015fitlili\u011fi i\u00e7erisinde Malezya toplumunda geni\u015f kesimler \u00e7\u0131k\u0131\u015f yolu ararken, bug\u00fcnk\u00fc geli\u015fmeleri sa\u011fl\u0131kl\u0131 bir yere oturtabilmek i\u00e7in yak\u0131n ge\u00e7mi\u015fe k\u0131saca bakmak gerekir. Necib bin Razak\u2019\u0131n Ba\u015fbakanl\u0131k g\u00f6revini 2009 y\u0131l\u0131 Nisan ay\u0131nda Abdullah Badawi\u2019den devralmas\u0131yla, bir t\u00fcrl\u00fc gelmeyen ancak yeni bir umutla sar\u0131l\u0131nan \u2018reform\u2019 dalgas\u0131n\u0131n \u00fclkeyi saraca\u011f\u0131 y\u00f6n\u00fcnde bir intiba olu\u015fmu\u015ftu.<\/p>\n<p>Bu s\u00fcre\u00e7te, bizzat Ba\u015fbakan\u2019\u0131n \u00fclkeye yeni bir \u00e7ehre kazand\u0131rma amac\u0131 ve bu ba\u011flamda siyasi me\u015fruiyetini peki\u015ftirme gayreti kadar, ulusal politikan\u0131n bir gere\u011fi olarak, \u00fclkenin kalk\u0131nm\u0131\u015f \u00fclkeler s\u0131n\u0131f\u0131na atlamas\u0131n\u0131 hedefleyen \u201c2020 Vizyonu\u201dnu ger\u00e7ekle\u015ftirmeye matuf bir \u00e7aban\u0131n da itici bir g\u00fc\u00e7 olu\u015fturdu\u011funa ku\u015fku yok. Bununla birlikte, oy potansiyeli ve politikalar\u0131yla hitap etti\u011fi kesim ba\u011flam\u0131nda a\u011f\u0131rl\u0131kl\u0131 olarak k\u0131rsal b\u00f6lgelerde ya\u015fayanlar\u0131 hedef alan \u2018Birle\u015fik Ulusal Malay Birli\u011fi\u2019 (UMNO) \u00f6nderli\u011findeki Ulusal Cephe h\u00fck\u00fcmetinin muhalefetten \u2018reform\u2019 s\u00f6zc\u00fc\u011f\u00fcn\u00fc \u00f6d\u00fcn\u00e7 almas\u0131n\u0131n sembolik olarak ortaya koydu\u011fu \u00fczere, Ba\u015fbakan y\u00f6n\u00fcn\u00fc art\u0131k kemikle\u015fmi\u015f k\u0131rsal se\u00e7menden \u00e7ok kimlikli\/etnikli\/dinli yap\u0131s\u0131yla, farkl\u0131 ve g\u00fcncellenmeyi hak eden talepleriyle g\u00fcndeme gelen \u015fehirli se\u00e7meni hedef ald\u0131.<\/p>\n<p>Bir t\u00fcr gelecek se\u00e7im yat\u0131r\u0131m\u0131 olarak d\u00fc\u015f\u00fcn\u00fclebilecek olan bu yakla\u015f\u0131m, birbirine \u2018dokunmayan\u2019 toplumsal unsurlar aras\u0131nda uzla\u015fman\u0131n sa\u011flanmas\u0131n\u0131n da temelini olu\u015fturmaya adayd\u0131. \u00d6yle ki, Ba\u015fbakan\u2019\u0131n ba\u015fta \u00c7in ve Hint k\u00f6kenliler olmak \u00fczere \u00fclkenin d\u00f6rt bir yan\u0131nda etnik az\u0131nl\u0131k gruplar\u0131n\u0131 da kapsayacak \u015fekilde politikalar geli\u015ftirmesi, bu kitlelerin \u00e7e\u015fitli etkinliklerine kat\u0131larak, toplumsal liderleriye \u2018ayn\u0131 karede\u2019 yer almas\u0131 bir t\u00fcr iyimserlik havas\u0131n\u0131n yay\u0131lmas\u0131n\u0131 sa\u011flad\u0131. Asl\u0131nda ulusal siyasi arenada ve toplumsal \u00e7er\u00e7evesinde bu y\u00f6nelim, sadece Ba\u015fbakan Necib bin Razak i\u00e7in de\u011fil, UMNO i\u00e7in de a\u015f\u0131lmas\u0131 gereken bir e\u015fik anlam\u0131 ta\u015f\u0131yordu.<\/p>\n<p>Ba\u015fbakan i\u00e7in bu y\u00f6nelimin hakl\u0131la\u015ft\u0131r\u0131lmas\u0131 bir sonraki se\u00e7imi garanti alt\u0131na almak kadar, yukar\u0131da ifade etti\u011fim \u00fczere, 2020 Vizyonu\u2019na ula\u015fmada ihtiya\u00e7 duyulan toplumsal \u00fcretim g\u00fc\u00e7lerinin en \u00f6n\u00fcnde yer alan \u00c7inlileri bu hedefe kilitlemek ve bu ba\u011flamda, yakla\u015f\u0131k elli yedi y\u0131ld\u0131r bir t\u00fcrl\u00fc arzu edilir bir d\u00fczeye ula\u015ft\u0131r\u0131lamam\u0131\u015f \u2018ulus devlet\u2019 bilincinin de giderek toplumda kar\u015f\u0131l\u0131k bulmas\u0131na matufdu. Bu y\u00f6nelim \u00e7er\u00e7evesinde sokaktaki vatanda\u015f\u0131n yak\u0131nda hissedece\u011fi a\u00e7\u0131l\u0131m e\u011fitim, sa\u011fl\u0131k ve dini kurumlara destek mahiyetinde ortaya konurken, \u00fcst yap\u0131da i\u015f \u00e7evrelerini yeni yat\u0131r\u0131mlar, ba\u015fta b\u00f6lgesel ve k\u00fcresel geli\u015fmelere paralel olarak yeni ekonomik hedeflerde aktif hale getirmekti. Necib bin Razak\u2019\u0131n bu \u00e7\u0131k\u0131\u015f\u0131nda asl\u0131nda ortada \u2018ke\u015ffedilmi\u015f\u2019 bir durumdan s\u00f6z etmek m\u00fcmk\u00fcn de\u011fil. Ba\u015fbakan\u2019\u0131n yapt\u0131\u011f\u0131, 1999 y\u0131l\u0131ndan itibaren \u00e7ok etnikli ve dinli toplumsal yap\u0131da kar\u015f\u0131l\u0131k bularak, \u00fclke siyasetinde g\u00fcc\u00fcn\u00fc giderek art\u0131ran \u2018reform\u2019 merkezli bir y\u00f6nelim sergileyen muhalefetin \u2018siyasi s\u00f6ylemini\u2019 \u00f6d\u00fcn\u00e7 almaktan ibaretti.<\/p>\n<p>Hadd\u0131 zat\u0131nda, Ba\u015fbakan ve de tabii ki h\u00fck\u00fcmetin, ilk birka\u00e7 y\u0131ldaki uygulamalar\u0131, yak\u0131n gelecekte prati\u011fe ge\u00e7ire\u011fi s\u00f6z\u00fcn\u00fc verdi\u011fi vaatleriyle do\u011fru yolda oldu\u011funun g\u00f6stergelerini yakinen veriyordu. Ancak Ba\u015fbakan\u2019\u0131n \u00fcstesinden gelmesi gereken, sadece yeni bir siyasal ve toplumsal d\u00fczen \u015femas\u0131yla ortaya \u00e7\u0131kan muhalefetin s\u00f6ylemini \u00f6d\u00fcn\u00e7 alarak bunu do\u011frudan halka yans\u0131tma \u00e7abas\u0131n\u0131 sergilemekle s\u0131n\u0131rl\u0131 de\u011fildi. Bunun \u00f6tesinde, belki de daha \u00e7ok merkezden \u00e7evreye do\u011fru hiyerar\u015fik olarak yay\u0131lan UMNO kadrolar\u0131nda, uzun y\u0131llar iktidarda olman\u0131n verdi\u011fi bir t\u00fcr \u2018g\u00fcven\u2019 ile, bu g\u00fcc\u00fcn kaybedilece\u011fine dair bir t\u00fcr \u2018korku\u2019nun \u00fcretti\u011fi olumsuz tepkinin ipu\u00e7lar\u0131 da zamanla ortaya \u00e7\u0131kmaya ba\u015flamas\u0131yla ba\u015f etmesi gerekiyordu. Bu noktada, \u00f6rne\u011fin, Dr. Mahathir Muhammed gibi karizmatik bir liderlik profili ve bunun sa\u011flad\u0131\u011f\u0131 \u2018y\u00f6nlendiricilikden\u2019 ziyade, daha \u00e7ok UMNO genel kurulunun \u2018siyasi bask\u0131\u2019 mekanizmas\u0131 olarak da i\u015flev g\u00f6ren deste\u011fine ba\u011f\u0131ml\u0131 bir yap\u0131ya tabi olan Necib bin Razak\u2019\u0131n partisini ve de h\u00fck\u00fcmeti \u00f6d\u00fcn\u00e7 ald\u0131\u011f\u0131 s\u00f6ylemler \u00e7er\u00e7evesinde y\u00f6nlendirmede ne kadar ba\u015far\u0131l\u0131 oldu\u011funu ku\u015fkuludur.<\/p>\n<p>\u00d6zellikle yak\u0131n \u00e7evresinin tesirinde kalarak reform de\u011ferinde bir icraatta bulunmay\u0131\u015f\u0131n\u0131n kar\u015f\u0131l\u0131\u011f\u0131n\u0131, 5 May\u0131s 2013\u2019de yap\u0131lan 13. Genel Se\u00e7imler\u2019de \u015fehirli se\u00e7men kitlesi oylar\u0131n\u0131 UMNO ve ittifak kurdu\u011fu \u00c7in\/Hint k\u00f6kenli partilere vermeyerek ortaya koydu. Se\u00e7imin \u2018resmi\u2019 sonu\u00e7lar\u0131na g\u00f6re Ulusal Cephe\u2019nin iktidar\u0131n\u0131 devam ettirmesi sonucu ortaya \u00e7\u0131ksa da, genel oylar\u0131n %52\u2019si muhalefet blo\u011funun olu\u015fturdu\u011fu \u2018Halk Cephesi\u2019 koalisyonuna gitti. Bu ba\u011flamda, 5 May\u0131s, Ba\u015fbakan i\u00e7in \u201cikiz kriz\u201d s\u00fcrecine ba\u015flang\u0131\u00e7 anlam\u0131 ta\u015f\u0131yordu. Bir yanda, \u00f6zellikle 1948 y\u0131l\u0131nda s\u00f6m\u00fcrge d\u00f6neminde \u00e7\u0131kart\u0131lm\u0131\u015f ve h\u00fck\u00fcmete ve UMNO\u2019ya muhalefet makam\u0131ndaki parlamento \u00fcyeleri, gazeteciler, \u00f6\u011fretim \u00fcyeleri, aktivistler gibi \u00e7ok farkl\u0131 kesimleri i\u00e7in \u2018susturmaya\u2019 matuf bir i\u015flerlik kazand\u0131r\u0131lan \u2018\u0130syana Te\u015fvik Yasas\u0131\u2019n\u0131 kald\u0131rmayarak muhalefetin tepkisinin devam etmesine yol a\u00e7arken; ba\u015fta UMNO olmak \u00fczere iktidar koalisyonu \u00e7evrelerinde kayda de\u011fer oy kayb\u0131n\u0131n do\u011furdu\u011fu tedirginlik halinin \u00fcretti\u011fi tepkisellik g\u00fcn y\u00fcz\u00fcne \u00e7\u0131kmaya ba\u015flad\u0131.<\/p>\n<p>&nbsp;<\/p>\n<p>Bu geli\u015fme kar\u015f\u0131s\u0131nda, Ba\u015fbakan\u2019\u0131n ve de h\u00fck\u00fcmetin bu iki krizle m\u00fccadeleye nas\u0131l kar\u015f\u0131l\u0131k verdi\u011fine bak\u0131ld\u0131\u011f\u0131nda, ortada a\u00e7\u0131k\u00e7as\u0131 i\u00e7e kapanma denilebilecek ve gelenekselle\u015fmi\u015f politikalara d\u00f6n\u00fc\u015f dikkat \u00e7eker. Bu \u00e7er\u00e7evede, ad\u0131na muhalefet denilen toplumsal kesimleri temsil makam\u0131ndaki liderleri \u00e7e\u015fitli manip\u00fclasyonlarla hedef alan \u2018y\u0131prat\u0131c\u0131\u2019 politikalar izlenirken, iktidardaki UMNO ve m\u00fcttefiki partileri ayakta tutan gruplar\u0131 \u00fclkenin g\u00f6rece ba\u015fat yat\u0131r\u0131m ortam\u0131ndan nemaland\u0131rma s\u00fcrecine devam karar\u0131 \u00e7\u0131kt\u0131\u011f\u0131n\u0131 s\u00f6ylemek m\u00fcmk\u00fcn. \u0130\u015fte bu durum, Ba\u015fbakan\u2019\u0131n 2009\u2019da \u00fclkeye yeni bir vizyon kazand\u0131rma amac\u0131yla ba\u015flatt\u0131\u011f\u0131 de\u011fi\u015fim ve d\u00f6n\u00fc\u015f\u00fcm\u00fc s\u00fcrecinin nas\u0131l t\u0131kand\u0131\u011f\u0131 ve bu ba\u011flamda iktidar ayg\u0131t\u0131 i\u00e7erisinde var olmay\u0131 devam ettirme ad\u0131na UMNO\u2019nun nas\u0131l eski reflekslerine d\u00f6nerek politikalar yapma se\u00e7ene\u011fine mahkum oldu\u011funu ortaya koyar.<\/p>\n<p><strong><a href=\"http:\/\/www.dunyabulteni.net\/haber-analiz\/333321\/malezya-siyasetinde-sular-durulmuyor-i\">http:\/\/www.dunyabulteni.net\/haber-analiz\/333321\/malezya-siyasetinde-sular-durulmuyor-i<\/a><\/strong><\/p>","protected":false},"excerpt":{"rendered":"<p>Malezya\u2019da Ba\u015fbakan Necib bin Razak y\u00f6netimine kar\u015f\u0131 muhalefet hareketi giderek geni\u015fleme g\u00f6sterirken, h\u00fck\u00fcmetin bu s\u00fcre\u00e7te tatmink\u00e2r politikalar geli\u015ftirememesi \u00fclke siyasal g\u00fcndemini giderek daha da dar ve kaotik bir ortama evrilmesine neden oluyor. Muhalefet saflar\u0131n\u0131 olu\u015fturan ve 1999 y\u0131l\u0131ndan bug\u00fcne de\u011fin \u00fclkede \u2018reform\u2019 hareketinin \u00f6nc\u00fcs\u00fc konumundaki \u2018Halk Cephesi Koalisyonu\u2019 Enver \u0130brahim\u2019in yeniden hapsedilmesi ve ard\u0131ndan Malezya [&hellip;]<\/p>","protected":false},"author":1,"featured_media":547,"comment_status":"open","ping_status":"open","sticky":false,"template":"","format":"standard","meta":{"footnotes":""},"categories":[6,27],"tags":[],"class_list":["post-546","post","type-post","status-publish","format-standard","has-post-thumbnail","hentry","category-gunluk-yazilar","category-malezya"],"_links":{"self":[{"href":"https:\/\/guneydoguasyacalismalari.com\/indonesia\/wp-json\/wp\/v2\/posts\/546","targetHints":{"allow":["GET"]}}],"collection":[{"href":"https:\/\/guneydoguasyacalismalari.com\/indonesia\/wp-json\/wp\/v2\/posts"}],"about":[{"href":"https:\/\/guneydoguasyacalismalari.com\/indonesia\/wp-json\/wp\/v2\/types\/post"}],"author":[{"embeddable":true,"href":"https:\/\/guneydoguasyacalismalari.com\/indonesia\/wp-json\/wp\/v2\/users\/1"}],"replies":[{"embeddable":true,"href":"https:\/\/guneydoguasyacalismalari.com\/indonesia\/wp-json\/wp\/v2\/comments?post=546"}],"version-history":[{"count":0,"href":"https:\/\/guneydoguasyacalismalari.com\/indonesia\/wp-json\/wp\/v2\/posts\/546\/revisions"}],"wp:featuredmedia":[{"embeddable":true,"href":"https:\/\/guneydoguasyacalismalari.com\/indonesia\/wp-json\/wp\/v2\/media\/547"}],"wp:attachment":[{"href":"https:\/\/guneydoguasyacalismalari.com\/indonesia\/wp-json\/wp\/v2\/media?parent=546"}],"wp:term":[{"taxonomy":"category","embeddable":true,"href":"https:\/\/guneydoguasyacalismalari.com\/indonesia\/wp-json\/wp\/v2\/categories?post=546"},{"taxonomy":"post_tag","embeddable":true,"href":"https:\/\/guneydoguasyacalismalari.com\/indonesia\/wp-json\/wp\/v2\/tags?post=546"}],"curies":[{"name":"wp","href":"https:\/\/api.w.org\/{rel}","templated":true}]}}