{"id":3631,"date":"2020-12-16T17:17:35","date_gmt":"2020-12-16T17:17:35","guid":{"rendered":"http:\/\/guneydoguasyacalismalari.com\/?p=3631"},"modified":"2020-12-16T17:31:06","modified_gmt":"2020-12-16T17:31:06","slug":"malezyada-ungku-abdul-azizin-vefati-uzerine-on-the-death-of-ungku-abdul-aziz-in-malaysia","status":"publish","type":"post","link":"https:\/\/guneydoguasyacalismalari.com\/indonesia\/malezyada-ungku-abdul-azizin-vefati-uzerine-on-the-death-of-ungku-abdul-aziz-in-malaysia\/","title":{"rendered":"Malezya\u2019da Ungku Abdul Aziz\u2019in vefat\u0131 \u00fczerine \/ On the death of Ungku Abdul Aziz in Malaysia"},"content":{"rendered":"<p><strong>Mehmet \u00d6zay 27.09.2020<\/strong><\/p>\n<p style=\"text-align: justify;\">Ungku Abdul Aziz\u2019in vefat\u0131 bize ne anlat\u0131yor sorusunu g\u00fcndeme getirmemiz gerekir. Bu soru i\u00e7inde bireysel bir ya\u015fam hik\u00e2yesi kadar, bir milletin ya\u015fad\u0131\u011f\u0131 toplumsal ve siyasal d\u00f6n\u00fc\u015f\u00fcmlere de tekab\u00fcl eden y\u00f6nleriyle gayet dikkat \u00e7ekicidir.<\/p>\n<p style=\"text-align: justify;\">98 ya\u015f\u0131nda d\u00fcn, yani Sal\u0131 g\u00fcn\u00fc Kuala Lumpur\u2019da vefat eden Ungku Abdul aziz, bir y\u00fczy\u0131la s\u0131\u011fan \u00f6l\u00fcm\u00fcn\u00fcn \u00f6tesinde anlamlar i\u00e7eren bir \u015fahsiyetti.<\/p>\n<p style=\"text-align: justify;\">Bu noktada, Ungku Abdul Aziz\u2019in ya\u015fam\u0131 farkl\u0131 bak\u0131\u015f a\u00e7\u0131lar\u0131n g\u00f6re de\u011fi\u015fkenlik g\u00f6sterece\u011fine de ku\u015fku bulunmamaktad\u0131r.<\/p>\n<p style=\"text-align: justify;\">Bu durum bir ya\u015fam hik\u00e2yesinden bir millete, bir s\u00f6m\u00fcrge y\u00f6netiminden g\u00f6rece erken d\u00f6nem baz\u0131 ili\u015fkilere, akademisyen ve entellekt\u00fcel bir ya\u015famdan yeni ulus-devletin sosyo-ekonomik kalk\u0131nmas\u0131na kadar \u00e7e\u015fitli alanlar\u0131yla \u00f6nem arz etmektedir.<\/p>\n<p style=\"text-align: justify;\">Ungku, geleneksel Malay toplumunda saray \u00e7evresine mensup aileler i\u00e7in kullan\u0131lan unvanlardan biri. Bunu, geni\u015f Malay d\u00fcnyas\u0131n\u0131n farkl\u0131 b\u00f6lgelerinde kullan\u0131lan <em>Tengku, Teuku<\/em> vb. kullan\u0131mlar \u00e7er\u00e7evesinde de\u011ferlendirmek m\u00fcmk\u00fcn.<\/p>\n<p style=\"text-align: justify;\">Bu \u00e7er\u00e7evede, Cohor Saray ailesine mensup oldu\u011funu s\u00f6yleyebilece\u011fimiz Ungku\u2019nun \u0130ngiltere\u2019de do\u011fmas\u0131, ard\u0131ndan baba yurdu Cohor\u2019a yerle\u015fmesi ve e\u011fitimini burada almas\u0131, onu daha \u00e7ok Cohor ba\u011flam\u0131nda ve de yerli olarak de\u011ferlendirmeye imk\u00e2n tan\u0131yor.<\/p>\n<p style=\"text-align: justify;\">Cohor\u2019un bir ulus devlet olarak Malaya Federasyonu ve ard\u0131ndan Malezya Federasyonu\u2019nun ortaya \u00e7\u0131kmas\u0131ndaki belirleyici rol\u00fcn\u00fc -bir ba\u015fka yorumla, Ungku\u2019nun ya\u015fam\u0131nda toplumsal yap\u0131 i\u00e7erisinde sahip oldu\u011fu yerle \u00f6rt\u00fc\u015ft\u00fcrmek m\u00fcmk\u00fcn.<\/p>\n<p style=\"text-align: justify;\">Ungku\u2019nun Malezya gibi \u00e7ok etnikli ve \u00e7ok dinli bir toplumda tan\u0131nmas\u0131na yol a\u00e7an geli\u015fme, onun bir ekonomisyen olarak \u00e7al\u0131\u015fmalar\u0131, Malaya \u00dcniversitesi (<em>Universiti Malaya<\/em>) rekt\u00f6rl\u00fc\u011f\u00fc (1968-1988) ile s\u00f6z konusu bu \u00fcniversiteye sayg\u0131n bir yer kazand\u0131rmak ve ayn\u0131 zamanda kendi ayaklar\u0131 \u00fczerinde durmaya \u00e7al\u0131\u015fan yeni bir ulus devlet olarak Malezya\u2019n\u0131n ekonomik kalk\u0131nma politikalar\u0131nda o d\u00f6nemin h\u00fck\u00fcmetine yapt\u0131\u011f\u0131 dan\u0131\u015fmanl\u0131klarla toplumsal ya\u015fama yapt\u0131\u011f\u0131 do\u011frudan katk\u0131lard\u0131r.<\/p>\n<p style=\"text-align: justify;\">M\u00fcsl\u00fcmanl\u0131klar\u0131n\u0131 ciddiye alan ve bilinen ibadetlerini yerine \u00e7abas\u0131 kadar, inan\u00e7lar\u0131n\u0131 toplumsal ya\u015fama aktarmada teredd\u00fct etmeyen Malay M\u00fcsl\u00fcmanlar\u0131n\u0131n s\u00f6m\u00fcrge sonras\u0131 ekonomik yoksulluk s\u00fcrecinde belki de, en ma\u011fdur olduklar\u0131 alandan biri hac farizas\u0131n\u0131 yerine getirme konusundaki zorluklar\u0131d\u0131r.<\/p>\n<p style=\"text-align: justify;\">Bir ekonomisyen olarak Ungku Abdul Aziz, bu toplumsal talebe ve soruna bir kar\u015f\u0131l\u0131k olarak bug\u00fcne kadar s\u00fcrd\u00fcr\u00fclebilir bir geli\u015fme kaydeden Hac Vakf\u0131\u2019n\u0131n (<em>Tabung Haji<\/em>) (1959) ve Ulusal Kooperatif Hareketi (<em>Angkatan Koperasi Kebangsaan Malaysia<\/em>) kurulu\u015fundaki rol\u00fcyle hi\u00e7 ku\u015fku yok ki, nesiller boyu an\u0131lacakt\u0131r.<\/p>\n<p style=\"text-align: justify;\">Bu iki ekonomik yap\u0131n\u0131n ortaya konulmas\u0131, uzun s\u00f6m\u00fcrge d\u00f6neminin gizli\/a\u00e7\u0131k yans\u0131mas\u0131n\u0131 ve ele\u015ftirisini g\u00fcndeme getirdi\u011fi gibi, 20. y\u00fczy\u0131l ikinci yar\u0131s\u0131nda d\u0131\u015fardan modernle\u015fmeci \u00e7abalara maruz kalan \u00e7e\u015fitli \u00fclkelerin aksine, toplumun \u00f6nemli bir kesiminin sosyo-ekonomik geli\u015fimine katk\u0131 olmas\u0131yla gayet anlaml\u0131 bir \u00e7aba olarak de\u011ferlendirilmeyi hak etmektedir.<\/p>\n<p style=\"text-align: justify;\">Ungku\u2019nun, ekonomi alan\u0131ndaki katk\u0131s\u0131n\u0131n gayet \u00f6nemli olmas\u0131, bug\u00fcn Malezya toplumunun \u00e7e\u015fitli alanlardaki ba\u015far\u0131s\u0131n\u0131n ard\u0131ndaki rol\u00fc ile belirginlik kazanmaktad\u0131r.<\/p>\n<p style=\"text-align: justify;\">\u00d6yle ki, s\u00f6m\u00fcrge d\u00f6nemi yerle\u015fikli\u011fi ve belirlenmi\u015fli\u011fiyle dikkat \u00e7eken toplumsal yap\u0131daki farkl\u0131 etnik unsurlar\u0131n, belirli meslek \u00e7evrelerine mensubiyetleri, sanki genetik olarak \u00fcretilmi\u015fcesine bir yakla\u015f\u0131m olarak sunulurken, Ungku\u2019nun gerek teorik gerekse h\u00fck\u00fcmet politikalar\u0131n\u0131 y\u00f6n verecek pratik katk\u0131s\u0131, onu bir bilim adam\u0131ndan beklenen unsurlar\u0131 bizatihi kendinde toplad\u0131\u011f\u0131n\u0131 g\u00f6stermektedir.<\/p>\n<p style=\"text-align: justify;\">Ungku\u2019yu akademi ve k\u00fclt\u00fcr \u00e7evreleri i\u00e7in unutulmaz k\u0131lan ise \u2018<em>Dewan Bahasa dan Pustaka<\/em>\u2019n\u0131n (Dil ve K\u00fclt\u00fcr Kurumu) kurulu\u015fundaki rol\u00fcd\u00fcr.<\/p>\n<p style=\"text-align: justify;\">Bug\u00fcn Malezya\u2019n\u0131n en sayg\u0131n k\u00fclt\u00fcr kurumlar\u0131 aras\u0131nda yer alan bu yap\u0131, sadece Malezya\u2019ya dair de\u011fil, geni\u015f Malay co\u011frafyas\u0131 k\u00fclt\u00fcr, din, medeniyet \u00e7al\u0131\u015fmalar\u0131yla ilgili yay\u0131nlar\u0131 ve etkinlikleriyle son derece \u00f6nemli bir rol icra etmektedir.<\/p>\n<p style=\"text-align: justify;\">Bir akademisyen olarak Ungku \u00e7e\u015fitli d\u00f6nemlerde kaleme ald\u0131\u011f\u0131 yay\u0131nlar\u0131yla da tan\u0131n\u0131yor. Uzun akademisyenlik ge\u00e7mi\u015fine bak\u0131ld\u0131\u011f\u0131nda 1950\u2019li y\u0131llarda ba\u015flayanyay\u0131n \u00e7al\u0131\u015fmalar\u0131 yak\u0131n d\u00f6neme kadar devam etti\u011fi g\u00f6r\u00fcl\u00fcyor.<\/p>\n<p style=\"text-align: justify;\">Ungku Abdul Aziz\u2019e Allah\u2019tan rahmet diliyorum. Mek\u00e2n\u0131 cennet olsun.<\/p>\n<p>&nbsp;<\/p>","protected":false},"excerpt":{"rendered":"<p>Mehmet \u00d6zay\u00a0 \u00a0 \u00a0 \u00a0 \u00a0 \u00a0 \u00a0 \u00a0 \u00a0 \u00a0 \u00a0 \u00a0 \u00a0 \u00a0 \u00a0 \u00a0 \u00a0 \u00a0 \u00a0 \u00a0 \u00a0 \u00a0 \u00a0 \u00a0 \u00a0 \u00a0 \u00a0 \u00a0 \u00a0 \u00a0 \u00a0 \u00a0 \u00a0 \u00a0 \u00a0 \u00a0 \u00a0 \u00a0 \u00a0 \u00a0 \u00a0 \u00a0 \u00a0 \u00a0 \u00a0 \u00a0 \u00a0 16.12.2020 Ungku Abdul Aziz\u2019in vefat\u0131 bize ne [&hellip;]<\/p>","protected":false},"author":1,"featured_media":3632,"comment_status":"open","ping_status":"open","sticky":false,"template":"","format":"standard","meta":{"footnotes":""},"categories":[6,27],"tags":[],"class_list":["post-3631","post","type-post","status-publish","format-standard","has-post-thumbnail","hentry","category-gunluk-yazilar","category-malezya"],"_links":{"self":[{"href":"https:\/\/guneydoguasyacalismalari.com\/indonesia\/wp-json\/wp\/v2\/posts\/3631","targetHints":{"allow":["GET"]}}],"collection":[{"href":"https:\/\/guneydoguasyacalismalari.com\/indonesia\/wp-json\/wp\/v2\/posts"}],"about":[{"href":"https:\/\/guneydoguasyacalismalari.com\/indonesia\/wp-json\/wp\/v2\/types\/post"}],"author":[{"embeddable":true,"href":"https:\/\/guneydoguasyacalismalari.com\/indonesia\/wp-json\/wp\/v2\/users\/1"}],"replies":[{"embeddable":true,"href":"https:\/\/guneydoguasyacalismalari.com\/indonesia\/wp-json\/wp\/v2\/comments?post=3631"}],"version-history":[{"count":0,"href":"https:\/\/guneydoguasyacalismalari.com\/indonesia\/wp-json\/wp\/v2\/posts\/3631\/revisions"}],"wp:featuredmedia":[{"embeddable":true,"href":"https:\/\/guneydoguasyacalismalari.com\/indonesia\/wp-json\/wp\/v2\/media\/3632"}],"wp:attachment":[{"href":"https:\/\/guneydoguasyacalismalari.com\/indonesia\/wp-json\/wp\/v2\/media?parent=3631"}],"wp:term":[{"taxonomy":"category","embeddable":true,"href":"https:\/\/guneydoguasyacalismalari.com\/indonesia\/wp-json\/wp\/v2\/categories?post=3631"},{"taxonomy":"post_tag","embeddable":true,"href":"https:\/\/guneydoguasyacalismalari.com\/indonesia\/wp-json\/wp\/v2\/tags?post=3631"}],"curies":[{"name":"wp","href":"https:\/\/api.w.org\/{rel}","templated":true}]}}