{"id":2487,"date":"2018-08-07T20:33:58","date_gmt":"2018-08-07T20:33:58","guid":{"rendered":"http:\/\/guneydoguasyacalismalari.com\/?p=2487"},"modified":"2018-08-07T20:34:18","modified_gmt":"2018-08-07T20:34:18","slug":"acede-pukatla-10-yil-a-decade-with-pukat-in-aceh","status":"publish","type":"post","link":"https:\/\/guneydoguasyacalismalari.com\/indonesia\/acede-pukatla-10-yil-a-decade-with-pukat-in-aceh\/","title":{"rendered":"A\u00e7e\u2019de PuKAT\u2019la 10 y\u0131l \/ A decade with PuKAT in Aceh"},"content":{"rendered":"<p><strong>Mehmet Ozay 25.03.2018<\/strong><\/p>\n<p style=\"text-align: justify;\">A\u00e7e-T\u00fcrk K\u00fclt\u00fcr Merkezi veya Endonezyaca ad\u0131yla ifade edersek Pusat Kebudayaan Aceh-Turki (PuKAT) onuncu y\u0131l\u0131nda A\u00e7e\u2019deki k\u00fclt\u00fcr festivalinde yer al\u0131yor. Bu vesileyle PuKAT nedir sorusuna a\u00e7\u0131kl\u0131k getirmek ve bu anlamda ge\u00e7en on y\u0131ll\u0131k s\u00fcreci k\u0131saca de\u011ferlendirmekte fayda var. On y\u0131ll\u0131k s\u00fcre elbette pek de \u00f6nemsenebilecek bir zaman dilimi de\u011fil. Ancak PuKAT\u2019\u0131n var oldu\u011fu co\u011frafyada ve T\u00fcrkiye\u2019de olup biten ve bu co\u011frafyay\u0131 etkileyen hadiselerin b\u00fcy\u00fckl\u00fc\u011f\u00fcd\u00fcr ki, \u015fimdi bu \u2018k\u0131sac\u0131k\u2019 d\u00f6nemi hi\u00e7 de\u011filse hat\u0131rlatma sadedinde g\u00fcndeme getirelim istedim.<\/p>\n<p style=\"text-align: justify;\">Bu de\u011ferlendirme sadece, bu m\u00fctevazi olu\u015fumun kendini tan\u0131mlamas\u0131 ve bir \u00f6l\u00e7\u00fcde tan\u0131tmas\u0131ndan \u00f6te bir ba\u015fka anlam ta\u015f\u0131yor veya ta\u015f\u0131mas\u0131 gerekir. O da, T\u00fcrklerin A\u00e7e\u2019de kendilerini \u00e7e\u015fitli yap\u0131lar alt\u0131nda ortaya koyarken neyi hat\u0131rlad\u0131klar\u0131, neyi dikkate ald\u0131klar\u0131, yeni \u00f6nemsedikleri kadar, bu unsurlar\u0131n tam tersi hususlar\u0131 yani neyi unuttuklar\u0131, neyi es ge\u00e7tikleri ve neyi \u00f6nemsemediklerinin de k\u0131sa bir muhasebesi olmay\u0131 hak ediyor. Ancak bu k\u0131sa yaz\u0131da bu hususlar\u0131n t\u00fcm\u00fcne detayl\u0131 bir \u015fekilde de\u011finmeyece\u011fimi de ifade etmeliyim.<\/p>\n<p style=\"text-align: justify;\">Tabii burada, \u201cdurup dururken nereden \u00e7\u0131kt\u0131 bu T\u00fcrk-A\u00e7e k\u00fclt\u00fcr derne\u011fi de?\u201d diye sorulabilir. Asl\u0131nda bu soruyu sormak abesle i\u015ftigal olmakla birlikte, bu soruyu bug\u00fcn bile soranlar olaca\u011f\u0131n\u0131 d\u00fc\u015f\u00fcnmek m\u00fcmk\u00fcn. Aradan pek fazla zaman ge\u00e7mese de, bu k\u0131sa zaman diliminde sadece T\u00fcrkiye\u2019yi de\u011fil, A\u00e7e\u2019yi ve bu eyaletin i\u00e7inde yer ald\u0131\u011f\u0131 Endonezya\u2019y\u0131 da b\u00fcy\u00fck \u00f6l\u00e7\u00fcde etkileyen geli\u015fmeler b\u00f6ylesi bir k\u00fclt\u00fcr derne\u011finin \u00f6neminin ne denli a\u015fik\u00e2r oldu\u011funu ortaya koyuyor olmal\u0131.<\/p>\n<p style=\"text-align: justify;\">A\u00e7\u0131k\u00e7as\u0131, T\u00fcrkiye\u2019de belli \u00e7evrelerin sanki Amerika\u2019y\u0131 yeniden ke\u015ffediyormu\u015f gibi yeni yeni dillendirdikleri s\u00f6zl\u00fc tarih hik\u00e2yesini uygulayabilecekleri \u00f6nemli bir alan da sa\u011fl\u0131yor PuKAT. Ben b\u00f6yle bir s\u00f6zl\u00fc tarih kurumunun y\u00f6neticilerinden olsam, atlar A\u00e7e\u2019ye gider, Dar\u00fcsselam semtindeki kamp\u00fcsten, k\u00fclt\u00fcr ve politika esen kahvehanelerine, oradan Sultan II. Selim toplum merkezine ve bilimum kurum yetkililerini, k\u00fclt\u00fcr ve sanat \u00e7evrelerine mensup \u015fahsiyetleri bulur PuKAT \u00fczerinden \u015f\u00f6yle g\u00fczel bir s\u00f6zl\u00fc tarih hik\u00e2yesi ortaya koyard\u0131m. Ancak maalesef, en az\u0131ndan \u015fimdilik, b\u00f6yle bir imk\u00e2ndan yoksunuz.<\/p>\n<p style=\"text-align: justify;\">2007 g\u00fcz aylar\u0131ndan itibaren o d\u00f6nemki ad\u0131yla IAIN Ar-Raniry y\u00fcksek \u0130slam enstit\u00fcs\u00fcnde yani, bug\u00fcn ayn\u0131 adla \u00fcniversite stat\u00fcs\u00fcne y\u00fckseltilmi\u015f olarak hizmet g\u00f6rmeye devam eden y\u00fcksek \u00f6\u011fretim kurumunda ba\u015flayan \u2018g\u00f6n\u00fcll\u00fc\u2019 \u00f6\u011fretim g\u00f6revlili\u011fim s\u0131ras\u0131nda, d\u00f6nemin rekt\u00f6r\u00fcn\u00fcn bir \u2018T\u00fcrk k\u00f6\u015fesi\u2019 olu\u015fturma fikrinden hareketle yola \u00e7\u0131km\u0131\u015ft\u0131k.<\/p>\n<p style=\"text-align: justify;\">Bu \u00f6nerinin uzun vadeli bir \u00e7aba olarak ortaya konulmas\u0131n\u0131n fark\u0131na vararak \u2018k\u00f6\u015fe\u2019den ziyade, bir dernek \u00fczerinden bu fikrin i\u015flenmesini g\u00fcndeme ta\u015f\u0131m\u0131\u015f ve bu konuda da rekt\u00f6r ve rekt\u00f6r yard\u0131mc\u0131s\u0131n\u0131n deste\u011fini alm\u0131\u015ft\u0131k. Bu konuda haz\u0131r cevap olmam\u0131z\u0131n nedeni ise, zaten o d\u00f6nem Sultan II. Selim toplum merkezinde T\u00fcrk\u00e7e dersleri veriyor olmam\u0131z ve bunun kamp\u00fcste bir merkezde \u00e7e\u015fitlendirilerek \u00e7ok daha anlaml\u0131 bir hale d\u00f6n\u00fc\u015ft\u00fcr\u00fclebilece\u011fi konusundaki inanc\u0131m\u0131zd\u0131. \u00c7\u00fcnk\u00fc bu merkeze gelenlerin b\u00fcy\u00fck bir b\u00f6l\u00fcm\u00fc kamp\u00fcste \u00f6\u011frenim g\u00f6ren gen\u00e7lerdi\u2026<\/p>\n<p style=\"text-align: justify;\">B\u00f6ylece, kurum i\u00e7i yaz\u0131\u015fmalar\u0131n ard\u0131ndan, IAIN Ar-Raniry\u2019nin y\u00fcksek lisans programlar\u0131n\u0131n yap\u0131ld\u0131\u011f\u0131 biriminde bir yer tahsisi ile T\u00fcrk-A\u00e7e K\u00fclt\u00fcr Derne\u011fi, (Turk-Aceh Cultural Center-<em>Pusat Kebudayaan Turki dan Aceh<\/em>) hayata ge\u00e7irilmi\u015fti. Bir k\u00fclt\u00fcr derne\u011fi olmas\u0131 hasebiyle, T\u00fcrkiye Cakarta b\u00fcy\u00fckel\u00e7ili\u011fi ile irtibat kurulmu\u015f ve el\u00e7ilikten kitap, dergi vb. materyalleri payla\u015fmalar\u0131 rica edilmi\u015fti. Biraz da \u015fa\u015f\u0131rt\u0131c\u0131 \u015fekilde bu ricam\u0131za olumlu yan\u0131t alm\u0131\u015f ve birka\u00e7 kolilik kitap kolleksiyonu elimize ula\u015fm\u0131\u015ft\u0131.<\/p>\n<p style=\"text-align: justify;\">Her ne kadar, kitaplar on y\u0131llar \u00f6ncesinde yay\u0131nlanm\u0131\u015f, So\u011fuk Sava\u015f d\u00f6nemi politikalar\u0131n\u0131 ve ili\u015fkilerini i\u00e7eren eserler i\u00e7erse de i\u00e7lerinde dernekte kullanabilece\u011fimiz baz\u0131 eserler de bulunuyordu. Bunu bir nimet bilerek, m\u00fctevazi odada yine IAIN y\u00f6netiminin sa\u011flad\u0131\u011f\u0131 bir kitapl\u0131k, birka\u00e7 masa ve sandalye ile oda i\u015flevine ba\u015flam\u0131\u015ft\u0131. Dikkatinizi \u00e7ekerse buraya kadar hi\u00e7 \u2018fondan\u2019 vs. bahsetmedim. Herhalde bu hi\u00e7 de ilgi \u00e7ekici bir durum de\u011fildir. Ne el\u00e7ilikten ne de o d\u00f6nem ili\u015fki de oldu\u011fumuz \u00e7evrelerden maddi herhangi bir talepte bulunmam\u0131\u015ft\u0131k.<\/p>\n<p style=\"text-align: justify;\">Fon talebinde de\u011fil ancak kitap talebinde bulunmu\u015ftuk baz\u0131 \u00e7evrelerden. IRCICA\u2019n\u0131n yay\u0131nlar\u0131 aras\u0131nda Arap\u00e7a ve \u0130ngilizce olarak yer alan ve A\u00e7e y\u00fcksek \u00f6\u011fretim \u00e7evreleri taraf\u0131ndan ilgiyle okunaca\u011f\u0131n\u0131 tahmin etti\u011fimiz bir liste \u00e7\u0131kartm\u0131\u015f ve birka\u00e7 kez \u0131srarla talebimizi yinelemi\u015ftik. \u201cHaa, o kurumdaki birileri benim abim olur, amcam olur.\u201d diyen birileri maalesef bu abileri, amcalar\u0131ndan bir t\u00fcrl\u00fc talep etti\u011fimiz kitaplar\u0131 getirtememi\u015flerdi ne hikmetse.<\/p>\n<p style=\"text-align: justify;\">B\u00f6ylece PuKAT\u2019\u0131n birinci d\u00f6nemi ba\u015flam\u0131\u015f oldu. Bir k\u00fclt\u00fcr derne\u011fi ne yaparsa biz de onu yapmaya \u00e7al\u0131\u015ft\u0131k. Bir yandan, daha \u00f6nce Sultan II. Selim toplum merkezinde ba\u015flad\u0131\u011f\u0131m\u0131z T\u00fcrk\u00e7e derslerinin benzerini bu sefer kamp\u00fcs s\u0131n\u0131flar\u0131nda k\u00fclt\u00fcr formunu da i\u00e7erecek \u015fekilde ba\u015flatt\u0131k.<\/p>\n<p style=\"text-align: justify;\">O d\u00f6nem, T\u00fcrkiye\u2019de y\u00fcksek \u00f6\u011fretime \u00f6\u011frenci al\u0131mlar\u0131 el\u00e7ilikler \u00fczerinden yap\u0131ld\u0131\u011f\u0131ndan, \u00e7e\u015fitli fak\u00fcltelerden bize dan\u0131\u015fan \u00f6\u011frencilere rehberlik yaparak, el\u00e7ilikle temas ve yaz\u0131\u015fmalarda yard\u0131mc\u0131 olmaya \u00e7al\u0131\u015ft\u0131k. IAIN Ar-Raniry, y\u00fcksek \u0130slam enstit\u00fcs\u00fc oldu\u011funu s\u00f6ylemi\u015ftim. Haliyle \u0130slami bilimlerin \u00e7e\u015fitli alanlar\u0131nda \u00f6\u011frenci yeti\u015ftiriyordu. Ancak, bu b\u00f6l\u00fcmlerden T\u00fcrkiye\u2019de y\u00fcksek lisans i\u00e7in ba\u015fvuran \u00f6\u011frenciler bir t\u00fcrl\u00fc kabul alam\u0131yordu. Aradan fazla bir s\u00fcre ge\u00e7memi\u015fti ki, bunun nedeni anla\u015f\u0131ld\u0131.<\/p>\n<p style=\"text-align: justify;\">O d\u00f6nemin ruhuna uygun bir \u015fekilde olsa gerek, bir el\u00e7ilik \u00fcst d\u00fczey yetkilisi \u0130slami bilimler alan\u0131ndan \u00f6\u011frenci kabul etmek yerine farkl\u0131 b\u00f6l\u00fcmlerden \u00f6\u011frencilerin ba\u015fvurular\u0131n\u0131 de\u011ferlendirdikleri minvalinde bir a\u00e7\u0131klamada bulunmu\u015ftu. Ve ba\u015fvuru yapan \u00f6\u011frencilerden toplam yedi ki\u015finin ki, bunlar\u0131n hepsi de caddenin \u00f6te yakas\u0131ndaki \u015eah Kuala \u00dcniversitesi\u2019nde \u00e7e\u015fitli b\u00f6l\u00fcmlerde okuyan \u00f6\u011frencilerden olu\u015fuyordu.<\/p>\n<p style=\"text-align: justify;\">Dernek olarak niyetimiz, bu \u00f6\u011frencilerin \u00f6\u011frenimlerinin hemen ard\u0131ndan A\u00e7e\u2019ye d\u00f6n\u00fcp ya ilgili fak\u00fcltelerinde \u00f6\u011fretim g\u00f6revlisi veya sahada kendi mesleklerini icra edecekleri ve b\u00f6ylece A\u00e7e toplumuna hizmet etmelerini g\u00f6rmekti. Ayn\u0131 zamanda, bu \u00f6\u011frencilerin \u00f6nc\u00fcl\u00fc\u011f\u00fcnde kamp\u00fcs \u00e7evresinde entelekt\u00fcel bir \u00e7aban\u0131n ortaya konmas\u0131na vesile olmakt\u0131.<\/p>\n<p style=\"text-align: justify;\">Ancak bu \u00f6\u011frenciler T\u00fcrkiye\u2019ye gittiklerinde pek ses soluk gelmemesine \u015fa\u015f\u0131r\u0131rken, yeni bir \u015feyi daha fark etmi\u015f olduk. O da, T\u00fcrkiye\u2019de bu gen\u00e7leri haz\u0131r birer eleman olarak g\u00f6rme niyetindeki gruplar \u2018kafa \u00e7ekmece\u2019 i\u015flerinde maharetlerini g\u00f6stererek, bu naif gen\u00e7leri kendi kulvarlar\u0131na \u00e7ekmi\u015flerdi. Bu s\u00fcre\u00e7te, acaba bug\u00fcn ad\u0131 \u2018ter\u00f6rle\u2019 an\u0131lan yap\u0131 var m\u0131yd\u0131 sorusunun cevab\u0131n\u0131 art\u0131k \u2018s\u00f6zl\u00fc tarih\u2019 \u00e7al\u0131\u015fmas\u0131 yap\u0131l\u0131rsa bulabilece\u011fiz!<\/p>\n<p style=\"text-align: justify;\">Sadece \u00f6\u011frenci g\u00f6ndermekle kalmam\u0131\u015ft\u0131k. \u00d6\u011fretim g\u00f6revlileri ve hatta yeni d\u00f6nemde se\u00e7ilen yeni rekt\u00f6r -ki \u00e7ok yak\u0131n d\u00f6neme kadar g\u00f6revdeydi- ve dekan\/lar da dahil olmak \u00fczere T\u00fcrkiye ziyaretlerini organize etmi\u015ftik. Ancak bunlar i\u00e7erisinde verimli ve kal\u0131c\u0131 bir hale d\u00f6n\u00fc\u015fen ise Hasbi Amir\u00fcddin\u2019in \u00fc\u00e7 ayl\u0131k s\u00fcreyle \u0130SAM\u2019a konuk olmas\u0131yd\u0131. Hasbi Bey\u2019in ilgisi ve \u00e7al\u0131\u015fmas\u0131 bir kitap ve baz\u0131 makaleler ile somut \u00fcr\u00fcnlerini verirken, bu ilgisi halen devam ediyor. Di\u011fer ziyaretlerin ni\u00e7in bir verime yol a\u00e7\/a\/mad\u0131\u011f\u0131n\u0131 yine gelecekte yap\u0131laca\u011f\u0131n\u0131 umdu\u011fumuz \u2018s\u00f6zl\u00fc tarih\u2019 \u00e7al\u0131\u015fmas\u0131na b\u0131rak\u0131yoruz\u2026<\/p>\n<p style=\"text-align: justify;\">Melun insanlar\u0131n neden oldu\u011fu geli\u015fme nedeniyle 2010 y\u0131l\u0131 ba\u015flar\u0131nda A\u00e7e\u2019den ayr\u0131lmak zorunda kalmamla birlikte, IAIN Ar-Raniry\u2019deki ofisi kapatm\u0131\u015f olduk. Akabinde Malezya\u2019ya ge\u00e7mem \u00fczerine IAIN Ar-Raniry s\u00fcreci de kapanm\u0131\u015f oldu. Ancak PuKAT d\u00fc\u015f\u00fcncesi devam ediyordu. K\u0131sa bir s\u00fcre sonra A\u00e7e\u2019ye d\u00f6nd\u00fc\u011f\u00fcmde dostumuz Thayeb\u2019in \u00f6nerisiyle merkezi, bu sefer kamp\u00fcs d\u0131\u015f\u0131nda \u00f6zel \u00e7abalarla kurma d\u00fc\u015f\u00fcncesini benimsedik. PuKAT, sabit bir mek\u00e2n\u0131, ofisi olmadan ikinci d\u00f6nemine ba\u015flad\u0131. Sabit mek\u00e2n\u0131 olmayan PuKAT her yerdeydi asl\u0131nda. Benzeri yap\u0131lar gibi ofisini sembolik bir ifadeyle \u2018Solong\u2019da a\u00e7an PuKAT, saha \u00e7al\u0131\u015fmalar\u0131n\u0131, gezilerini, k\u00fc\u00e7\u00fck \u00e7apl\u0131 toplant\u0131lar\u0131n\u0131 hi\u00e7bir fona gerek kalmadan ger\u00e7ekle\u015ftiriyordu.<\/p>\n<p style=\"text-align: justify;\">Malezya\u2019da akademik ya\u015fam\u0131m devam ederken, A\u00e7e\u2019de dostlar\u0131m\u0131z kendi halindeki bu yap\u0131y\u0131 devam ettirme gayretindeydiler. Uzun aral\u0131klarla A\u00e7e\u2019de kald\u0131\u011f\u0131m d\u00f6nemlerde g\u00fcn\u00fcn \u015fartlar\u0131na uygun k\u00fclt\u00fcrel ve entelekt\u00fcel programlar ile ba\u015fkent Banda A\u00e7e\u2019de dikkate al\u0131nan ve bir \u00f6l\u00e7\u00fcde beklenen \u00e7al\u0131\u015fmalar\u0131 ortaya koymaya \u00e7al\u0131\u015ft\u0131k.<\/p>\n<p style=\"text-align: justify;\">Bu s\u00fcre\u00e7te, mek\u00e2n ihtiyac\u0131m\u0131z has\u0131l oldu\u011funda, Sultan II. Selim toplum merkezi y\u00f6netimine ba\u015fvurumuz s\u00fcrekli olumlu cevap al\u0131rken, burada bu kurumu o d\u00f6nem y\u00f6neticisi olan ve bize her t\u00fcrl\u00fc kolayl\u0131\u011f\u0131 sa\u011flayan Muhammad Fauzan\u2019\u0131 h\u00fcrmetle anmak istiyorum. Fauzan dostumuzun yine \u2018s\u00f6zl\u00fc tarih\u2019 \u00e7al\u0131\u015fmas\u0131na yak\u0131\u015facak k\u0131ymetli an\u0131lar\u0131 oldu\u011funu \u015fimdiden s\u00f6ylemi\u015f olay\u0131m\u2026<\/p>\n<p style=\"text-align: justify;\">Sultan II. Selim\u2019de ba\u015fkent Banda A\u00e7e\u2019deki i\u00e7me suyu sorunundan, A\u00e7e k\u00f6kenli ve 2. D\u00fcnya Sava\u015f\u0131 \u00f6ncesinin sadece Malaya\u2019s\u0131n\u0131n de\u011fil, o d\u00f6nem G\u00fcneydo\u011fu Asya\u2019n\u0131n parlayan y\u0131ld\u0131z\u0131 P-Ramli\u2019ye; sadece bir ayl\u0131\u011f\u0131na T\u00fcrkiye\u2019ye staja g\u00f6nderdi\u011fimiz Ariful adl\u0131 gen\u00e7 dostumuzun kitap tan\u0131t\u0131m\u0131 vesilesiyle y\u00fczlerce \u00f6\u011frencinin bir araya geldi\u011fi programdan T\u00fcrkiye\u2019de 2015 Haziran se\u00e7imleri \u00f6ncesinde T\u00fcrkiye siyasetine dair bir profes\u00f6r ve A\u00e7e parlamentosuna mensup iki milletvekilinin kat\u0131l\u0131m\u0131yla yapt\u0131\u011f\u0131m\u0131z \u2018a\u00e7\u0131k oturum\u2019 vs. vs\u2026 Bu s\u00fcre\u00e7te art\u0131k \u00f6\u011frenci g\u00f6ndermiyorduk. \u00c7\u00fcnk\u00fc \u00f6\u011frenci al\u0131m i\u015fleri el\u00e7iliklerden ba\u015fka bir kuruma ge\u00e7mi\u015fti&#8230; Ancak ba\u015fka alanlarda konu\u015fmak ve i\u015f yapmak istiyorduk. \u00c7\u00fcnk\u00fc b\u00f6ylesi bir talep vard\u0131. Zaten yukar\u0131da de\u011findi\u011fim birka\u00e7 konu da bunu a\u00e7\u0131k\u00e7a g\u00f6steriyor olmal\u0131.<\/p>\n<p style=\"text-align: justify;\">Giri\u015fte, PuKAT\u2019\u0131n A\u00e7e\u2019de bug\u00fcnlerde ger\u00e7ekle\u015ftirilmekte olan k\u00fclt\u00fcr festivaline yer ald\u0131\u011f\u0131n\u0131 s\u00f6ylemi\u015ftim. Bu m\u00fctevazi kurumun \u00f6nemli \u00fcyesi bir dostumuz, festival \u00f6ncesinde PuKAT stand\u0131nda sergilenmek \u00fczere T\u00fcrkiye\u2019nin Cakarta B\u00fcy\u00fckel\u00e7ili\u011finden T\u00fcrkiye\u2019yi tan\u0131t\u0131c\u0131 baz\u0131 materyaller talep edebilir miyiz diye sordu\u011funda, hi\u00e7 duraksamadan hay\u0131r cevab\u0131n\u0131 vermi\u015ftim. Ve ard\u0131ndan \u015funu eklemi\u015ftim: \u201c\u015eayet el\u00e7ilik h\u00e2l\u00e2 PuKAT\u2019\u0131 tan\u0131m\u0131yor ve A\u00e7e\u2019deki k\u00fclt\u00fcr festivalinden haberi yoksa, bo\u015fver gitsin. Hi\u00e7 \u00f6nemi yok.\u201d<\/p>\n<p style=\"text-align: justify;\">PuKAT\u2019\u0131n g\u00f6n\u00fcll\u00fcleri bu olu\u015fumun ikinci d\u00f6nemi olarak adland\u0131rd\u0131\u011f\u0131m 2011 y\u0131l\u0131ndan itibaren ortaya koydu\u011fumuz \u00e7al\u0131\u015fmalar\u0131n matbu malzemelerini, g\u00f6rsellerini festival stand\u0131nda sergiliyor. Ayr\u0131ca, bu \u00e7al\u0131\u015fmalarda canla ba\u015fla \u00e7al\u0131\u015fm\u0131\u015f dostlar\u0131m\u0131z, orta\u011f\u0131 olduklar\u0131 h\u00e2l\u00e2 canl\u0131 an\u0131larla PuKAT\u2019\u0131n ne oldu\u011funu ne yapmak istedi\u011fini ve neler yapt\u0131\u011f\u0131n\u0131 ve gelecekte neler yapaca\u011f\u0131n\u0131 ilgili kat\u0131l\u0131mc\u0131lara aktar\u0131yorlar.<\/p>\n<p style=\"text-align: justify;\">PuKAT\u2019la ilgili s\u00f6yleceklerim bu kadarla s\u0131n\u0131rl\u0131 de\u011fil elbette. Bunun bir nedeni, bu d\u00f6neme ait en az\u0131ndan baz\u0131 \u2018akt\u00f6r\u00fcms\u00fc\u2019 yap\u0131lar\u0131n devam ediyor olu\u015flar\u0131d\u0131r. Zaten giri\u015fte de konuya k\u0131saca de\u011finece\u011fimi ifade etmi\u015ftim. Bu ba\u011flamda ya\u015fananlar\u0131n \u2018tarih\u2019 olmas\u0131n\u0131 beklemek ve ilerde detayl\u0131 bir \u015fekilde konuyu ele almak m\u00fcmk\u00fcn olabilir.<\/p>\n<p style=\"text-align: justify;\">Nice \u00e7al\u0131\u015fmalara PuKAT!<\/p>","protected":false},"excerpt":{"rendered":"<p>Mehmet \u00d6zay \u00a0 \u00a0 \u00a0 \u00a0 \u00a0 \u00a0 \u00a0 \u00a0 \u00a0 \u00a0 \u00a0 \u00a0 \u00a0 \u00a0 \u00a0 \u00a0 \u00a0 \u00a0 \u00a0 \u00a0 \u00a0 \u00a0 \u00a0 \u00a0 \u00a0 \u00a0 \u00a0 \u00a0 \u00a0 \u00a0 \u00a0 \u00a0 \u00a0 \u00a0 \u00a0 \u00a0 \u00a0 \u00a0 \u00a0 \u00a0 \u00a0 \u00a0 \u00a0 \u00a0 \u00a0 \u00a0 \u00a007.08.2018 A\u00e7e-T\u00fcrk K\u00fclt\u00fcr Merkezi veya Endonezyaca ad\u0131yla [&hellip;]<\/p>","protected":false},"author":1,"featured_media":2488,"comment_status":"open","ping_status":"open","sticky":false,"template":"","format":"standard","meta":{"footnotes":""},"categories":[10,6],"tags":[],"class_list":["post-2487","post","type-post","status-publish","format-standard","has-post-thumbnail","hentry","category-ace","category-gunluk-yazilar"],"_links":{"self":[{"href":"https:\/\/guneydoguasyacalismalari.com\/indonesia\/wp-json\/wp\/v2\/posts\/2487","targetHints":{"allow":["GET"]}}],"collection":[{"href":"https:\/\/guneydoguasyacalismalari.com\/indonesia\/wp-json\/wp\/v2\/posts"}],"about":[{"href":"https:\/\/guneydoguasyacalismalari.com\/indonesia\/wp-json\/wp\/v2\/types\/post"}],"author":[{"embeddable":true,"href":"https:\/\/guneydoguasyacalismalari.com\/indonesia\/wp-json\/wp\/v2\/users\/1"}],"replies":[{"embeddable":true,"href":"https:\/\/guneydoguasyacalismalari.com\/indonesia\/wp-json\/wp\/v2\/comments?post=2487"}],"version-history":[{"count":0,"href":"https:\/\/guneydoguasyacalismalari.com\/indonesia\/wp-json\/wp\/v2\/posts\/2487\/revisions"}],"wp:featuredmedia":[{"embeddable":true,"href":"https:\/\/guneydoguasyacalismalari.com\/indonesia\/wp-json\/wp\/v2\/media\/2488"}],"wp:attachment":[{"href":"https:\/\/guneydoguasyacalismalari.com\/indonesia\/wp-json\/wp\/v2\/media?parent=2487"}],"wp:term":[{"taxonomy":"category","embeddable":true,"href":"https:\/\/guneydoguasyacalismalari.com\/indonesia\/wp-json\/wp\/v2\/categories?post=2487"},{"taxonomy":"post_tag","embeddable":true,"href":"https:\/\/guneydoguasyacalismalari.com\/indonesia\/wp-json\/wp\/v2\/tags?post=2487"}],"curies":[{"name":"wp","href":"https:\/\/api.w.org\/{rel}","templated":true}]}}