{"id":1129,"date":"2012-06-10T09:46:00","date_gmt":"2012-06-10T09:46:00","guid":{"rendered":"http:\/\/localhost:8080\/ini\/?p=259"},"modified":"2012-06-10T09:46:00","modified_gmt":"2012-06-10T09:46:00","slug":"endonezya-siyaset-borsas-hareketleniyor","status":"publish","type":"post","link":"https:\/\/guneydoguasyacalismalari.com\/indonesia\/endonezya-siyaset-borsas-hareketleniyor\/","title":{"rendered":"Pergerakan Pasar Saham Politik di Indonesia"},"content":{"rendered":"<p><\/p>\n<div class=\"MsoNormal\" style=\"background: white; line-height: 14.25pt; margin-bottom: .0001pt; margin-bottom: 0in; text-align: justify;\"><b>Mehmet \u00d6zay&nbsp; &nbsp;&nbsp;&nbsp;&nbsp;&nbsp;&nbsp;&nbsp;&nbsp;&nbsp; &nbsp;&nbsp;&nbsp;&nbsp;&nbsp;&nbsp;&nbsp;&nbsp;&nbsp;&nbsp;&nbsp; &nbsp;&nbsp;&nbsp;&nbsp;&nbsp;&nbsp;&nbsp;&nbsp;&nbsp;&nbsp;&nbsp; &nbsp;&nbsp;&nbsp;&nbsp;&nbsp;&nbsp;&nbsp;&nbsp;&nbsp;&nbsp;&nbsp; &nbsp;&nbsp;&nbsp;&nbsp;&nbsp;&nbsp;&nbsp;&nbsp;&nbsp;&nbsp;&nbsp; &nbsp;&nbsp;&nbsp;&nbsp;&nbsp;&nbsp;&nbsp;&nbsp;&nbsp;&nbsp;&nbsp; &nbsp;&nbsp;&nbsp;&nbsp;&nbsp;&nbsp;&nbsp;&nbsp;&nbsp;&nbsp;&nbsp; &nbsp; &nbsp; &nbsp; &nbsp; &nbsp; &nbsp; &nbsp; &nbsp; &nbsp; &nbsp; &nbsp; &nbsp; &nbsp;7 Haziran 2012<\/b><\/div>\n<div class=\"MsoNormal\" style=\"background: white; line-height: 14.25pt; margin-bottom: 4.5pt; margin-left: 0in; margin-right: 0in; margin-top: 4.5pt; text-align: justify;\">\n<table cellpadding=\"0\" cellspacing=\"0\" class=\"tr-caption-container\" style=\"float: left; margin-right: 1em; text-align: left;\">\n<tbody>\n<tr>\n<td style=\"text-align: center;\"><a href=\"http:\/\/4.bp.blogspot.com\/--kE0cpvtsc0\/T9h-W4r5yCI\/AAAAAAAAAek\/2TNVWYP1bq8\/s1600\/yusufkalla.jpg\" imageanchor=\"1\" style=\"clear: left; margin-bottom: 1em; margin-left: auto; margin-right: auto;\"><img loading=\"lazy\" decoding=\"async\" border=\"0\" height=\"137\" src=\"http:\/\/localhost:8080\/ini\/wp-content\/uploads\/2012\/06\/yusufkalla.jpg\" width=\"200\" \/><\/a><\/td>\n<\/tr>\n<tr>\n<td class=\"tr-caption\" style=\"text-align: center;\">Yusuf Kalla<\/td>\n<\/tr>\n<\/tbody>\n<\/table>\n<p>Endonezya&#8217;da se\u00e7im yakla\u015ft\u0131k\u00e7a, potansiyel ba\u015fkan aday borsas\u0131 da siyaset pazar\u0131nda yer almaya ba\u015fl\u0131yor yava\u015f yava\u015f. \u0130smi ge\u00e7en adaylar aras\u0131nda en \u00f6nemlisi Yusuf Kalla ku\u015fkusuz. 2004-2009 y\u0131llar\u0131 aras\u0131nda Susilo Bambang Yudhoyono&#8217;nun yard\u0131mc\u0131s\u0131 olarak g\u00f6rev yapan Makassar&#8217;l\u0131 i\u015f adam\u0131 Kalla, bu kez devlet ba\u015fkan aday\u0131 olarak se\u00e7imlere girme niyetinde. Asl\u0131nda Kalla, 2009 se\u00e7imlerinde de yar\u0131\u015fa kat\u0131lm\u0131\u015f, ancak ba\u015far\u0131l\u0131 olamam\u0131\u015ft\u0131. Bu s\u00fcre\u00e7te Kalla&#8217;n\u0131n ad\u0131n\u0131n zikredilmesi bir yana, bunun ne \u015fekilde dikkatlere sunuldu\u011fu \u00f6nemli. Bir s\u00fcre \u00f6nce &#8216;ba\u015fkanl\u0131k&#8217; i\u00e7in m\u00fccadele edece\u011fi ifade edilen Kalla&#8217;n\u0131n bug\u00fcnlerde bir eski generale &#8216;yard\u0131mc\u0131l\u0131k&#8217; makam\u0131nda an\u0131lmas\u0131 siyaset borsas\u0131n\u0131n yular\u0131n\u0131 elinde tutanlar\u0131n i\u015flevselliklerini devam ettirdiklerine yorulabilir.<\/p><\/div>\n<div class=\"MsoNormal\" style=\"background: white; line-height: 14.25pt; margin-bottom: 4.5pt; margin-left: 0in; margin-right: 0in; margin-top: 4.5pt; text-align: justify;\">Bu ba\u011flamda, \u00fclke siyasetine ipotek koymu\u015f olan asker ve asker &#8216;uzant\u0131l\u0131&#8217; siyaset\u00e7ilerin varl\u0131\u011f\u0131 aras\u0131nda &#8220;sivil bir soluk&#8221; olmas\u0131 hasebiyle \u00f6nem ta\u015f\u0131yor. Bunun yan\u0131 s\u0131ra, \u00fclkenin ba\u011f\u0131ms\u0131zl\u0131\u011f\u0131ndan bu yana, siyasi arenada varl\u0131k g\u00f6sterip de devlet ba\u015fkanl\u0131\u011f\u0131 koltu\u011funa Cava k\u00f6kenlilerin d\u0131\u015f\u0131nda herhangi bir ba\u015fka &#8216;Adal\u0131&#8217;n\u0131n oturmam\u0131\u015f oldu\u011fu hat\u0131rlanacak olursa, Kalla&#8217;n\u0131n ba\u015fkanl\u0131k i\u00e7in \u0131srar\u0131n\u0131n s\u0131radan bir &#8216;siyasi ihtiras&#8217; \u00f6tesinde anlam ta\u015f\u0131d\u0131\u011f\u0131n\u0131 d\u00fc\u015f\u00fcnebiliriz.<\/div>\n<div class=\"MsoNormal\" style=\"background: white; line-height: 14.25pt; margin-bottom: 4.5pt; margin-left: 0in; margin-right: 0in; margin-top: 4.5pt; text-align: justify;\">Kalla, \u00fclkenin \u00f6nemli i\u015fadamlar\u0131 aras\u0131nda yer almas\u0131, onu ayn\u0131 zamanda, uluslararas\u0131 ba\u011flant\u0131lar noktas\u0131nda referans haline getiriyor. Makassarl\u0131 oldu\u011funu s\u00f6ylemi\u015ftim. Makassar&#8217;\u0131n tarih boyunca gerek Tak\u0131madalar&#8217;da gerekse Avrupal\u0131 s\u00f6m\u00fcrgeci\/t\u00fcccar ili\u015fkisinde ayr\u0131cal\u0131kl\u0131 bir yeri var. Bu \u00f6zellikleri ta\u015f\u0131yan bir co\u011frafyadan devlet ba\u015fkan\u0131n\u0131n \u00e7\u0131kmas\u0131 \u00fclkenin farkl\u0131 bir siyasi atmosfere \u00e7ekilece\u011fi anlam\u0131n\u0131 da i\u00e7inde bar\u0131nd\u0131rm\u0131yor de\u011fil.<\/div>\n<div class=\"MsoNormal\" style=\"background: white; line-height: 14.25pt; margin-bottom: 4.5pt; margin-left: 0in; margin-right: 0in; margin-top: 4.5pt; text-align: justify;\">B\u00f6ylesi g\u00f6rece pozitif bir a\u00e7\u0131l\u0131m kadar, bunun i\u00e7inde bar\u0131nd\u0131rd\u0131\u011f\u0131 tastamam tezat \u00fczerinde durmadan da ge\u00e7meyelim. Bug\u00fcne kadar \u00fclkenin kaderini elinde tutan ordu mensuplar\u0131n\u0131n \u00fcniformalar\u0131n\u0131 \u00e7\u0131kartmakla sivil siyaset arenas\u0131nda m\u00fccadele etmeleri olsa olsa bir tiyatro oyunu olarak de\u011ferlendirilebilir. Bununla ne demek istiyoruz? Kalla bir yandan ba\u015fkanl\u0131k i\u00e7in haz\u0131rl\u0131k yaparken, devlet ba\u015fkanl\u0131\u011f\u0131 i\u00e7in eski general ve B\u00fcy\u00fck Endonezya Hareketi (Great Indonesia Movement -Gerindra) partisi kurucusu ve ba\u015fkan\u0131 Prabowo Subiyanto&#8217;yu \u2013yani ordunun Kopassus adl\u0131 \u00f6zel birliklerinin ba\u015f\u0131ndaki askeri- se\u00e7mesi sivilli\u011fine g\u00f6lge d\u00fc\u015f\u00fcrd\u00fc\u011f\u00fc intiba\u0131n\u0131 g\u00fc\u00e7l\u00fcce hissettiriyor. Bu ahvalde zaten 2004&#8217;de de eski general Susilo Bambang Yudhoyono ile e\u015fle\u015fmi\u015fti denilebilir. Do\u011fru&#8230; Aradan ge\u00e7en ony\u0131ll\u0131k s\u00fcre zarf\u0131nda ve de \u00fcst\u00fcne \u00fcstl\u00fck &#8216;reform&#8217;larla an\u0131lan bir d\u00f6neme ra\u011fmen, \u00fclke siyasetinin sivillere emanet edilemeyecek denli \u00f6nem arz etti\u011fi sonucu \u00e7\u0131k\u0131yor. Asl\u0131nda bu durum, G\u00fcneydo\u011fu Asya \u00fclkelerindeki diktat\u00f6rl\u00fck heveslilerinin sonlar\u0131n\u0131 kar\u015f\u0131 devrimlerde almamalar\u0131 i\u00e7in Lee Kuan Yew&#8217;un zaman\u0131nda Myanmar&#8217;l\u0131 junta liderlerine verdi\u011fi Suharto \u00f6rne\u011fini an\u0131msat\u0131yor: &#8220;Siz de Suharto gibi, \u00fcniforman\u0131z\u0131 \u00e7\u0131kart\u0131n, sivil &#8216;k\u0131yafetlerle&#8217; siyaset yap\u0131n&#8221;. O zaman Lee&#8217;yi dinlemeyen Myanmarl\u0131 cuntan\u0131n 2011 se\u00e7imlerinde bu tavsiyeyi yerine getirdi\u011fini g\u00f6rd\u00fc\u011f\u00fcm\u00fczden \u00f6t\u00fcr\u00fc Lee&#8217;ye hak verelim mi dersiniz?<\/div>\n<div class=\"MsoNormal\" style=\"background: white; line-height: 14.25pt; margin-bottom: 4.5pt; margin-left: 0in; margin-right: 0in; margin-top: 4.5pt; text-align: justify;\">\u0130\u015fin trajik taraf\u0131 s\u00f6zde halk oyu ara\u015ft\u0131rmalar\u0131na g\u00f6re se\u00e7menin %25.8&#8217;inin Prabowo&#8217;yu devlet ba\u015fkan\u0131 olarak g\u00f6rmek istedi\u011fi y\u00f6n\u00fcnde. Bu ne perhiz &#8230; dedirtecek t\u00fcrden bir geli\u015fme asl\u0131nda bu. Sivil, \u00fclke co\u011frafyas\u0131n\u0131n her k\u00f6\u015fesindeki etnik unsurlar\u0131 kapsam alan\u0131na \u00e7ekecek, uluslararas\u0131 arenaya a\u00e7\u0131k bir ba\u015fkan beklerken, yeniden eski bir generalin g\u00fcndeme getirilmesi siyaset kontrol ayg\u0131t\u0131n\u0131n nas\u0131l bir i\u015flerlik ta\u015f\u0131d\u0131\u011f\u0131 konusunda ciddi ciddi d\u00fc\u015f\u00fcn\u00fclmesini gerektiriyor.<\/div>\n<div class=\"MsoNormal\" style=\"background: white; line-height: 14.25pt; margin-bottom: 4.5pt; margin-left: 0in; margin-right: 0in; margin-top: 4.5pt; text-align: justify;\">Ba\u015fka se\u00e7enek yok mu sorusuna elbette var diyerek cevap verelim. \u0130kinci s\u0131rada &#8216;sivil&#8217; iki isim var. Borsa mekanizmas\u0131 bu ikiliyi &#8216;Megawati-Kalla&#8217; olarak belirlemi\u015f. Sivilli\u011fine sivil de gene ba\u015fkan Cava&#8217;dan ve orduyla\/derin devletle ba\u011f\u0131 g\u00fc\u00e7l\u00fc olan Sukarno&#8217;nun k\u0131z\u0131 eski devlet ba\u015fkan\u0131, A\u00e7e&#8217;yi 2003&#8217;de kana bulayan, A\u00e7e gezisi s\u0131ras\u0131nda otelde kalamayacak \u2013ki bu nedenle bir askeri ara\u00e7 i\u00e7inde geceledi- denli A\u00e7e&#8217;ye yabanc\u0131 Megawati&#8230; Megawati&#8217;yi destekledi\u011fini s\u00f6yleyenlerin oran\u0131 ise dudak u\u00e7urtacak cinsten: %22.4. &#8216;\u0130flah olmaz&#8217; deyimi herhalde tam da buraya uyuyor! Megawati&#8217;nin pabucunun dama at\u0131lal\u0131 \u00e7ok oldu ancak, politika borsas\u0131ndaki onu &#8216;reel&#8217; bir de\u011fer olarak &#8216;piyasaya&#8217; s\u00fcrmekten \u00e7ekinmiyorlar. \u0130ll\u00e2 ki bir cazibe merkezi&#8230; Ancak Golkar&#8217;\u0131n \u00fcst d\u00fczey y\u00f6neticisi ve ayn\u0131 zamanda e\u015fi Taufiq Kiemas, borsac\u0131lar\u0131n aksine&nbsp; Megawati&#8217;ye \u015fans tan\u0131m\u0131yor.<\/div>\n<div class=\"MsoNormal\" style=\"background: white; line-height: 14.25pt; margin-bottom: 4.5pt; margin-left: 0in; margin-right: 0in; margin-top: 4.5pt; text-align: justify;\">\u00dc\u00e7\u00fcnc\u00fc \u015f\u0131kta, Prabowo ile Anayasa Mahkemesi ba\u015fkan\u0131 Mahfuz&#8217;u g\u00f6r\u00fcyoruz. Mahfuz&#8217;un &#8216;Cava&#8217; d\u0131\u015f\u0131ndaki geli\u015fmelere vukufiyetinin zaafiyetini g\u00f6stermesi a\u00e7\u0131s\u0131ndan se\u00e7imler \u00f6ncesine kadar son bir y\u0131lda A\u00e7e siyasetini kilitleyen isimlerden biri oldu\u011funu zikretmemiz kafi. Ni\u00e7in kafi? \u00c7\u00fcnk\u00fc A\u00e7e&#8217;yi anlayamam\u0131\u015f, A\u00e7e siyasetinin dinamiklerini alg\u0131lamas\u0131 k\u0131t bir anayasac\u0131n\u0131n \u00fclkenin di\u011fer etnik unsurlar\u0131 ile ili\u015fkilerde nas\u0131l bir performans sergileyece\u011fini tahmin etmek bile beyhude bir \u00e7aba olacakt\u0131r. Kalla&#8217;n\u0131n o d\u00f6nemde ifade etti\u011fi \u00fczere \u2013tabii ki Mahfuz&#8217;un ismini zikretmeden &#8220;Anayasa mahkemesi A\u00e7e siyasetini anlam\u0131yor&#8221; ifadesi &#8216;i\u00e7erden&#8217; yap\u0131lan \u00e7ok g\u00fc\u00e7l\u00fc bir de\u011ferlendirmeydi.<\/div>\n<div class=\"MsoNormal\" style=\"background: white; line-height: 14.25pt; margin-bottom: 4.5pt; margin-left: 0in; margin-right: 0in; margin-top: 4.5pt; text-align: justify;\">Siyaset borsas\u0131 uzmanlar\u0131n\u0131n son se\u00e7ene\u011fini ise &#8216;Kalla-Mahfuz&#8217; ikilisi olu\u015fturuyor. Bak\u0131n ne kadar bariz de\u011fil mi, illa ki ortada &#8216;merkez&#8217;den bir isim olacak. Oysa 1998 y\u0131l\u0131nda \u00f6\u011frenci-halk \u00f6nc\u00fcl\u00fc\u011f\u00fcndeki rejim de\u011fi\u015fikli\u011fi talebi bunu mu \u00f6ng\u00f6rm\u00fc\u015ft\u00fc? Ya da bu ikili sivil olu\u015fuma eklemlenmesi gereken Bat\u0131l\u0131 efendiler \u00fclkenin gelece\u011fini \u015fekillendirirken, \u00fcniformas\u0131z, ancak &#8216;merkez&#8217;den isimlerin s\u00fcreklili\u011fini arzu etmi\u015fler di?<\/div>\n<div class=\"MsoNormal\" style=\"background: white; line-height: 14.25pt; margin-bottom: 4.5pt; margin-left: 0in; margin-right: 0in; margin-top: 4.5pt; text-align: justify;\">Borsa&#8217;da hen\u00fcz yer almayan bir ba\u015fka general ise Viranto&#8230; \u0130nsan haklar\u0131 ihl\u00e2lleri sab\u0131kal\u0131s\u0131 Viranto emeklili\u011finin ard\u0131ndan Halk\u0131n Vicdan\u0131 Partisi&#8217;ni (Hanura) kurarak selefleri gibi siyasi arenada varl\u0131k g\u00f6sterme u\u011fra\u015f\u0131nda. A\u00e7e&#8217;de i\u015fledi\u011fi su\u00e7lardan \u00f6t\u00fcr\u00fc, 2009 se\u00e7imleri arefesinde \u00f6z\u00fcr dilemekle zulm\u00fcn\u00fc unutturmaya \u00e7al\u0131\u015fsa da, zalimlik pazuband\u0131 boynunda as\u0131l\u0131 duruyor h\u00e2l\u00e2&#8230;<\/div>\n<div class=\"MsoNormal\" style=\"background: white; line-height: 14.25pt; margin-bottom: 4.5pt; margin-left: 0in; margin-right: 0in; margin-top: 4.5pt; text-align: justify;\">Peki sizin yerinize ben soray\u0131m&#8230; En \u00e7ok M\u00fcsl\u00fcman n\u00fcfusa sahip oldu\u011fu iddias\u0131n\u0131 zaman zaman dillendirmekten \u00e7ekinmeyen bir \u00fclke, nas\u0131l olur da bu siyaset arenas\u0131nda &#8216;akl\u0131 ba\u015f\u0131nda&#8217;, \u00fclkesini ve d\u00fcnyay\u0131 alg\u0131layabilen ve okuyabilen bir \u0130slamc\u0131 isim \u00e7\u0131kartamaz? &#8220;Zaman\u0131m\u0131z \u0130slamc\u0131 siyaset zaman\u0131 de\u011fil. Zaman &#8216;fitne&#8217; zaman\u0131 de\u011fil&#8221; diyenler i\u00e7in bu soru elbette ki anlams\u0131z&#8230; Fitneyle \u0130slamc\u0131 siyaseti ayn\u0131 c\u00fcmlede sarfetmekten \u00e7ekinmeyecek kadar &#8216;insafla&#8217; problemleri olanlar, on y\u0131llarca mazlum halklar \u00fczerine \u00e7\u00f6reklenmi\u015f cuntac\u0131lara kar\u015f\u0131 el-pen\u00e7e durmaktan \u00e7ekinmiyorlar. O co\u011frafya ya da bu co\u011frafya fark etmiyor. Mazlumlar kendi ba\u015flar\u0131na terk edildi\u011fi, zulm\u00fcn kol gezdi\u011fi co\u011frafyalarda &#8216;hakk\u0131&#8217; ve &#8216;adaleti&#8217; kollamak kime d\u00fc\u015fer?&nbsp; Cevab\u0131 birlikte bulmaya \u00e7al\u0131\u015fal\u0131m&#8230;<\/div>\n<div class=\"MsoNormal\" style=\"background: white; line-height: 14.25pt; margin-bottom: 4.5pt; margin-left: 0in; margin-right: 0in; margin-top: 4.5pt; text-align: justify;\">Not: Tgk. Ma&#8217;mun Davud, d\u00fcn Cakarta&#8217;da ge\u00e7irdi\u011fi kalp krizi sonucu hayat\u0131n\u0131 kaybetti. A\u00e7e&#8217;nin yeti\u015ftirdi\u011fi \u00f6nemli siyaset ve ilim adam\u0131 Davud Beureuh&#8217;in o\u011flu olan Ma&#8217;mun Davud 74 ya\u015f\u0131ndayd\u0131. Cenazesi baba oca\u011f\u0131 Bereueun&#8217;da topra\u011fa verilecek. Ma&#8217;mun Bey, &#8220;Dewan Da&#8217;wah Islamiyah Indonesia&#8221; adl\u0131 kurulu\u015fta uzun y\u0131llar hizmet vermi\u015f, Endonezya \u0130slam\u0131&#8217;n\u0131n geli\u015fmesi konusunda katk\u0131lar yapm\u0131\u015f k\u0131ymetli bir insand\u0131. Emeklili\u011finin ard\u0131ndan, Babas\u0131 Davud Beureuh&#8217;\u0131n in\u015fas\u0131nda \u00f6nemli rol ald\u0131\u011f\u0131 Masjid Baitul A&#8217;la Lil Mujahidin&#8217;de hizmet veren e\u011fitim kurumunun da ba\u015f\u0131nda bulunyordu. Allah&#8217;dan rahmet diliyorum. Makam\u0131 cennet olsun&#8230;<\/div>\n<div class=\"MsoNormal\" style=\"text-align: justify;\"><a href=\"http:\/\/www.dunyabulteni.net\/?aType=haber&amp;ArticleID=212977\">http:\/\/www.dunyabulteni.net\/?aType=haber&amp;ArticleID=212977<\/a><\/div>","protected":false},"excerpt":{"rendered":"<p>Mehmet \u00d6zay&nbsp; &nbsp;&nbsp;&nbsp;&nbsp;&nbsp;&nbsp;&nbsp;&nbsp;&nbsp; &nbsp;&nbsp;&nbsp;&nbsp;&nbsp;&nbsp;&nbsp;&nbsp;&nbsp;&nbsp;&nbsp; &nbsp;&nbsp;&nbsp;&nbsp;&nbsp;&nbsp;&nbsp;&nbsp;&nbsp;&nbsp;&nbsp; &nbsp;&nbsp;&nbsp;&nbsp;&nbsp;&nbsp;&nbsp;&nbsp;&nbsp;&nbsp;&nbsp; &nbsp;&nbsp;&nbsp;&nbsp;&nbsp;&nbsp;&nbsp;&nbsp;&nbsp;&nbsp;&nbsp; &nbsp;&nbsp;&nbsp;&nbsp;&nbsp;&nbsp;&nbsp;&nbsp;&nbsp;&nbsp;&nbsp; &nbsp;&nbsp;&nbsp;&nbsp;&nbsp;&nbsp;&nbsp;&nbsp;&nbsp;&nbsp;&nbsp; &nbsp; &nbsp; &nbsp; &nbsp; &nbsp; &nbsp; &nbsp; &nbsp; &nbsp; &nbsp; &nbsp; &nbsp; &nbsp;7 Haziran 2012 Yusuf Kalla Endonezya&#8217;da se\u00e7im yakla\u015ft\u0131k\u00e7a, potansiyel ba\u015fkan aday borsas\u0131 da siyaset pazar\u0131nda yer almaya ba\u015fl\u0131yor yava\u015f yava\u015f. \u0130smi ge\u00e7en adaylar aras\u0131nda en \u00f6nemlisi Yusuf Kalla ku\u015fkusuz. 2004-2009 y\u0131llar\u0131 aras\u0131nda Susilo Bambang [&hellip;]<\/p>","protected":false},"author":1,"featured_media":835,"comment_status":"open","ping_status":"open","sticky":false,"template":"","format":"standard","meta":{"footnotes":""},"categories":[21],"tags":[],"class_list":["post-1129","post","type-post","status-publish","format-standard","has-post-thumbnail","hentry","category-endonezya"],"_links":{"self":[{"href":"https:\/\/guneydoguasyacalismalari.com\/indonesia\/wp-json\/wp\/v2\/posts\/1129","targetHints":{"allow":["GET"]}}],"collection":[{"href":"https:\/\/guneydoguasyacalismalari.com\/indonesia\/wp-json\/wp\/v2\/posts"}],"about":[{"href":"https:\/\/guneydoguasyacalismalari.com\/indonesia\/wp-json\/wp\/v2\/types\/post"}],"author":[{"embeddable":true,"href":"https:\/\/guneydoguasyacalismalari.com\/indonesia\/wp-json\/wp\/v2\/users\/1"}],"replies":[{"embeddable":true,"href":"https:\/\/guneydoguasyacalismalari.com\/indonesia\/wp-json\/wp\/v2\/comments?post=1129"}],"version-history":[{"count":0,"href":"https:\/\/guneydoguasyacalismalari.com\/indonesia\/wp-json\/wp\/v2\/posts\/1129\/revisions"}],"wp:featuredmedia":[{"embeddable":true,"href":"https:\/\/guneydoguasyacalismalari.com\/indonesia\/wp-json\/"}],"wp:attachment":[{"href":"https:\/\/guneydoguasyacalismalari.com\/indonesia\/wp-json\/wp\/v2\/media?parent=1129"}],"wp:term":[{"taxonomy":"category","embeddable":true,"href":"https:\/\/guneydoguasyacalismalari.com\/indonesia\/wp-json\/wp\/v2\/categories?post=1129"},{"taxonomy":"post_tag","embeddable":true,"href":"https:\/\/guneydoguasyacalismalari.com\/indonesia\/wp-json\/wp\/v2\/tags?post=1129"}],"curies":[{"name":"wp","href":"https:\/\/api.w.org\/{rel}","templated":true}]}}