{"id":989,"date":"2011-12-10T11:12:00","date_gmt":"2011-12-10T11:12:00","guid":{"rendered":"http:\/\/localhost:8080\/ini\/?p=422"},"modified":"2016-10-10T06:57:24","modified_gmt":"2016-10-10T06:57:24","slug":"padang-depreminin-geride-braktklar","status":"publish","type":"post","link":"https:\/\/guneydoguasyacalismalari.com\/en\/padang-depreminin-geride-braktklar\/","title":{"rendered":"Padang Depremi\u2019nin Geride B\u0131rakt\u0131klar\u0131"},"content":{"rendered":"<div class=\"MsoNormal\" style=\"text-align: left;\">Mehmet \u00d6zay \u2013 D\u00fcnyab\u00fclteni\/Malezya<\/div>\n<div class=\"MsoNormal\" style=\"margin-left: 324pt; text-indent: 36pt; text-align: left;\" align=\"center\">\u00a0\u00a0\u00a0\u00a0\u00a0\u00a0 29.09.2011<\/div>\n<div class=\"MsoNormal\" style=\"margin-left: 324pt; text-align: center; text-indent: 36pt;\" align=\"center\"><\/div>\n<div class=\"MsoNormal\" style=\"text-align: justify; text-justify: inter-ideograph;\">30 Eyl\u00fcl, Padang Depremi\u2019nin ikinci y\u0131l d\u00f6n\u00fcm\u00fc. Kimi y\u0131ld\u00f6n\u00fcmleri s\u00fcrekli bahsedilmeyi hak ediyor. Padang Depremi de kanaatimizce b\u00f6ylesi bir y\u0131ld\u00f6n\u00fcm\u00fc. S\u00f6z konusu depremle ilgili olarak, iki y\u0131l \u00f6nce o d\u00f6nem yaz\u0131 faaliyetimizi s\u00fcrd\u00fcrd\u00fc\u011f\u00fcm\u00fcz haber sitesinde m\u00fcstear isimle iki yaz\u0131 kaleme alm\u0131\u015f ve Padang Depremi\u2019ni o g\u00fcn itibar\u0131yla enine boyuna de\u011ferlendirmi\u015ftik. Bu yaz\u0131lar, do\u011fal afetler ba\u011flam\u0131nda yard\u0131m olgusuna ulusal ve k\u00fcresel \u00f6l\u00e7ekte nas\u0131l yakla\u015f\u0131ld\u0131\u011f\u0131na kritik niteliktedir. S\u00f6z konusu bu yaz\u0131lar vas\u0131tas\u0131yla Padang Depremi\u2019nden hareketle gerek T\u00fcrk gerekse yabanc\u0131 kurulu\u015flar\u0131n kimi yakla\u015f\u0131mlar\u0131na ele\u015ftirel nitelik ta\u015f\u0131maktad\u0131r. Bug\u00fcn y\u0131ld\u00f6n\u00fcm\u00fc vesilesiyle Padang\u2019\u0131, do\u011fal afetleri ve bu afetlere y\u00f6nelik ad\u0131na \u2018sivil\u2019 denilen olu\u015fumlar\u0131n icraatlar\u0131n\u0131 bir kez daha ele alman\u0131n anlaml\u0131 oldu\u011funu d\u00fc\u015f\u00fcn\u00fcyoruz. Asl\u0131nda, b\u00f6ylesi y\u0131ld\u00f6n\u00fcmlerini, \u00f6zellikle de tsunami ba\u011flam\u0131ndaki yaz\u0131lar\u0131m\u0131z\u0131 geleneksel hale getirdi\u011fimizi okuyucular biliyor. Alt\u0131nc\u0131 y\u0131l\u0131nda da tsunamiyi yazd\u0131k ve her 26 Aral\u0131k yazmaya devam edece\u011fiz.<\/div>\n<div class=\"MsoNormal\" style=\"text-align: justify; text-justify: inter-ideograph;\">Bu ba\u011flamda, 30 Eyl\u00fcl \u00c7ar\u015famba g\u00fcn\u00fc saat 17.16 sular\u0131nda Sumatra Adas\u0131\u2019n\u0131n bat\u0131s\u0131ndaki Bat\u0131 Sumatra Eyaleti ba\u015fkenti Padang ve \u00e7evresini vuran depremle ilgili olarak daha \u00f6nce yazd\u0131\u011f\u0131m\u0131z iki yaz\u0131ya devam etmi\u015f oluyoruz. Hemen burada bir detay\u0131 hat\u0131rlatay\u0131m. Depremin oldu\u011fu tarihlerde A\u00e7e\u2019de ya\u015f\u0131yorduk ve T\u00fcrk yard\u0131m kurulu\u015flar\u0131ndan birinin A\u00e7e\u2019deki \u00e7al\u0131\u015fmalar\u0131n\u0131n ba\u015f\u0131nda bulunan arkada\u015f\u0131m\u0131zla, \u201cg\u00f6n\u00fcll\u00fc olarak\u201d -kimilerinin bu kavrama y\u00fckledi\u011fimiz anlam\u0131 kavramada epeyce zorland\u0131klar\u0131n\u0131 biliyoruz- ayn\u0131 g\u00fcn yola \u00e7\u0131karak depremin ertesi g\u00fcn\u00fc, 24 saat dolmadan Padang\u2019a varm\u0131\u015ft\u0131k. Padang\u2019a hareket etmek i\u00e7in Medan havaliman\u0131nda beklerken, \u201cd\u00fcnyab\u00fclteni\u201dnden bir yetkili telefonla bize ula\u015fm\u0131\u015f ve geli\u015fmeler hakk\u0131nda o ana kadar edindi\u011fimiz bilgileri payla\u015fm\u0131\u015ft\u0131k.<\/div>\n<div class=\"MsoNormal\" style=\"text-align: justify; text-justify: inter-ideograph;\">Padang Depremi sonras\u0131nda yazd\u0131\u011f\u0131m\u0131z metinlerde ba\u015fta Birle\u015fmi\u015f Milletler\u2019e ba\u011fl\u0131 kurulu\u015flar olmak \u00fczere uluslararas\u0131 yard\u0131m kurulu\u015flar\u0131n\u0131n b\u00f6lgeye ak\u0131n etmesinin gereklili\u011fi \u00fczerinde durmu\u015f ve kimi kurulu\u015flar\u0131n yard\u0131m\u0131n \u00f6tesinde ama\u00e7larla b\u00f6lgeye ula\u015ft\u0131klar\u0131n\u0131 g\u00fcndeme getirmi\u015ftik. Buna il\u00e2ve olarak BM yetkililerinin \u00f6l\u00fc say\u0131s\u0131 hakk\u0131ndaki tahminlerindeki abart\u0131ya yer vermi\u015ftik. O g\u00fcnlerde BM s\u00f6zc\u00fcleri \u00f6l\u00fc say\u0131s\u0131n\u0131n 1100 olarak d\u00fcnyaya duyurmu\u015f ve hatta daha da artabilece\u011fi tahmininde bulunmu\u015ftu. \u00d6l\u00fc say\u0131s\u0131 ile ilgili \u2019furyaya\u2019 T\u00fcrkiye\u2019deki kimi \u00e7evreler de kat\u0131lm\u0131\u015ft\u0131&#8230;<\/div>\n<div class=\"MsoNormal\" style=\"text-align: justify; text-justify: inter-ideograph;\">\u00d6yle ki, Padang Depremi\u2019ni 2006 y\u0131l\u0131 May\u0131s ay\u0131nda Orta Cava\u2019da Cogcakarta\u2019da ger\u00e7ekle\u015fen depremle k\u0131yaslanarak, Padang\u2019dakinin \u00e7ok daha y\u0131k\u0131c\u0131 oldu\u011funu s\u00f6yleniyordu. Oysa Cogcakarta\u2019daki depdemde 5782 ki\u015fi hayat\u0131n\u0131 kaybetti. Padang Depremi\u2019yle ilgili olarak il\u00e2n edilen rakamlarda \u00f6l\u00fc say\u0131s\u0131\u00a0 1117 olarak verildi. Oysa depremde hayat\u0131n\u0131 kaybedenlerin say\u0131s\u0131 bu say\u0131n\u0131n alt\u0131ndad\u0131r. \u00d6l\u00fc say\u0131s\u0131n\u0131n 1117\u2019ye ula\u015fmas\u0131n\u0131n temel nedeni, depremden birka\u00e7 g\u00fcn sonra Pariaman\u2019\u0131n k\u0131rsal b\u00f6lgesindeki da\u011fl\u0131k k\u00f6ylerdeki toprak kaymalar\u0131 olmu\u015ftur. Bunun nedenleri aras\u0131nda depremin yan\u0131 s\u0131ra, o g\u00fcnlerde ya\u015fanan yo\u011fun ya\u011f\u0131\u015flar\u0131n da etkisi vard\u0131. Yani BM, \u00f6l\u00fc say\u0131s\u0131n\u0131 d\u00fcnyaya aktar\u0131rken, depremle bir \u015fekilde \u201cal\u00e2kas\u0131z\u201d ya\u015fanan toprak kaymas\u0131 sonucu hayat\u0131n\u0131 kaybeden y\u00fczlerce ki\u015fiyi de listeye eklemi\u015f ve b\u00f6ylece BM sonunda amac\u0131na ula\u015fm\u0131\u015ft\u0131! D\u00fcnya kamuoyuna duyurulan y\u00fcksek \u00f6l\u00fc rakamlar\u0131 ile \u00e7e\u015fitli yard\u0131m kurulu\u015flar\u0131 b\u00f6lgeye \u00e7ekilmi\u015fti. Ancak bu yard\u0131m kurulu\u015flar\u0131n\u0131n imk\u00e2n ve kabiliyetlerinin g\u00f6\u00e7\u00fck alt\u0131nda ve toprak alt\u0131nda kalanlara ne kadar yans\u0131d\u0131\u011f\u0131 \u015f\u00fcphelidir. Bunu bizatihi Padang \u015fehir merkezindeki \u00e7e\u015fitli organizasyonlar\u0131n yetkilileri ile g\u00f6r\u00fc\u015fmelerimizde ald\u0131\u011f\u0131m\u0131z bilgiler ve toprak kaymas\u0131n\u0131n ya\u015fand\u0131\u011f\u0131 Pariaman k\u0131rsal\u0131na bizzat giderek tan\u0131k olmu\u015ftuk.<\/div>\n<div class=\"MsoNormal\" style=\"text-align: justify; text-justify: inter-ideograph;\">\u00d6yle g\u00f6z\u00fck\u00fcyor ki, BM\u2019li yetkiiler Padang\u2019da tahminlere dayal\u0131 olarak verilen \u2013belki de Cakarta ve Padang\u2019daki Endonezyal\u0131 yetkili kurulu\u015flar\u0131nda katk\u0131s\u0131yla(!) kay\u0131plarla ilgili edinilen ilk bilgilerin alt\u0131nda kalmak istemediler. Bir anlamda ortaya \u00e7\u0131kabilecek g\u00fcven sorununu da toprak kaymalar\u0131ndaki kay\u0131plar\u0131n\u0131 da eklemek suretiyle gidermi\u015f oldular. Depremin ard\u0131ndan do\u011frudan Padang\u2019a giderek bilgi almak yerine, Cakarta\u2019da D\u0131\u015fi\u015fleri\u2019nin sundu\u011fu bilgi ile yetinip \u00fclkelerine bilgi ge\u00e7en B\u00fcy\u00fckel\u00e7ilikler ise ayn\u0131 yanl\u0131\u015f \u00fczerine hareket ediyorlard\u0131. Oysa merkezle, \u00e7evre aras\u0131ndaki kopukluk hele Endonezya gibi bir \u00fclkede had safhada oldu\u011fu el\u00e7ilikler kadar, bilgileri el\u00e7iliklerden alma yolunu tercih eden kimi yard\u0131m kurulu\u015flar\u0131n\u0131n ilk bilmesi gereken unsurlar\u0131n ba\u015f\u0131nda gelmelidir. \u00d6te yandan, kula\u011f\u0131 delik bir dosttan i\u015fitti\u011fimiz kadar\u0131yla, bir marifet gibi g\u00f6sterilerek, BM\u2019nin sundu\u011fu t\u00fcm bilgileri bulunmaz hint kuma\u015f\u0131 gibi raporlar halinde T\u00fcrkiye\u2019ye sunanlar da sonunda elleri bo\u015f d\u00f6nmemek i\u00e7in solu\u011fu mee (yerel bir yiyecek) satan d\u00fckk\u00e2nlarda al\u0131p, \u00e7\u00f6z\u00fcm\u00fc \u201cen az\u0131ndan gelmi\u015fken halka mee verelim bari\u201dde bulmu\u015flar ve ard\u0131ndan CEO\u2019culu\u011fa kadar y\u00fckselmi\u015fler. Ancak verdikleri y\u00fczbin dolarl\u0131k \u2018a\u00e7\u0131k \u00e7ekler\u2019in Padang halk\u0131na gidip gitmedi\u011fi de bilinmiyormu\u015f&#8230;<\/div>\n<div class=\"MsoNormal\" style=\"text-align: justify; text-justify: inter-ideograph;\">\u00d6zellikle BM gibi \u015f\u00fcpheleri epeydir \u00fczerinde ta\u015f\u0131yan bir kurumla ve son olarak daha birka\u00e7 g\u00fcn \u00f6ncesinde Ba\u015fbakan Erdo\u011fan\u2019\u0131n ele\u015ftirilerine konu olan bir kuruma \u2018abone\u2019 olmak ve onun benzeri biryap\u0131lanma i\u00e7ine girmek, M\u00fcsl\u00fcman toplumlar i\u00e7inde ortaya \u00e7\u0131kan sivil toplum hareketlerinin a\u00e7mazlar\u0131ndan biri olarak dikkat \u00e7ekiyor. Daha \u00e7ok de\u011fil, yakla\u015f\u0131k on, on be\u015f y\u0131l \u00f6nce, Bosna Sava\u015f\u0131 ve Irak \u0130\u015fgali ba\u011flam\u0131nda me\u015fruiyeti epeyce bir sorgulanm\u0131\u015f olan BM, bug\u00fcn T\u00fcrkiye Ba\u015fbakan\u0131 taraf\u0131ndan a\u00e7\u0131k\u00e7a ele\u015ftiriliyor. Bu kurumun uzant\u0131s\u0131 yard\u0131m kurulu\u015flar\u0131n\u0131n hali de\u00a0 bundan pek farkl\u0131 de\u011fil.<\/div>\n<div class=\"MsoNormal\" style=\"text-align: justify; text-justify: inter-ideograph;\">Padang\u2019da ya\u015fanan deprem neticesinde elbette kurbanlar olmu\u015f ve yard\u0131ma ihtiya\u00e7 duyan insanlar\u0131n varl\u0131\u011f\u0131 ortaya \u00e7\u0131km\u0131\u015ft\u0131. Ancak bu insanlara ula\u015fmada optimal yard\u0131m\u0131 sa\u011flamada uluslararas\u0131 yard\u0131m kurulu\u015flar\u0131n\u0131n ne kadar ba\u015far\u0131l\u0131 olduklar\u0131 bu deprem \u00f6rne\u011finden hareketle sorgulanmay\u0131 hak etmektedir. Bu ama\u00e7la, \u00f6rne\u011fin BM\u2019nin, her bir acil kurtarma ekibinin ka\u00e7 ki\u015fiyi enkaz alt\u0131ndan \u00e7\u0131kart\u0131\u011f\u0131n\u0131 a\u00e7\u0131klamas\u0131 gerekti\u011fini ifade etmi\u015ftik. Ancak b\u00f6yle bir a\u00e7\u0131klama bug\u00fcne kadar yap\u0131lmad\u0131. Yukar\u0131da bahsedildi\u011fi \u00fczere bir yard\u0131m kurulu\u015funun yetkilisi ile Padang\u2019a ula\u015ft\u0131\u011f\u0131m\u0131zda \u0131srarla Padang\u2019a tam te\u015fekk\u00fcll\u00fc \u201cacil kurtarma ekibinin\u201d g\u00f6nderilmemesini \u0130stanbul\u2019a bildirmi\u015f, ancak ikna olmayan yetkililere, bir ki\u015fiyi g\u00f6ndererek durumu kendilerinin bizzat tan\u0131k olmas\u0131n\u0131 \u00f6nermi\u015ftik. \u201cTam te\u015fekk\u00fcll\u00fc\u201d arkada\u015f\u0131 daha havaliman\u0131ndan al\u0131p \u015fehir merkezine g\u00f6t\u00fcr\u00fcrken tan<br \/>\n\u0131k oldu\u011fu \u015fehir manzaras\u0131 kars\u0131\u015f\u0131nda yapt\u0131\u011f\u0131 de\u011ferlendirme, \u2018Burada ekibimizin yapaca\u011f\u0131 hi\u00e7bir \u015fey yok. \u0130yi ki ekip gelmemi\u015f, yoksa bo\u015funa masraf yap\u0131lacakt\u0131\u201d \u015feklinde olmu\u015ftu.<\/div>\n<div class=\"MsoNormal\" style=\"text-align: justify; text-justify: inter-ideograph;\">Asl\u0131nda yukar\u0131dakine benzer bir tepkiyi arkada\u015f\u0131m\u0131z \u0130stanbul\u2019dan gelmeden \u00f6nce Alman \u201cZdf Televizyonu\u201d yetkililerince yapt\u0131\u011f\u0131m\u0131z sohbette bizzat teyit edilmi\u015fti. Singapur\u2019da konu\u015flanm\u0131\u015f olan bu kanal t\u00fcm profesyonel ekip ve ekipmanlar\u0131yla Padang\u2019a ilk gelenlerdendi. \u0130\u00e7inde muhabiri, programc\u0131s\u0131, sosyal bilimcisi, y\u00f6neticisi ile \u2018tam bir ekip\u2019. Bu ekip i\u00e7erisinde yer alan Anne Walkembach\u2019\u0131n itiraf etti\u011fi \u00fczere, Padang\u2019da yarat\u0131lan atmosfer ile ger\u00e7ekli\u011fin \u00f6rt\u00fc\u015fmemesini Alman kamuoyuna nas\u0131l anlatacaklar\u0131n\u0131 kara kara d\u00fc\u015f\u00fcn\u00fcyorlard\u0131. Yani tam bir \u2018hayal k\u0131r\u0131kl\u0131\u011f\u0131\u2019 i\u00e7erisindeydiler. Alman ekip ni\u00e7in bu kadar kesin konu\u015fuyordu. \u00c7\u00fcnk\u00fc depremden saatler sonra, helikopterle b\u00f6lgede yapt\u0131klar\u0131 u\u00e7u\u015f ve akabinde sahay\u0131 dola\u015fmalar\u0131 onlarda bu kanaatin has\u0131l olmas\u0131na neden olmu\u015ftu. Bu nedenle sadece Alman Zdf ve di\u011fer televizyon organlar\u0131 i\u00e7inde turistlerin de oldu\u011fu, enkaza d\u00f6n\u00fc\u015fen birka\u00e7 \u00f6nemli yap\u0131dan biri olan alt\u0131 katl\u0131 \u2018Ambacang Hoteli\u2019 \u00f6n\u00fcne konu\u015flanm\u0131\u015flard\u0131 ve t\u00fcm \u2018hik\u00e2ye\u2019 a\u011f\u0131rl\u0131kl\u0131 olarak bu otel etraf\u0131nda d\u00f6n\u00fcyordu.<\/div>\n<div class=\"MsoNormal\" style=\"text-align: justify; text-justify: inter-ideograph;\">Kimi yard\u0131m kurulu\u015flar\u0131n\u0131n \u2018yard\u0131m rekabetinde\u2019 \u00f6n s\u0131ralarda yer alma arzusu ile anons olarak ge\u00e7ti\u011fi \u201c&#8230;B\u00f6lgenin acilen g\u0131da, s\u0131cak yemek ve sa\u011fl\u0131k malzemelerine ihtiya\u00e7 var&#8230;\u201d \u00e7a\u011fr\u0131s\u0131 ise do\u011fal afetlerin do\u011furdu\u011fu k\u0131sa s\u00fcreli \u2018\u015fok\u2019, \u2018hareket kabiliyetsizli\u011fi\u2019 ve \u2018organizasyonsuzluk\u2019 kadar, b\u00f6lgenin g\u00f6rece ekonomik geri kalm\u0131\u015fl\u0131\u011f\u0131n\u0131n do\u011fal bir uzant\u0131s\u0131yd\u0131. Yani zaten pek de \u2018s\u0131cak yemek\u2019 yemeyen bu insanlara s\u0131cak yemek tela\u015f\u0131na gerek yoktu! Bununla birlikte, sembolik bir deyim olarak \u2018s\u0131cak yemek\u2019 sitelerde yerini al\u0131yordu. Oysa, b\u0131rak\u0131n uluslararas\u0131 \u00e7evrelerin yard\u0131mlar\u0131n\u0131, g\u00fcneyinden kuzeyine Sumatra Adas\u0131\u2019ndaki eyaletler, kom\u015fu Bat\u0131 Sumatra Eyaleti\u2019nin ba\u015fkenti Padang\u2019a yard\u0131ma ko\u015fmu\u015flard\u0131. D\u00fcnyan\u0131n \u00f6teki ucundan gelenler de kom\u015fu eyaletlerden gelenler de ayn\u0131 malzemeyi, yani, pirin\u00e7, mee, bisk\u00fcit vb. da\u011f\u0131tma yar\u0131\u015f\u0131ndayd\u0131. \u00d6yle ki, depremden birka\u00e7 g\u00fcn sonra Padang Valilik Binas\u0131 \u00f6n\u00fcnde kar\u015f\u0131la\u015ft\u0131\u011f\u0131m\u0131z A\u00e7e heyeti de, Vali yard\u0131mc\u0131s\u0131 Muhammed Nazar ba\u015fkanl\u0131\u011f\u0131nda olu\u015fturan \u00e7ok say\u0131da kamyondan olu\u015fan konvoy ile Padangl\u0131lara yeterli g\u0131da ve ila\u00e7 yard\u0131m\u0131n\u0131 ula\u015fm\u0131\u015ft\u0131. Valilik depolar\u0131 a\u011fz\u0131na kadar g\u0131da ile doluydu. Oysa, \u015fehir merkezinde dahi \u00fc\u00e7 g\u00fcn boyunca yemek bulamayan insanlar vard\u0131. Sorun, g\u0131da tedariki de\u011fil, g\u0131dan\u0131n nas\u0131l da\u011f\u0131t\u0131laca\u011f\u0131 ile ilgiliydi. Bu da i\u015fte yukar\u0131da de\u011findi\u011fimiz \u2018rant\u2019\u0131n \u00f6nemli bir b\u00f6l\u00fcm\u00fcn\u00fc olu\u015fturuyor! \u00d6te yandan, merkezi Cidde\u2019de bulunan ve bir s\u00fcredir ad\u0131 reformla an\u0131lan uluslararas\u0131 kurumun icraat\u0131n\u0131n da dikkat \u00e7ekici oldu\u011fu; \u00f6rne\u011fin, ilgili kurumun sitesinde 03.10.2009 tarihinde genel sekreter ad\u0131yla yap\u0131lan a\u00e7\u0131klama ve sonu\u00e7lar\u0131 \u00fczerinde durulmas\u0131 gerekti\u011fi kimi \u00e7evrelerde vurgulan\u0131yor. Ancak bu hususu bir ba\u015fka vesileye saklayal\u0131m&#8230; Ayr\u0131ca, yukar\u0131da dile getirilenlerin tam anlam\u0131yla ne ifade etti\u011fini g\u00f6rsel malzemelerle desteklemek te m\u00fcmk\u00fcn.<\/div>\n<div class=\"MsoNormal\" style=\"text-align: justify; text-justify: inter-ideograph;\">Meraklar\u0131 giderme ad\u0131na, \u2018rant\u2019 terimi ile neyi kastetti\u011fimizi bizatih\u00ee sahada g\u00f6rev yapan kula\u011f\u0131 delik bir dostun ifadesiyle k\u0131saca a\u00e7\u0131klamakta fayda var. BM \u00f6zelinde veya ilgili uluslararas\u0131 kurulu\u015flar \u00f6rne\u011finde ifade etmek gerekirse, \u00e7al\u0131\u015fanlar bu t\u00fcr yard\u0131m faaliyetlerine kat\u0131lmalar\u0131 kar\u015f\u0131l\u0131\u011f\u0131nda g\u00fcnl\u00fck \u00f6nemli bir harc\u0131rah al\u0131yorlarm\u0131\u015f. Sivil toplum kisvesi alt\u0131nda faaliyet g\u00f6steren, \u0130slam toplumlar\u0131yla ilgili bilgileri payla\u015fma kar\u015f\u0131l\u0131\u011f\u0131nda H\u0131ristiyan kurulu\u015flardan fonlanan ve bu yoldan para kazan\u0131an olu\u015fumlar\u0131 da unutmamak gerekiyormu\u015f. Ulusal kurum ve kurulu\u015flar ba\u011flam\u0131nda ele al\u0131nd\u0131\u011f\u0131nda ise \u00fclkeye giren yabanc\u0131 kurulu\u015flar\u0131n \u015fu veya bu \u015fekilde nakdi veya ayni yard\u0131m b\u00f6lgesine y\u00f6nelik girdilerinden kendilerine de bir pay d\u00fc\u015f\u00fcyormu\u015f. Bu paydan asla ve asla vazge\u00e7mek niyetinde de de\u011fillermi\u015f. Yard\u0131m kurulu\u015flar\u0131 a\u00e7\u0131s\u0131ndan ise, toplanacak gelirlerle ve kuruma y\u00f6nelecek pop\u00fcler ilgiyle ilintiliymi\u015f. \u00dcst\u00fcne \u00fcstl\u00fck bu rantta kara para aklama i\u015fleri kadar, yetimlerin de bir \u00f6l\u00e7\u00fcde pay\u0131n\u0131 ald\u0131\u011f\u0131 da vurgulan\u0131yormu\u015f&#8230;<\/div>\n<div class=\"MsoNormal\" style=\"text-align: justify; text-justify: inter-ideograph;\">Padang\u2019da nas\u0131l bir yol takip edilmesi gerekti\u011fine dair o d\u00f6nemde ilgili ki\u015fi ve kurumlara g\u00f6r\u00fc\u015flerimizi iletmi\u015ftik. Padang\u2019\u0131n \u00e7e\u015fitli b\u00f6lgelerinde depremle gelen imk\u00e2nlar olarak da de\u011ferlendirilebilecek giri\u015fimler kal\u0131c\u0131 yap\u0131lar \u015feklinde zuhur etmeliydi. \u00d6rne\u011fin, k\u0131rsalda oturulamayacak haldeki ev sahiplerine \u201cg\u0131da yard\u0131m\u0131\u201d yerine, \u201cevlerini yeniden in\u015fas\u0131nda\u201d, klinik, okul vb. alt yap\u0131 eksikliklerinin tamamlanmas\u0131nda katk\u0131 yap\u0131labilirdi.<\/div>\n<div class=\"MsoNormal\" style=\"text-align: justify; text-justify: inter-ideograph;\">Evet ger\u00e7eklik bamba\u015fka bir \u015fekilde \u00f6r\u00fcnt\u00fclenmi\u015f ve ya\u015fanmayan \u2018deh\u015fet\u2019 medya organlar\u0131 ve kimi arac\u0131 kurumlar vas\u0131tas\u0131yla Padang Depremi kurmaca bir \u2018deh\u015fet\u2019 \u00fcretimiyle d\u00fcnya kamuoyuna duyurulmu\u015ftu. Depremin etkisi ba\u011flam\u0131nda ortaya at\u0131lanlan, ne havaliman\u0131n\u0131n ula\u015f\u0131lamaz oldu\u011fu, Padang\u2019\u0131n %60\u2019\u0131n\u0131n yerle bir oldu\u011fu ne de binlerce ki\u015finin g\u00f6\u00e7\u00fck alt\u0131nda oldu\u011fu vb. anlat\u0131lar\u0131 ger\u00e7eklikle kesinlikle ba\u011fda\u015fm\u0131yordu. Asl\u0131nda Padang\u2019da bir rant vard\u0131 ya da olu\u015fturulmak isteniyordu. Bu rant gerek ulusal gerekse uluslararas\u0131 kurulu\u015flarca payla\u015f\u0131lmay\u0131 bekliyordu. Yani, birileri Padang\u2019da, A\u00e7e\u2019deki tsunamiyi g\u00f6rmek istiyordu ve \u00e7abalar\u0131 da bu y\u00f6ndeydi.<\/div>\n<div class=\"MsoNormal\" style=\"text-align: justify;\"><\/div>\n<div class=\"MsoNormal\" style=\"text-align: justify;\"><\/div>\n<div class=\"MsoNormal\" style=\"text-align: justify;\"><a href=\"http:\/\/www.dunyabulteni.net\/?aType=haber&amp;ArticleID=176596\">http:\/\/www.dunyabulteni.net\/?aType=haber&amp;ArticleID=176596<\/a><\/div>","protected":false},"excerpt":{"rendered":"<p>Mehmet \u00d6zay \u2013 D\u00fcnyab\u00fclteni\/Malezya \u00a0\u00a0\u00a0\u00a0\u00a0\u00a0 29.09.2011 30 Eyl\u00fcl, Padang Depremi\u2019nin ikinci y\u0131l d\u00f6n\u00fcm\u00fc. Kimi y\u0131ld\u00f6n\u00fcmleri s\u00fcrekli bahsedilmeyi hak ediyor. Padang Depremi de kanaatimizce b\u00f6ylesi bir y\u0131ld\u00f6n\u00fcm\u00fc. S\u00f6z konusu depremle ilgili olarak, iki y\u0131l \u00f6nce o d\u00f6nem yaz\u0131 faaliyetimizi s\u00fcrd\u00fcrd\u00fc\u011f\u00fcm\u00fcz haber sitesinde m\u00fcstear isimle iki yaz\u0131 kaleme alm\u0131\u015f ve Padang Depremi\u2019ni o g\u00fcn itibar\u0131yla enine boyuna [&hellip;]<\/p>","protected":false},"author":1,"featured_media":0,"comment_status":"open","ping_status":"open","sticky":false,"template":"","format":"standard","meta":{"footnotes":""},"categories":[6,70],"tags":[],"class_list":["post-989","post","type-post","status-publish","format-standard","hentry","category-gunluk-yazilar","category-sumatra"],"_links":{"self":[{"href":"https:\/\/guneydoguasyacalismalari.com\/en\/wp-json\/wp\/v2\/posts\/989","targetHints":{"allow":["GET"]}}],"collection":[{"href":"https:\/\/guneydoguasyacalismalari.com\/en\/wp-json\/wp\/v2\/posts"}],"about":[{"href":"https:\/\/guneydoguasyacalismalari.com\/en\/wp-json\/wp\/v2\/types\/post"}],"author":[{"embeddable":true,"href":"https:\/\/guneydoguasyacalismalari.com\/en\/wp-json\/wp\/v2\/users\/1"}],"replies":[{"embeddable":true,"href":"https:\/\/guneydoguasyacalismalari.com\/en\/wp-json\/wp\/v2\/comments?post=989"}],"version-history":[{"count":0,"href":"https:\/\/guneydoguasyacalismalari.com\/en\/wp-json\/wp\/v2\/posts\/989\/revisions"}],"wp:attachment":[{"href":"https:\/\/guneydoguasyacalismalari.com\/en\/wp-json\/wp\/v2\/media?parent=989"}],"wp:term":[{"taxonomy":"category","embeddable":true,"href":"https:\/\/guneydoguasyacalismalari.com\/en\/wp-json\/wp\/v2\/categories?post=989"},{"taxonomy":"post_tag","embeddable":true,"href":"https:\/\/guneydoguasyacalismalari.com\/en\/wp-json\/wp\/v2\/tags?post=989"}],"curies":[{"name":"wp","href":"https:\/\/api.w.org\/{rel}","templated":true}]}}