{"id":836,"date":"2014-02-18T03:18:14","date_gmt":"2014-02-18T03:18:14","guid":{"rendered":"http:\/\/guneydoguasyacalismalari.com\/?p=836"},"modified":"2016-10-06T03:18:47","modified_gmt":"2016-10-06T03:18:47","slug":"arakanli-muslumanlar-ve-aseanin-yaklasimlari-arakanese-muslims-and-aseans-approach","status":"publish","type":"post","link":"https:\/\/guneydoguasyacalismalari.com\/en\/arakanli-muslumanlar-ve-aseanin-yaklasimlari-arakanese-muslims-and-aseans-approach\/","title":{"rendered":"Arakanl\u0131 M\u00fcsl\u00fcmanlar ve ASEAN\u2019\u0131n Yakla\u015f\u0131mlar\u0131 \/ Arakanese Muslims and ASEAN\u2019s Approach"},"content":{"rendered":"<p>Myanmar bu y\u0131l ASEAN d\u00f6nem ba\u015fkanl\u0131\u011f\u0131n\u0131 y\u00fcr\u00fct\u00fcyor ve 2015 y\u0131l\u0131nda genel se\u00e7imlere gidecek. Ge\u00e7enlerde g\u00f6zler yeniden Myanmar\u2019a \u00e7evrildi. Sebebi ise Tayland y\u00f6netiminin 1300 Myanmarl\u0131y\u0131 \u00fclkelerine g\u00f6ndermesiydi. Asl\u0131nda bu yeni bir geli\u015fme de\u011fildi. Tayland y\u00f6netiminin bir s\u00fcredir uygulad\u0131\u011f\u0131 politikalar\u0131n bir benzerinin otoriteler taraf\u0131ndan uluslararas\u0131 \u00e7evrelerle payla\u015f\u0131lmas\u0131ndan \u00f6te pek de bir anlam ifade etmiyordu. Kald\u0131 ki, bu vak\u0131\u2019a, haberin yay\u0131nland\u0131\u011f\u0131 g\u00fcnle de ilgili de\u011fildi. Tayland y\u00f6netimi Eyl\u00fcl-Ekim aylar\u0131nda gruplar halinde Myanmarl\u0131lar\u0131 \u2018\u00fclkelerine\u2019 geri g\u00f6nderdi\u011fini d\u00fcnya kamuoyuyla yeni payla\u015f\u0131yordu. \u00d6te yandan, \u2018Myanmarl\u0131lar\u2019 ifadesi de elbette bilerek kullan\u0131l\u0131yordu. Asl\u0131nda g\u00f6nderilenler Arakanl\u0131 M\u00fcsl\u00fcmanlardan ba\u015fkalar\u0131 de\u011fildi.<\/p>\n<p>Burada sorulmas\u0131 gereken bir s\u00fcredir d\u00fcnyan\u0131n g\u00f6z\u00fcn\u00fcn \u00fczerinde oldu\u011fu Myanmar\u2019dan ni\u00e7in h\u00e2l\u00e2 Arakanl\u0131 M\u00fcsl\u00fcmanlar ka\u00e7\u0131yor, ka\u00e7mak istiyor olmalar\u0131d\u0131r? Bir di\u011fer soru Arakanl\u0131 M\u00fcsl\u00fcmanlara y\u00f6nelik bask\u0131lara yakinen tan\u0131kl\u0131k eden b\u00f6lge \u00fclkelerin y\u00f6netimlerinin ni\u00e7in \u2018insani\u2019 bir \u00e7aba sergileyememektedirler? \u00d6te yandan, Myanmarl\u0131 g\u00f6\u00e7menlerin kendi aralar\u0131nda da s\u0131n\u0131flamaya tabi tutulduklar\u0131 g\u00f6zlemleniyor. \u00d6rne\u011fin, bug\u00fcn Arakanl\u0131 g\u00f6\u00e7menlerin Tayland\u2019dan \u00e7\u0131kart\u0131lmas\u0131 konu\u015fuluyor. Ancak ayn\u0131 \u00fclkenin, yani Tayland\u2019\u0131n Myanmar\u2019la s\u0131n\u0131r\u0131nda farkl\u0131 etnik topluluklara mensup yakla\u015f\u0131k 120.000 Myanmarl\u0131 m\u00fclteci ya\u015f\u0131yor. Yukar\u0131daki sorulara il\u00e2veten \u015fu sorular\u0131 herkesin sormas\u0131 gerekiyor: T\u00fcm bu Myanmarl\u0131 yasal veya yasa d\u0131\u015f\u0131 m\u00fcltecilerin t\u00fcm\u00fc geri g\u00f6nderiliyor mu? Bu on binlerce m\u00fclteci i\u00e7inde Tayland\u2019da bar\u0131nmas\u0131na imk\u00e2n tan\u0131d\u0131\u011f\u0131 Arakanl\u0131 M\u00fcsl\u00fcman m\u00fclteci var m\u0131? Yoksa s\u00f6z konusu bu onbinlerce m\u00fcltecinin az\u0131nl\u0131k ancak H\u0131ristiyan olmalar\u0131yla \u2018pozitif ayr\u0131mc\u0131l\u0131\u011fa\u2019 tabi tutulduklar\u0131n\u0131 ileri s\u00fcrebilir miyiz? Ba\u015fta ABD, Kanada, Finlandiya, Japonya, Avustralya olmak \u00fczere bu m\u00fclteciler aras\u0131ndan \u00e7e\u015fitli \u00fclkelere kabul al\u0131n\u0131rken Arakanl\u0131 M\u00fcsl\u00fcmanlara da \u015fans veriliyor mu? Yoksa gene dini aidiyetlerinden hareketle H\u0131ristiyan m\u00fcltecilere pozitif ayr\u0131mc\u0131l\u0131k m\u0131 g\u00f6zetiliyor?<\/p>\n<p>Bununla birlikte, bu olay\u0131n uluslararas\u0131 medyaya yans\u0131mas\u0131, Myanmar y\u00f6netiminin -Tayland \u00f6rne\u011finde oldu\u011fu gibi- b\u00f6lge \u00fclkeleri ve de uluslararas\u0131 kamuoyu nezdinde de sorgulanmas\u0131n\u0131 gerektiriyor. Kap\u0131lar\u0131n\u0131 d\u00fcnyaya a\u00e7t\u0131\u011f\u0131, demokratikle\u015fme yolunda ad\u0131mlar att\u0131\u011f\u0131 s\u00f6ylenen Myanmar\u2019\u0131n \u2018kendi vatanda\u015flar\u0131na\u2019 y\u00f6nelik bask\u0131 ve ayr\u0131mc\u0131 yakla\u015f\u0131mlar\u0131na devam etti\u011fine ku\u015fku yok. Tayland y\u00f6netiminin bu icraat\u0131 da bunu dolayl\u0131 olarak ortaya koyuyor. Bu insanlar\u0131n \u00fclkelerinden ka\u00e7ma gerek\u00e7eleri, \u00fclke y\u00f6netiminin bu topluluklara y\u00f6nelik siyasi\/dini\/k\u00fclt\u00fcrel bask\u0131lardan ne\u015fet ediyor. Bununla birlikte, kimileri Tayland y\u00f6netiminin sorumlulu\u011funu yerine getirdi\u011fini d\u00fc\u015f\u00fcnebilir. Ancak burada dikkat \u00e7ekilmesi gereken husus, Arakanl\u0131 M\u00fcsl\u00fcmanlar\u0131n G\u00fcneydo\u011fu Asya \u00fclkelerinde \u2018yasad\u0131\u015f\u0131 g\u00f6\u00e7men\u2019 stat\u00fcs\u00fcnde de\u011ferlendirilmeleriyle ilgilidir. Bu durum, b\u00f6lgede s\u00f6zde \u00e7o\u011funlu\u011fu M\u00fcsl\u00fcman halklardan olu\u015fan \u00fclkeler Endonezya ve di\u011fer \u00fclkeler i\u00e7in de ge\u00e7erli&#8230; \u00dcst\u00fcne \u00fcstl\u00fck, Myanmar-Tayland-Malezya ekseninde ger\u00e7ekle\u015fen insan ka\u00e7ak\u00e7\u0131l\u0131\u011f\u0131 konusunun da ciddi bir \u015fekilde \u00fczerine gidilmeli. Bu noktada, BM dahil kimi kurulu\u015flar rahats\u0131zl\u0131klar\u0131n zaman zaman g\u00f6r\u00fc\u015flerini ortaya koyduklar\u0131 biliniyor.<\/p>\n<p>Ancak, ne ASEAN ne de Bat\u0131l\u0131 \u00fclkelerin \u00fcstlerine d\u00fc\u015fen g\u00f6revleri yapt\u0131klar\u0131n\u0131 s\u00f6ylemek m\u00fcmk\u00fcn. Teknelerle okyanusa a\u00e7\u0131larak kaderin bir cilvesi olarak bu \u00fclke sahillerine \u00e7\u0131kan veya insan ka\u00e7ak\u00e7\u0131lar\u0131n\u0131n marifetinin de dahil oldu\u011fu \u00e7e\u015fitli \u015fekillerde kara yolunda bu insanlara nas\u0131l muamele edildi\u011fini art\u0131k g\u00f6rmek ve kayda de\u011fer icraatlara imza atmak gerekiyor. En ba\u015fta ASEAN s\u00f6zle\u015fmesindeki \u2018i\u00e7 i\u015flerine kar\u0131\u015fmama\u2019 maddesinin bir an \u00f6nce kald\u0131r\u0131lmas\u0131 ve b\u00f6lge halklar\u0131 aras\u0131nda etnik\/dini hi\u00e7bir ayr\u0131mc\u0131l\u0131\u011f\u0131n yap\u0131lmayaca\u011f\u0131n\u0131n alt\u0131n\u0131n \u00e7izilmesiyle kalmamal\u0131, sivil ve devlet kurumlar\u0131n\u0131n denetim ve g\u00f6zetimine de a\u00e7\u0131lmal\u0131. B\u00f6ylece, bug\u00fcne kadar ASEAN halklar\u0131n\u0131n birbirlerini yeterince tan\u0131mad\u0131klar\u0131 konusundaki arg\u00fcmanlar\u0131 a\u015fmaya y\u00f6nelik giri\u015fimler de bu vesileyle g\u00fcndeme gelece\u011fi umulabilir.<\/p>\n<p>\u00c7evre \u00fclkelerde \u2018yasad\u0131\u015f\u0131 g\u00f6\u00e7men\u2019 ba\u011flam\u0131nda bunlar olup biterken, peki Myanmar\u2019da neler oluyor? Ba\u015fta Arakanl\u0131 M\u00fcsl\u00fcmanlar\u0131n konumu olmak \u00fczere \u00fclkedeki pek \u00e7ok etnik topluluk ile Burme etnik \u00e7o\u011funlu\u011funa mensup merkez y\u00f6netim aras\u0131nda sa\u011flam ba\u011flar olu\u015fturulmu\u015f de\u011fil. Bunlar aras\u0131nda Arakanl\u0131 M\u00fcsl\u00fcmanlar\u0131n konumu \u00e7ok daha vahim ve bu vahim durum devam ediyor. Bir yandan h\u00e2l\u00e2 2012 Haziran ay\u0131nda evlerinden barklar\u0131ndan s\u00fcr\u00fclen Arakanl\u0131lar yoksunluk i\u00e7erisinde ya\u015famaya mahkum edilirken, sald\u0131r\u0131lar\u0131n ard\u0131 arkas\u0131 kesilmiyor. Bug\u00fcnlerde \u00fclkedeki en \u00f6nemli konu ise 29 Mart-10 Nisan tarihleri aras\u0131nda yap\u0131lacak olan n\u00fcfus say\u0131m\u0131. 1983\u2019den bu yana yap\u0131lamayan n\u00fcfus say\u0131m\u0131n\u0131n bug\u00fcn g\u00fcndeme gelmesinin baz\u0131 rasyonel temelleri var. Bu n\u00fcfus say\u0131m\u0131n\u0131n Birle\u015fmi\u015f Milletler ba\u015fta olmak \u00fczere \u00e7e\u015fitli kurulu\u015flar\u0131n \u00fclkeye yard\u0131mlar konusunda rasyonel ve etkin verimlilik noktas\u0131nda ihtiya\u00e7 duyduklar\u0131 verileri ortaya koyma ad\u0131na yap\u0131laca\u011f\u0131 a\u00e7\u0131klan\u0131yor. Bir di\u011fer neden ise, \u00f6n\u00fcm\u00fczdeki y\u0131l yap\u0131lacak olan genel se\u00e7imler \u00f6ncesinde se\u00e7menlerin tespitine y\u00f6nelik&#8230;<\/p>\n<p>Ancak yukar\u0131da dile getirdi\u011fimiz \u00fczere Burma etnik \u00e7o\u011funlu\u011fu ile di\u011fer etnik az\u0131nl\u0131klar aras\u0131nda sosyal ve siyasal bar\u0131\u015f\u0131n tesis edilememi\u015f olmas\u0131ndan hareketle kimi ara\u015ft\u0131rma kurulu\u015flar n\u00fcfus say\u0131m\u0131 vesilesiyle yeni bir \u2018ayr\u0131mc\u0131l\u0131k\u2019 dalgas\u0131n\u0131n gelmekte oldu\u011funu haber veriyorlar. Myanmar y\u00f6netiminin \u00fclkedeki etnik az\u0131nl\u0131klar \u00fczerinde uygulamakta oldu\u011fu bask\u0131 ve ayr\u0131mc\u0131l\u0131\u011f\u0131 ortadan kald\u0131racak olumlu ad\u0131mlar at(a)mad\u0131\u011f\u0131 dikkate al\u0131nd\u0131\u011f\u0131nda, Birle\u015fmi\u015f Milletler N\u00fcfus Fonu yetkililerinin n\u00fcfus say\u0131m\u0131nda uluslararas\u0131 standartlar\u0131n g\u00f6zeticilece\u011fini a\u00e7\u0131klamalar\u0131 pek de inand\u0131r\u0131c\u0131 de\u011fil. \u0130nand\u0131r\u0131c\u0131 olmamas\u0131n\u0131n ba\u015f\u0131nda da G\u00f6\u00e7men \u0130\u015fleri\u2019nden Sorumlu Bakan Khin Yi\u2019nin 13 \u015eubat\u2019ta yapt\u0131\u011f\u0131 a\u00e7\u0131klamada, n\u00fcfus say\u0131m\u0131nda \u00fclke y\u00f6netimince uzun y\u0131llard\u0131r varl\u0131\u011f\u0131 tan\u0131nan etnik gruplar\u0131 i\u00e7erece\u011fi, Arakanl\u0131 M\u00fcsl\u00fcmanlar\u0131n buna dahil edilmeyece\u011fini s\u00f6ylemesi geliyor. \u00d6te yandan, say\u0131lar\u0131 135\u2019e varan irili ufakl\u0131 etnik unsurlar\u0131 ya kimilerinin g\u00f6z ard\u0131 edilmesi, kimilerinin de daha k\u00fc\u00e7\u00fck par\u00e7alara ayr\u0131\u015ft\u0131r\u0131lmas\u0131 suretiyle yeni etnik sorunlara kap\u0131 aralanaca\u011f\u0131na vurgu yap\u0131l\u0131yor. Zaten bunun ipu\u00e7lar\u0131 da, \u00e7e\u015fitli az\u0131nl\u0131klar\u0131n y\u00f6neltilecek sorulara dair \u015fik\u00e2yetlerini yetkili makamlara ula\u015ft\u0131rmalar\u0131yla belirmeye ba\u015flad\u0131. Arakan M\u00fcsl\u00fcmanlar\u0131n\u0131n ahvali art\u0131k sadece Myanmar y\u00f6netimine terk edilemeyecek bir hal alm\u0131\u015ft\u0131r. Bu s\u00fcre\u00e7te, b\u00f6lge \u00fclkelerinin Arakanl\u0131 m\u00fcltecilere y\u00f6nelik politikalar\u0131 da Nyapyidav y\u00f6netiminin olumsuz giri\u015fimlerine katk\u0131 yapt\u0131\u011f\u0131 unutulmamal\u0131d\u0131r.<\/p>\n<p>&nbsp;<\/p>\n<p><a href=\"http:\/\/www.dunyabulteni.net\/haber-analiz\/289822\/arakanli-muslumanlar-ve-aseanin-yaklasimlari\">http:\/\/www.dunyabulteni.net\/haber-analiz\/289822\/arakanli-muslumanlar-ve-aseanin-yaklasimlari<\/a><\/p>","protected":false},"excerpt":{"rendered":"<p>Myanmar bu y\u0131l ASEAN d\u00f6nem ba\u015fkanl\u0131\u011f\u0131n\u0131 y\u00fcr\u00fct\u00fcyor ve 2015 y\u0131l\u0131nda genel se\u00e7imlere gidecek. Ge\u00e7enlerde g\u00f6zler yeniden Myanmar\u2019a \u00e7evrildi. Sebebi ise Tayland y\u00f6netiminin 1300 Myanmarl\u0131y\u0131 \u00fclkelerine g\u00f6ndermesiydi. Asl\u0131nda bu yeni bir geli\u015fme de\u011fildi. Tayland y\u00f6netiminin bir s\u00fcredir uygulad\u0131\u011f\u0131 politikalar\u0131n bir benzerinin otoriteler taraf\u0131ndan uluslararas\u0131 \u00e7evrelerle payla\u015f\u0131lmas\u0131ndan \u00f6te pek de bir anlam ifade etmiyordu. Kald\u0131 ki, bu [&hellip;]<\/p>","protected":false},"author":1,"featured_media":837,"comment_status":"open","ping_status":"open","sticky":false,"template":"","format":"standard","meta":{"footnotes":""},"categories":[36,6],"tags":[],"class_list":["post-836","post","type-post","status-publish","format-standard","has-post-thumbnail","hentry","category-arakanli-muslumanlar","category-gunluk-yazilar"],"_links":{"self":[{"href":"https:\/\/guneydoguasyacalismalari.com\/en\/wp-json\/wp\/v2\/posts\/836","targetHints":{"allow":["GET"]}}],"collection":[{"href":"https:\/\/guneydoguasyacalismalari.com\/en\/wp-json\/wp\/v2\/posts"}],"about":[{"href":"https:\/\/guneydoguasyacalismalari.com\/en\/wp-json\/wp\/v2\/types\/post"}],"author":[{"embeddable":true,"href":"https:\/\/guneydoguasyacalismalari.com\/en\/wp-json\/wp\/v2\/users\/1"}],"replies":[{"embeddable":true,"href":"https:\/\/guneydoguasyacalismalari.com\/en\/wp-json\/wp\/v2\/comments?post=836"}],"version-history":[{"count":0,"href":"https:\/\/guneydoguasyacalismalari.com\/en\/wp-json\/wp\/v2\/posts\/836\/revisions"}],"wp:featuredmedia":[{"embeddable":true,"href":"https:\/\/guneydoguasyacalismalari.com\/en\/wp-json\/wp\/v2\/media\/837"}],"wp:attachment":[{"href":"https:\/\/guneydoguasyacalismalari.com\/en\/wp-json\/wp\/v2\/media?parent=836"}],"wp:term":[{"taxonomy":"category","embeddable":true,"href":"https:\/\/guneydoguasyacalismalari.com\/en\/wp-json\/wp\/v2\/categories?post=836"},{"taxonomy":"post_tag","embeddable":true,"href":"https:\/\/guneydoguasyacalismalari.com\/en\/wp-json\/wp\/v2\/tags?post=836"}],"curies":[{"name":"wp","href":"https:\/\/api.w.org\/{rel}","templated":true}]}}