{"id":6433,"date":"2026-04-30T10:34:29","date_gmt":"2026-04-30T10:34:29","guid":{"rendered":"https:\/\/guneydoguasyacalismalari.com\/?p=6433"},"modified":"2026-04-30T10:35:11","modified_gmt":"2026-04-30T10:35:11","slug":"macaristan-ve-avrupa-birliginin-gelecegi-hungary-and-the-future-of-the-eu","status":"publish","type":"post","link":"https:\/\/guneydoguasyacalismalari.com\/en\/macaristan-ve-avrupa-birliginin-gelecegi-hungary-and-the-future-of-the-eu\/","title":{"rendered":"Macaristan ve Avrupa Birli\u011fi\u2019nin gelece\u011fi \/ Hungary and the future of the EU"},"content":{"rendered":"<p><strong>Mehmet \u00d6zay &nbsp;&nbsp;&nbsp;&nbsp;&nbsp;&nbsp;&nbsp;&nbsp;&nbsp;&nbsp;&nbsp;&nbsp;&nbsp;&nbsp;&nbsp;&nbsp;&nbsp;&nbsp;&nbsp;&nbsp;&nbsp;&nbsp;&nbsp;&nbsp;&nbsp;&nbsp;&nbsp;&nbsp;&nbsp;&nbsp;&nbsp;&nbsp;&nbsp;&nbsp;&nbsp;&nbsp;&nbsp;&nbsp;&nbsp;&nbsp;&nbsp;&nbsp;&nbsp;&nbsp;&nbsp;&nbsp;&nbsp;&nbsp;&nbsp;&nbsp;&nbsp;&nbsp;&nbsp;&nbsp;&nbsp;&nbsp;&nbsp;&nbsp;&nbsp;&nbsp;&nbsp;&nbsp;&nbsp;&nbsp;&nbsp;&nbsp;&nbsp;&nbsp;&nbsp;&nbsp;&nbsp;&nbsp;&nbsp;&nbsp;&nbsp;&nbsp;&nbsp;&nbsp;&nbsp;&nbsp;&nbsp;&nbsp;&nbsp;&nbsp;&nbsp;&nbsp;&nbsp;&nbsp;&nbsp;&nbsp;&nbsp;&nbsp;&nbsp;&nbsp; &nbsp;&nbsp;&nbsp;&nbsp;&nbsp;&nbsp;&nbsp;&nbsp;&nbsp;&nbsp;&nbsp; 30.04.2026<\/strong><\/p>\n\n\n\n<p>Macaristan\u2019da, yeni h\u00fck\u00fcmet g\u00f6reve haz\u0131rlan\u0131yor&#8230;<\/p>\n\n\n\n<p>12 Nisan se\u00e7imlerinin galibi, \u201cSayg\u0131 ve \u00d6zg\u00fcrl\u00fck Partisi\u201dnin (<em>Tisza<\/em>) lideri P\u00e9ter Magyar\u2019\u0131n, 9 May\u0131s\u2019da h\u00fck\u00fcmeti kurmas\u0131 ve fiili olarak g\u00f6reve ba\u015flamas\u0131 bekleniyor.<\/p>\n\n\n\n<p>Bununla birlikte, Magyar resmi olarak ba\u015fbakanl\u0131k g\u00f6revine ba\u015flamam\u0131\u015f olsa da, Avrupa Birli\u011fi ile ili\u015fkileri aktif olarak \u00e7oktan ba\u015flatm\u0131\u015f durumda.<\/p>\n\n\n\n<p>Magyar\u2019\u0131n bu anlamda, Br\u00fcksel\u2019e yapt\u0131\u011f\u0131 ziyaret, Macaristan ve Avrupa Birli\u011fi ili\u015fkilerinin yeniden yap\u0131land\u0131r\u0131lmakta oldu\u011funu ortaya koyuyor.<\/p>\n\n\n\n<p>Bu \u00e7er\u00e7evede, Magyar\u2019\u0131n d\u00fcn Br\u00fckselde AB komisyonu ba\u015fkan\u0131 Ursula von der Leyen\u2019le g\u00f6r\u00fc\u015fmesi, iki a\u00e7\u0131dan \u00f6nemliydi.<\/p>\n\n\n\n<p>\u0130lki, Macaristan\u2019da demokratik kurumlar\u0131n i\u015fleyi\u015fine y\u00f6nelik reform \u00e7abalar\u0131na g\u00fc\u00e7l\u00fc bir \u015fekilde ba\u015flanacak olmas\u0131d\u0131r.&nbsp;<\/p>\n\n\n\n<p>\u0130kinicisi ise, Avrupa\u2019n\u0131n bu g\u00f6rece k\u00fc\u00e7\u00fck \u00fclkesinin, Avrupa Birli\u011fi\u2019nin b\u00f6lgesel ve k\u00fcresel olarak oynamakta jeo-politik role kadya de\u011fer bir katk\u0131s\u0131 olaca\u011f\u0131d\u0131r.<\/p>\n\n\n\n<p><strong>Yeni d\u00f6nem<\/strong><\/p>\n\n\n\n<p>Macaristan\u2019da 12 Nisan se\u00e7imleriyle g\u00fcndeme gelen iktidar de\u011fi\u015fiminin, Avrupa\u2019da genel itibar\u0131yla \u2018demokratik\u2019 de\u011ferlerin yeniden g\u00fcncellenmesi ve prati\u011fe konulmas\u0131 kadar, Avrupa\u2019n\u0131n jeo-politik dengelerini etkileyebilecek \u00f6neme sahip oldu\u011fu bir hayal de\u011fil aksine, giderek daha da belirgin bir hale geliyor.<\/p>\n\n\n\n<p>Bununla, sadece Ukranya \u00f6zelinden hareketle Rusya ile ili\u015fkileri de\u011fil, ayn\u0131 zamanda Atlantik \u00f6tesi yani, ABD ile ili\u015fkilere de\u011fin uzanan boyutlar\u0131 olacakt\u0131r.<\/p>\n\n\n\n<p>Bunun ilk emarelerini, 23 Nisan\u2019da, 27 \u00fcyeli AB parlamentosunda Ukrayna\u2019ya 60 milyar Avrupoluk bor\u00e7 ve Rusya\u2019ya 20 yeni yapt\u0131r\u0131m paketiyle ilgili al\u0131nan kararlarda g\u00f6rmek m\u00fcmk\u00fcn.<\/p>\n\n\n\n<p>Yukar\u0131da dikkat \u00e7ekti\u011fim iki husus, 12 Nisan se\u00e7im sonu\u00e7lar\u0131n\u0131n il\u00e2n\u0131ndan sonra, Avrupa\u2019y\u0131 konu alan tart\u0131\u015fmalarda gayet ciddi bir \u015fekilde ele al\u0131nd\u0131\u011f\u0131na ku\u015fku yok.<\/p>\n\n\n\n<p>Macaristan\u2019da, k\u0131sa s\u00fcre sonra g\u00f6reve ba\u015flayacak olan yeni h\u00fck\u00fcmet, geni\u015f \u00e7apl\u0131 reformlar ve kalk\u0131nma hamlesi gibi i\u00e7 siyasete y\u00f6nelik boyutlar\u0131 kadar, Avrupa Birli\u011fi \u00fcyesi olman\u0131n getirdi\u011fi baz\u0131 sorumluluklarla da, Birlik i\u00e7erisinde \u00f6nemli rol oynayaca\u011f\u0131 anlam\u0131na geliyor.<\/p>\n\n\n\n<p>Bu noktada, son on alt\u0131 y\u0131l boyunca \u00fclkeyi y\u00f6neten Viktor Orb\u00e1n ve partisi <em>Fidesz<\/em> d\u00f6neminde oldu\u011fu gibi bug\u00fcn, bir ba\u015fka boyutta -9 May\u0131s\u2019ta g\u00f6reve ba\u015flamas\u0131 beklenen Tisza Partisi ve ba\u015fbakan P\u00e9ter Magyar y\u00f6netiminde de, Avrupa Birli\u011fi genel politikalar\u0131n\u0131 belirleyebilecek \u00f6neme sahip oldu\u011funu s\u00f6ylemek yanl\u0131\u015f olmayacakt\u0131r.<\/p>\n\n\n\n<p>\u0130\u00e7 siyasette, yeniden demokratikle\u015fme e\u011filimlerinin kurumsal boyutta ortaya konulmas\u0131, Avrupa \u00e7ap\u0131nda ses getirerek, var olan tart\u0131\u015fmalar\u0131n derinlere\u015fek devam\u0131 a\u00e7\u0131s\u0131ndan \u00f6neme sahip olacakt\u0131r.<\/p>\n\n\n\n<p>Bir di\u011fer husus, Macaristan gibi, AB birli\u011fi i\u00e7erisinde g\u00f6rece k\u00fc\u00e7\u00fck bir \u00fclkenin, AB\u2019nin genelini ve AB ile di\u011fer \u2018b\u00fcy\u00fck g\u00fc\u00e7ler\u2019 aras\u0131 ili\u015fkileri belirleyebilecek bir noktada bulunmas\u0131d\u0131r.<\/p>\n\n\n\n<p>Bunu ister, s\u0131radan bir y\u00f6netim ili\u015fkisine ba\u011flayal\u0131m ya da Avrupa k\u0131tas\u0131nda yerle\u015fik siyaset gelene\u011finin do\u011frudan bir \u00fcr\u00fcn\u00fc olarak g\u00f6relim, bug\u00fcn AB i\u00e7erisinde Macaristan\u2019\u0131n oynamakta oldu\u011fu rol, kayda de\u011fer bir siyasal ger\u00e7eklik olarak kar\u015f\u0131m\u0131zda duruyor.<\/p>\n\n\n\n<p><strong>Macaristan fetreti\u2019nin sonu<\/strong><\/p>\n\n\n\n<p>Sab\u0131s ba\u015fbakan Orban y\u00f6netiminin, \u00f6zellikle Rusya\u2019n\u0131n, Ukrayna i\u015fgaliyle ba\u015flayan s\u00fcre\u00e7te AB politikalar\u0131ndan sapma e\u011filiminin, AB\u2019yi birka\u00e7 a\u00e7\u0131dan etkileyen bir s\u00fcre\u00e7 olarak tarihe ge\u00e7ti.<\/p>\n\n\n\n<p>Bunlar\u0131n ba\u015f\u0131nda, AB birli\u011fi bir blok olarak Rusya kar\u015f\u0131s\u0131nda zor durumda kald\u0131.<\/p>\n\n\n\n<p>\u0130kinci olarak, Ukranya\u2019n\u0131n Rusya kar\u015f\u0131s\u0131nda verdi\u011fi askeri direni\u015fe \u2018maddi deste\u011fin\u2019, Macaristan\u2019\u0131n vetosuna tak\u0131lmas\u0131, Ukrayna a\u00e7\u0131s\u0131ndan zor bir d\u00f6nemdi.<\/p>\n\n\n\n<p>\u00dc\u00e7\u00fcnc\u00fcs\u00fc, Ukrayna\u2019n\u0131n olas\u0131 bir AB \u00fcyeli\u011fi s\u00fcrecinin rafa kald\u0131r\u0131lmas\u0131 anlam\u0131na geliyordu.<\/p>\n\n\n\n<p>Bunlar\u0131n \u00f6tesinde, bir di\u011fer yani d\u00f6rd\u00fcnc\u00fc husus, Ukrayna\u2019n\u0131n kar\u015f\u0131 kar\u015f\u0131ya kald\u0131\u011f\u0131 g\u00fcvenlik sorununun sadece yerel de\u011fil, Avrupa\u2019n\u0131n g\u00fcvenli\u011fi anlam\u0131na gelecek bir tehdit boyutunu b\u00fcnyesinde bar\u0131nd\u0131rmas\u0131yd\u0131.<\/p>\n\n\n\n<p>Bug\u00fcn, iktidar de\u011fi\u015fikli\u011fine haz\u0131rlanan Macaristan\u2019da, P\u00e9ter Magyar ba\u015fbakanl\u0131\u011f\u0131nda yeni h\u00fck\u00fcmetin, bu alanlara dair yap\u0131c\u0131 bir rol \u00fcstlenmesi en b\u00fcy\u00fck beklentiyi olu\u015fturuyor.<\/p>\n\n\n\n<p>Bu nedenle, se\u00e7imlerin ard\u0131ndan, Macaristan\u2019\u0131 konu alan yaz\u0131lar\u0131mda, bu hususa \u00f6zellikle dikkat \u00e7ekmeye \u00e7al\u0131\u015ft\u0131m.<\/p>\n\n\n\n<p><strong>AB\u2019den g\u00fc\u00e7l\u00fc destek<\/strong><\/p>\n\n\n\n<p>Ge\u00e7ti\u011fimiz birka\u00e7 g\u00fcn i\u00e7erisinde ya\u015fananlara bak\u0131ld\u0131\u011f\u0131nda AB y\u00f6netiminin Macaristan\u2019\u0131n bu rol\u00fc oynamas\u0131n\u0131n \u00f6n\u00fcn\u00fc a\u00e7maya y\u00f6nelik izleri ta\u015f\u0131d\u0131\u011f\u0131 g\u00f6r\u00fcl\u00fcyor.<\/p>\n\n\n\n<p>P\u00e9ter Magyar\u2019\u0131n d\u00fcn Br\u00fckselde, AB komisyonu ba\u015fkan\u0131 Ursula von der Leyen ile yapt\u0131\u011f\u0131 g\u00f6r\u00fc\u015fmede, sab\u0131k ba\u015fbakan Orban d\u00f6neminde -ya\u015fanan yolsuzluklar nedeniyle- dondurulan 90 milyar Avroluk fonun, Macaristan\u2019a tedrici olarak verilmesi yolunda umut verici geli\u015fme dikkat \u00e7ekidir.<\/p>\n\n\n\n<p>S\u00f6z konusu bu g\u00f6r\u00fc\u015fmeden \u00e7\u0131kan bir di\u011fer sonu\u00e7, Macaristan\u2019\u0131n AB i\u00e7in ne denli \u00f6nemli oldu\u011funu ve bu \u00f6nemin \u00f6n\u00fcm\u00fczdeki d\u00f6nemde fiili ve pratik olarak ortaya konulaca\u011f\u0131n\u0131 g\u00f6steriyor.<\/p>\n\n\n\n<p>O da, 16 milyar Avroluk savunma fonunun Macaristan\u2019a verilmesidir.<\/p>\n\n\n\n<p>G\u00f6r\u00fc\u015fme sonras\u0131nda Magyar, AB komisyonu ba\u015fkan\u0131 ile yapt\u0131\u011f\u0131 g\u00f6r\u00fc\u015fmenin, \u201cgayet yap\u0131c\u0131 ve verimli ge\u00e7ti\u011fi\u201d y\u00f6n\u00fcndeki ifadesi bo\u015funa de\u011fil.<\/p>\n\n\n\n<p>Hi\u00e7 ku\u015fku yok ki, bu durum, hen\u00fcz ba\u015fbakanl\u0131k koltu\u011funa oturmam\u0131\u015f bir AB \u00fcyesi \u00fclkenin liderinin, AB nezdinde kazand\u0131\u011f\u0131 \u00f6nemi ortaya koyuyor.<\/p>","protected":false},"excerpt":{"rendered":"<p>Mehmet \u00d6zay &nbsp;&nbsp;&nbsp;&nbsp;&nbsp;&nbsp;&nbsp;&nbsp;&nbsp;&nbsp;&nbsp;&nbsp;&nbsp;&nbsp;&nbsp;&nbsp;&nbsp;&nbsp;&nbsp;&nbsp;&nbsp;&nbsp;&nbsp;&nbsp;&nbsp;&nbsp;&nbsp;&nbsp;&nbsp;&nbsp;&nbsp;&nbsp;&nbsp;&nbsp;&nbsp;&nbsp;&nbsp;&nbsp;&nbsp;&nbsp;&nbsp;&nbsp;&nbsp;&nbsp;&nbsp;&nbsp;&nbsp;&nbsp;&nbsp;&nbsp;&nbsp;&nbsp;&nbsp;&nbsp;&nbsp;&nbsp;&nbsp;&nbsp;&nbsp;&nbsp;&nbsp;&nbsp;&nbsp;&nbsp;&nbsp;&nbsp;&nbsp;&nbsp;&nbsp;&nbsp;&nbsp;&nbsp;&nbsp;&nbsp;&nbsp;&nbsp;&nbsp;&nbsp;&nbsp;&nbsp;&nbsp;&nbsp;&nbsp;&nbsp;&nbsp;&nbsp;&nbsp;&nbsp;&nbsp;&nbsp;&nbsp;&nbsp;&nbsp;&nbsp; &nbsp;&nbsp;&nbsp;&nbsp;&nbsp;&nbsp;&nbsp;&nbsp;&nbsp;&nbsp;&nbsp; 30.04.2026 Macaristan\u2019da, yeni h\u00fck\u00fcmet g\u00f6reve haz\u0131rlan\u0131yor&#8230; 12 Nisan se\u00e7imlerinin galibi, \u201cSayg\u0131 ve \u00d6zg\u00fcrl\u00fck Partisi\u201dnin (Tisza) lideri P\u00e9ter Magyar\u2019\u0131n, 9 May\u0131s\u2019da h\u00fck\u00fcmeti kurmas\u0131 ve fiili olarak g\u00f6reve ba\u015flamas\u0131 bekleniyor. Bununla birlikte, Magyar resmi olarak ba\u015fbakanl\u0131k g\u00f6revine ba\u015flamam\u0131\u015f olsa da, Avrupa Birli\u011fi ile ili\u015fkileri aktif olarak \u00e7oktan ba\u015flatm\u0131\u015f durumda. Magyar\u2019\u0131n bu anlamda, Br\u00fcksel\u2019e [&hellip;]<\/p>","protected":false},"author":3,"featured_media":6434,"comment_status":"open","ping_status":"open","sticky":false,"template":"","format":"standard","meta":{"footnotes":""},"categories":[9,6],"tags":[],"class_list":["post-6433","post","type-post","status-publish","format-standard","has-post-thumbnail","hentry","category-asya-pasifik","category-gunluk-yazilar"],"_links":{"self":[{"href":"https:\/\/guneydoguasyacalismalari.com\/en\/wp-json\/wp\/v2\/posts\/6433","targetHints":{"allow":["GET"]}}],"collection":[{"href":"https:\/\/guneydoguasyacalismalari.com\/en\/wp-json\/wp\/v2\/posts"}],"about":[{"href":"https:\/\/guneydoguasyacalismalari.com\/en\/wp-json\/wp\/v2\/types\/post"}],"author":[{"embeddable":true,"href":"https:\/\/guneydoguasyacalismalari.com\/en\/wp-json\/wp\/v2\/users\/3"}],"replies":[{"embeddable":true,"href":"https:\/\/guneydoguasyacalismalari.com\/en\/wp-json\/wp\/v2\/comments?post=6433"}],"version-history":[{"count":0,"href":"https:\/\/guneydoguasyacalismalari.com\/en\/wp-json\/wp\/v2\/posts\/6433\/revisions"}],"wp:featuredmedia":[{"embeddable":true,"href":"https:\/\/guneydoguasyacalismalari.com\/en\/wp-json\/wp\/v2\/media\/6434"}],"wp:attachment":[{"href":"https:\/\/guneydoguasyacalismalari.com\/en\/wp-json\/wp\/v2\/media?parent=6433"}],"wp:term":[{"taxonomy":"category","embeddable":true,"href":"https:\/\/guneydoguasyacalismalari.com\/en\/wp-json\/wp\/v2\/categories?post=6433"},{"taxonomy":"post_tag","embeddable":true,"href":"https:\/\/guneydoguasyacalismalari.com\/en\/wp-json\/wp\/v2\/tags?post=6433"}],"curies":[{"name":"wp","href":"https:\/\/api.w.org\/{rel}","templated":true}]}}