{"id":6309,"date":"2026-02-03T13:03:46","date_gmt":"2026-02-03T13:03:46","guid":{"rendered":"https:\/\/guneydoguasyacalismalari.com\/?p=6309"},"modified":"2026-02-03T13:04:57","modified_gmt":"2026-02-03T13:04:57","slug":"batida-acmaz-ve-ingiltere-cinle-yakinlasmasi-the-dilemma-in-the-west-and-britains-rapprochement-with-china","status":"publish","type":"post","link":"https:\/\/guneydoguasyacalismalari.com\/en\/batida-acmaz-ve-ingiltere-cinle-yakinlasmasi-the-dilemma-in-the-west-and-britains-rapprochement-with-china\/","title":{"rendered":"Bat\u0131\u2019da a\u00e7maz ve \u0130ngiltere \u00c7in\u2019le yak\u0131nla\u015fmas\u0131 \/ The dilemma in the West and Britain&#8217;s rapprochement with China"},"content":{"rendered":"<p><strong>Mehmet \u00d6zay 16.07.2025<\/strong><\/p>\n\n\n\n<p>ABD\u2019de ba\u015fkan Donald Trump\u2019\u0131n k\u00fcresel sistemi yeniden ve hatta, ba\u015ftan a\u015fa\u011f\u0131ya hiyear\u015fik olarak in\u015fa etme pl\u00e2n\u0131, k\u00fc\u00e7\u00fck, orta ve b\u00fcy\u00fck \u00f6l\u00e7ek kabul edilebilecek neredeyse t\u00fcm \u00fclkeleri etkilemeye devam ediyor.<\/p>\n\n\n\n<p>Bat\u0131 i\u00e7erisinde sistemik bir yap\u0131la\u015fman\u0131n varl\u0131\u011f\u0131na ra\u011fmen, bug\u00fcn bizzat Trump politikalar\u0131n\u0131n olumsuz etkisinden en ba\u015fta nasibini alan \u00fclkelerin ve b\u00f6lgelerin ba\u015f\u0131nda Avrupa\u2019n\u0131n geldi\u011fini s\u00f6ylemek yanl\u0131\u015f olmayacakt\u0131r.<\/p>\n\n\n\n<p><strong>Bat\u0131\u2019da ayr\u0131\u015fmaya cevap<\/strong><\/p>\n\n\n\n<p>Daha \u00f6nceki birka\u00e7 yaz\u0131da dile getirdi\u011fim \u00fczere bu durum, Bat\u0131 i\u00e7erisinde kayda de\u011fer bir ayr\u0131\u015fmay\u0131 g\u00fcndeme getiriyor.<\/p>\n\n\n\n<p>Trump\u2019\u0131n, birinci ba\u015fkanl\u0131k d\u00f6nemi s\u00f6ylemleri ve bir s\u00fcredir devam eden tart\u0131\u015fmalar hat\u0131rlanacak olursa, sorun sanki sadece, NATO kurumsal yap\u0131s\u0131yla ilgiliymi\u015f gibi g\u00f6z\u00fck\u00fcyor.<\/p>\n\n\n\n<p>Ancak, Bat\u0131\u2019da, Atlantik Okyanusu\u2019nun iki k\u0131y\u0131s\u0131nda yani, Kuzey Amerika ve Avrupa aras\u0131ndaki kriz bunun \u00f6tesinde bir anlam i\u00e7eriyor.<\/p>\n\n\n\n<p>Bel\u00e7ika ba\u015fbakan\u0131 Bart de Wever\u2019in ifadesiyle kriz\u2019in ad\u0131, \u201cABD\u2019ye, a\u015f\u0131r\u0131 derecede ba\u011fl\u0131l\u0131k&#8230;\u201d<\/p>\n\n\n\n<p>Bu durum, Avrupa \u00fclkelerini yeni ve alternatif ve hatta, beklenmedik \u00e7\u0131k\u0131\u015flarla ikili ve b\u00f6lgesel ili\u015fkiler geli\u015ftirme noktas\u0131na sevk etmi\u015f g\u00f6z\u00fck\u00fcyor.<\/p>\n\n\n\n<p>Trump\u2019\u0131n, bug\u00fcne kadar sergiledi\u011fi politikalara ve bunun ard\u0131ndaki arg\u00fcmanlara bak\u0131ld\u0131\u011f\u0131nda, t\u00fcccar hem de kaba bir t\u00fcccar ba\u015fkan rol\u00fcn\u00fc oynamakta \u0131srarla devam etti\u011fi g\u00f6r\u00fcl\u00fcr.<\/p>\n\n\n\n<p>Bireysel ya\u015fam\u0131n\u0131n getirdi\u011fi karakteristikleri, ulus-devlet \u015femas\u0131na dobra dobra yans\u0131tma e\u011filimi, bug\u00fcn Trump\u2019\u0131 sadece, G\u00fcney ve Do\u011fu ile de\u011fil, bizatihi Bat\u0131 i\u00e7erisinde alg\u0131lanmas\u0131 zor ve bunun \u00f6tesinde ba\u015f edilmesi gereken bir sorun olarak n\u00fcksediyor.<\/p>\n\n\n\n<p>Bat\u0131, bu anlamda Avrupa, bu sorunun alt\u0131ndan kalkabilecek mi?<\/p>\n\n\n\n<p>Pasif tepkiselliklere bak\u0131ld\u0131\u011f\u0131nda, Trump\u2019a y\u00f6nelik olarak \u201c\u00f6lse de kurtulsak!\u201d s\u00f6ylemine tutunurken, daha rasyonel ve mant\u0131kl\u0131 hareket edenler, \u00e7\u00f6z\u00fcm\u00fc Bat\u0131 i\u00e7erisinde ya\u015fanan temel sorunu a\u015fmada, k\u00fcresel sistemin \u00f6ne \u00e7\u0131kan \u00f6teki ba\u015fat akt\u00f6rleriyle biraraya gelmekte buluyorlar.<\/p>\n\n\n\n<p>Bunun son \u00f6rne\u011fine, \u0130ngiltere ba\u015fbakan\u0131 Keir Starmer\u2019\u0131n, 28-31 Ocak g\u00fcnlerinde, \u00c7in\u2019e yapt\u0131\u011f\u0131 resmi ziyaret vesilesiyle tan\u0131k olduk.<\/p>\n\n\n\n<p><strong>\u0130ngiltere\u2019den \u00c7in\u2019 a\u00e7\u0131l\u0131m\u0131<\/strong><\/p>\n\n\n\n<p>Ba\u015fbakan Starmer\u2019\u0131n, ge\u00e7en hafta Pekin\u2019e yapt\u0131\u011f\u0131 ziyaret ile sadece, iki \u00fclke aras\u0131nda ikili ili\u015fkileri g\u00fcncelleme olarak g\u00fcndeme gelmiyor.<\/p>\n\n\n\n<p>Bunun aksine, Bat\u0131\u2019n\u0131n liberal s\u00f6ylemlerin en az\u0131ndan, felsefi ve de belirli \u00f6l\u00e7\u00fclerde pratik yans\u0131malar\u0131n\u0131n merkezi olan \u0130ngiltere\u2019nin, ideolojik Do\u011fu\u2019nun merkezi denilmeyi hak eden \u00c7in\u2019le &nbsp;yak\u0131nla\u015fma niyeti ve \u00e7abalar\u0131, siyasal anlamda temel bir olgusal \u00e7\u0131k\u0131\u015f anlam\u0131na geliyor.<\/p>\n\n\n\n<p>Kimileri, Ba\u015fbakan Stamer\u2019\u0131n ziyaretini \u0130ngiliz pragmatikli\u011fiyle a\u00e7\u0131klayabilir.<\/p>\n\n\n\n<p>Evet, buna ku\u015fku yok&#8230;<\/p>\n\n\n\n<p>Ancak, bug\u00fcn \u0130ngiltere\u2019yi y\u00f6neten akl\u0131n, Bat\u0131\u2019n\u0131n kendi i\u00e7erisinde olan biten geli\u015fmeleri hesapl\u0131 kitapl\u0131 bir \u015fekilde de\u011ferlendirdi\u011fine de ku\u015fku bulunmuyor.<\/p>\n\n\n\n<p>\u00d6yle ki, ba\u015fbakan Starmer, Pekin ziyaretine y\u00f6nelik olarak, \u0130ngiliz siyasetinden gelen ele\u015ftiriler kar\u015f\u0131s\u0131nda parlamentoda yapt\u0131\u011f\u0131 konu\u015fmada, olan biteni konvansiyonel anlamda, salt ikili ili\u015fkilere dayal\u0131 olarak a\u00e7\u0131klam\u0131yor.<\/p>\n\n\n\n<p>Bunun \u00f6tesinde, \u201c\u00c7in\u2019le ili\u015fkilerin geli\u015ftirilmesini \u0130ngiltere\u2019nin, \u00c7in\u2019i do\u011fru d\u00fcr\u00fcst anlamas\u0131na imk\u00e2n tan\u0131yacak bir stratejik bak\u0131\u015f a\u00e7\u0131s\u0131n\u0131n deneyimlenmesi\u201d oldu\u011funa dikkat \u00e7ekiyor ba\u015fbakan Stamer&#8230;<\/p>\n\n\n\n<p>\u0130lgin\u00e7 bir yakla\u015f\u0131m, de\u011fil mi?<\/p>\n\n\n\n<p>Stamer, arg\u00fcman\u0131n\u0131 g\u00fc\u00e7lendirme ad\u0131na, s\u00f6z konusu bu giri\u015fimin gayet gecikmi\u015f oldu\u011funu da dile getirdi.<\/p>\n\n\n\n<p>Bu anlamda, \u0130\u015f\u00e7i Partisi iktidar\u0131ndan \u00f6nce, son sekiz y\u0131ld\u0131r \u00fclkeyi y\u00f6neten muhafazak\u00e2r parti\u2019nin pasif ve gayet mesafeli \u00c7in politikas\u0131na at\u0131f yapan ba\u015fbakan, di\u011fer \u00f6nde gelen di\u011fer Bat\u0131l\u0131 \u00fclkelerin \u00c7in\u2019le yak\u0131nla\u015fma konusundaki giri\u015fimlerine kar\u015f\u0131n bu s\u00fcre\u00e7te \u0130ngiltere\u2019nin, zaman kaybetti\u011fine dikkat \u00e7ekti.<\/p>\n\n\n\n<p>Bu yakla\u015f\u0131m, asl\u0131nda tam da, Bat\u0131\u2019n\u0131n kendi i\u00e7erisinde ya\u015famakta oldu\u011fu krizin boyutunu gizli\/a\u00e7\u0131k ortaya koyuyor.<\/p>\n\n\n\n<p>Ba\u015fbakan Kramer, Pekin ziyaretinin nedenini a\u00e7\u0131klarken temelde vurgusu, \u201culusal \u00e7\u0131karlar\u201d oluyor&#8230;<\/p>\n\n\n\n<p>Bat\u0131, kendi i\u00e7erisinde k\u00fcresel sistemi onarma ve yeniden in\u015fada ayr\u0131\u015fmac\u0131 bir yap\u0131 sergilerken, Avrupa\u2019da tek tek \u00fclkeler, kendi ulusal \u00e7\u0131karlar\u0131n\u0131 koruma ad\u0131na yeni ve de beklenmedik ad\u0131mlar atmaktan \u00e7ekinmiyor.<\/p>\n\n\n\n<p>Bug\u00fcn \u0130ngiltere\u2019nin, Ba\u015fbakan Kramer\u2019in Pekin ziyaretiyle yapmak istedi\u011fi de bu&#8230;<\/p>\n\n\n\n<p>A\u00e7\u0131l\u0131m\u0131n bir taraf\u0131nda yer alan \u0130ngiltere\u2019nin siyasal giri\u015fimine bakarken, \u00c7in\u2019in neredeyse son on y\u0131lda dura\u011fanla\u015fan \u0130ngiltere ili\u015fkilerinin yeniden ba\u015flamas\u0131n\u0131 kucak a\u00e7arak kar\u015f\u0131l\u0131k verdi\u011fini s\u00f6ylemek de g\u00fc\u00e7&#8230;<\/p>\n\n\n\n<p>Ancak, Kramer\u2019in parlamento konu\u015fmas\u0131nda vurgu yapt\u0131\u011f\u0131 ve a\u015fa\u011f\u0131 yukar\u0131 \u015fu anlama gelen yani, \u201cDo\u011frudan temas kurulmayan bir \u00c7in\u2019le ili\u015fkilerin geli\u015ftirilebilmesi de o denli zor&#8230;\u201d s\u00f6ylemi, \u00c7in\u2019le yak\u0131nla\u015fmada, \u00e7ok daha rasyonel ve kapsaml\u0131 etkile\u015fimlere ihtiya\u00e7 duyuldu\u011funu ortaya koyuyor.<\/p>\n\n\n\n<p>\u0130ngiltere, bunu yapabilir mi?<\/p>\n\n\n\n<p>Bunun cevab\u0131n\u0131 belki de, sadece iktidar partisi ve ba\u015fbakan Kramer de\u011fil, genel itibar\u0131yla \u0130ngiliz siyasetinin ve kurucu akt\u00f6rlerinin vermesini beklemek gerekiyor.<\/p>\n\n\n\n<p>De\u011fi\u015fim<\/p>\n\n\n\n<p>Hat\u0131rlayal\u0131m, ABD ve Avrupa Birli\u011fi, \u00c7in\u2019le ili\u015fkilerinde \u00f6zellikle on y\u0131l\u0131 a\u015fk\u0131n s\u00fcre \u00f6nce, Hong Kong\u2019da ya\u015fanan dev g\u00f6steriler s\u00fcrecindeki politikalar nedeniyle, bu \u00fclkeyi ele\u015ftiriye tutuyorlard\u0131.<\/p>\n\n\n\n<p>\u00c7in ulus-devleti s\u0131n\u0131rlar\u0131 i\u00e7erisinde \u00f6zerk y\u00f6netimiyle bilinen Hong Kong\u2019da ortaya \u00e7\u0131kan insan haklar\u0131, \u00f6zg\u00fcrl\u00fckler konusundaki sorunlar kar\u015f\u0131s\u0131nda, neredeyse birlik olan Bat\u0131, ayn\u0131 birlikteli\u011fi \u00f6rne\u011fin ekonomi, k\u00fcresel siyasal kurumlar\u0131n istikrara kavu\u015fturulmas\u0131 vb. noktalarda ortaya koyamad\u0131lar.<\/p>\n\n\n\n<p>Bat\u0131\u2019da ya\u015fanan ayr\u0131\u015fman\u0131n bug\u00fcn, \u00c7in\u2019e yans\u0131yan y\u00f6n\u00fcyle bu \u00fclkeye bir kazan\u0131m olarak d\u00f6nd\u00fc\u011f\u00fcn\u00fc d\u00fc\u015f\u00fcnmek m\u00fcmk\u00fcn.<\/p>\n\n\n\n<p>Bu nokta, bizi yine, ba\u015fbakan Kramer\u2019in Pekin ziyaretinin pragmatik bir a\u00e7\u0131l\u0131m olup olmad\u0131\u011f\u0131 sorgulamas\u0131na getiriyor.<\/p>\n\n\n\n<p>\u00d6yle anla\u015f\u0131l\u0131yor ki, ba\u015fta \u0130ngiltere olmak \u00fczere \u00c7in\u2019le yak\u0131nla\u015fma s\u00fcreci ya\u015fayan Fransa, Almanya, Kanada ve Avrupa\u2019n\u0131n baz\u0131 k\u00fc\u00e7\u00fck \u00fclkeleri, ABD ba\u015fkan\u0131 Trump\u2019\u0131n \u00f6nc\u00fcl\u00fc\u011f\u00fcnde g\u00fcd\u00fcmlenmeye \u00e7al\u0131\u015f\u0131lan sistemik de\u011fi\u015fim kar\u015f\u0131s\u0131nd, yeni bir k\u00fcresel yap\u0131la\u015fman\u0131n ipu\u00e7lar\u0131n\u0131 vermeye \u00e7al\u0131\u015f\u0131yorlar.<\/p>\n\n\n\n<p>Bu yakla\u015f\u0131m, olan biteni dikkate alarak ortaya konmu\u015f bir tahmin sadece&#8230;.<\/p>\n\n\n\n<p>Bunun sa\u011flamas\u0131n\u0131 ancak, \u00f6n\u00fcm\u00fczdeki d\u00f6nemde, ya\u015fanacaklar\u0131 bekleyerek ve rasyonel analizler yaparak anlamak m\u00fcmk\u00fcn olacak.<\/p>","protected":false},"excerpt":{"rendered":"<p>Mehmet \u00d6zay &nbsp;&nbsp;&nbsp;&nbsp;&nbsp;&nbsp;&nbsp;&nbsp;&nbsp;&nbsp;&nbsp;&nbsp;&nbsp;&nbsp;&nbsp;&nbsp;&nbsp;&nbsp;&nbsp;&nbsp;&nbsp;&nbsp;&nbsp;&nbsp;&nbsp;&nbsp;&nbsp;&nbsp;&nbsp;&nbsp;&nbsp;&nbsp;&nbsp;&nbsp;&nbsp;&nbsp;&nbsp;&nbsp;&nbsp;&nbsp;&nbsp;&nbsp;&nbsp;&nbsp;&nbsp;&nbsp;&nbsp;&nbsp;&nbsp;&nbsp;&nbsp;&nbsp;&nbsp;&nbsp;&nbsp;&nbsp;&nbsp;&nbsp;&nbsp;&nbsp;&nbsp;&nbsp;&nbsp;&nbsp;&nbsp;&nbsp;&nbsp;&nbsp;&nbsp;&nbsp;&nbsp;&nbsp;&nbsp;&nbsp;&nbsp;&nbsp;&nbsp;&nbsp;&nbsp;&nbsp;&nbsp;&nbsp;&nbsp;&nbsp;&nbsp;&nbsp;&nbsp;&nbsp;&nbsp;&nbsp;&nbsp;&nbsp;&nbsp;&nbsp;&nbsp;&nbsp;&nbsp;&nbsp;&nbsp;&nbsp;&nbsp;&nbsp;&nbsp;&nbsp;&nbsp;&nbsp; &nbsp;&nbsp;&nbsp;&nbsp;&nbsp;&nbsp;03.02.2026 ABD\u2019de ba\u015fkan Donald Trump\u2019\u0131n k\u00fcresel sistemi yeniden ve hatta, ba\u015ftan a\u015fa\u011f\u0131ya hiyear\u015fik olarak in\u015fa etme pl\u00e2n\u0131, k\u00fc\u00e7\u00fck, orta ve b\u00fcy\u00fck \u00f6l\u00e7ek kabul edilebilecek neredeyse t\u00fcm \u00fclkeleri etkilemeye devam ediyor. Bat\u0131 i\u00e7erisinde sistemik bir yap\u0131la\u015fman\u0131n varl\u0131\u011f\u0131na ra\u011fmen, bug\u00fcn bizzat Trump politikalar\u0131n\u0131n olumsuz etkisinden en ba\u015fta nasibini alan \u00fclkelerin ve b\u00f6lgelerin ba\u015f\u0131nda Avrupa\u2019n\u0131n [&hellip;]<\/p>","protected":false},"author":3,"featured_media":6310,"comment_status":"open","ping_status":"open","sticky":false,"template":"","format":"standard","meta":{"footnotes":""},"categories":[9,6],"tags":[],"class_list":["post-6309","post","type-post","status-publish","format-standard","has-post-thumbnail","hentry","category-asya-pasifik","category-gunluk-yazilar"],"_links":{"self":[{"href":"https:\/\/guneydoguasyacalismalari.com\/en\/wp-json\/wp\/v2\/posts\/6309","targetHints":{"allow":["GET"]}}],"collection":[{"href":"https:\/\/guneydoguasyacalismalari.com\/en\/wp-json\/wp\/v2\/posts"}],"about":[{"href":"https:\/\/guneydoguasyacalismalari.com\/en\/wp-json\/wp\/v2\/types\/post"}],"author":[{"embeddable":true,"href":"https:\/\/guneydoguasyacalismalari.com\/en\/wp-json\/wp\/v2\/users\/3"}],"replies":[{"embeddable":true,"href":"https:\/\/guneydoguasyacalismalari.com\/en\/wp-json\/wp\/v2\/comments?post=6309"}],"version-history":[{"count":0,"href":"https:\/\/guneydoguasyacalismalari.com\/en\/wp-json\/wp\/v2\/posts\/6309\/revisions"}],"wp:featuredmedia":[{"embeddable":true,"href":"https:\/\/guneydoguasyacalismalari.com\/en\/wp-json\/wp\/v2\/media\/6310"}],"wp:attachment":[{"href":"https:\/\/guneydoguasyacalismalari.com\/en\/wp-json\/wp\/v2\/media?parent=6309"}],"wp:term":[{"taxonomy":"category","embeddable":true,"href":"https:\/\/guneydoguasyacalismalari.com\/en\/wp-json\/wp\/v2\/categories?post=6309"},{"taxonomy":"post_tag","embeddable":true,"href":"https:\/\/guneydoguasyacalismalari.com\/en\/wp-json\/wp\/v2\/tags?post=6309"}],"curies":[{"name":"wp","href":"https:\/\/api.w.org\/{rel}","templated":true}]}}