{"id":5452,"date":"2024-09-24T13:48:46","date_gmt":"2024-09-24T13:48:46","guid":{"rendered":"https:\/\/guneydoguasyacalismalari.com\/?p=5452"},"modified":"2024-09-24T13:48:47","modified_gmt":"2024-09-24T13:48:47","slug":"malezyada-islamci-parti-pasdan-yeni-acilim-new-initiative-from-islamist-party-pas-in-malaysia","status":"publish","type":"post","link":"https:\/\/guneydoguasyacalismalari.com\/en\/malezyada-islamci-parti-pasdan-yeni-acilim-new-initiative-from-islamist-party-pas-in-malaysia\/","title":{"rendered":"Malezya\u2019da \u0130slamc\u0131 parti PAS\u2019dan yeni a\u00e7\u0131l\u0131m \/ New initiative from Islamist party PAS in Malaysia"},"content":{"rendered":"<p><strong>Mehmet \u00d6zay 16.07.2025<\/strong><\/p>\n\n\n\n<p>Malezya\u2019da kendini \u2018\u0130slami parti\u2019 olarak tan\u0131mlayan PAS y\u00f6netimi, M\u00fcsl\u00fcman olmayan Malezya vatanda\u015flar\u0131n\u0131n da partiye \u00fcyeli\u011fine ye\u015fil \u0131\u015f\u0131k yakt\u0131.<\/p>\n\n\n\n<p>11-15 Eyl\u00fcl g\u00fcnlerinde, Selangor eyaletinin ba\u015fkenti \u015eah Alam\u2019da (<em>Shah Alam<\/em>) yap\u0131lan PAS (<em>Parti \u0130slam Se-Malaysia<\/em>) y\u0131ll\u0131k kurul toplant\u0131s\u0131nda (<em>muktamar<\/em>) parti y\u00f6netimi, M\u00fcsl\u00fcman olmayan vatanda\u015flar\u0131n partiye \u00fcyeli\u011fe a\u00e7t\u0131\u011f\u0131n\u0131 il\u00e2n etti.<\/p>\n\n\n\n<p>Genel kurul g\u00fcndemine getirilen \u00f6nerinin, 1300\u2019\u00fc a\u015fk\u0131n delegenin t\u00fcm\u00fc taraf\u0131ndan kabul edilmesi, bu konuda parti i\u00e7inde g\u00fc\u00e7l\u00fc bir konsens\u00fcs\u00fcn olu\u015ftu\u011funu g\u00f6steriyor.<\/p>\n\n\n\n<p><strong>De\u011fi\u015fen siyasal ve toplumsal zemin<\/strong><\/p>\n\n\n\n<p>Parti\u2019nin ald\u0131\u011f\u0131 bu \u00f6nemli karar, 2027 y\u0131l\u0131nda yap\u0131lacak genel se\u00e7imlere haz\u0131rl\u0131k olarak, PAS\u2019\u0131n gayet \u00f6nemli de\u011fi\u015fimler ge\u00e7iren Malezya siyasetinde, kendine yeni bir alan a\u00e7mas\u0131 olarak de\u011ferlendirmek yanl\u0131\u015f olmayacakt\u0131r.<\/p>\n\n\n\n<p>PAS y\u00f6netiminin \u00f6nemli isimlerinden parti genel sektereki Takiyuddin Hasan yapt\u0131\u011f\u0131 a\u00e7\u0131klamada, \u2018M\u00fcsl\u00fcman olmayan\u2019 derken, \u00fclkenin toplumsal ger\u00e7ekli\u011fine ba\u011fl\u0131 olarak a\u00e7\u0131kl\u0131k getirerek, H\u0131ristiyan, Budist, Hindu ve b\u00f6lgedeki var olan di\u011fer dini yap\u0131lara vurgu yap\u0131yor&#8230;<\/p>\n\n\n\n<p>Al\u0131nan kararda, PAS\u2019a destek verdi\u011fi anla\u015f\u0131lan M\u00fcsl\u00fcman olmayan \u00e7evrelerin, Parti i\u00e7isinde g\u00f6r\u00fc\u015flerini daha net ve do\u011frudan ifade etmelerine imk\u00e2n tan\u0131yacak bir sisteme evrilme y\u00f6n\u00fcndeki e\u011filim oldu\u011fu anla\u015f\u0131l\u0131yor.<\/p>\n\n\n\n<p>\u00dcyelik karar\u0131n\u0131n al\u0131nmas\u0131yla \u00f6n\u00fcm\u00fczdeki d\u00f6nemde parti i\u00e7erisinde \u2018M\u00fcsl\u00fcman olmayan destek\u00e7iler kanad\u0131\u2019 ad\u0131yla bir yap\u0131n\u0131n etkin bir \u015fekilde ortaya \u00e7\u0131kmas\u0131 bekleniyor.<\/p>\n\n\n\n<p><strong>Ulusal birlik<\/strong><\/p>\n\n\n\n<p>Malezya\u2019da \u00e7ok dinli, \u00e7ok \u0131rkl\u0131 ve \u00e7ok dilli toplum yap\u0131s\u0131n\u0131n siyasetteki kar\u015f\u0131l\u0131\u011f\u0131 olarak g\u00fcndeme gelen \u201c\u0131rk temelli\u201d siyasi partilerin varl\u0131\u011f\u0131, d\u00f6nem d\u00f6nem \u00f6nemli siyasi tart\u0131\u015fmalar\u0131n ve \u00e7alkant\u0131lar\u0131n oda\u011f\u0131nda olsa da, \u00e7e\u015fitli ideolojik g\u00f6r\u00fc\u015ften olan toplumsal yap\u0131lar, ayn\u0131 parti \u00e7at\u0131s\u0131 alt\u0131nda biraraya geliyor.<\/p>\n\n\n\n<p>Siyasi partilerde g\u00f6r\u00fclen \u201c\u0131rk temelli\u201d yap\u0131la\u015fman\u0131n, ulus-devlet olu\u015fumuyla tezat i\u00e7erdi\u011fi ve ulusal birli\u011fi sa\u011flamada \u00f6nemli toplumsal ayr\u0131\u015fmalar\u0131n kayna\u011f\u0131 oldu\u011fu y\u00f6n\u00fcndeki yakla\u015f\u0131mlar, ulusal siyasette neredeyse her daim g\u00fcndemde olan bir konu.<\/p>\n\n\n\n<p>Ayn\u0131 zamanda, bu ulus-devleti yak\u0131ndan izleyen do\u011fudan ve bat\u0131dan akademi d\u00fcnyas\u0131n\u0131n da ilgi g\u00f6sterdi\u011fi bu konu, hi\u00e7 ku\u015fku yok ki, benzeri \u00fclkeler aras\u0131nda \u0130slamc\u0131 siyaset ve siyasi partiler ile M\u00fcsl\u00fcman olmayan \u00fcyelerin biraradal\u0131\u011f\u0131 konusunda ilgin\u00e7 bir g\u00f6zlem ve inceleme alan\u0131 sunuyor.<\/p>\n\n\n\n<p>Bu ba\u011flamda, kendini \u2018\u0130slamc\u0131 Parti\u2019 olarak tan\u0131mlayan ve Kelantan, Trenegganu, Kedah gibi \u00fclkenin kuzey ve do\u011fusunda \u00f6nemli se\u00e7men deste\u011fine sahip oldu\u011fu ve ayn\u0131 zamanda, eyalet y\u00f6netimlerini \u00fcstlendi\u011fi b\u00f6lgelerde, \u0130slami y\u00f6netimi \u00f6ng\u00f6ren PAS\u2019\u0131n, ulusal genel kurul toplant\u0131s\u0131nda ald\u0131\u011f\u0131 karar gayet \u00f6nemli.<\/p>\n\n\n\n<p>PAS, sadece s\u00f6z konusu eyaletlerde de\u011fil, y\u00f6netimini \u00fcstlenmemekle beraber \u00fclkenin \u00f6zellikle, Malay Yar\u0131madas\u0131\u2019ndaki Cohor, Selangor, Perak, Pahang, Negeri Sembilan ve Perlis eyaletlerinde de \u00f6nemli siyasi deste\u011fe sahip.<\/p>\n\n\n\n<p>Bunun g\u00f6stergesi olarak, PAS, 2022 y\u0131l\u0131 genel se\u00e7imleri sonunda, ulusal parlamentoda elde etti\u011fi 44 milletvekilli\u011fi ile kan\u0131tlam\u0131\u015f durumda.<\/p>\n\n\n\n<p>\u0130ktidardaki PKR-DAP-Amanah merkezli ulusal birlik h\u00fck\u00fcmetinde (<em>Union Government<\/em>) hi\u00e7bir partinin tek ba\u015f\u0131na milletvekili say\u0131s\u0131 PAS\u2019\u0131 ge\u00e7memesi, PAS\u2019\u0131n sadece kuzey ve do\u011fu\u2019daki eyaletlerde de\u011fil, ulusal siyasetteki \u00f6nemini de ortaya koyuyor.<\/p>\n\n\n\n<p><strong>Temel hedef<\/strong><\/p>\n\n\n\n<p>\u201cPeki PAS, ald\u0131\u011f\u0131 bu kararla neyi ama\u00e7l\u0131yor?\u201d sorusu, hi\u00e7 ku\u015fku yok ki, herkesin g\u00fcndeminde.<\/p>\n\n\n\n<p>Yukar\u0131da dikkat \u00e7ekti\u011fim \u00fczere, s\u00f6z konusu karar\u0131n t\u00fcm delegelerce kabul edilmi\u015f olmas\u0131, s\u0131radan bir \u00f6neri ve s\u0131radan al\u0131nm\u0131\u015f bir karar olman\u0131n \u00f6tesinde anlamlar i\u00e7eriyor.<\/p>\n\n\n\n<p>PAS\u2019da al\u0131nan bu karar\u0131n dayand\u0131\u011f\u0131 baz\u0131 \u00f6nemli nedenler oldu\u011funu s\u00f6ylemek m\u00fcmk\u00fcn.<\/p>\n\n\n\n<p>\u00d6rne\u011fin, PAS\u2019\u0131n 2013 se\u00e7imlerinden bu yana, giderek g\u00fc\u00e7l\u00fc bir \u015fekilde Birle\u015fik Ulusal Malay Organizasyonu (UMNO) ile yapt\u0131\u011f\u0131 ittifaka ra\u011fmen, bug\u00fcn iktidar\u0131n Umut Koalisyonu (<em>Pakatan Harapan<\/em>-PH) yani, Halk\u0131n Adaleti Partisi (<em>Partai Keadilan Rakyat<\/em>-PKR), Demokratik Eylem Partisi (<em>Democratic Action Party<\/em>-DAP) ve Emanet Partisi (<em>Amanah<\/em>) eksenli Ulusal Birlik h\u00fck\u00fcmetinde olmas\u0131 ve bu yap\u0131n\u0131n \u00e7ok dinli, \u00e7ok \u0131rkl\u0131 toplumsal yap\u0131ya kar\u015f\u0131l\u0131k gelmesidir.<\/p>\n\n\n\n<p>\u00d6te yandan, 2016 y\u0131l\u0131ndan bu yana giderek g\u00fcndemde \u00f6nemli bir \u015fekilde yer alan, 1 Malezya Kalk\u0131nma Fonu (<em>1 Malaysian Development Berhad<\/em>-1MDB) skandal\u0131n\u0131n \u00f6nce 2018 ve ard\u0131ndan, 2022 se\u00e7imlerinin kaybedilmesinde b\u00fcy\u00fck bir \u00f6nemi bulunuyor.<\/p>\n\n\n\n<p>UMNO sab\u0131k genel ba\u015fkan\u0131 ve ba\u015fbakan Necib bin Rezzak\u2019\u0131n uzun s\u00fcren yarg\u0131 s\u00fcreci sonras\u0131nda, on iki y\u0131l hapis cezas\u0131 almas\u0131, UMNO kadar, en \u00f6nemli ittifak orta\u011f\u0131 PAS\u2019\u0131 da se\u00e7men nezdinde sorumlu bir konuma itti\u011fine ku\u015fku yok.<\/p>\n\n\n\n<p>UMNO\u2019nun kan kaybetti\u011fi son iki se\u00e7imde, \u00f6zellikle k\u0131rsal b\u00f6lgelerdeki Malay oylar\u0131n\u0131n PAS\u2019a kaymas\u0131n\u0131n sonu\u00e7lar\u0131n\u0131 bug\u00fcn parlamentoda kendini a\u00e7\u0131k\u00e7a ortaya koyuyor.<\/p>\n\n\n\n<p>Bununla birlikte, PAS y\u00f6netimi genel kurulda ald\u0131\u011f\u0131 gayet \u00f6nemli kararla, kendini t\u00fcm Malezya toplumuna a\u00e7t\u0131\u011f\u0131n\u0131 deklare ediyor.<\/p>\n\n\n\n<p>Bu geli\u015fmeyi, PAS kadar, ulusal siyaset ba\u011flam\u0131nda bir rahatlaman\u0131n ifadesi olarak okumak da m\u00fcmk\u00fcn.<\/p>\n\n\n\n<p>Bu yakla\u015f\u0131m\u0131n, \u00f6zellikle M\u00fcsl\u00fcman olmayan toplum kesimleriyle PAS aras\u0131nda bir t\u00fcr diyalog zemini olu\u015fturaca\u011f\u0131n\u0131 s\u00f6ylemek yanl\u0131\u015f olmayacakt\u0131r.<\/p>\n\n\n\n<p><strong>2027\u2019ye haz\u0131rl\u0131k<\/strong><\/p>\n\n\n\n<p>Son iki y\u0131ll\u0131k iktidar\u0131nda Ulusal Birlik h\u00fck\u00fcmetinin \u00f6zellikle, ekonomi alan\u0131nda att\u0131\u011f\u0131 ad\u0131mlar, farkl\u0131 toplumsal kesimler aras\u0131nda \u2018kab\u00fcl ve anlay\u0131\u015f\u2019a dayal\u0131 etkile\u015fimler aralar\u0131nda, PAS milletvekillerinin de oldu\u011fu muhalif \u00e7evrelerden destek almas\u0131na yol a\u00e7\u0131yor.<\/p>\n\n\n\n<p>Muhalefette yer alan PAS y\u00f6netiminden, UMNO ile koalisyona devam edecekleri y\u00f6n\u00fcndeki a\u00e7\u0131klamalara ra\u011fmen, toplumda ya\u015fanan d\u00f6n\u00fc\u015f\u00fcmleri de g\u00f6zden ka\u00e7\u0131rmad\u0131klar\u0131 anla\u015f\u0131l\u0131yor.<\/p>\n\n\n\n<p>Hi\u00e7 ku\u015fku yok ki, bu ay ortas\u0131nda yap\u0131lan genel kurul toplant\u0131s\u0131nda, \u2018M\u00fcsl\u00fcman olmayan Malezyal\u0131lar\u0131n partiye \u00fcyeli\u011fine ye\u015fil \u0131\u015f\u0131k yak\u0131lmas\u0131\u2019, PAS\u2019\u0131n ulusal siyasette var olmak istedi\u011finin a\u00e7\u0131k bir g\u00f6stergesi kabul etmek gerekiyor.<\/p>\n\n\n\n<p>PAS\u2019\u0131n, 2013 y\u0131l\u0131ndan bu yana koalisyon orta\u011f\u0131 olan UMNO ve 2020 \u2018Sheraton m\u00fcdahalesi\u2019nin ard\u0131ndan, <em>Bersatu<\/em> ile kurulan koalisyon yap\u0131s\u0131n\u0131n 2022 se\u00e7imlerinde kaybetmesi, Parti y\u00f6netimini \u00f6n\u00fcm\u00fczdeki se\u00e7imlere haz\u0131rl\u0131k konusunda evren davranmaya itti\u011fi anla\u015f\u0131l\u0131yor.<\/p>\n\n\n\n<p>PAS, genel kurulunda al\u0131nan \u2018M\u00fcsl\u00fcman olmayan Malezyal\u0131 se\u00e7menlerin partiye \u00fcyelikleri\u2019 karar\u0131n\u0131 partiler aras\u0131 ili\u015fkiler ile toplumsal yap\u0131da ihtiya\u00e7 duyulan diyalog s\u00fcrecine katk\u0131 olarak kabul etmek gerekiyor.<\/p>","protected":false},"excerpt":{"rendered":"<p>Mehmet \u00d6zay &nbsp;&nbsp;&nbsp;&nbsp;&nbsp;&nbsp;&nbsp;&nbsp;&nbsp;&nbsp;&nbsp;&nbsp;&nbsp;&nbsp;&nbsp;&nbsp;&nbsp;&nbsp;&nbsp;&nbsp;&nbsp;&nbsp;&nbsp;&nbsp;&nbsp;&nbsp;&nbsp;&nbsp;&nbsp;&nbsp;&nbsp;&nbsp;&nbsp;&nbsp;&nbsp;&nbsp;&nbsp;&nbsp;&nbsp;&nbsp;&nbsp;&nbsp;&nbsp;&nbsp;&nbsp;&nbsp;&nbsp;&nbsp;&nbsp;&nbsp;&nbsp;&nbsp;&nbsp;&nbsp;&nbsp;&nbsp;&nbsp;&nbsp;&nbsp;&nbsp;&nbsp;&nbsp;&nbsp;&nbsp;&nbsp;&nbsp;&nbsp;&nbsp;&nbsp;&nbsp;&nbsp;&nbsp;&nbsp;&nbsp;&nbsp;&nbsp;&nbsp;&nbsp;&nbsp;&nbsp;&nbsp;&nbsp;&nbsp;&nbsp;&nbsp;&nbsp;&nbsp;&nbsp;&nbsp;&nbsp;&nbsp;&nbsp;&nbsp;&nbsp;&nbsp;&nbsp;&nbsp;&nbsp;&nbsp;&nbsp;&nbsp;&nbsp;&nbsp;&nbsp;&nbsp;&nbsp; 24.09.2024 Malezya\u2019da kendini \u2018\u0130slami parti\u2019 olarak tan\u0131mlayan PAS y\u00f6netimi, M\u00fcsl\u00fcman olmayan Malezya vatanda\u015flar\u0131n\u0131n da partiye \u00fcyeli\u011fine ye\u015fil \u0131\u015f\u0131k yakt\u0131. 11-15 Eyl\u00fcl g\u00fcnlerinde, Selangor eyaletinin ba\u015fkenti \u015eah Alam\u2019da (Shah Alam) yap\u0131lan PAS (Parti \u0130slam Se-Malaysia) y\u0131ll\u0131k kurul toplant\u0131s\u0131nda (muktamar) parti y\u00f6netimi, M\u00fcsl\u00fcman olmayan vatanda\u015flar\u0131n partiye \u00fcyeli\u011fe a\u00e7t\u0131\u011f\u0131n\u0131 il\u00e2n etti. Genel kurul g\u00fcndemine getirilen [&hellip;]<\/p>","protected":false},"author":3,"featured_media":5453,"comment_status":"open","ping_status":"open","sticky":false,"template":"","format":"standard","meta":{"footnotes":""},"categories":[6,27],"tags":[],"class_list":["post-5452","post","type-post","status-publish","format-standard","has-post-thumbnail","hentry","category-gunluk-yazilar","category-malezya"],"_links":{"self":[{"href":"https:\/\/guneydoguasyacalismalari.com\/en\/wp-json\/wp\/v2\/posts\/5452","targetHints":{"allow":["GET"]}}],"collection":[{"href":"https:\/\/guneydoguasyacalismalari.com\/en\/wp-json\/wp\/v2\/posts"}],"about":[{"href":"https:\/\/guneydoguasyacalismalari.com\/en\/wp-json\/wp\/v2\/types\/post"}],"author":[{"embeddable":true,"href":"https:\/\/guneydoguasyacalismalari.com\/en\/wp-json\/wp\/v2\/users\/3"}],"replies":[{"embeddable":true,"href":"https:\/\/guneydoguasyacalismalari.com\/en\/wp-json\/wp\/v2\/comments?post=5452"}],"version-history":[{"count":0,"href":"https:\/\/guneydoguasyacalismalari.com\/en\/wp-json\/wp\/v2\/posts\/5452\/revisions"}],"wp:featuredmedia":[{"embeddable":true,"href":"https:\/\/guneydoguasyacalismalari.com\/en\/wp-json\/wp\/v2\/media\/5453"}],"wp:attachment":[{"href":"https:\/\/guneydoguasyacalismalari.com\/en\/wp-json\/wp\/v2\/media?parent=5452"}],"wp:term":[{"taxonomy":"category","embeddable":true,"href":"https:\/\/guneydoguasyacalismalari.com\/en\/wp-json\/wp\/v2\/categories?post=5452"},{"taxonomy":"post_tag","embeddable":true,"href":"https:\/\/guneydoguasyacalismalari.com\/en\/wp-json\/wp\/v2\/tags?post=5452"}],"curies":[{"name":"wp","href":"https:\/\/api.w.org\/{rel}","templated":true}]}}