{"id":5439,"date":"2024-09-19T01:20:32","date_gmt":"2024-09-19T01:20:32","guid":{"rendered":"https:\/\/guneydoguasyacalismalari.com\/?p=5439"},"modified":"2024-09-19T01:20:33","modified_gmt":"2024-09-19T01:20:33","slug":"amerikada-tartismayi-kazanan-trump-mi-harris-mi-who-won-the-debate-in-the-u-s-trump-or-harris","status":"publish","type":"post","link":"https:\/\/guneydoguasyacalismalari.com\/en\/amerikada-tartismayi-kazanan-trump-mi-harris-mi-who-won-the-debate-in-the-u-s-trump-or-harris\/","title":{"rendered":"Amerika\u2019da tart\u0131\u015fmay\u0131 kazanan Trump m\u0131, Harris mi? \/ Who won the debate in the U. S., Trump or Harris?"},"content":{"rendered":"<p><strong>Mehmet \u00d6zay 16.07.2025<\/strong><\/p>\n\n\n\n<p>Nihayet, Amerika\u2019da ba\u015fkan adaylar\u0131 Donald Trump ve Kamala Harris\u2019in, beklenen y\u00fcz y\u00fcze kar\u015f\u0131la\u015fmas\u0131 ger\u00e7ekle\u015fti\u2026<\/p>\n\n\n\n<p>Ge\u00e7ti\u011fimiz Sal\u0131 ak\u015fam\u0131, 67 milyon Amerikan se\u00e7menini ekran ba\u015f\u0131na ta\u015f\u0131yan ba\u015fkan adaylar\u0131 aras\u0131ndaki tart\u0131\u015fma, hi\u00e7 ku\u015fku yok ki, Amerika\u2019da se\u00e7imlerin hem, ola\u011fan\u00fcst\u00fc bir s\u00fcrece girdi\u011fini hem de, belirsizli\u011fin had safhada oldu\u011funu ortaya koyuyordu.<\/p>\n\n\n\n<p>Tart\u0131\u015fmay\u0131 izleyen her bir bireyin, bak\u0131\u015f a\u00e7\u0131s\u0131na g\u00f6re de\u011ferlendirmesi m\u00fcmk\u00fcn se\u00e7enekleri i\u00e7inde bar\u0131nd\u0131r\u0131yordu.<\/p>\n\n\n\n<p>\u00d6te yandan, bu tart\u0131\u015fman\u0131n sadece, Amerikan siyaseti ve se\u00e7meni i\u00e7in de\u011fil, uluslararas\u0131 toplum ve k\u00fcresel sorunlar ve \u00e7\u00f6z\u00fcmler ba\u011flam\u0131nda da, -derinlemesine olmasa da- baz\u0131 \u00f6nemli hususlara dokunmas\u0131, Meksika\u2019dan \u00c7in\u2019e kadar t\u00fcm k\u00fcrede yank\u0131lar uyand\u0131racak boyutlar\u0131 sahipti.<\/p>\n\n\n\n<p><strong>Adaylar ve psikoloji<\/strong><\/p>\n\n\n\n<p>Tart\u0131\u015fmada s\u00f6ylem kadar, ba\u015fkan adaylar\u0131n\u0131n beden dili, mimikleri de, birbirlerine ve de kamuoyuna ne s\u00f6yleyip ne s\u00f6ylemediklerini a\u00e7\u0131k\u00e7a ortaya koyuyordu.<\/p>\n\n\n\n<p>Kan\u0131mca, bu noktada en dikkat \u00e7eken husus, ba\u015fkan adaylar\u0131n\u0131n platforma girmelerinin ard\u0131ndan, Kamala Harris\u2019in, -bir an teredd\u00fct etmi\u015f olsa da-, Donald Trump\u2019a yakla\u015farak tokala\u015fmas\u0131 oldu\u2026<\/p>\n\n\n\n<p>Harris\u2019i teredd\u00fcte sevkeden, agresif ki\u015fili\u011fi ile ne yapaca\u011f\u0131n\u0131 tahmin edemedi\u011fi bir Trump\u2019\u0131n kar\u015f\u0131s\u0131nda olmas\u0131yd\u0131.<\/p>\n\n\n\n<p>Ancak, bunun \u00f6tesinde, aradaki ya\u015f ve tutum fark\u0131, Harris\u2019in -g\u00fcneyli olmas\u0131n\u0131n getirdi\u011fi duygusal bir a\u011f\u0131rl\u0131\u011f\u0131n da i\u00e7inde yer ald\u0131\u011f\u0131 bir yakla\u015f\u0131mla bir an i\u00e7in kar\u015f\u0131s\u0131nda, bir \u2018baba\u2019 fig\u00fcr\u00fcyle kar\u015f\u0131la\u015fm\u0131\u015f olmas\u0131ndan kaynaklanan bir tutum geli\u015ftirmi\u015f oldu\u011funu d\u00fc\u015f\u00fcn\u00fcyorum.<\/p>\n\n\n\n<p><strong>Trump<\/strong><\/p>\n\n\n\n<p>Evet, Trump gergindi\u2026 Bunu bilerek yapt\u0131\u011f\u0131 ortada\u2026<\/p>\n\n\n\n<p>Ve bu gerginli\u011fi, ba\u015f\u0131ndan sonuna kadar tart\u0131\u015fma s\u00fcrecinde \u00fczerinden at\/a\/mad\u0131\u2026<\/p>\n\n\n\n<p>\u00d6te yandan, Trump, \u00f6nceki yaz\u0131da dile getirdi\u011fim \u00fczere, beklenen aksine, Harris\u2019e a\u00e7\u0131ktan \u015fahs\u0131na y\u00f6nelik pek a\u011f\u0131r su\u00e7lamalar yapmad\u0131 ve de konu\u015fmas\u0131n\u0131 b\u00f6l\u00fcp h\u0131r\u00e7\u0131nla\u015fmad\u0131\u2026<\/p>\n\n\n\n<p>Kan\u0131mca, bu Trump ad\u0131na dikkate al\u0131nmas\u0131 gereken bir husustu\u2026<\/p>\n\n\n\n<p>Ayr\u0131ca, ekranlara al\u0131\u015fk\u0131n, kendine g\u00fcveni tam olan Trump, g\u00fc\u00e7l\u00fc s\u00f6ylem dili ile hem, \u015fahs\u0131na y\u00f6nelik sorular\u0131 hem de, politikalar\u0131n\u0131 sonuna kadar savundu.<\/p>\n\n\n\n<p>Sadece Amerikan toplumuna ve ekonomisine de\u011fil, k\u00fcresel sorunlara -ve de neredeyse k\u00fcresel topluma y\u00f6n vermeyi d\u00fc\u015f\u00fcnen ultra-hegemonik bir siyaset\u00e7i portresi \u00e7izdi\u2026<\/p>\n\n\n\n<p><strong>Harris bir ad\u0131m\u2026<\/strong><\/p>\n\n\n\n<p>Tart\u0131\u015fma \u00f6ncesinde, a\u00e7\u0131k\u00e7as\u0131 en \u00e7ok merak edilen Kamala Harris\u2019in nas\u0131l bir performans sergileyece\u011fiydi.<\/p>\n\n\n\n<p>Heyecan\u0131 ilk ba\u015flarda dikkat \u00e7eken Harris, platformun -kendisinin gayet al\u0131\u015fk\u0131n oldu\u011fu- mahkeme ortam\u0131n\u0131 ans\u0131tan atmosferine meslekten al\u0131\u015fkanl\u0131\u011f\u0131 ve de -\u00f6yle anla\u015f\u0131l\u0131yor ki, moderat\u00f6rlerin de yard\u0131m\u0131yla- rakibi Trump\u2019a, 2016-202 y\u0131llar\u0131ndaki politikalar\u0131na, 2021 y\u0131l\u0131 6 Ocak\u2019\u0131nda Capitol Hill ayaklanmas\u0131na, \u00c7in politikas\u0131na vb. dair d\u00fc\u015f\u00fcncelerini sorular ve ifadelerle ortaya koymas\u0131n\u0131 bildi.<\/p>\n\n\n\n<p>Harris\u2019in, her ne kadar, derin politik a\u00e7\u0131l\u0131mlar ortaya koymasa da, tart\u0131\u015fman\u0131n ilerleyen b\u00f6l\u00fcm\u00fcnde kendinden emin tutumu \u00f6yle anla\u015f\u0131l\u0131yor ki, program sonras\u0131nda Harris\u2019in bir ad\u0131m \u00f6nde olmas\u0131n\u0131 sa\u011flad\u0131.<\/p>\n\n\n\n<p><strong>Belirsizlik &nbsp;<\/strong><\/p>\n\n\n\n<p>Amerika\u2019da se\u00e7imlere 54 g\u00fcn kala, ba\u015fkanl\u0131k se\u00e7imlerindeki yar\u0131\u015f\u0131n gidi\u015fat\u0131yla ilgili olarak san\u0131lan\u0131n aksine, belirsizli\u011fin halen \u00f6nemli \u00f6l\u00e7\u00fcde devam etti\u011fini s\u00f6ylemek m\u00fcmk\u00fcn.<\/p>\n\n\n\n<p>Tart\u0131\u015fman\u0131n hemen akabinde yap\u0131lan kamuoyu yoklamalar\u0131, Harris\u2019i \u00f6ne \u00e7\u0131karan bir g\u00f6r\u00fcnt\u00fc sergilese de, Amerikan toplumunda iki aday\u0131n se\u00e7im yar\u0131\u015f\u0131ndaki konumlar\u0131na dair her \u015feyin, her an de\u011fi\u015febilece\u011fi kanaatindeyim.<\/p>\n\n\n\n<p>Son \u00fc\u00e7 ayda ya\u015fananlar bunun en a\u00e7\u0131k g\u00f6stergesidir\u2026<\/p>\n\n\n\n<p><strong>7 kritik eyalet<\/strong><\/p>\n\n\n\n<p>Bireylerin g\u00f6r\u00fc\u015flerini anlamaya ve \u00f6l\u00e7meye verilen \u00f6nemin do\u011fal bir g\u00f6stergesi olan kamuoyu&nbsp; ara\u015ft\u0131rmalar\u0131, Sal\u0131 ak\u015fam\u0131ndan itibaren, daha da dikkatle incelenmeye de\u011fer bir h\u00e2l ald\u0131\u2026<\/p>\n\n\n\n<p>Program g\u00fcn\u00fc, televizyon ekranlar\u0131nda Demokratlar ve Cumhuriyet\u00e7ilerin, son d\u00f6rt be\u015f se\u00e7im d\u00f6nemini irdeleyen analitik yakla\u015f\u0131mlar, ortada 7 eyaletin gayet kritik bir \u00f6neme sahip oldu\u011fun ortaya koyuyordu.<\/p>\n\n\n\n<p>Koca \u00fclkede, se\u00e7imi bu 7 eyaletteki se\u00e7menlerin \u00e7ok az bir k\u0131sm\u0131n\u0131n saf de\u011fi\u015ftirmesiyle se\u00e7imin galibinin belirlenece\u011fi neredeyse kesin bir dille ifade ediliyordu.<\/p>\n\n\n\n<p>Asl\u0131nda, tam da bu durum, Sal\u0131 ak\u015fam\u0131 yap\u0131lan tart\u0131\u015fman\u0131n \u00f6nemini ortaya koyuyordu\u2026<\/p>\n\n\n\n<p>Oran\u0131 y\u00fczde 7 il\u00e2 8 aras\u0131nda oldu\u011fu belirtilen \u2018karars\u0131z\u2019 se\u00e7menin oylar\u0131, hi\u00e7 ku\u015fku yok ki, gayet \u00f6nemli bir orana tekab\u00fcl ediyor.<\/p>\n\n\n\n<p>Tart\u0131\u015fmay\u0131 Haziran ay\u0131nda Trump-Biden tart\u0131\u015fmas\u0131ndan daha fazla say\u0131da yani, 67 milyon ki\u015finin izlemesi, se\u00e7men kitlelerindeki ilginin sadece, \u2018karars\u0131zlarla\u2019 s\u0131n\u0131rl\u0131 olmad\u0131\u011f\u0131n\u0131n g\u00f6stergesiydi.<\/p>\n\n\n\n<p>\u0130ki partinin eyaletler baz\u0131ndaki da\u011f\u0131l\u0131mlar\u0131 neredeyse, \u2018sabitlenmi\u015f\u2019 oy bloklar\u0131 anlam\u0131na gelse de, genel anlam\u0131yla Amerikan halk\u0131, Kas\u0131m ay\u0131nda yap\u0131lacak olan se\u00e7imi olduk\u00e7a \u00f6nemsiyor.<\/p>\n\n\n\n<p>Demokrat ve Cumhuriyet\u00e7i parti destek\u00e7isi olsa da, se\u00e7men hem, kendi ba\u015fkan aday\u0131n\u0131n hem de, rakip konumundaki ba\u015fkan aday\u0131n\u0131n siyasal s\u00f6ylemini, projelerini, sorunlar\u0131 tespiti ve ele al\u0131\u015f\u0131n\u0131, topluma yakla\u015f\u0131m\u0131n\u0131 vs. \u00f6\u011frenmek ve anlamak istiyor.<\/p>\n\n\n\n<p>Sal\u0131 g\u00fcn\u00fc yap\u0131lan tart\u0131\u015fma program\u0131 bunu \u015fu veya bu \u015fekilde ortaya koydu\u011funu s\u00f6yleyebiliriz.<\/p>\n\n\n\n<p>H\u00e2l\u00e2 karars\u0131z olan ve h\u00e2l\u00e2 iki adaydan da memnun olmayan kitlelerin oldu\u011fu da anla\u015f\u0131l\u0131yor.<\/p>\n\n\n\n<p><strong>Bir ba\u015fka tart\u0131\u015fma m\u0131?<\/strong><\/p>\n\n\n\n<p>Harris\u2019in kampanya ekibi, tart\u0131\u015fma performans\u0131n ba\u015far\u0131l\u0131 bulmu\u015f olmal\u0131lar ki, hemen ikinci bir tart\u0131\u015fma \u00f6nerisini dillendirdiler.<\/p>\n\n\n\n<p>Bunu, Trump\u2019a kar\u015f\u0131 bir t\u00fcr kampanya arg\u00fcman\u0131 olarak da g\u00fcndeme getirmi\u015f olabilirler\u2026<\/p>\n\n\n\n<p>Donald Trump ise, \u00c7ar\u015famba sabah\u0131 kameralar\u0131n kar\u015f\u0131s\u0131na \u00e7\u0131kt\u0131\u011f\u0131nda, neredeyse \u00fc\u00e7l\u00fc sald\u0131r\u0131 alt\u0131nda oldu\u011fu anlam\u0131na gelecek ifadelerde, \u2018yine \u00f6nemli bir haks\u0131zl\u0131\u011fa\u2019 maruz kald\u0131\u011f\u0131n\u0131 ifade ediyordu.<\/p>\n\n\n\n<p>Trump, program boyunca sadece, Harris\u2019le kap\u0131\u015fmak zorunda kalmad\u0131\u011f\u0131n\u0131, ayn\u0131 zamanda program\u0131 y\u00f6neten iki moderat\u00f6r\u00fcn \u2018yanl\u0131 tutumlar\u0131na maruz kald\u0131\u011f\u0131n\u0131\u2019 belirtiyordu.<\/p>\n\n\n\n<p>Ve ard\u0131ndan ekliyordu: \u201cBen kazand\u0131m, bir daha tart\u0131\u015fmaya gerek yok!\u201d<\/p>\n\n\n\n<p>Bu ifadeler, \u2018\u00f6teki\u2019ni su\u00e7lamay\u0131 ve kendini hakl\u0131 g\u00f6rmesi ki\u015fili\u011finin bir \u00f6zelli\u011fi olarak tan\u0131mlanan Trump\u2019\u0131n kendine \u00f6z g\u00fcveninin a\u00e7\u0131k bir ifadesidir.<\/p>\n\n\n\n<p>Amerikan i\u00e7 siyasetinin son d\u00f6nemde ya\u015fad\u0131\u011f\u0131 en hararetli ve gergin bir se\u00e7im atmosferinin ya\u015fad\u0131\u011f\u0131n\u0131 s\u00f6ylemek yanl\u0131\u015f olmayacak.<\/p>\n\n\n\n<p>Bu anlamda, \u00f6n\u00fcm\u00fczdeki birka\u00e7 hafta her iki aday i\u00e7in de gayet kritik g\u00fcnler anlam\u0131na geliyor. Amerikan se\u00e7imlerini, izlemeye ve incelemeye devam edece\u011fim.<\/p>\n\n\n\n<figure class=\"wp-block-embed\"><div class=\"wp-block-embed__wrapper\">\nhttps:\/\/guneydoguasyacalismalari.blogspot.com\/2024\/09\/amerikada-tartsmay-kazanan-trump-m.html\n<\/div><\/figure>","protected":false},"excerpt":{"rendered":"<p>Mehmet \u00d6zay &nbsp;&nbsp;&nbsp;&nbsp;&nbsp;&nbsp;&nbsp;&nbsp;&nbsp;&nbsp;&nbsp;&nbsp;&nbsp;&nbsp;&nbsp;&nbsp;&nbsp;&nbsp;&nbsp;&nbsp;&nbsp;&nbsp;&nbsp;&nbsp;&nbsp;&nbsp;&nbsp;&nbsp;&nbsp;&nbsp;&nbsp;&nbsp;&nbsp;&nbsp;&nbsp;&nbsp;&nbsp;&nbsp;&nbsp;&nbsp;&nbsp;&nbsp;&nbsp;&nbsp;&nbsp;&nbsp;&nbsp;&nbsp;&nbsp;&nbsp;&nbsp;&nbsp;&nbsp;&nbsp;&nbsp;&nbsp;&nbsp;&nbsp;&nbsp;&nbsp;&nbsp;&nbsp;&nbsp;&nbsp;&nbsp;&nbsp;&nbsp;&nbsp;&nbsp;&nbsp;&nbsp;&nbsp;&nbsp;&nbsp;&nbsp;&nbsp;&nbsp;&nbsp;&nbsp;&nbsp;&nbsp;&nbsp;&nbsp;&nbsp;&nbsp;&nbsp;&nbsp;&nbsp;&nbsp;&nbsp;&nbsp;&nbsp;&nbsp;&nbsp;&nbsp;&nbsp;&nbsp;&nbsp;&nbsp;&nbsp;&nbsp;&nbsp;&nbsp;&nbsp;&nbsp;&nbsp; 09.12.2024 Nihayet, Amerika\u2019da ba\u015fkan adaylar\u0131 Donald Trump ve Kamala Harris\u2019in, beklenen y\u00fcz y\u00fcze kar\u015f\u0131la\u015fmas\u0131 ger\u00e7ekle\u015fti\u2026 Ge\u00e7ti\u011fimiz Sal\u0131 ak\u015fam\u0131, 67 milyon Amerikan se\u00e7menini ekran ba\u015f\u0131na ta\u015f\u0131yan ba\u015fkan adaylar\u0131 aras\u0131ndaki tart\u0131\u015fma, hi\u00e7 ku\u015fku yok ki, Amerika\u2019da se\u00e7imlerin hem, ola\u011fan\u00fcst\u00fc bir s\u00fcrece girdi\u011fini hem de, belirsizli\u011fin had safhada oldu\u011funu ortaya koyuyordu. Tart\u0131\u015fmay\u0131 izleyen her bir [&hellip;]<\/p>","protected":false},"author":3,"featured_media":5440,"comment_status":"open","ping_status":"open","sticky":false,"template":"","format":"standard","meta":{"footnotes":""},"categories":[9,6],"tags":[],"class_list":["post-5439","post","type-post","status-publish","format-standard","has-post-thumbnail","hentry","category-asya-pasifik","category-gunluk-yazilar"],"_links":{"self":[{"href":"https:\/\/guneydoguasyacalismalari.com\/en\/wp-json\/wp\/v2\/posts\/5439","targetHints":{"allow":["GET"]}}],"collection":[{"href":"https:\/\/guneydoguasyacalismalari.com\/en\/wp-json\/wp\/v2\/posts"}],"about":[{"href":"https:\/\/guneydoguasyacalismalari.com\/en\/wp-json\/wp\/v2\/types\/post"}],"author":[{"embeddable":true,"href":"https:\/\/guneydoguasyacalismalari.com\/en\/wp-json\/wp\/v2\/users\/3"}],"replies":[{"embeddable":true,"href":"https:\/\/guneydoguasyacalismalari.com\/en\/wp-json\/wp\/v2\/comments?post=5439"}],"version-history":[{"count":0,"href":"https:\/\/guneydoguasyacalismalari.com\/en\/wp-json\/wp\/v2\/posts\/5439\/revisions"}],"wp:featuredmedia":[{"embeddable":true,"href":"https:\/\/guneydoguasyacalismalari.com\/en\/wp-json\/wp\/v2\/media\/5440"}],"wp:attachment":[{"href":"https:\/\/guneydoguasyacalismalari.com\/en\/wp-json\/wp\/v2\/media?parent=5439"}],"wp:term":[{"taxonomy":"category","embeddable":true,"href":"https:\/\/guneydoguasyacalismalari.com\/en\/wp-json\/wp\/v2\/categories?post=5439"},{"taxonomy":"post_tag","embeddable":true,"href":"https:\/\/guneydoguasyacalismalari.com\/en\/wp-json\/wp\/v2\/tags?post=5439"}],"curies":[{"name":"wp","href":"https:\/\/api.w.org\/{rel}","templated":true}]}}