{"id":5235,"date":"2024-05-18T14:15:13","date_gmt":"2024-05-18T14:15:13","guid":{"rendered":"https:\/\/guneydoguasyacalismalari.com\/?p=5235"},"modified":"2024-05-18T14:15:14","modified_gmt":"2024-05-18T14:15:14","slug":"endonezyada-prabowodan-genis-koalisyon-cagrisi-prabowo-calls-for-a-broad-coalition-in-indonesia","status":"publish","type":"post","link":"https:\/\/guneydoguasyacalismalari.com\/en\/endonezyada-prabowodan-genis-koalisyon-cagrisi-prabowo-calls-for-a-broad-coalition-in-indonesia\/","title":{"rendered":"Endonezya\u2019da Prabowo\u2019dan \u201cgeni\u015f koalisyon\u201d \u00e7a\u011fr\u0131s\u0131 \/ Prabowo calls for a &#8220;broad coalition&#8221; in Indonesia"},"content":{"rendered":"<p><strong>Mehmet \u00d6zay 16.07.2025<\/strong><\/p>\n\n\n\n<p>Endonezya\u2019da ba\u015fkanl\u0131k se\u00e7imini \u00f6nde bitiren Prabowo Subianto, Kas\u0131m ay\u0131nda ba\u015fkanl\u0131k koltu\u011funa oturmadan \u00f6nce, ulusal siyaseti yeniden yap\u0131land\u0131rma u\u011fra\u015f\u0131nda.<\/p>\n\n\n\n<p>Bunun en a\u00e7\u0131k g\u00f6stergesi de \u2019geni\u015f koalisyon\u2019 s\u00f6ylemi&#8230;<\/p>\n\n\n\n<p>Prabowo\u2019nun bu \u00f6nerisi, Y\u00fcksek Mahkeme\u2019nin Nisan ay\u0131 sonunda, se\u00e7im sonu\u00e7lar\u0131na y\u00f6nelik itirazlar\u0131 reddetmesinin ard\u0131ndan geldi.<\/p>\n\n\n\n<p><strong>Geni\u015f koalisyon<\/strong><\/p>\n\n\n\n<p>Prabowo\u2019nun, \u2019geni\u015f koalisyon\u2019 ad\u0131n\u0131 verdi\u011fi ve \u00f6zellikle, hayatta olan sab\u0131k devlet ba\u015fkanlar\u0131na y\u00f6nelik ittifak kurma \u00e7abas\u0131nda beklentiler ve \u00e7eli\u015fkiler birlikte yer al\u0131yor.<\/p>\n\n\n\n<p>Bu noktada, Prabowo\u2019nun b\u00f6ylesi bir yakla\u015f\u0131m\u0131 ni\u00e7in g\u00fcndeme getirdi\u011fi sorusu \u00f6nemlidir&#8230;<\/p>\n\n\n\n<p>Bu soruyu sormam\u0131za neden olan husus, di\u011fer iki rakibi kar\u015f\u0131s\u0131nda ba\u015fkanl\u0131k yar\u0131\u015f\u0131n\u0131 a\u00e7\u0131k \u00f6nde tamamlayan Prabowo Subianto\u2019nun, ni\u00e7in b\u00f6yle bir \u201dgeni\u015f koalisyona\u2019a ihtiya\u00e7 duydu\u011fudur.<\/p>\n\n\n\n<p>Prabowo\u2019nun \u2019geni\u015f koalisyon\u2019 s\u00f6ylemini g\u00fcndeme getirmesinin nedenini sorgulamak gerekiyor. \u0130lk akla gelen husus, \u201dBa\u015fkanl\u0131k s\u00fcrecine dair bir endi\u015fe mi duyuyor?\u201d sorusu oluyor.<\/p>\n\n\n\n<p>Bu noktada, ulusal parlamentoda \u00e7o\u011funlu\u011fu \u2018Endonezya M\u00fccadeleci Milliyet\u00e7i Partisi\u2019nin (<em>Partai Demokrasi Indopenia-Perjuangan<\/em>-PDI-P) kazanm\u0131\u015f olmas\u0131, Prabowo h\u00fck\u00fcmetinin i\u015finin kolay olmayaca\u011f\u0131 anlam\u0131na geldi\u011fine ku\u015fku yok.<\/p>\n\n\n\n<p>Bu nedenle, Susilo Bambang Yudhoyono, Megawati Sukarnoputri ve Joko Widodo\u2019ya sundu\u011fu \u201dgeni\u015f koalisyon\u201du bir \u00e7\u00f6z\u00fcm olarak g\u00f6r\u00fcyor.<\/p>\n\n\n\n<p><strong>Parlamento \u00e7o\u011funlu\u011fu<\/strong><\/p>\n\n\n\n<p>Prabowo kuraca\u011f\u0131 h\u00fck\u00fcmetin ve bu h\u00fck\u00fcmetin alaca\u011f\u0131 t\u00fcm kararlar\u0131n, PDI-P\u2019nin \u00e7o\u011funlu\u011funu olu\u015fturdu\u011fu ulusal parlamentoda sorun ya\u015famak istemiyor.<\/p>\n\n\n\n<p>Jokowi\u2019nin bu \u00f6neriye ba\u015ftan \u2019evet\u2019 dedi\u011fi, Yudhoyono\u2019nun bu \u00f6neriye destek verdi\u011fi dikkate al\u0131nmakla birlikte, Megawati bu \u00f6neriye bug\u00fcne kadar olumlu kar\u015f\u0131l\u0131k vermedi.<\/p>\n\n\n\n<p>Jokowi\u2019nin Prabowo\u2019yu ba\u015fkanl\u0131\u011fa ta\u015f\u0131yan isim olmas\u0131 onu, do\u011fal bir ittifak g\u00fcc\u00fc olarak g\u00fcndeme gelmesine neden oluyor.<\/p>\n\n\n\n<p>Yudhoyono ise, kurucusu oldu\u011fu Deokrat Parti\u2019nin Prabowo\u2019ya se\u00e7imler \u00f6ncesinde destek vermesi, devlet ba\u015fkanl\u0131\u011f\u0131 koltu\u011funa oturacak Prabowo\u2019ya deste\u011fini gayet rasyonel k\u0131l\u0131yor.<\/p>\n\n\n\n<p>Bunun temel sebebi de, se\u00e7imlere az bir s\u00fcre kala ba\u015fkan Jokowi\u2019nin Prabowo\u2019yu a\u00e7\u0131ktan desteklemesi ve Jokowi\u2019nin PDI-P ile aras\u0131n\u0131 a\u00e7mas\u0131ndan kaynaklan\u0131yor.<\/p>\n\n\n\n<p><strong>Jokowi\u2019nin izinde<\/strong><\/p>\n\n\n\n<p>B\u00fcy\u00fck Endonezya Partisi (<em>Gerindra<\/em>) ba\u015fkan\u0131 ve 2014 ve 2019 se\u00e7imlerini Joko Widoyo\u2019ya kapt\u0131rm\u0131\u015f olan Prabowo, 2019 se\u00e7imlerinin ard\u0131ndan, kurulan kabinede Savunma Bakanl\u0131\u011f\u0131 g\u00f6revini \u00fcstlenmesi onu, Endonezya siyasetinde yeniden \u00f6ne \u00e7\u0131kmas\u0131na neden olarak s\u00fcre\u00e7 olarak de\u011ferlendirmek gerekiyor.<\/p>\n\n\n\n<p>Bu s\u00fcrecin has\u0131l\u0131 olarak, Jokowi ile \u2019iyi ge\u00e7inmesi\u2019nin Prabowo\u2019yu bug\u00fcn ba\u015fkanl\u0131\u011fa ta\u015f\u0131d\u0131\u011f\u0131na ku\u015fku yok.<\/p>\n\n\n\n<p>Prabowo\u2019ya se\u00e7im ba\u015far\u0131s\u0131 yaratan ki\u015finin ba\u015fkan Jokowi olmas\u0131, se\u00e7imlerin hemen ard\u0131ndan, Prabowo\u2019nun Jokowi politikalar\u0131na devam edece\u011fi \u015feklinde yans\u0131m\u0131\u015ft\u0131.<\/p>\n\n\n\n<p>Jokowi politikalar\u0131n\u0131n eko-politi\u011fi bir yana ilk akla gelen husus, okun kurdu\u011fu geni\u015f koalisyondu. Bunu, farkl\u0131 partilerden ve farkl\u0131 profesnol gruplardan isimleri kurdu\u011fu kabinelerde yer vermesiyle ortaya koymu\u015ftu.<\/p>\n\n\n\n<p>Prabowo\u2019nun ba\u015fkanl\u0131k koltu\u011funa oturmas\u0131yla kuraca\u011f\u0131 h\u00fck\u00fcmeti benzeri \u015fekilde olu\u015fturma gayretinde olaca\u011f\u0131n\u0131 tahmin etmek g\u00fc\u00e7 de\u011fil. Bu nedenle, \u201dgeni\u015f koalisyon\u201d ad\u0131 verilen s\u00fcreci g\u00fcndeme ta\u015f\u0131yor.<\/p>\n\n\n\n<p>Ba\u015fkan Jokowi\u2019nin, Prabowo ile yak\u0131nla\u015fmas\u0131 kendisini destekleyen, <a>PDI-P<\/a>\u2019de ve parti ba\u015fkan\u0131 Megawati\u2019de s\u00fckutu hayal yaratt\u0131\u011f\u0131na ku\u015fku yok.<\/p>\n\n\n\n<p><strong>PDI-P\u2019de sorgulama s\u00fcreci<\/strong><\/p>\n\n\n\n<p>Bu nedenle, ya\u015fanan bu s\u00fcrecin di\u011fer partileri \u00f6zellikle de, PDI-I i\u00e7in yeni bir sorgulama ve m\u00fcmk\u00fcnse, yeni politikalar \u00fcretme anlam\u0131na geliyor.<\/p>\n\n\n\n<p>Bu \u00e7er\u00e7evede, Jokowi\u2019nin destekledi\u011fi Prabowo\u2019ya a\u00e7\u0131k destek anlam\u0131 ta\u015f\u0131yacak b\u00f6ylesi bir koalisyon \u00f6nerisine PDI-P ba\u015fkan\u0131 Megawati\u2019nin, -en az\u0131ndan \u015fimdilik- \u2019hay\u0131r\u2019 demesini anlaml\u0131 kabul etmek gerekiyor.<\/p>\n\n\n\n<p>Kald\u0131 ki, PDI-P\u2019nin ulusal parlamentoda, \u00fcst \u00fcste \u00fc\u00e7\u00fcnc\u00fc kez \u00e7o\u011funlu\u011fu sa\u011flayan parti olmas\u0131, Megawati\u2019nin kendine g\u00fcveninin en \u00f6nemli nedenini te\u015fkil ediyor.<\/p>\n\n\n\n<p>Bu noktada, Prabowo\u2019nun \u201dgeni\u015f koalisyon\u201du t\u00fcm ba\u015fkanlara g\u00f6t\u00fcrmekle birlikte, hedefte PDI-P lideri Megawati\u2019nin oldu\u011funa hi\u00e7 ku\u015fku yok.<\/p>\n\n\n\n<p>Ancak, yukarda s\u00f6yledi\u011fim \u00fczere, Megawati bu koalisyon olas\u0131l\u0131\u011f\u0131 i\u00e7in herhangi bir \u00fcmit vermi\u015f de\u011fil.<\/p>\n\n\n\n<p>Megawati, 27 Kas\u0131m\u2019da yap\u0131lacak yerel se\u00e7imlere kadar s\u00f6z konusu \u201dgeni\u015f koalisyona\u201d evet dememesi, ba\u015fkan Prabowo ile ya\u015fanacak ilk randevu anlam\u0131 ta\u015f\u0131yacakt\u0131r.<\/p>\n\n\n\n<p>Bu noktada, ba\u015fta Jakarta valili\u011fi olmak \u00fczere, \u00f6zellikle belirli b\u00f6lgelerde yerel se\u00e7imleri PDI-P adaylar\u0131n\u0131n kazanmas\u0131, Prabowo\u2019nun ba\u015fkanl\u0131\u011f\u0131n\u0131 dahi ilk g\u00fcnlerinde gizli\/a\u00e7\u0131k \u00f6nemli bir me\u015fruiyet sorunu ile kar\u015f\u0131la\u015faca\u011f\u0131 anlam\u0131na gelecektir.<\/p>","protected":false},"excerpt":{"rendered":"<p>Mehmet \u00d6zay &nbsp;&nbsp;&nbsp;&nbsp;&nbsp;&nbsp;&nbsp;&nbsp;&nbsp;&nbsp;&nbsp;&nbsp;&nbsp;&nbsp;&nbsp;&nbsp;&nbsp;&nbsp;&nbsp;&nbsp;&nbsp;&nbsp;&nbsp;&nbsp;&nbsp;&nbsp;&nbsp;&nbsp;&nbsp;&nbsp;&nbsp;&nbsp;&nbsp;&nbsp;&nbsp;&nbsp;&nbsp;&nbsp;&nbsp;&nbsp;&nbsp;&nbsp;&nbsp;&nbsp;&nbsp;&nbsp;&nbsp;&nbsp;&nbsp;&nbsp;&nbsp;&nbsp;&nbsp;&nbsp;&nbsp;&nbsp;&nbsp;&nbsp;&nbsp;&nbsp;&nbsp;&nbsp;&nbsp;&nbsp;&nbsp;&nbsp;&nbsp;&nbsp;&nbsp;&nbsp;&nbsp;&nbsp;&nbsp;&nbsp;&nbsp;&nbsp;&nbsp;&nbsp;&nbsp;&nbsp;&nbsp;&nbsp;&nbsp;&nbsp;&nbsp;&nbsp;&nbsp;&nbsp;&nbsp;&nbsp;&nbsp;&nbsp;&nbsp;&nbsp;&nbsp;&nbsp;&nbsp;&nbsp;&nbsp;&nbsp;&nbsp;&nbsp;&nbsp;&nbsp;&nbsp;&nbsp; 18.05.2024 Endonezya\u2019da ba\u015fkanl\u0131k se\u00e7imini \u00f6nde bitiren Prabowo Subianto, Kas\u0131m ay\u0131nda ba\u015fkanl\u0131k koltu\u011funa oturmadan \u00f6nce, ulusal siyaseti yeniden yap\u0131land\u0131rma u\u011fra\u015f\u0131nda. Bunun en a\u00e7\u0131k g\u00f6stergesi de \u2019geni\u015f koalisyon\u2019 s\u00f6ylemi&#8230; Prabowo\u2019nun bu \u00f6nerisi, Y\u00fcksek Mahkeme\u2019nin Nisan ay\u0131 sonunda, se\u00e7im sonu\u00e7lar\u0131na y\u00f6nelik itirazlar\u0131 reddetmesinin ard\u0131ndan geldi. Geni\u015f koalisyon Prabowo\u2019nun, \u2019geni\u015f koalisyon\u2019 ad\u0131n\u0131 verdi\u011fi ve \u00f6zellikle, hayatta [&hellip;]<\/p>","protected":false},"author":3,"featured_media":5236,"comment_status":"open","ping_status":"open","sticky":false,"template":"","format":"standard","meta":{"footnotes":""},"categories":[21,6],"tags":[],"class_list":["post-5235","post","type-post","status-publish","format-standard","has-post-thumbnail","hentry","category-endonezya","category-gunluk-yazilar"],"_links":{"self":[{"href":"https:\/\/guneydoguasyacalismalari.com\/en\/wp-json\/wp\/v2\/posts\/5235","targetHints":{"allow":["GET"]}}],"collection":[{"href":"https:\/\/guneydoguasyacalismalari.com\/en\/wp-json\/wp\/v2\/posts"}],"about":[{"href":"https:\/\/guneydoguasyacalismalari.com\/en\/wp-json\/wp\/v2\/types\/post"}],"author":[{"embeddable":true,"href":"https:\/\/guneydoguasyacalismalari.com\/en\/wp-json\/wp\/v2\/users\/3"}],"replies":[{"embeddable":true,"href":"https:\/\/guneydoguasyacalismalari.com\/en\/wp-json\/wp\/v2\/comments?post=5235"}],"version-history":[{"count":0,"href":"https:\/\/guneydoguasyacalismalari.com\/en\/wp-json\/wp\/v2\/posts\/5235\/revisions"}],"wp:featuredmedia":[{"embeddable":true,"href":"https:\/\/guneydoguasyacalismalari.com\/en\/wp-json\/wp\/v2\/media\/5236"}],"wp:attachment":[{"href":"https:\/\/guneydoguasyacalismalari.com\/en\/wp-json\/wp\/v2\/media?parent=5235"}],"wp:term":[{"taxonomy":"category","embeddable":true,"href":"https:\/\/guneydoguasyacalismalari.com\/en\/wp-json\/wp\/v2\/categories?post=5235"},{"taxonomy":"post_tag","embeddable":true,"href":"https:\/\/guneydoguasyacalismalari.com\/en\/wp-json\/wp\/v2\/tags?post=5235"}],"curies":[{"name":"wp","href":"https:\/\/api.w.org\/{rel}","templated":true}]}}