{"id":4079,"date":"2021-09-25T20:24:23","date_gmt":"2021-09-25T20:24:23","guid":{"rendered":"http:\/\/guneydoguasyacalismalari.com\/?p=4079"},"modified":"2021-09-25T20:24:23","modified_gmt":"2021-09-25T20:24:23","slug":"almanyada-secim-ve-ideolojiler-election-in-germany-and-ideologies","status":"publish","type":"post","link":"https:\/\/guneydoguasyacalismalari.com\/en\/almanyada-secim-ve-ideolojiler-election-in-germany-and-ideologies\/","title":{"rendered":"Almanya\u2019da se\u00e7im ve ideolojiler \/ Election in Germany and ideologies"},"content":{"rendered":"<p><strong>Mehmet \u00d6zay 10.09.2021<\/strong><\/p>\n<p style=\"text-align: justify;\">Almanya yar\u0131n se\u00e7ime gidiyor\u2026 Bu, s\u0131radan bir se\u00e7im de\u011fil, aksine son on alt\u0131 y\u0131ld\u0131r \u00fclkeyi y\u00f6netmi\u015f olan bir liderin yani, Angela Merkel\u2019in ve bu lider etraf\u0131nda \u00f6r\u00fcnt\u00fclenmi\u015f politik idealar ve pratiklerin de sonu anlam\u0131na geliyor.<\/p>\n<p style=\"text-align: justify;\">Bu politik temellerin devam ettirilip ettirilmeyece\u011fini ise, Pazartesi g\u00fcn\u00fc sonu\u00e7lar a\u00e7\u0131kland\u0131\u011f\u0131nda tan\u0131k olaca\u011f\u0131z\u2026<\/p>\n<p style=\"text-align: justify;\">Geli\u015fmi\u015f \u00fclkeler seviyesinin \u00fcst katlar\u0131nda yer alan bir \u00fclke olsa da, Alman siyasetinde ve toplumunda da ayr\u0131\u015fmalar, \u00e7at\u0131\u015fmalar, koalisyon aray\u0131\u015flar\u0131, belirsizlikler mevcut.<\/p>\n<p style=\"text-align: justify;\"><strong>Post-modern ve ideolojiler<\/strong><\/p>\n<p style=\"text-align: justify;\">Bununla birlikte, post-modern d\u00f6nemle birlikte ideolojiler \u00e7a\u011f\u0131n\u0131n bitti\u011fini haber veren sosyal bilimcilere inat, Bat\u0131\u2019n\u0131n bu geli\u015fmi\u015f \u2018post-modern\u2019 \u00fclkesinde sadece ideolojiler de\u011fil, din\/imsi yap\u0131lar da gayet ba\u015fat bir rol \u00fcstlenmi\u015f halde siyasi arenada boy g\u00f6steriyor.<\/p>\n<p style=\"text-align: justify;\">Almanya denildi\u011finde, tarihin 1. ve 2. D\u00fcnya sava\u015f\u0131 aras\u0131na s\u0131k\u0131\u015f\u0131p kalm\u0131\u015f b\u00f6l\u00fcm\u00fcnde olan biten hadise ile an\u0131lan ve kar\u0131\u015f\u0131m\u0131za sadece a\u015f\u0131r\u0131 sa\u011fc\u0131 Nasyonel Sosyalizmi (<em>Nazizmi<\/em>) \u00e7\u0131karan medyatik propagandaya ra\u011fmen, Almanya H\u0131ristiyan, sosyalist, \u00e7evreci, a\u015f\u0131r\u0131 sa\u011fc\u0131 ideolojileriyle bug\u00fcn se\u00e7ime gitmesi gayet manidard\u0131r.<\/p>\n<p style=\"text-align: justify;\">Bu durum, Almanya\u2019n\u0131n (<em>Prussia<\/em>) do\u011furdu\u011fu iktisat\u00e7\u0131 Max Weber\u2019in a\u015f\u0131r\u0131 rasyonalizmden ve bunun toplumsal ya\u015famdaki kar\u015f\u0131l\u0131\u011f\u0131 olan b\u00fcrokrasinin varl\u0131\u011f\u0131ndan \u00f6t\u00fcr\u00fc, ya\u015fanan modern d\u00f6nemi \u201cdemir kafes\u201dle (<em>iron cage<\/em>) izah\u0131n bizzat onda yaratt\u0131\u011f\u0131 kasvetli halden, -ki bunda Nieztche\u2019nin \u2018hi\u00e7li\u011fini\u2019 bulmak bile m\u00fcmk\u00fcn, kurtulman\u0131n vas\u0131talar\u0131 olarak yenilenmi\u015f halleriyle ideolojilere s\u0131\u011f\u0131n\u0131ld\u0131\u011f\u0131n\u0131 ortaya koyuyor.<\/p>\n<p style=\"text-align: justify;\"><strong>Geli\u015fmi\u015f \u00fclkeye yeni dertler<\/strong><\/p>\n<p style=\"text-align: justify;\">Alman se\u00e7meninin y\u00fcksek okur-yazarl\u0131k oran\u0131 ve buna paralel olarak artan bireysellikleri, ekonomik \u00e7\u0131karlar\u0131n \u00f6ne al\u0131nd\u0131\u011f\u0131 bir g\u00f6r\u00fcn\u00fcm kazanmakla birlikte, di\u011fer \u00fclkelerle k\u0131yasland\u0131\u011f\u0131nda ekonomik vars\u0131ll\u0131k oran\u0131n\u0131n y\u00fcksekli\u011fi, se\u00e7men kitlelerinin \u2018dert edindi\u011fi\u2019 ba\u015fka alanlar\u0131n da oldu\u011funu ortaya koyuyor.<\/p>\n<p style=\"text-align: justify;\">Bu \u00e7er\u00e7evede, Alman i\u00e7 siyasetini a\u015fan b\u00f6lgesel yani, Avrupa Birli\u011fi ve k\u00fcresel \u00e7apta politikalar\u0131 ortaya koyan yakla\u015f\u0131mlara da rastlamak m\u00fcmk\u00fcn g\u00f6z\u00fck\u00fcyor. Bu anlamda, t\u00fcm zaaflar\u0131na kar\u015f\u0131n Avrupal\u0131l\u0131k ve birlik ruhunun yerinden bahsedilebilir. \u00d6te yandan, kalk\u0131nm\u0131\u015f \u00fclke olman\u0131n getirdi\u011fi yeni dertlerden biri olarak iklim de\u011fi\u015fikli\u011fi benzer \u00fclkeler d\u0131\u015f\u0131nda rastlanmayacak \u00f6l\u00e7\u00fcde g\u00fcndemde\u2026<\/p>\n<p style=\"text-align: justify;\">Bu noktada, 1970\u2019lerin kriz ortam\u0131nda geli\u015fmeye ba\u015flayan \u00e7evreci e\u011filimlerin bir t\u00fcr dinimsi\/pagan ve muhalif-sol kar\u0131\u015f\u0131m\u0131 nosyonu ile bug\u00fcn ulusal siyasette bir g\u00fc\u00e7 merkezi haline geldi\u011fi g\u00f6r\u00fcl\u00fcyor.<\/p>\n<p style=\"text-align: justify;\">Bu \u00e7er\u00e7evede, Almanya\u2019n\u0131n siyasal rol\u00fc ba\u011flam\u0131nda, dikkat \u00e7eken k\u00fcresel olgulardan en az\u0131ndan dikkatle ele al\u0131nmay\u0131 gerektirenle \u015funlar: AB\u2019de direksiyonda oturan ve k\u00fcresel ekonomide ABD, \u00c7in ve Japonya\u2019n\u0131n ard\u0131nda 4. s\u0131rada yer alan \u00fclke, ABD ve \u00c7in aras\u0131ndaki ili\u015fkilerde AB\u2019nin rol\u00fcn\u00fc ve y\u00f6nelimini belirleme \u00e7abas\u0131yla siyasal tav\u0131r geli\u015ftirme konumunda.<\/p>\n<p style=\"text-align: justify;\">\u00d6te yandan, hem kendi s\u0131n\u0131rlar\u0131n\u0131 hem de AB b\u00f6lgesel yap\u0131la\u015fmas\u0131n\u0131 tehlikeye sokabilecek olan ve son yirmi y\u0131lda tedrici olarak AB i\u00e7in bir tehdit unsuru olmay\u0131 ger\u00e7ekle\u015ftiren Rusya\u2019ya kar\u015f\u0131 kollar\u0131 s\u0131vayan bir \u00fclke, Almanya.<\/p>\n<p style=\"text-align: justify;\">Son on alt\u0131 y\u0131ll\u0131k ba\u015fbakanl\u0131\u011f\u0131 d\u00f6neminde Merkel, t\u00fcm bu s\u00fcre\u00e7lere tan\u0131k oldu, ya\u015fad\u0131, y\u00f6netti\u2026 Pasifik\u2019teki geli\u015fmeler kay\u0131ts\u0131z kalmayan, ABD\u2019nin sab\u0131k ba\u015fkan\u0131 Barack Obama y\u00f6netiminin k\u00fcresel eksene (<em>pivot<\/em>) yerle\u015ftirdi\u011fi Asya-Pasifik\u2019e \u00f6zel bir ilgiyle yakla\u015fan Almanya\u2026 \u00d6yle ki, Merkel iktidarda oldu\u011fu d\u00f6nem boyunca 12 kez \u00c7in\u2019i ziyaret etmi\u015f olmas\u0131 salt ABD ile ayn\u0131 blokta olmakl\u0131\u011f\u0131n getirdi\u011fi bir olgu olarak alg\u0131lanamaz\u2026<\/p>\n<p style=\"text-align: justify;\">Merkez sa\u011f H\u0131ristiyan Demokrat\u2019lar, Merkel\u2019in siyasi miras\u0131n\u0131 devralabilecek mi yoksa, sosyal demokratlar uzun bir aradan sonra Almanya siyasetinde yeni politikalar uygulama f\u0131rsat\u0131 bulabilecekler mi?<\/p>\n<p style=\"text-align: justify;\">Almanya k\u00fcresel ekonominin sadece 4. b\u00fcy\u00fck \u00fclkesi olarak kalm\u0131yor, AB\u2019nin lokomotifi konumunda bir \u00fclke olmay\u0131 s\u00fcrd\u00fcr\u00fcyor. Fransa\u2019y\u0131 da yan\u0131na alarak 27 \u00fcyeli birli\u011fi hem kendi standartlar\u0131 ve form\u00fclasyonu i\u00e7inde tutmay\u0131, hem de bir yandan Atlantik \u00f6te yandan, giderek ses getirmekte olan Asya\/Hint-Pasifik politikalar\u0131nda geride kalmayan bir konuma getirmeye \u00e7al\u0131\u015f\u0131yor.<\/p>\n<p style=\"text-align: justify;\"><strong>\u0130deolojilerle Alman siyaseti<\/strong><\/p>\n<p style=\"text-align: justify;\">Bu noktada, Almanya\u2019da iktidar ve lider de\u011fi\u015fikli\u011fi yerle\u015fik kanunlar ve kurallar \u00e7er\u00e7evesinde b\u00fcy\u00fck de\u011fi\u015fiklikler getirmesi beklenmemekle birlikte, Avrupa siyasetinin b\u00fcy\u00fck \u00f6l\u00e7\u00fcde, halen ideolojilere dayand\u0131\u011f\u0131n\u0131 unutmamak gerekiyor.<\/p>\n<p style=\"text-align: justify;\">Temelde g\u00f6\u00e7men kitlelerine y\u00f6nelik bir Avrupa klasi\u011fi olan d\u0131\u015flamac\u0131l\u0131k ve bunu do\u011furan bug\u00fcn\u00fcn getirdi\u011fi ekonomik rekabet\u00e7i ekonomik ortam de\u011fil, ayn\u0131 zamanda k\u00f6kl\u00fc Alman milliyet\u00e7ili\u011finin varl\u0131\u011f\u0131d\u0131r. Farkl\u0131 ba\u011flamlarda geli\u015fme g\u00f6steren ve bir noktada bulu\u015fan sa\u011f siyasal tutum, toplumsal ili\u015fkilerde hedefine \u2018\u00f6teki\u2019ni koyarken, ekonomik ili\u015fkilerde de i\u00e7e kapanmac\u0131 bir y\u00f6nelim sergiliyor.<\/p>\n<p style=\"text-align: justify;\">Merkel\u2019in siyasi miras\u00e7\u0131s\u0131 konumundaki merkez sa\u011f H\u0131ristiyan Demokratlar Birli\u011fi, pop\u00fclaritesi tart\u0131\u015fmal\u0131 Armin Laschet etraf\u0131nda kenetlenmi\u015f g\u00f6r\u00fcn\u00fcyor. Merkel de zaten siyasi halefli\u011fi ona devretmi\u015f durumda. Sa\u011f koalisyonun hedef ald\u0131\u011f\u0131 kesim ise sol\u2026<\/p>\n<p style=\"text-align: justify;\">Kampanya s\u00fcrecinin son g\u00fcnlerinde se\u00e7mene, \u2018Aman Sol\u2019a dikkat!\u2019 anlam\u0131na gelecek sloganla yakla\u015f\u0131rken, i\u00e7inde gizli\/a\u00e7\u0131k bir tehditi bar\u0131nd\u0131rmad\u0131\u011f\u0131 s\u00f6ylenemez.<\/p>\n<p style=\"text-align: justify;\">Bu noktada elde edilen ekonomik kazan\u0131mlar kadar hi\u00e7 ku\u015fku yok ki, de\u011ferler manzumesi olan unsurlara da g\u00f6nderme yap\u0131yor bu slogan&#8230; Tabii H\u0131ristiyanlar gibi, sol unsuru da tekil bir b\u00fct\u00fcnl\u00fck olarak g\u00f6rmemek gerekiyor. Orada da ayr\u0131\u015fma var\u2026<\/p>\n<p style=\"text-align: justify;\">Dolay\u0131s\u0131yla Laschet\u2019in hedef g\u00f6sterdi\u011fi, s\u0131n\u0131fsal par\u00e7alanm\u0131\u015fl\u0131ktan ziyade, siyasal par\u00e7alanm\u0131\u015f haliyle Sosyal Demokratlar (SPD), Sosyalist Sol ve de post-modern d\u00f6nemin k\u00fcresel dense de, geli\u015fmi\u015f\/kapitalist Bat\u0131\u2019n\u0131n do\u011furdu\u011fu sorunlar\u0131n\u0131n sonucu olarak zuhur eden Ye\u015filler bulunuyor.<\/p>\n<p style=\"text-align: justify;\">Laschet\u2019in se\u00e7menleri geli\u015fi konusunda uyard\u0131\u011f\u0131 Sosyal Demokratlar\u2019\u0131n lideri Olaf Scholz, k\u00fcresel ekonomide s\u00f6z sahibi Almanya\u2019n\u0131n dar gelirlilerine y\u00f6nelik vaatleri bulunuyor ve yoksulluk i\u00e7inde ya\u015fayan az\u0131msanmayacak say\u0131da \u00e7ocu\u011fa i\u015faret ediyor. T\u0131pk\u0131 o\u011ful George W. Bush\u2019un kampanya d\u00f6neminde e\u011fitim hedef al\u0131narak haz\u0131rlanm\u0131\u015f sloganda kimse geride kalmamal\u0131 (<em>no child left behind<\/em>) gibi\u2026 \u00a0Tabii burada bir Alman kom\u00fcnizminden bahsetmek m\u00fcmk\u00fcn g\u00f6z\u00fckmese de, ideolojiler haritas\u0131nda sosyal demokratlar\u0131n kendilerine bulduklar\u0131 yer Marksizm oluyor.<\/p>\n<p style=\"text-align: justify;\">Her ne kadar, Almanya\u2019dan ziyade \u0130ngiltere\u2019nin yeti\u015ftirdi\u011fi bir \u00e7ocuk desek de, Karl Marx sergiledi\u011fi p\u00fcr sosyologlu\u011funun \u00f6tesinde, siyasal aktivizmiyle ve bu y\u00f6ndeki kararl\u0131 istenciyle devrimi \u00f6ncelleyen duru\u015fuyla, Bat\u0131 Avrupa\u2019da hakiki bir devrime yol a\u00e7mam\u0131\u015f olsa da, diyalekti\u011fi evrimle\u015ferek var olmaya devam ediyor.<\/p>\n<p style=\"text-align: justify;\">Olaf Scholz, yoksulluk \u00e7emberini k\u0131ramayanlardan bahsetmiyor, \u201cvar olan ekonomi pastas\u0131ndan daha fazla ne kadar al\u0131r\u0131z\u201d\u0131n hesab\u0131n\u0131 yap\u0131yor. Bu durumda, Scholz\u2019un, Marx\u2019\u0131n devrimin ger\u00e7ekle\u015fmemesine kendisinin de tan\u0131k oldu\u011fu \u00fczere kapitalist \u00e7evrelerin i\u015f\u00e7i \u00fccretlerini art\u0131rmas\u0131 gibi gayet temel bir ekonomik a\u00e7\u0131l\u0131m sergilediklerini biliyor olmal\u0131\u2026<\/p>\n<p style=\"text-align: justify;\"><strong>Yeni bir H\u0131ristiyan blok koalisyonu mu?<\/strong><\/p>\n<p style=\"text-align: justify;\">AB\u2019de siyasal liderlik, k\u00fcresel ekonomide d\u00f6rd\u00fcnc\u00fcl\u00fck gibi belirli kriterlerin \u00f6tesinde disiplinli bir toplum, s\u00fcrd\u00fcr\u00fclebilir politikalar kadar, kar\u015f\u0131m\u0131za post-modern d\u00f6nemde dini referanslar\u0131 belirgin partilerin varl\u0131\u011f\u0131n\u0131 da ortaya koymas\u0131 hi\u00e7 ku\u015fku yok ki, genelde Avrupa \u00f6zelde Bat\u0131 i\u00e7in \u00e7eli\u015fkiler yuma\u011f\u0131n\u0131n bir par\u00e7as\u0131 olarak alg\u0131lanabilir.<\/p>\n<p style=\"text-align: justify;\">Merkel iktidar\u0131n\u0131 sa\u011flayan b\u00fcy\u00fck koalisyonun (<em>grand coalition<\/em>) iki g\u00fc\u00e7l\u00fc partisi, H\u0131ristiyan Demokratlar Birli\u011fi (CDU) ve H\u0131ristiyan Toplumsal Birli\u011fi\u2019ydi (CSU)\u2026 Yanlar\u0131nda da sosyalist SDU\u2026<\/p>\n<p style=\"text-align: justify;\">Yar\u0131n ki se\u00e7imin hedefinde hi\u00e7 ku\u015fku yok ki, CDU ve CSU sosyalistler olmadan h\u00fck\u00fcmet kurma hedefindeler. H\u0131ristiyan Demokratlar Birli\u011fi\u2019nin m\u00fcstakbel koalisyon ortaklar\u0131 aras\u0131nda da neoliberal \u00d6zg\u00fcr Demokratlar (<em>Free-Democrats<\/em>) bulunuyor.<\/p>\n<p style=\"text-align: justify;\">Ancak kamuoyu yoklamalar\u0131 SDU ve Ye\u015fillerin oylar\u0131n\u0131 art\u0131rd\u0131\u011f\u0131n\u0131 ortaya koymas\u0131 herhalde Alman siyasetinde bir s\u00fcrprizin kap\u0131da oldu\u011funun da habercisi\u2026<\/p>\n<p style=\"text-align: justify;\">Her t\u00fcrl\u00fc koalisyona a\u00e7\u0131k bir se\u00e7imin oldu\u011fu bir atmosferde herhalde en rahat isim Merkel olmal\u0131\u2026 Merkel\u2019in on alt\u0131 y\u0131l gibi uzun bir s\u00fcre \u00fclkeyi y\u00f6netmesi, Avrupa demokrasilerinin s\u0131hhat derecesi dikkate al\u0131nd\u0131\u011f\u0131nda, herhalde iyi bir s\u0131nav verdi\u011fi \u015feklinde yorumlanmal\u0131d\u0131r.<\/p>","protected":false},"excerpt":{"rendered":"<p>Mehmet \u00d6zay\u00a0 \u00a0 \u00a0 \u00a0 \u00a0 \u00a0 \u00a0 \u00a0 \u00a0 \u00a0 \u00a0 \u00a0 \u00a0 \u00a0 \u00a0 \u00a0 \u00a0 \u00a0 \u00a0 \u00a0 \u00a0 \u00a0 \u00a0 \u00a0 \u00a0 \u00a0 \u00a0 \u00a0 \u00a0 \u00a0 \u00a0 \u00a0 \u00a0 \u00a0 \u00a0 \u00a0 \u00a0 \u00a0 \u00a0 \u00a0 \u00a0 \u00a0 \u00a0 \u00a0 \u00a0 \u00a0 \u00a0 25.09.2021 Almanya yar\u0131n se\u00e7ime gidiyor\u2026 Bu, s\u0131radan [&hellip;]<\/p>","protected":false},"author":1,"featured_media":4080,"comment_status":"open","ping_status":"open","sticky":false,"template":"","format":"standard","meta":{"footnotes":""},"categories":[9,6],"tags":[],"class_list":["post-4079","post","type-post","status-publish","format-standard","has-post-thumbnail","hentry","category-asya-pasifik","category-gunluk-yazilar"],"_links":{"self":[{"href":"https:\/\/guneydoguasyacalismalari.com\/en\/wp-json\/wp\/v2\/posts\/4079","targetHints":{"allow":["GET"]}}],"collection":[{"href":"https:\/\/guneydoguasyacalismalari.com\/en\/wp-json\/wp\/v2\/posts"}],"about":[{"href":"https:\/\/guneydoguasyacalismalari.com\/en\/wp-json\/wp\/v2\/types\/post"}],"author":[{"embeddable":true,"href":"https:\/\/guneydoguasyacalismalari.com\/en\/wp-json\/wp\/v2\/users\/1"}],"replies":[{"embeddable":true,"href":"https:\/\/guneydoguasyacalismalari.com\/en\/wp-json\/wp\/v2\/comments?post=4079"}],"version-history":[{"count":0,"href":"https:\/\/guneydoguasyacalismalari.com\/en\/wp-json\/wp\/v2\/posts\/4079\/revisions"}],"wp:featuredmedia":[{"embeddable":true,"href":"https:\/\/guneydoguasyacalismalari.com\/en\/wp-json\/wp\/v2\/media\/4080"}],"wp:attachment":[{"href":"https:\/\/guneydoguasyacalismalari.com\/en\/wp-json\/wp\/v2\/media?parent=4079"}],"wp:term":[{"taxonomy":"category","embeddable":true,"href":"https:\/\/guneydoguasyacalismalari.com\/en\/wp-json\/wp\/v2\/categories?post=4079"},{"taxonomy":"post_tag","embeddable":true,"href":"https:\/\/guneydoguasyacalismalari.com\/en\/wp-json\/wp\/v2\/tags?post=4079"}],"curies":[{"name":"wp","href":"https:\/\/api.w.org\/{rel}","templated":true}]}}