{"id":3609,"date":"2020-12-01T19:08:57","date_gmt":"2020-12-01T19:08:57","guid":{"rendered":"http:\/\/guneydoguasyacalismalari.com\/?p=3609"},"modified":"2020-12-01T19:19:42","modified_gmt":"2020-12-01T19:19:42","slug":"malezyada-sivil-darbenin-sorumlusu-araniyor-who-was-behind-the-civil-coup-in-malaysia","status":"publish","type":"post","link":"https:\/\/guneydoguasyacalismalari.com\/en\/malezyada-sivil-darbenin-sorumlusu-araniyor-who-was-behind-the-civil-coup-in-malaysia\/","title":{"rendered":"Malezya\u2019da sivil darbenin sorumlusu aran\u0131yor \/ Who was behind the civil coup in Malaysia?"},"content":{"rendered":"<p><strong>Mehmet \u00d6zay 02.05.2020<\/strong><\/p>\n<p style=\"text-align: justify;\">Malezya\u2019da 2021 b\u00fct\u00e7esinin federal mecliste kabul edilmesine ra\u011fmen, siyaset kazan\u0131nda tart\u0131\u015fmalar durmak bilmiyor. Bu sefer, bir siyasi parti lideri edas\u0131yla \u00fclkenin \u00f6nemli bir gazetesine \u0131smarlama oldu\u011fu anla\u015f\u0131lan bir m\u00fcl\u00e2kat veren Azmin Ali \u00f6nemli ancak ele\u015ftirilmeye gayet a\u00e7\u0131k a\u00e7\u0131klamalarda bulundu.<\/p>\n<p style=\"text-align: justify;\">Azmin Ali\u2019nin, hafta sonu verdi\u011fi m\u00fcl\u00e2kat\u0131n\u0131n \u00f6z\u00fcnde, 24 \u015eubat sivil darbesine giden s\u00fcre\u00e7te ana rol\u00fc kimin oynad\u0131\u011f\u0131na i\u015faret ediyor.<\/p>\n<p style=\"text-align: justify;\">Bir ba\u015fka deyi\u015fle, bu a\u00e7\u0131klama Umut Koalisyonu (<em>Pakatan Harapan<\/em>-PH) h\u00fck\u00fcmetinin y\u0131k\u0131l\u0131p yerine, yeni bir h\u00fck\u00fcmetin kurulmas\u0131nda belirleyici rol\u00fc kimin oynad\u0131\u011f\u0131yla ilgiliydi.<\/p>\n<p style=\"text-align: justify;\">Bu noktada, Azmin Ali, i\u015faret parma\u011f\u0131n\u0131 Tun Dr. Mahathir Muhammed\u2019e uzatarak, \u201csorumlu o\u201d der gibisine, reform h\u00fck\u00fcmetinin y\u0131k\u0131lmas\u0131n\u0131 isteyenin Dr. Mahathir oldu\u011funu ileri s\u00fcr\u00fcyor.<\/p>\n<p style=\"text-align: justify;\">PH h\u00fck\u00fcmetinin y\u0131k\u0131lmas\u0131n\u0131n temel dinami\u011fi Birle\u015fik Malay Ulusal Organizasyonu (<em>United Malay National Organization-<\/em>UMNO) ile i\u015fbirli\u011fi yapmaktan \u00e7ekti\u011fi \u00e7ok a\u00e7\u0131k. Bu durumda,<\/p>\n<p style=\"text-align: justify;\">Azmin Ali\u2019nin iddias\u0131na g\u00f6re, PH h\u00fck\u00fcmetinin y\u0131k\u0131l\u0131p yerine, \u00f6zellikle UMNO ile i\u015fbirli\u011fi yaparak yeni h\u00fck\u00fcmet kurulmas\u0131n\u0131 isteyen Dr. Mahathir\u2019mi\u015f. Bu konuda, elbette Dr. Mahathir d\u00fcn yani, Pazartesi g\u00fcn\u00fc gayet net a\u00e7\u0131klamalarla Azmin Ali\u2019yi yalanlad\u0131.<\/p>\n<p style=\"text-align: justify;\">Dr. Mahathir\u2019in gayet sarih a\u00e7\u0131klamalar\u0131na ge\u00e7meden \u00f6nce, Azmin Ali\u2019nin kendisini siyaset d\u00fcnyas\u0131nda nerede konumland\u0131rd\u0131\u011f\u0131na bakmakta yarar var.<\/p>\n<p style=\"text-align: justify;\">Azmin Ali, s\u00f6z konusu m\u00fcl\u00e2katta ifade etti\u011fi \u00fczere siyasette bir hedefinin olmad\u0131\u011f\u0131na dair yapt\u0131\u011f\u0131 vurgu metni okuyanlar\u0131 gayet \u015fa\u015f\u0131rtm\u0131\u015f olmal\u0131.<\/p>\n<p style=\"text-align: justify;\">\u201cEnver \u0130brahim\u2019in yard\u0131mc\u0131l\u0131\u011f\u0131 yapt\u0131\u011f\u0131 uzun y\u0131llar boyunca akl\u0131ndan siyasette aktif yer almak olmad\u0131\u011f\u0131n\u0131\u201d s\u00f6yleyen Azmin Ali, s\u00fcre\u00e7te Selangor eyaleti valili\u011fi, PH h\u00fck\u00fcmetinde ekonomi bakanl\u0131\u011f\u0131 ve ard\u0131ndan \u015fu anki mevcut h\u00fck\u00fcmette ba\u015fbakana ba\u011fl\u0131 olarak yine ekonomiden sorumlu bakan olarak g\u00f6rev yapmas\u0131n\u0131n kendi istenci d\u0131\u015f\u0131nda geli\u015fti\u011fini s\u00f6ylemesi, gayet al\u00e7ak g\u00f6n\u00fcll\u00fc bir a\u00e7\u0131klama olarak de\u011ferlendirmek gerekiyor.<\/p>\n<p style=\"text-align: justify;\">\u00d6zellikle, 24 \u015eubat s\u00fcrecinde, \u015fu anki h\u00fck\u00fcmetin kurulu\u015f s\u00fcre\u00e7lerinde ad\u0131n\u0131n g\u00fcndeme gelmesi, kameralara yans\u0131yan g\u00f6r\u00fcnt\u00fclerdeki rol ve yakla\u015f\u0131mlar\u0131 kadar, onun bug\u00fcn ni\u00e7in gizli\/a\u00e7\u0131k ba\u015fbakan yard\u0131mc\u0131s\u0131 konumunda oldu\u011funun \u00fczerinde durup d\u00fc\u015f\u00fcnmek gerekiyor.<\/p>\n<p style=\"text-align: justify;\">23 \u015eubat\u2019ta UMNO, PAS, Bersatu liderleriyle birlikte Dr. Mahathir\u2019in evinde yap\u0131lan toplant\u0131ya \u201cgittiklerini\u201d s\u00f6yleyen bir ki\u015finin, \u201csiyasette bir akt\u00f6r olmak istemiyordum\u201d s\u00f6z\u00fcne gayet \u015f\u00fcpheyle bakmak gerekir.<\/p>\n<p style=\"text-align: justify;\">Azmin Ali\u2019nin, Halk\u0131n Adaleti Partisi (<em>Partai Keadilan Rakyat<\/em>-PKR) i\u00e7inde lideri Enver \u0130brahim\u2019le aras\u0131n\u0131n gayet a\u00e7\u0131k oldu\u011fu, PH h\u00fck\u00fcmeti s\u00fcrecinde bilinmeyen bir durum de\u011fildi.<\/p>\n<p style=\"text-align: justify;\">\u00d6yle ki, bu geli\u015fme bizatihi d\u0131\u015fardan PKR\u2019\u0131 izleyenler taraf\u0131ndan parti i\u00e7in huzursuzlu\u011fun h\u00fck\u00fcmete olumsuz yans\u0131malar\u0131ndan bahsetti\u011fine tan\u0131k olunuyordu. Bu noktada, Enver \u0130brahim\u2019in Azmin Ali\u2019yi do\u011frudan ihra\u00e7 etmek yerine, parti i\u00e7i kanallar\u0131 kullanmay\u0131 tercih etmesi siyasi etik olarak do\u011fru bir yakla\u015f\u0131m olabilir.<\/p>\n<p style=\"text-align: justify;\">Ancak bug\u00fcnden bak\u0131ld\u0131\u011f\u0131nda bu anla\u015fmazl\u0131\u011f\u0131n hem PH h\u00fck\u00fcmetinin y\u0131k\u0131l\u0131na hem de Azmin Ali de i\u00e7inde ve lideri oldu\u011fu toplma 11 milletvekilinin PKR\u2019den ayr\u0131lmas\u0131 gayet \u00f6nemli siyasi sonu\u00e7lar\u0131 olmu\u015ftur. Tabii, PKR i\u00e7indeki geli\u015fmeler ba\u015fl\u0131 ba\u015f\u0131na bir konu&#8230;<\/p>\n<p style=\"text-align: justify;\">Dr. Mahathir\u2019in, Azmin Ali\u2019nin iddias\u0131na verdi\u011fi yan\u0131tlar gayet a\u00e7\u0131k. \u201cBen UMNO yolsuzlar\u0131yla birarada olamam\u201d anlam\u0131na gelecek a\u00e7\u0131klamas\u0131 birka\u00e7 a\u00e7\u0131dan olduk\u00e7a rasyonel.<\/p>\n<p style=\"text-align: justify;\">Bir yandan, onun 2016 y\u0131l\u0131nda UMNO\u2019dan ayr\u0131lmas\u0131na, ard\u0131ndan Yerli Birlik Partisi\u2019nden (<em>Parti\u00a0Pribumi Bersatu Malaysia<\/em>-Bersatu) ad\u0131yla yeni bir siyasi parti kurmas\u0131n\u0131n ve akabinde 2018 se\u00e7imleri \u00f6ncesinde UMNO\u2019nun 61 y\u0131ll\u0131k iktidar\u0131na son verme kararl\u0131l\u0131\u011f\u0131yla Enver \u0130brahim liderli\u011findeki muhalefetle i\u015fbirli\u011fi yapmas\u0131n\u0131n da tutarl\u0131l\u0131\u011f\u0131na i\u015faret ediyor.<\/p>\n<p style=\"text-align: justify;\">Bu s\u00f6yleme kar\u015f\u0131n, Dr. Mahathir yukar\u0131da dikkat \u00e7ekilen 23 \u015eubat toplant\u0131s\u0131yla ilgili bir a\u00e7\u0131klama yapm\u0131yor. \u00c7\u00fcnk\u00fc Azmin Ali, bu toplant\u0131ya at\u0131fla, \u201cTun Dr. Muhammed\u2019i ziyaret ettik, anla\u015ft\u0131k, ne oldu da ertesi g\u00fcn\u00fc istifa etti\u201d s\u00f6z\u00fc, Dr. Mahathir taraf\u0131ndan izaha muhta\u00e7 g\u00f6z\u00fck\u00fcyor. Bu konuyu, \u015fimdilik bu haliyle bir kenara b\u0131rakal\u0131m&#8230;<\/p>\n<p style=\"text-align: justify;\">Dr. Mahathir, \u201cHay\u0131r ben de\u011fil, as\u0131l sen bu kumpas\u0131n ard\u0131ndaki isimsin\u201d ba\u011flam\u0131nda Azmin Ali\u2019ye, -asl\u0131nda i\u00e7inde bulundu\u011fu durumu hat\u0131rlayan- bir s\u00f6ylem ile kar\u015f\u0131l\u0131k verdi. Burada herhalde perde arkas\u0131nda olan bitenler kadar, a\u00e7\u0131k bir referans olarak, 23-24 \u015eubat\u2019ta Azmin Ali\u2019nin kimlerle hangi toplant\u0131lar yapt\u0131\u011f\u0131yla ilgili yukar\u0131da da dikkat \u00e7ekilen g\u00f6r\u00fcnt\u00fcler dikkate al\u0131nabilir.<\/p>\n<p style=\"text-align: justify;\">Dr. Mahathir\u2019in daha \u00f6nce yapt\u0131\u011f\u0131 a\u00e7\u0131klamalarda, \u201cBana ihanet etti\u201d dedi\u011fi Muhyiddin Yasin\u2019in yan\u0131ndaki ismin Azmin Ali olmas\u0131 ve ikisinin \u00e7abas\u0131yla UMNO ve PAS ile yap\u0131lan g\u00f6r\u00fc\u015fmeler sonras\u0131nda kurulan PN h\u00fck\u00fcmetinde kazan\u0131lan konumlar s\u00fcrecin nas\u0131l i\u015fledi\u011fine dair bir ba\u015fka sarih izah konumunda bulunuyor.<\/p>\n<p style=\"text-align: justify;\">Unutmalay\u0131m ki, Dr. Mahathir\u2019in istifas\u0131n\u0131n ard\u0131ndan kurdu\u011fu partinin ba\u015f\u0131na apar topar ge\u00e7en Muhyiddin Yasin&#8230; Federal sultanla g\u00f6r\u00fc\u015ferek meclis \u00e7o\u011funlu\u011funun arkas\u0131nda oldu\u011funu s\u00f6yleyerek 1 Mart\u2019ta ba\u015fbakan olarak atanan isim yine Muhyiddin Yasin&#8230;<\/p>\n<p style=\"text-align: justify;\">Dr. Mahathir, bir ba\u015fka hususa de\u011finerek, Azmin Ali\u2019nin iddia etti\u011fi \u201csiyasette akt\u00f6r olmak istemiyordum\u201d s\u00f6ylemini bo\u015fa \u00e7\u0131kart\u0131yor. PKR i\u00e7inde Azmin Ali\u2019nin giderek yerini kaybetme endi\u015fesinin onun \u00f6zellikle, UMNO ile hareket etmesine yol a\u00e7t\u0131\u011f\u0131n\u0131 ifade ediyor.<\/p>\n<p style=\"text-align: justify;\">Bu durum, hi\u00e7 ku\u015fku yok ki, bug\u00fcn gizli\/a\u00e7\u0131k halk ad\u0131na konu\u015ftu\u011funu ileri s\u00fcren Azmin Ali\u2019nin 2018 y\u0131l\u0131nda halk\u0131n me\u015fru oylar\u0131yla se\u00e7ilmi\u015f demokratik Umut Koalisyonu h\u00fck\u00fcmeti devirmeyi ama\u00e7lad\u0131\u011f\u0131n\u0131 a\u00e7\u0131k\u00e7a ortaya koyuyor.<\/p>\n<p style=\"text-align: justify;\">Enver \u0130brahim\u2019le ya\u015fad\u0131\u011f\u0131 bireysel anla\u015fmazl\u0131klar siyasetin do\u011fas\u0131 i\u00e7erisinde gayet normal kar\u015f\u0131lanabilir.<\/p>\n<p style=\"text-align: justify;\">Ancak, Azmin Ali\u2019nin bu yaz\u0131 boyunca dikkat \u00e7ekilen ana izahat\u0131n da ortaya koydu\u011fu \u00fczere son bir, iki y\u0131l i\u00e7erisindeki kendisini siyaset d\u00fcnyas\u0131na davet eden, halk ve reform yanl\u0131s\u0131 bir siyasi olu\u015fumla, bug\u00fcn g\u00fcy\u00e2 kazan\u0131m olarak kablu etti\u011fi yer aras\u0131ndaki u\u00e7urum onun siyasi bir akt\u00f6r olmaktan \u00f6te, siyasi etikle ilgili gayet sorunlu bir yerde durdu\u011funa i\u015faret ediyor.<\/p>\n<p style=\"text-align: justify;\">Bu tart\u0131\u015fman\u0131n ni\u00e7in Azmin Ali taraf\u0131ndan g\u00fcndeme getirildi\u011fi ise ba\u015fl\u0131 ba\u015f\u0131na \u00f6nemli. Sivil darbe sonras\u0131nda kurulan ve halen \u00fclkeyi y\u00f6netme iddias\u0131ndaki Ulusal \u0130ttifak (<em>Perikatan Nasional<\/em>-PN) h\u00fck\u00fcmetinde ekonomiden sorumlu bakan s\u0131fat\u0131yla ve ayn\u0131 zamanda gizli\/a\u00e7\u0131k ba\u015fbakan yard\u0131mc\u0131s\u0131 konumuyla dikkat \u00e7eken Azmin Ali bir parti lideri de\u011fil. Ancak darbe sonras\u0131 h\u00fck\u00fcmette edindi\u011fi bu konum, onun darbeye giden s\u00fcrecin ne taraf\u0131nda yer ald\u0131\u011f\u0131n\u0131 a\u00e7\u0131k\u00e7a ortaya koymaktad\u0131r.<\/p>\n<p style=\"text-align: justify;\">Geni\u015f koalisyonlu oldu\u011fu art\u0131k gayet a\u00e7\u0131k olan 24 \u015eubat sivil darbesinde Azmin Ali, ne ileri s\u00fcrd\u00fc\u011f\u00fc gibi \u201cben siyasette akt\u00f6r olmak istemiyordum\u201d s\u00f6yleminin ne de darbe giri\u015fiminin yeg\u00e2ne \u00f6nc\u00fc ismi oldu\u011fu g\u00f6r\u00fc\u015f\u00fc do\u011fruluk ta\u015f\u0131yor.<\/p>\n<p style=\"text-align: justify;\">Azmin Ali olsa olsa, bu s\u00fcre\u00e7te bir ara\u00e7 olarak kullan\u0131lm\u0131\u015f olabilir&#8230;<\/p>\n<p style=\"text-align: justify;\">Ancak bu durum, onun Enver \u0130brahim \u00e7at\u0131\u015fmas\u0131 \u00fczerinden halk\u0131n se\u00e7ti\u011fi demokratik ve reform yanl\u0131s\u0131 Umut Koalisyonu\u2019nu sona erdirme s\u00fcrecindeki sorumlulu\u011funu hafifletmez.<\/p>","protected":false},"excerpt":{"rendered":"<p>Mehmet \u00d6zay\u00a0 \u00a0 \u00a0 \u00a0 \u00a0 \u00a0 \u00a0 \u00a0 \u00a0 \u00a0 \u00a0 \u00a0 \u00a0 \u00a0 \u00a0 \u00a0 \u00a0 \u00a0 \u00a0 \u00a0 \u00a0 \u00a0 \u00a0 \u00a0 \u00a0 \u00a0 \u00a0 \u00a0 \u00a0 \u00a0 \u00a0 \u00a0 \u00a0 \u00a0 \u00a0 \u00a0 \u00a0 \u00a0 \u00a0 \u00a0 \u00a0 \u00a0 \u00a0 \u00a0 \u00a0 \u00a0 \u00a0 01.12.2020 Malezya\u2019da 2021 b\u00fct\u00e7esinin federal mecliste kabul [&hellip;]<\/p>","protected":false},"author":1,"featured_media":3610,"comment_status":"open","ping_status":"open","sticky":false,"template":"","format":"standard","meta":{"footnotes":""},"categories":[6,27],"tags":[],"class_list":["post-3609","post","type-post","status-publish","format-standard","has-post-thumbnail","hentry","category-gunluk-yazilar","category-malezya"],"_links":{"self":[{"href":"https:\/\/guneydoguasyacalismalari.com\/en\/wp-json\/wp\/v2\/posts\/3609","targetHints":{"allow":["GET"]}}],"collection":[{"href":"https:\/\/guneydoguasyacalismalari.com\/en\/wp-json\/wp\/v2\/posts"}],"about":[{"href":"https:\/\/guneydoguasyacalismalari.com\/en\/wp-json\/wp\/v2\/types\/post"}],"author":[{"embeddable":true,"href":"https:\/\/guneydoguasyacalismalari.com\/en\/wp-json\/wp\/v2\/users\/1"}],"replies":[{"embeddable":true,"href":"https:\/\/guneydoguasyacalismalari.com\/en\/wp-json\/wp\/v2\/comments?post=3609"}],"version-history":[{"count":0,"href":"https:\/\/guneydoguasyacalismalari.com\/en\/wp-json\/wp\/v2\/posts\/3609\/revisions"}],"wp:featuredmedia":[{"embeddable":true,"href":"https:\/\/guneydoguasyacalismalari.com\/en\/wp-json\/wp\/v2\/media\/3610"}],"wp:attachment":[{"href":"https:\/\/guneydoguasyacalismalari.com\/en\/wp-json\/wp\/v2\/media?parent=3609"}],"wp:term":[{"taxonomy":"category","embeddable":true,"href":"https:\/\/guneydoguasyacalismalari.com\/en\/wp-json\/wp\/v2\/categories?post=3609"},{"taxonomy":"post_tag","embeddable":true,"href":"https:\/\/guneydoguasyacalismalari.com\/en\/wp-json\/wp\/v2\/tags?post=3609"}],"curies":[{"name":"wp","href":"https:\/\/api.w.org\/{rel}","templated":true}]}}