{"id":3220,"date":"2020-04-05T11:53:26","date_gmt":"2020-04-05T11:53:26","guid":{"rendered":"http:\/\/guneydoguasyacalismalari.com\/?p=3220"},"modified":"2020-04-05T11:53:26","modified_gmt":"2020-04-05T11:53:26","slug":"covid-19da-anlam-kaybi-ya-da-buyuk-resmi-unutmak-loss-of-meaning-at-covid-19-or-omitting-the-greater-objective","status":"publish","type":"post","link":"https:\/\/guneydoguasyacalismalari.com\/en\/covid-19da-anlam-kaybi-ya-da-buyuk-resmi-unutmak-loss-of-meaning-at-covid-19-or-omitting-the-greater-objective\/","title":{"rendered":"Covid-19\u2019da anlam kayb\u0131 ya da b\u00fcy\u00fck resmi unutmak \/ Loss of meaning at Covid-19 or omitting the greater objective"},"content":{"rendered":"<p><strong>Mehmet \u00d6zay 02.05.2020<\/strong><\/p>\n<p>Covid-19, sadece bir salg\u0131n hastal\u0131k olarak k\u00fcresel toplumda etkili olmuyor.<\/p>\n<p style=\"text-align: justify;\">Her ne kadar \u00f6ncelikler konusu, bu salg\u0131ndan nas\u0131l kurtulunaca\u011f\u0131 \u00fczerinde t\u0131bbi y\u00f6ntemlerle ilgili olsa da, bunun \u00f6tesinde ya\u015fanan devasa bir de\u011fi\u015fimin etkisini g\u00f6rmemek m\u00fcmk\u00fcn de\u011fil.<\/p>\n<p style=\"text-align: justify;\">Tek tek bireylerin ya\u015fam\u0131ndan, devlet kurumlar\u0131na ve k\u00fcresel i\u015fbirliklerine kadar, neredeyse hi\u00e7bir bireysel ve toplumsal alan\u0131n istisna olmad\u0131\u011f\u0131 bir de\u011fi\u015fim ya\u015fan\u0131yor. Peki, s\u00f6z konusu bu de\u011fi\u015fimin nas\u0131l ba\u015flad\u0131\u011f\u0131 ile ilgili kriti\u011fi nas\u0131l yapmal\u0131?<\/p>\n<p style=\"text-align: justify;\"><strong>Gecikme sadece \u00c7in\u2019de olmad\u0131<\/strong><\/p>\n<p style=\"text-align: justify;\">Yakla\u015f\u0131k \u00fc\u00e7 ay \u00f6nce ana-k\u0131ta \u00c7in\u2019de ve Asya-Pasifik\u2019teki t\u00fcm \u00c7in az\u0131nl\u0131k toplumlar\u0131 yeni y\u0131la haz\u0131rlan\u0131rken Wuhan \u015fehrinde ortaya \u00e7\u0131kan vir\u00fcs\u00fcn, Wuhan\u2019da ya da en az\u0131ndan \u00c7in\u2019in belli b\u00f6lgelerindeki toplumlar\u0131 etkileyece\u011fi alg\u0131s\u0131 hakimdi.<\/p>\n<p style=\"text-align: justify;\">\u00d6nce Wuhan \u015fehrine getirilen karantina, ard\u0131ndan bu \u015fehrin i\u00e7inde yer ald\u0131\u011f\u0131 Hubei eyaletinin di\u011fer \u015fehirleriyle etkile\u015fimi kesildi. Bunu, \u015fehrin uluslararas\u0131 hava ula\u015f\u0131m a\u011f\u0131n\u0131n kesilmesi izledi.<\/p>\n<p style=\"text-align: justify;\">O d\u00f6nem, yeni y\u0131l tatili haz\u0131rl\u0131\u011f\u0131ndaki \u00c7in toplumunun \u00fclke i\u00e7i ve Do\u011fu ve G\u00fcneydo\u011fu Asya\u2019da kayda de\u011fer mobilizasyonu g\u00fcndeme getirmesi ile dikkat \u00e7ekerken, hen\u00fcz k\u00fcresel olarak sadece medya sitelerinin ba\u015fl\u0131klar\u0131nda haber olarak yer almaya ba\u015flad\u0131.<\/p>\n<p style=\"text-align: justify;\">\u00c7in\u2019de vir\u00fcsle ilgili ilk kar\u015f\u0131la\u015fmalarda baz\u0131 yetkililerin uyar\u0131lar\u0131na ra\u011fmen, otorite makam\u0131ndaki ki\u015filerin geli\u015fmeyi g\u00f6z ard\u0131 etmesi, belki de k\u00fc\u00e7\u00fcmsemesi kar\u015f\u0131s\u0131nda bug\u00fcn ya\u015fananlar\u0131 tetikleyici bir mahiyet ta\u015f\u0131d\u0131\u011f\u0131n\u0131 s\u00f6ylemek m\u00fcmk\u00fcn.<\/p>\n<p style=\"text-align: justify;\">\u00c7e\u015fitli d\u00fczeylerdeki idarecilerin, s\u00fcrece en ba\u015f\u0131nda tan\u0131k olan ve g\u00f6zlemleyen \u00e7al\u0131\u015fanlar\u0131n uyar\u0131lar\u0131n\u0131 dikkate almamas\u0131 \u00c7in\u2019e maliyeti bug\u00fcn \u00e7ok net ortada.<\/p>\n<p style=\"text-align: justify;\"><strong>Toplum\/un psikolojisi<\/strong><\/p>\n<p style=\"text-align: justify;\">\u00c7in\u2019de Wuhan \u015fehir y\u00f6netimi ve\/ya \u00c7in merkezi y\u00f6netimi, geli\u015fme kar\u015f\u0131s\u0131nda sessiz kalmay\u0131, \u00f6rt bas etmeyi belki de, b\u00f6lgenin ve \u00fclkenin ekonomik faaliyetlerinin engellenmemesi ve toplumsal tepkilerin \u00f6n\u00fcn\u00fcn al\u0131nmas\u0131 gerek\u00e7esiyle sergilemi\u015f olamaz m\u0131?<\/p>\n<p style=\"text-align: justify;\">Bunda, Aral\u0131k ay\u0131 son haftas\u0131ndan itibaren tatil nedeniyle ya\u015fanacak \u201cb\u00fcy\u00fck g\u00f6\u00e7\u201d s\u00fcrecinin, psikolojik ve sosyolojik bask\u0131s\u0131n\u0131 g\u00f6z ard\u0131 etmemek gerekiyor.<\/p>\n<p style=\"text-align: justify;\">Bununla neyi kastetti\u011fimiz k\u0131saca a\u00e7\u0131klayal\u0131m\u2026<\/p>\n<p style=\"text-align: justify;\">\u00c7in toplumu i\u00e7in \u00e7ok \u00f6nemli bir dini\/toplumsal faaliyet olan yeni y\u0131l tatilinin, atalar dini, Budizm ve Konf\u00fc\u00e7yanizm ile yerli dini anlay\u0131\u015flar\u0131n kar\u0131\u015f\u0131m\u0131 bir ba\u015fka deyi\u015fle senkretizminin olu\u015fturdu\u011fu bir yap\u0131 ile kar\u015f\u0131 kar\u015f\u0131ya oldu\u011fumuza dikkat \u00e7ekmek gerekir.<\/p>\n<p style=\"text-align: justify;\">G\u00f6r\u00fcn\u00fcrde \u2018tatil\u2019 ba\u011flam\u0131 olarak de\u011ferlendirilen yeni y\u0131l s\u00fcre\u00e7, asl\u0131nda tastamam bu dini-k\u00fclt\u00fcrel evrene ait bireyler i\u00e7in tarihin ve gelene\u011fin yenilenmesi, tekrarlanmas\u0131 ve bug\u00fcnk\u00fc modern\/kapitalist toplumda bir anlam d\u00fcnyas\u0131 olu\u015fturmas\u0131na tekab\u00fcl ediyor.<\/p>\n<p style=\"text-align: justify;\">Bunun ger\u00e7ekle\u015fmesinin \u00f6n\u00fcne ge\u00e7mek, bir siyasi yap\u0131 i\u00e7in risk oldu\u011fu gibi, \u00e7e\u015fitli nedenlerle b\u00f6ylesi bir \u201ctatil s\u00fcrecinin\u201d ger\u00e7ekle\u015ftirilmesinin, ilgili siyasi yap\u0131 i\u00e7in olu\u015fturdu\u011fu pozitif geli\u015fmeleri g\u00f6z ard\u0131 etmek de m\u00fcmk\u00fcn de\u011fil.<\/p>\n<p style=\"text-align: justify;\"><strong>\u0130kinci safha<\/strong><\/p>\n<p style=\"text-align: justify;\">Bununla birlikte, \u00c7in i\u00e7in hen\u00fcz vir\u00fcs etkisinin ge\u00e7ti\u011fini s\u00f6ylemek de m\u00fcmk\u00fcn g\u00f6z\u00fckm\u00fcyor.<\/p>\n<p style=\"text-align: justify;\">Hubei eyaletindeki salg\u0131n kontrol alt\u0131na al\u0131n\u0131r ve yerel salg\u0131n g\u00f6r\u00fclmezken, bu sefer Avrupa ve ABD ba\u015fta olmak \u00fczere di\u011fer \u00fclkelerden memleketlerine d\u00f6nen \u00c7inliler \u00fczerinden bir s\u00fcre \u00f6nce salg\u0131n ikinci safhas\u0131n\u0131 ortaya koymaya ba\u015flad\u0131.<\/p>\n<p style=\"text-align: justify;\">Bu nedenle \u00c7in y\u00f6netimi tetikte bekliyor. Karantinalar kald\u0131r\u0131l\u0131r, \u00e7e\u015fitli i\u015f sekt\u00f6rlerinde \u00fcretim s\u00fcre\u00e7leri ba\u015flarken, bir yandan da tekil olarak ortaya \u00e7\u0131kan salg\u0131n\u0131n kitlesel boyuta ula\u015fmamas\u0131 i\u00e7in tedbirler al\u0131n\u0131yor.<\/p>\n<p style=\"text-align: justify;\"><strong>Su\u00e7lu aramak<\/strong><\/p>\n<p style=\"text-align: justify;\">G\u00f6r\u00fclen yeni vakalara kar\u015f\u0131n \u00c7in, bu noktada kayda de\u011fer bir tecr\u00fcbe s\u00fcrecini tamamlad\u0131\u011f\u0131n\u0131 s\u00f6ylemek m\u00fcmk\u00fcn. Ve bunu hayat\u0131n\u0131 kaybeden binlerce ki\u015fi, i\u015flerini kaybeden milyonlarca ki\u015fi ile ve de \u00c7in ekonomisi \u00fczerindeki olumsuzluklar\u0131 ile \u00f6demi\u015f g\u00f6z\u00fck\u00fcyor.<\/p>\n<p style=\"text-align: justify;\">\u00c7in y\u00f6netimi bu geli\u015fmeden \u00f6t\u00fcr\u00fc kendini d\u00fcnya kamuoyuna kar\u015f\u0131 su\u00e7lu hissediyor mu?<\/p>\n<p style=\"text-align: justify;\">Bunu, bug\u00fcn\u00fcn liderleri konumundaki ki\u015filerin birka\u00e7 on y\u0131l sonra yaz\u0131lacak an\u0131lar\u0131nda\/notlar\u0131nda, devlet raporlar\u0131nda g\u00f6rmek m\u00fcmk\u00fcn olabilir belki.<\/p>\n<p style=\"text-align: justify;\">Ancak bug\u00fcn, vir\u00fcs\u00fcn varl\u0131\u011f\u0131 ve yay\u0131lma durumu, sadece \u00c7in ile s\u0131n\u0131rlan\/d\u0131r\u0131l\/m\u0131\u015f de\u011fil.<\/p>\n<p style=\"text-align: justify;\">Neredeyse t\u00fcm \u00fclkelere ve toplumlara ula\u015fan bir vir\u00fcsle ba\u015fa \u00e7\u0131kma konusunda, \u00c7in\u2019de daha ilk g\u00fcnlerde sergilenen tutars\u0131zl\u0131klardan ders al\u0131namad\u0131\u011f\u0131 ve geli\u015fmelerin do\u011fru okunamad\u0131\u011f\u0131 son derece a\u015fik\u00e2r.<\/p>\n<p style=\"text-align: justify;\">Bu anlamda su\u00e7lu aramak de\u011fil, geli\u015fmeleri rasyonel bir \u015fekilde ele almak gerekiyor.<\/p>\n<p style=\"text-align: justify;\">Burada dikkat \u00e7eken bir di\u011fer husus, \u00c7in\u2019de ya\u015fanan bu tecr\u00fcbe kar\u015f\u0131s\u0131nda, yan\u0131 ba\u015f\u0131ndaki Singapur, Tayvan, Japonya, G\u00fcney Kore gibi kom\u015fu \u00fclkeler ile \u00c7in merkezi h\u00fck\u00fcmetine ba\u011fl\u0131 otonom b\u00f6lge Hong Kong\u2019da \u00f6ng\u00f6r\u00fcl\u00fc davran\u0131\u015flar ve politikalar sergilenmesi ve gerekli tedbirlerin al\u0131nmas\u0131d\u0131r.<\/p>\n<p style=\"text-align: justify;\">Bununla, s\u00f6z konusu bu \u00fclke ve toplumlarda virus etkisin ortaya koymad\u0131\u011f\u0131n\u0131 s\u00f6ylemek istemiyoruz. Aksine, burada bir tutum geli\u015ftirmenin ve bu tutum sayesinde mevcut durumla m\u00fccadele kabiliyetinin ortaya konmas\u0131ndan bahsediyoruz.<\/p>\n<p style=\"text-align: justify;\"><strong>Yay\u0131lma k\u00fcresel<\/strong><\/p>\n<p style=\"text-align: justify;\">Asya-Pasifik\u2019te ba\u015fg\u00f6steren vir\u00fcs salg\u0131n\u0131, hi\u00e7 ku\u015fku yok ki, d\u00fcnya toplumlar\u0131n\u0131 k\u00fcreselle\u015fmenin yeni bir boyutuyla tan\u0131\u015ft\u0131rd\u0131.<\/p>\n<p style=\"text-align: justify;\">Ancak \u00e7eli\u015fki de biraz burada de\u011fil mi?<\/p>\n<p style=\"text-align: justify;\">Kalk\u0131nm\u0131\u015fl\u0131klar\u0131yla \u00f6ne \u00e7\u0131kan Bat\u0131l\u0131 devletlerin\/toplumlar\u0131n bu geli\u015fmeler kar\u015f\u0131s\u0131nda, sadece gazete ba\u015fl\u0131klar\u0131ndan ibaret sanal ger\u00e7eklikle kar\u015f\u0131 kar\u015f\u0131yaym\u0131\u015flarcas\u0131na hareket etmeleri, bug\u00fcn ya\u015fananlar\u0131n hi\u00e7 ku\u015fku yok ki temellerini olu\u015fturuyor.<\/p>\n<p style=\"text-align: justify;\">Daha vir\u00fcs, etkisini Avrupa\u2019da ve Kuzey Amerika\u2019da g\u00f6stermeye ba\u015flamadan \u0130ran\u2019da patlak veren geli\u015fme kar\u015f\u0131s\u0131nda, \u0130ran\u2019\u0131n sa\u011fl\u0131k sistemini ileri geri g\u00fcndeme getirerek m\u00fccadele edemeyece\u011fini dile getirenler, bug\u00fcn kalk\u0131nm\u0131\u015f \u00fclkelerdeki sa\u011fl\u0131k sistemlerini birbirleriyle k\u0131yaslayarak sorunu anlayabildiklerini ve anlatabildiklerini zannediyorlar(d\u0131).<\/p>\n<p style=\"text-align: justify;\">G\u00fcndelik ya\u015fam i\u00e7erisinde bireysel, aile, grup ve toplumsal s\u0131n\u0131rl\u0131l\u0131klar konusunda sergilenen ve en hafif ifadesiyle aymazl\u0131k olarak nitelendirilebilecek olan durum, Avrupa K\u0131tas\u0131\u2019n\u0131 ve Kuzey Amerika\u2019y\u0131 en \u00e7ok etkilemesiyle dikkat \u00e7ekiyor.<\/p>\n<p style=\"text-align: justify;\">Sadece sokaktaki bireylerin de\u011fil, bu \u00fclkelerde y\u00f6netimlerin d\u00fcnyay\u0131 ve k\u00fcresel ili\u015fkileri anlayamama konusundaki \u00f6ng\u00f6r\u00fcs\u00fczl\u00fcklerinin veya anlamama konusundaki \u0131srarlar\u0131n\u0131n en a\u00e7\u0131k ifadesiyle kar\u015f\u0131 kar\u015f\u0131yay\u0131z bug\u00fcn.<\/p>\n<p style=\"text-align: justify;\">Bu noktada, yukar\u0131da dikkat \u00e7ekildi\u011fi \u00fczere vir\u00fcs\u00fcn yay\u0131lmas\u0131 kar\u015f\u0131s\u0131nda \u00c7in y\u00f6netimi \u00e7e\u015fitli d\u00fczeylerde tedbir almakta gecikirken, acaba kalk\u0131nm\u0131\u015f \u00fclkelerin mazereti ne olabilir? Teknoloji eksikli\u011fi, ekonomide ya\u015fanan gerileme, sa\u011fl\u0131k sistemindeki aksakl\u0131klar, disiplinsizlik, kay\u0131ts\u0131zl\u0131k\u2026<\/p>\n<p style=\"text-align: justify;\">T\u0131pk\u0131 \u00c7in\u2019li yetkililerden yak\u0131n gelecekte sad\u0131r olacak verilerin \u00c7in\u2019deki durumu izah edece\u011fi gibi, Bat\u0131l\u0131 \u00fclkelerde ya\u015fanan toplumsal kaosla ilgili yak\u0131n gelecekte yap\u0131lacak \u00e7al\u0131\u015fmalarla da olan bitenin etrafl\u0131ca ortaya konulaca\u011f\u0131na ku\u015fkumuz yok.<\/p>\n<p style=\"text-align: justify;\"><strong>Karar a\u015famas\u0131 (m\u0131?)<\/strong><\/p>\n<p style=\"text-align: justify;\">Malum vir\u00fcs\u00fcn ortaya \u00e7\u0131kmadan \u00f6nceki g\u00fcnleri, haftalar\u0131 hat\u0131rlayal\u0131m. D\u00fcnyan\u0131n g\u00fcndeminde ne vard\u0131 acaba? Ortado\u011fu vs.\u2019deki sava\u015f, Hindistan\u2019daki \u0130slamifobik politikalar, ABD-\u00c7in aras\u0131ndaki gerileme y\u00fcz tuttu\u011fu san\u0131lan ticaret sava\u015flar\u0131 vs\u2019yi kastetmiyorum.<\/p>\n<p style=\"text-align: justify;\">Bu ve benzeri sava\u015flar\u0131n, toplumsal kaoslar\u0131n k\u00f6keninde d\u00fcnyan\u0131n belli b\u00f6lgelerinde \u00fcretilen d\u00fc\u015f\u00fcnce yap\u0131lar\u0131n\u0131n ve bunlar\u0131n sonucu olarak ortaya konulan b\u00f6lgesel ve k\u00fcresel politikalar\u0131n kendini g\u00fcncelleyerek ilgili toplumlar\u0131 \u015fiddet sarmal\u0131na s\u00fcr\u00fcklemesi yeniden ke\u015ffedilecek bir husus de\u011fil.<\/p>\n<p style=\"text-align: justify;\">Bunlar\u0131n \u00f6tesinde, d\u00fcnyan\u0131n o ilgili b\u00f6lgelerindeki d\u00fc\u015f\u00fcnce yap\u0131lar\u0131n\u0131n, ideolojik tutumlar\u0131n ve uygulanan politikalar\u0131n sadece t\u00fcm insan toplumlar\u0131n\u0131 de\u011fil, do\u011fay\u0131 da ba\u015ftan a\u015fa\u011f\u0131ya etkilemesinden bahsediyorum. Evet, \u00e7ok fazla zaman ge\u00e7memi\u015fti\u2026 Liderler G-20 zirvesi ve benzeri k\u00fcresel ve b\u00f6lgesel toplant\u0131larda iklim de\u011fi\u015fikli\u011fi konusunu ele al\u0131yorlard\u0131.<\/p>\n<p style=\"text-align: justify;\">\u00c7oktan etkisini g\u00f6stermekte olan iklim de\u011fi\u015fikli\u011finin ka\u011f\u0131t-plastik kullan\u0131m\u0131na indirgenip kitlelerin g\u00f6z\u00fcn\u00fc boyamaktan \u00f6te, derin politikalar\u0131n \u00fcr\u00fcn\u00fc oldu\u011funu g\u00f6rmek i\u00e7in herhalde insano\u011flunun daha fazla tecr\u00fcbe sahibi olmas\u0131n\u0131 beklemek gerekecek.<\/p>\n<p style=\"text-align: justify;\">Covid-19, bu safhan\u0131n neredesinde acaba?<\/p>\n<p style=\"text-align: justify;\"><a href=\"https:\/\/www.dunyabulteni.net\/makale-yorum-1\/covid-19da-anlam-kaybi-ya-da-buyuk-resmi-unutmak-mehmet-ozay-h463817.html\">https:\/\/www.dunyabulteni.net\/makale-yorum-1\/covid-19da-anlam-kaybi-ya-da-buyuk-resmi-unutmak-mehmet-ozay-h463817.html<\/a><\/p>","protected":false},"excerpt":{"rendered":"<p>Mehmet \u00d6zay\u00a0 \u00a0 \u00a0 \u00a0 \u00a0 \u00a0 \u00a0 \u00a0 \u00a0 \u00a0 \u00a0 \u00a0 \u00a0 \u00a0 \u00a0 \u00a0 \u00a0 \u00a0 \u00a0 \u00a0 \u00a0 \u00a0 \u00a0 \u00a0 \u00a0 \u00a0 \u00a0 \u00a0 \u00a0 \u00a0 \u00a0 \u00a0 \u00a0 \u00a0 \u00a0 \u00a0 \u00a0 \u00a0 \u00a0 \u00a0 \u00a0 \u00a0 \u00a0 \u00a0 \u00a0 \u00a0 \u00a0 05.04.2020 Covid-19, sadece bir salg\u0131n hastal\u0131k olarak [&hellip;]<\/p>","protected":false},"author":1,"featured_media":3221,"comment_status":"open","ping_status":"open","sticky":false,"template":"","format":"standard","meta":{"footnotes":""},"categories":[9,6],"tags":[],"class_list":["post-3220","post","type-post","status-publish","format-standard","has-post-thumbnail","hentry","category-asya-pasifik","category-gunluk-yazilar"],"_links":{"self":[{"href":"https:\/\/guneydoguasyacalismalari.com\/en\/wp-json\/wp\/v2\/posts\/3220","targetHints":{"allow":["GET"]}}],"collection":[{"href":"https:\/\/guneydoguasyacalismalari.com\/en\/wp-json\/wp\/v2\/posts"}],"about":[{"href":"https:\/\/guneydoguasyacalismalari.com\/en\/wp-json\/wp\/v2\/types\/post"}],"author":[{"embeddable":true,"href":"https:\/\/guneydoguasyacalismalari.com\/en\/wp-json\/wp\/v2\/users\/1"}],"replies":[{"embeddable":true,"href":"https:\/\/guneydoguasyacalismalari.com\/en\/wp-json\/wp\/v2\/comments?post=3220"}],"version-history":[{"count":0,"href":"https:\/\/guneydoguasyacalismalari.com\/en\/wp-json\/wp\/v2\/posts\/3220\/revisions"}],"wp:featuredmedia":[{"embeddable":true,"href":"https:\/\/guneydoguasyacalismalari.com\/en\/wp-json\/wp\/v2\/media\/3221"}],"wp:attachment":[{"href":"https:\/\/guneydoguasyacalismalari.com\/en\/wp-json\/wp\/v2\/media?parent=3220"}],"wp:term":[{"taxonomy":"category","embeddable":true,"href":"https:\/\/guneydoguasyacalismalari.com\/en\/wp-json\/wp\/v2\/categories?post=3220"},{"taxonomy":"post_tag","embeddable":true,"href":"https:\/\/guneydoguasyacalismalari.com\/en\/wp-json\/wp\/v2\/tags?post=3220"}],"curies":[{"name":"wp","href":"https:\/\/api.w.org\/{rel}","templated":true}]}}