{"id":2117,"date":"2017-08-26T05:08:22","date_gmt":"2017-08-26T05:08:22","guid":{"rendered":"http:\/\/guneydoguasyacalismalari.com\/?p=2117"},"modified":"2017-08-26T05:08:22","modified_gmt":"2017-08-26T05:08:22","slug":"hong-kongda-siyasi-gerilim-yukseliyor-political-tension-increases-in-hong-kong","status":"publish","type":"post","link":"https:\/\/guneydoguasyacalismalari.com\/en\/hong-kongda-siyasi-gerilim-yukseliyor-political-tension-increases-in-hong-kong\/","title":{"rendered":"Hong Kong\u2019da Siyasi gerilim y\u00fckseliyor \/ Political tension increases in Hong Kong"},"content":{"rendered":"<p><strong>Mehmet \u00d6zay \u00a0 \u00a0 \u00a0 \u00a0 \u00a0 \u00a0 \u00a0 \u00a0 \u00a0 \u00a0 \u00a0 \u00a0 \u00a0 \u00a0 \u00a0 \u00a0 \u00a0 \u00a0 \u00a0 \u00a0 \u00a0 \u00a0 \u00a0 \u00a0 \u00a0 \u00a0 \u00a0 \u00a0 \u00a0 \u00a0 \u00a0 \u00a0 \u00a0 \u00a0 \u00a0 \u00a0 \u00a0 \u00a0 \u00a0 \u00a0 \u00a0 \u00a0 \u00a0 \u00a0 \u00a0 \u00a0 \u00a025.08.2017<\/strong><\/p>\n<p style=\"text-align: justify;\">\u00c7in\u2019in \u00f6zerk y\u00f6netim b\u00f6lgesi Hong Kong\u2019da \u2018\u015eemsiye Hareketi\u2019nin etkisi devam ediyor. 2014 y\u0131l\u0131nda ger\u00e7ekle\u015ftirilen g\u00f6sterilerden sorumlu tutulan \u00fc\u00e7 aktivistin ge\u00e7en hafta alt\u0131 ila sekiz ay aras\u0131nda de\u011fi\u015fen hapis cezas\u0131 almas\u0131 az\u0131msanmayacak bir kitleyi yine Hong Kong sokaklar\u0131na d\u00f6kt\u00fc.<\/p>\n<p style=\"text-align: justify;\">Bununla birlikte, bu hapis cezas\u0131n\u0131 tek ba\u015f\u0131na ele almak Ada\u2019da olan biteni anlamaya kafi de\u011fil. Aksine, yirmi y\u0131l \u00f6nce \u0130ngiltere\u2019den \u00c7in\u2019in y\u00f6netimine ge\u00e7en Ada\u2019da bug\u00fcne kadar ger\u00e7ekle\u015fen tedrici de\u011fi\u015fimle birlikte de\u011ferlendirilmeyi gerektiriyor. Pekin g\u00fcd\u00fcml\u00fc \u00f6zerk y\u00f6netimin ders kitaplar\u0131na m\u00fcdahalesine kadar varan geli\u015fme, 2014 y\u0131l\u0131nda toplumsal bir tepki hareketi olarak kar\u015f\u0131l\u0131\u011f\u0131n\u0131 bulurken, s\u00fcre\u00e7 durmak bir yana daha da karma\u015f\u0131k bir hal almaya devam ediyor.<\/p>\n<p style=\"text-align: justify;\"><strong>Sivil itaatsizli\u011fe hapis<\/strong><\/p>\n<p style=\"text-align: justify;\">O g\u00fcnlerde gen\u00e7lerin \u00f6nc\u00fcl\u00fc\u011f\u00fcnde ger\u00e7ekle\u015ftirilen g\u00f6sterilerde \u00f6ne \u00e7\u0131kan Joshua Wong, Nathan Law ve Alex Chow haklar\u0131nda verilen hapis cezas\u0131n\u0131 \u00e7ekmek \u00fczere hapishaneye konuldular. Yerel mahkemenin gen\u00e7lerin sivil itaatsizlikleri kar\u015f\u0131s\u0131nda daha \u00f6nce verdi\u011fi \u2018toplum hizmeti\u2019 cezas\u0131 bir \u00fcst mahkemece yeterli bulunmamas\u0131 \u00fczerine yeniden ba\u015flayan dava s\u00fcrecinden hapis cezas\u0131 \u00e7\u0131kmas\u0131, Pekin y\u00f6netiminin Hong Kong \u00fczerindeki siyasi bask\u0131s\u0131 olarak de\u011ferlendiriliyor. Mahkeme, aktivistlerin ortaya koydular\u0131 toplumsal a\u00e7\u0131l\u0131m\u0131 sa\u011fl\u0131ks\u0131z bir e\u011filim olarak yorumlamas\u0131 ortada bir ders verme niyetinin oldu\u011funu g\u00fcndeme getiriyor.<\/p>\n<p style=\"text-align: justify;\">S\u00f6z konusu \u00fc\u00e7 gen\u00e7 art\u0131k birer aktivist olman\u0131n \u00f6tesinde bir stat\u00fcde bulunyuyorlar. Bunun en a\u00e7\u0131k g\u00f6stergesi, sivil itaasizlik olarak adland\u0131r\u0131lan \u015eemsiye Hareketi\u2019nin, 2016 y\u0131l\u0131 Nisan ay\u0131nda Demosistos ad\u0131yla bir siyasi partiye d\u00f6n\u00fc\u015fmesidir. Bu durum, sivil bir inisiyatifin siyasalla\u015fmas\u0131 anlam\u0131nda kayda de\u011fer bir durum oldu\u011funa ku\u015fku yok. Bunun bir kan\u0131t\u0131 olarak, ge\u00e7en Eyl\u00fcl ay\u0131nda yap\u0131lan se\u00e7imde bu siyasi hareket Ada parlamentosu\u2019na ilk milletvekilini yollad\u0131. Bug\u00fcn hapiste olan Nathan Law adl\u0131 bu \u2018eski\u2019 milletvekilinin varl\u0131\u011f\u0131yla Demosistos, mecliste ad\u0131na demokrasi birli\u011fi yani pan-demokrasi denilen grupla ortak hareket ederek yasama \u00e7al\u0131\u015fmalar\u0131n\u0131 veto etme yetkisine sahip demokratik bir g\u00fc\u00e7 i\u00e7erisinde yer ald\u0131.<\/p>\n<p style=\"text-align: justify;\"><strong>Pekin\u2019e tepkiler<\/strong><\/p>\n<p style=\"text-align: justify;\">Yarg\u0131lama s\u00fcreci, Hong Kong \u00f6zerk y\u00f6netimince ger\u00e7ekle\u015ftirilmi\u015f olsa da, s\u00fcrecin Pekin\u2019in bilgisi ve y\u00f6nlendirmesi ba\u011flam\u0131nda i\u015fledi\u011fini ortaya koyan bir nitelik arz ediyor. Zaten gerek Hong Kong kamuoyu ve gerekse uluslararas\u0131 \u00e7evrelerden gelen tepkiler de buna dayan\u0131yor. Sivil itaatsizlere verilen hapis cezas\u0131 Pekin\u2019in gerek b\u00f6lgede gerekse k\u00fcresel olarak oynamak istedi\u011fi liderlik rol\u00fcne g\u00f6lge d\u00fc\u015f\u00fcrecek bir geli\u015fmedir.<\/p>\n<p style=\"text-align: justify;\">Hong Kong\u2019da ya\u015fananlara uluslararas\u0131 \u00e7evrelerden tepki gelmeye ba\u015flamas\u0131, hi\u00e7 ku\u015fku yok ki, Pekin y\u00f6netiminin son d\u00f6nemde k\u00fcresel bir liderlik kazanma \u00e7abas\u0131yla \u00e7eli\u015fen bir durum. Asl\u0131nda bunda \u015fa\u015f\u0131lacak bir durum oldu\u011funu s\u00f6ylemek de g\u00fc\u00e7. Bug\u00fcn \u00c7in sahip oldu\u011fu ekonomik kazan\u0131mlarla bir s\u00fcper g\u00fc\u00e7 olma veya birinci s\u00fcper g\u00fc\u00e7 olma iddias\u0131n\u0131 ortaya koyarken, sa\u011flad\u0131\u011f\u0131 mali fonlar\u0131n d\u0131\u015f\u0131nda toplumsal ve k\u00fclt\u00fcrel a\u00e7\u0131l\u0131mlar\u0131yla bir de\u011ferler manzusemi sunam\u0131yor. K\u0131sa bir s\u00fcre \u00f6nce Tayvan\u2019la ya\u015fanan gerginliklerin liberal de\u011ferleriyle ortaya \u00e7\u0131kan \u00c7in\u2019e ba\u011fl\u0131 bir \u00f6zerk b\u00f6lge kabul edilen Hong Kong\u2019da ya\u015fanmaya ba\u015flanmas\u0131, \u00c7in y\u00f6netiminin potansiyel liderlik vasf\u0131na halel getirecek bir yap\u0131 arz ediyor.<\/p>\n<p style=\"text-align: justify;\">\u00dc\u00e7 aktiviste ceza veren mahkemenin \u2018sa\u011fl\u0131ks\u0131z geli\u015fme\u2019 diyerek at\u0131fta bulundu\u011fu sivil itaatsizlik durumu, t\u00fcm eksikliklerine ra\u011fmen, bir bak\u0131ma \u0130ngiliz s\u00f6m\u00fcrgesi d\u00f6neminde Ada halk\u0131n\u0131n edindi\u011fi de\u011ferlerin erozyona u\u011framas\u0131 anlam\u0131na geliyor. Bu noktada, en ba\u015fta gelen husus Ada\u2019da toplumsal bar\u0131\u015f\u0131n zedeleniyor olu\u015fudur.<\/p>\n<p style=\"text-align: justify;\"><strong>Ada\u2019daki siyasi m\u00fccadele<\/strong><\/p>\n<p style=\"text-align: justify;\">\u00dc\u00e7 aktivisten birinin \u00f6zerk y\u00f6netim parlamentosunun en gen\u00e7 milletvekili olmas\u0131, yarg\u0131lama s\u00fcrecinin ortaya koydu\u011fu sorunun, sadece sivil itaatsizlik \u015feklinde g\u00fcndeme gelen sokak g\u00f6sterileri \u00e7er\u00e7evesinde ele al\u0131nmayaca\u011f\u0131n\u0131 ortaya koyuyor. Kald\u0131 ki, 2014\u2019de \u2018aktivist\u2019 olan gen\u00e7ler, yukar\u0131da de\u011finildi\u011fi \u00fczere Demosisto ad\u0131 verilen siyasi partiyle tastamam siyasal ya\u015fam\u0131n ortas\u0131na oturdular. Bu s\u00fcrecin bir yan\u0131nda da, ku\u015fkusuz ki, se\u00e7imlerin hemen ard\u0131ndan Kas\u0131m ay\u0131ndaki yemin t\u00f6reninde Ada\u2019n\u0131n ba\u011f\u0131ms\u0131zl\u0131\u011f\u0131ndan yana g\u00f6r\u00fc\u015f belirtmekten \u00e7ekinmeyen iki milletvekilinin ihrac\u0131 yer al\u0131yor.<\/p>\n<p style=\"text-align: justify;\">Parlamentoda demokrasi birli\u011fi ad\u0131n\u0131 ta\u015f\u0131yan muhalif grup i\u00e7erisinde yer alan d\u00f6rt milletvekilinin Temmuz ay\u0131 ortalar\u0131nda vekilliklerinin d\u00fc\u015f\u00fcr\u00fclmesi, Ada\u2019da ya\u015fanmakta olan sorunun siyasal boyutunun giderek \u00f6ne \u00e7\u0131kmakta oldu\u011funu g\u00f6steriyor. \u00d6yle ki, bu d\u00f6rt milletvekili, pan-demokratlar\u0131n parlamentoda iktidar g\u00fcc\u00fcn\u00fcn y\u00fcr\u00fctece\u011fi yasama \u00e7al\u0131\u015fmalar\u0131n\u0131 en az\u0131ndan say\u0131sal olarak veto edebilmelerini de sa\u011fl\u0131yordu.<\/p>\n<p style=\"text-align: justify;\">Bug\u00fc Ada\u2019da a\u00e7\u0131k bir siyasi m\u00fccadele oldu\u011funa \u015f\u00fcphe yok. \u00dc\u00e7 gence verilen alt\u0131 ile sekiz ayl\u0131k hapis cezalar\u0131n\u0131n gelece\u011fe y\u00f6nelik bir yans\u0131mas\u0131 da bulunuyor. Cezan\u0131n bitimiyle bir ba\u015fka ceza yani be\u015f y\u0131l boyunca siyasetten men olmalar\u0131 g\u00fcndeme gelecek. Pekin destekli Hong Kong \u00f6zerk y\u00f6netimi, bir yandan sokaktaki aktivisti, \u00f6te yandan parlamentodaki muhalif milletvekilini saf d\u0131\u015f\u0131 b\u0131rakma y\u00f6n\u00fcndeki karar\u0131n\u0131n yak\u0131n ve orta vadede Ada siyasal ya\u015fam\u0131nda nas\u0131l bir kar\u015f\u0131l\u0131k bulaca\u011f\u0131 izlenmeye de\u011fer. Bu s\u00fcre\u00e7, Demosisto partisinin Ada kamuoyunda giderek kabul g\u00f6rmesi kadar, demokrasi yanl\u0131s\u0131 di\u011fer siyasi hareketlerin de birlikte hareketi \u00f6ncellemek suretiyle etkinliklerini art\u0131rmaya da yol a\u00e7abilir.<\/p>\n<p style=\"text-align: justify;\"><strong>Demokrasi ruhu diriltilebilir mi?<\/strong><\/p>\n<p style=\"text-align: justify;\">Ada\u2019n\u0131n tam anlam\u0131yla \u00c7in\u2019in y\u00f6netimine ge\u00e7mesine otuz y\u0131l kalm\u0131\u015f olsa da, bug\u00fcne kadar ya\u015fananlar sivil haklarda ve demokratik de\u011ferlerde bir erozyon anlam\u0131na geliyor. Tiannenman\u2019da ye\u015fermeye \u00e7al\u0131\u015fan \u00c7in demokrasi hareketine o g\u00fcnlerde destek veren Hong Konglular\u0131n kendileri hen\u00fcz o derece olmasa da bir y\u0131ld\u0131rma s\u00fcreciyle kar\u015f\u0131 kar\u015f\u0131yalar.<\/p>\n<p style=\"text-align: justify;\">Bu s\u00fcre\u00e7te Ada\u2019da \u00f6zerk y\u00f6netimin ne anlama geldi\u011fi ve bunun Pekin y\u00f6netiminde nas\u0131l uyguland\u0131\u011f\u0131 konusu tart\u0131\u015f\u0131lmaya devam edecek. 2014\u2019e \u015femsiyelerle ba\u015flayan, ard\u0131ndan siyasi parti kurup meclise ilk milletvekillerini g\u00f6nderen, pan-demokrasi hareketince dikkate al\u0131nan, \u00f6nde gelen liderleri \u015fu anda hapiste bulunan bir hareketin bitece\u011fini d\u00fc\u015f\u00fcnmek en az\u0131ndan \u015fu noktada m\u00fcmk\u00fcn de\u011fil. Ada siyasetinin yeni bir a\u015famaya evrildi\u011fine ku\u015fku yok. Bununla birlikte, Ada\u2019da siyaseti ve genel anlamda y\u00f6netimi belirleme konusunda da Pekin\u2019in geri ad\u0131m atma gibi bir niyeti bulunmuyor. T\u00fcm bunlar Hong Kong\u2019un b\u00f6lgede dikkatle izlenmeye de\u011fer yeni siyasi ve toplumsal geli\u015fmelere konu olabilece\u011fine i\u015faret ediyor.<\/p>\n<p style=\"text-align: justify;\"><a href=\"http:\/\/aa.com.tr\/tr\/analiz-haber\/hong-kongda-siyasi-gerilim-yukseliyor\/893777\">http:\/\/aa.com.tr\/tr\/analiz-haber\/hong-kongda-siyasi-gerilim-yukseliyor\/893777<\/a><\/p>","protected":false},"excerpt":{"rendered":"<p>Mehmet \u00d6zay \u00a0 \u00a0 \u00a0 \u00a0 \u00a0 \u00a0 \u00a0 \u00a0 \u00a0 \u00a0 \u00a0 \u00a0 \u00a0 \u00a0 \u00a0 \u00a0 \u00a0 \u00a0 \u00a0 \u00a0 \u00a0 \u00a0 \u00a0 \u00a0 \u00a0 \u00a0 \u00a0 \u00a0 \u00a0 \u00a0 \u00a0 \u00a0 \u00a0 \u00a0 \u00a0 \u00a0 \u00a0 \u00a0 \u00a0 \u00a0 \u00a0 \u00a0 \u00a0 \u00a0 \u00a0 \u00a0 \u00a025.08.2017 \u00c7in\u2019in \u00f6zerk y\u00f6netim b\u00f6lgesi Hong Kong\u2019da [&hellip;]<\/p>","protected":false},"author":1,"featured_media":2118,"comment_status":"open","ping_status":"open","sticky":false,"template":"","format":"standard","meta":{"footnotes":""},"categories":[6,38],"tags":[],"class_list":["post-2117","post","type-post","status-publish","format-standard","has-post-thumbnail","hentry","category-gunluk-yazilar","category-hongkong"],"_links":{"self":[{"href":"https:\/\/guneydoguasyacalismalari.com\/en\/wp-json\/wp\/v2\/posts\/2117","targetHints":{"allow":["GET"]}}],"collection":[{"href":"https:\/\/guneydoguasyacalismalari.com\/en\/wp-json\/wp\/v2\/posts"}],"about":[{"href":"https:\/\/guneydoguasyacalismalari.com\/en\/wp-json\/wp\/v2\/types\/post"}],"author":[{"embeddable":true,"href":"https:\/\/guneydoguasyacalismalari.com\/en\/wp-json\/wp\/v2\/users\/1"}],"replies":[{"embeddable":true,"href":"https:\/\/guneydoguasyacalismalari.com\/en\/wp-json\/wp\/v2\/comments?post=2117"}],"version-history":[{"count":0,"href":"https:\/\/guneydoguasyacalismalari.com\/en\/wp-json\/wp\/v2\/posts\/2117\/revisions"}],"wp:featuredmedia":[{"embeddable":true,"href":"https:\/\/guneydoguasyacalismalari.com\/en\/wp-json\/wp\/v2\/media\/2118"}],"wp:attachment":[{"href":"https:\/\/guneydoguasyacalismalari.com\/en\/wp-json\/wp\/v2\/media?parent=2117"}],"wp:term":[{"taxonomy":"category","embeddable":true,"href":"https:\/\/guneydoguasyacalismalari.com\/en\/wp-json\/wp\/v2\/categories?post=2117"},{"taxonomy":"post_tag","embeddable":true,"href":"https:\/\/guneydoguasyacalismalari.com\/en\/wp-json\/wp\/v2\/tags?post=2117"}],"curies":[{"name":"wp","href":"https:\/\/api.w.org\/{rel}","templated":true}]}}